{"id":52609,"date":"2025-09-08T00:48:34","date_gmt":"2025-09-08T00:48:34","guid":{"rendered":"https:\/\/deportecapital.com.ar\/?p=52609"},"modified":"2025-09-08T00:48:34","modified_gmt":"2025-09-08T00:48:34","slug":"el-tiro-libre-tambien-cuenta","status":"publish","type":"post","link":"https:\/\/deportecapital.com.ar\/index.php\/2025\/09\/08\/el-tiro-libre-tambien-cuenta\/","title":{"rendered":"El tiro libre tambi\u00e9n cuenta"},"content":{"rendered":"<p><strong>All Boys<\/strong> super\u00f3 a su par del <strong>Deportivo Mac Allister<\/strong> por la m\u00ednima diferencia, con un gol de tiro libre ejecutado por <em>Luc\u00eda<\/em> <em>Schab<\/em>.<\/p>\n<p>&nbsp;<\/p>\n<p>El primer tiempo se fue en cero, con escasas situaciones frente a los arcos, m\u00e1s all\u00e1 de las consabidas aproximaciones de uno y otro lado.<\/p>\n<p>El viento estuvo primero a favor de la visita que de alguna manera usufructu\u00f3, al menos en las intenciones, aunque _reiteramos_ sin peligro para el arco defendido por Morales.<\/p>\n<p>En la segunda parte se invirti\u00f3 esa observaci\u00f3n y territorialmente fue <strong>All Boys<\/strong> quien control\u00f3 ese aspecto. A los 28\u2019, <em>Luc\u00eda Schab<\/em> ejecut\u00f3 un tiro libre desde la izquierda y su disparo alto se meti\u00f3 arriba, sobre el segundo parante de la arquera <em>Ostapchuk<\/em>, para la \u00fanica conquista del partido. Y all\u00ed se termin\u00f3 la cuesti\u00f3n. Fue final por la m\u00ednima, a favor del anfitri\u00f3n.<\/p>\n<p>En los otros partidos disputados en la cuarta fecha del torneo Oficial de futbol femenino, <strong>Santa Rosa<\/strong> y <strong>Tus Amigos de General Acha<\/strong> igualaron sin abrir el marcador y <strong>Guardia del Monte<\/strong> se impuso de local a <strong>General Belgrano<\/strong> 1 a 0.<\/p>\n<p><img fetchpriority=\"high\" decoding=\"async\" class=\"alignnone size-medium wp-image-52610\" src=\"https:\/\/deportecapital.com.ar\/wp-content\/uploads\/2025\/09\/JUSTO-1-300x203.jpg\" alt=\"\" width=\"300\" height=\"203\" srcset=\"https:\/\/deportecapital.com.ar\/wp-content\/uploads\/2025\/09\/JUSTO-1-300x203.jpg 300w, https:\/\/deportecapital.com.ar\/wp-content\/uploads\/2025\/09\/JUSTO-1-1024x694.jpg 1024w, https:\/\/deportecapital.com.ar\/wp-content\/uploads\/2025\/09\/JUSTO-1-768x521.jpg 768w, https:\/\/deportecapital.com.ar\/wp-content\/uploads\/2025\/09\/JUSTO-1-1536x1042.jpg 1536w, https:\/\/deportecapital.com.ar\/wp-content\/uploads\/2025\/09\/JUSTO-1.jpg 1920w\" sizes=\"(max-width: 300px) 100vw, 300px\" \/> <img decoding=\"async\" class=\"alignnone size-medium wp-image-52611\" src=\"https:\/\/deportecapital.com.ar\/wp-content\/uploads\/2025\/09\/JUSTO-2-300x226.jpg\" alt=\"\" width=\"300\" height=\"226\" srcset=\"https:\/\/deportecapital.com.ar\/wp-content\/uploads\/2025\/09\/JUSTO-2-300x226.jpg 300w, https:\/\/deportecapital.com.ar\/wp-content\/uploads\/2025\/09\/JUSTO-2-1024x771.jpg 1024w, https:\/\/deportecapital.com.ar\/wp-content\/uploads\/2025\/09\/JUSTO-2-768x579.jpg 768w, https:\/\/deportecapital.com.ar\/wp-content\/uploads\/2025\/09\/JUSTO-2-1536x1157.jpg 1536w, https:\/\/deportecapital.com.ar\/wp-content\/uploads\/2025\/09\/JUSTO-2.jpg 1727w\" sizes=\"(max-width: 300px) 100vw, 300px\" \/> <img decoding=\"async\" class=\"alignnone size-medium wp-image-52612\" src=\"https:\/\/deportecapital.com.ar\/wp-content\/uploads\/2025\/09\/JUSTO-3-300x200.jpg\" alt=\"\" width=\"300\" height=\"200\" srcset=\"https:\/\/deportecapital.com.ar\/wp-content\/uploads\/2025\/09\/JUSTO-3-300x200.jpg 300w, https:\/\/deportecapital.com.ar\/wp-content\/uploads\/2025\/09\/JUSTO-3-1024x683.jpg 1024w, https:\/\/deportecapital.com.ar\/wp-content\/uploads\/2025\/09\/JUSTO-3-768x512.jpg 768w, https:\/\/deportecapital.com.ar\/wp-content\/uploads\/2025\/09\/JUSTO-3-1536x1024.jpg 1536w, https:\/\/deportecapital.com.ar\/wp-content\/uploads\/2025\/09\/JUSTO-3.jpg 1920w\" sizes=\"(max-width: 300px) 100vw, 300px\" \/> <img loading=\"lazy\" decoding=\"async\" class=\"alignnone size-medium wp-image-52613\" src=\"https:\/\/deportecapital.com.ar\/wp-content\/uploads\/2025\/09\/JUSTO-4-300x191.jpg\" alt=\"\" width=\"300\" height=\"191\" srcset=\"https:\/\/deportecapital.com.ar\/wp-content\/uploads\/2025\/09\/JUSTO-4-300x191.jpg 300w, https:\/\/deportecapital.com.ar\/wp-content\/uploads\/2025\/09\/JUSTO-4-1024x653.jpg 1024w, https:\/\/deportecapital.com.ar\/wp-content\/uploads\/2025\/09\/JUSTO-4-768x490.jpg 768w, https:\/\/deportecapital.com.ar\/wp-content\/uploads\/2025\/09\/JUSTO-4-1536x980.jpg 1536w, https:\/\/deportecapital.com.ar\/wp-content\/uploads\/2025\/09\/JUSTO-4-1115x715.jpg 1115w, https:\/\/deportecapital.com.ar\/wp-content\/uploads\/2025\/09\/JUSTO-4.jpg 1920w\" sizes=\"(max-width: 300px) 100vw, 300px\" \/> <img loading=\"lazy\" decoding=\"async\" class=\"alignnone size-medium wp-image-52614\" src=\"https:\/\/deportecapital.com.ar\/wp-content\/uploads\/2025\/09\/JUSTO-5-300x181.jpg\" alt=\"\" width=\"300\" height=\"181\" srcset=\"https:\/\/deportecapital.com.ar\/wp-content\/uploads\/2025\/09\/JUSTO-5-300x181.jpg 300w, https:\/\/deportecapital.com.ar\/wp-content\/uploads\/2025\/09\/JUSTO-5-1024x619.jpg 1024w, https:\/\/deportecapital.com.ar\/wp-content\/uploads\/2025\/09\/JUSTO-5-768x464.jpg 768w, https:\/\/deportecapital.com.ar\/wp-content\/uploads\/2025\/09\/JUSTO-5-1536x928.jpg 1536w, https:\/\/deportecapital.com.ar\/wp-content\/uploads\/2025\/09\/JUSTO-5.jpg 1910w\" sizes=\"(max-width: 300px) 100vw, 300px\" \/> <img loading=\"lazy\" decoding=\"async\" class=\"alignnone size-medium wp-image-52616\" src=\"https:\/\/deportecapital.com.ar\/wp-content\/uploads\/2025\/09\/JUSTO-7-300x197.jpg\" alt=\"\" width=\"300\" height=\"197\" srcset=\"https:\/\/deportecapital.com.ar\/wp-content\/uploads\/2025\/09\/JUSTO-7-300x197.jpg 300w, https:\/\/deportecapital.com.ar\/wp-content\/uploads\/2025\/09\/JUSTO-7-1024x671.jpg 1024w, https:\/\/deportecapital.com.ar\/wp-content\/uploads\/2025\/09\/JUSTO-7-768x503.jpg 768w, https:\/\/deportecapital.com.ar\/wp-content\/uploads\/2025\/09\/JUSTO-7-1536x1006.jpg 1536w, https:\/\/deportecapital.com.ar\/wp-content\/uploads\/2025\/09\/JUSTO-7.jpg 1920w\" sizes=\"(max-width: 300px) 100vw, 300px\" \/> <img loading=\"lazy\" decoding=\"async\" class=\"alignnone size-medium wp-image-52617\" src=\"https:\/\/deportecapital.com.ar\/wp-content\/uploads\/2025\/09\/JUSTO-300x192.jpg\" alt=\"\" width=\"300\" height=\"192\" srcset=\"https:\/\/deportecapital.com.ar\/wp-content\/uploads\/2025\/09\/JUSTO-300x192.jpg 300w, https:\/\/deportecapital.com.ar\/wp-content\/uploads\/2025\/09\/JUSTO-1024x654.jpg 1024w, https:\/\/deportecapital.com.ar\/wp-content\/uploads\/2025\/09\/JUSTO-768x490.jpg 768w, https:\/\/deportecapital.com.ar\/wp-content\/uploads\/2025\/09\/JUSTO-1536x981.jpg 1536w, https:\/\/deportecapital.com.ar\/wp-content\/uploads\/2025\/09\/JUSTO-1115x715.jpg 1115w, https:\/\/deportecapital.com.ar\/wp-content\/uploads\/2025\/09\/JUSTO.jpg 1920w\" sizes=\"(max-width: 300px) 100vw, 300px\" \/><\/p>\n","protected":false},"excerpt":{"rendered":"<p>All Boys super\u00f3 a su par del Deportivo Mac Allister por la m\u00ednima diferencia, con&#8230;<\/p>\n","protected":false},"author":3,"featured_media":52615,"comment_status":"open","ping_status":"open","sticky":false,"template":"","format":"standard","meta":{"footnotes":""},"categories":[19],"tags":[],"class_list":["post-52609","post","type-post","status-publish","format-standard","has-post-thumbnail","hentry","category-futbol"],"yoast_head":"<!-- This site is optimized with the Yoast SEO plugin v27.4 - https:\/\/yoast.com\/product\/yoast-seo-wordpress\/ -->\n<title>El tiro libre tambi\u00e9n cuenta - Deporte Capital<\/title>\n<meta name=\"robots\" content=\"index, follow, max-snippet:-1, max-image-preview:large, max-video-preview:-1\" \/>\n<link rel=\"canonical\" href=\"https:\/\/deportecapital.com.ar\/index.php\/2025\/09\/08\/el-tiro-libre-tambien-cuenta\/\" \/>\n<meta property=\"og:locale\" content=\"es_ES\" \/>\n<meta property=\"og:type\" content=\"article\" \/>\n<meta property=\"og:title\" content=\"El tiro libre tambi\u00e9n cuenta - Deporte Capital\" \/>\n<meta property=\"og:description\" content=\"All Boys super\u00f3 a su par del Deportivo Mac Allister por la m\u00ednima diferencia, con...\" \/>\n<meta property=\"og:url\" content=\"https:\/\/deportecapital.com.ar\/index.php\/2025\/09\/08\/el-tiro-libre-tambien-cuenta\/\" \/>\n<meta property=\"og:site_name\" content=\"Deporte Capital\" \/>\n<meta property=\"article:published_time\" content=\"2025-09-08T00:48:34+00:00\" \/>\n<meta property=\"og:image\" content=\"https:\/\/deportecapital.com.ar\/wp-content\/uploads\/2025\/09\/JUSTO-6.jpg\" \/>\n\t<meta property=\"og:image:width\" content=\"1920\" \/>\n\t<meta property=\"og:image:height\" content=\"1252\" \/>\n\t<meta property=\"og:image:type\" content=\"image\/jpeg\" \/>\n<meta name=\"author\" content=\"Emilio Manrique\" \/>\n<meta name=\"twitter:card\" content=\"summary_large_image\" \/>\n<meta name=\"twitter:label1\" content=\"Escrito por\" \/>\n\t<meta name=\"twitter:data1\" content=\"Emilio Manrique\" \/>\n\t<meta name=\"twitter:label2\" content=\"Tiempo de lectura\" \/>\n\t<meta name=\"twitter:data2\" content=\"3 minutos\" \/>\n<script type=\"application\/ld+json\" class=\"yoast-schema-graph\">{\"@context\":\"https:\\\/\\\/schema.org\",\"@graph\":[{\"@type\":\"Article\",\"@id\":\"https:\\\/\\\/deportecapital.com.ar\\\/index.php\\\/2025\\\/09\\\/08\\\/el-tiro-libre-tambien-cuenta\\\/#article\",\"isPartOf\":{\"@id\":\"https:\\\/\\\/deportecapital.com.ar\\\/index.php\\\/2025\\\/09\\\/08\\\/el-tiro-libre-tambien-cuenta\\\/\"},\"author\":{\"name\":\"Emilio Manrique\",\"@id\":\"https:\\\/\\\/deportecapital.com.ar\\\/#\\\/schema\\\/person\\\/9cd40456048dd30733b1d6749eca5de8\"},\"headline\":\"El tiro libre tambi\u00e9n cuenta\",\"datePublished\":\"2025-09-08T00:48:34+00:00\",\"mainEntityOfPage\":{\"@id\":\"https:\\\/\\\/deportecapital.com.ar\\\/index.php\\\/2025\\\/09\\\/08\\\/el-tiro-libre-tambien-cuenta\\\/\"},\"wordCount\":197,\"commentCount\":0,\"publisher\":{\"@id\":\"https:\\\/\\\/deportecapital.com.ar\\\/#organization\"},\"image\":{\"@id\":\"https:\\\/\\\/deportecapital.com.ar\\\/index.php\\\/2025\\\/09\\\/08\\\/el-tiro-libre-tambien-cuenta\\\/#primaryimage\"},\"thumbnailUrl\":\"https:\\\/\\\/deportecapital.com.ar\\\/wp-content\\\/uploads\\\/2025\\\/09\\\/JUSTO-6.jpg\",\"articleSection\":[\"F\u00fatbol\"],\"inLanguage\":\"es-AR\",\"potentialAction\":[{\"@type\":\"CommentAction\",\"name\":\"Comment\",\"target\":[\"https:\\\/\\\/deportecapital.com.ar\\\/index.php\\\/2025\\\/09\\\/08\\\/el-tiro-libre-tambien-cuenta\\\/#respond\"]}]},{\"@type\":\"WebPage\",\"@id\":\"https:\\\/\\\/deportecapital.com.ar\\\/index.php\\\/2025\\\/09\\\/08\\\/el-tiro-libre-tambien-cuenta\\\/\",\"url\":\"https:\\\/\\\/deportecapital.com.ar\\\/index.php\\\/2025\\\/09\\\/08\\\/el-tiro-libre-tambien-cuenta\\\/\",\"name\":\"El tiro libre tambi\u00e9n cuenta - Deporte Capital\",\"isPartOf\":{\"@id\":\"https:\\\/\\\/deportecapital.com.ar\\\/#website\"},\"primaryImageOfPage\":{\"@id\":\"https:\\\/\\\/deportecapital.com.ar\\\/index.php\\\/2025\\\/09\\\/08\\\/el-tiro-libre-tambien-cuenta\\\/#primaryimage\"},\"image\":{\"@id\":\"https:\\\/\\\/deportecapital.com.ar\\\/index.php\\\/2025\\\/09\\\/08\\\/el-tiro-libre-tambien-cuenta\\\/#primaryimage\"},\"thumbnailUrl\":\"https:\\\/\\\/deportecapital.com.ar\\\/wp-content\\\/uploads\\\/2025\\\/09\\\/JUSTO-6.jpg\",\"datePublished\":\"2025-09-08T00:48:34+00:00\",\"breadcrumb\":{\"@id\":\"https:\\\/\\\/deportecapital.com.ar\\\/index.php\\\/2025\\\/09\\\/08\\\/el-tiro-libre-tambien-cuenta\\\/#breadcrumb\"},\"inLanguage\":\"es-AR\",\"potentialAction\":[{\"@type\":\"ReadAction\",\"target\":[\"https:\\\/\\\/deportecapital.com.ar\\\/index.php\\\/2025\\\/09\\\/08\\\/el-tiro-libre-tambien-cuenta\\\/\"]}]},{\"@type\":\"ImageObject\",\"inLanguage\":\"es-AR\",\"@id\":\"https:\\\/\\\/deportecapital.com.ar\\\/index.php\\\/2025\\\/09\\\/08\\\/el-tiro-libre-tambien-cuenta\\\/#primaryimage\",\"url\":\"https:\\\/\\\/deportecapital.com.ar\\\/wp-content\\\/uploads\\\/2025\\\/09\\\/JUSTO-6.jpg\",\"contentUrl\":\"https:\\\/\\\/deportecapital.com.ar\\\/wp-content\\\/uploads\\\/2025\\\/09\\\/JUSTO-6.jpg\",\"width\":1920,\"height\":1252},{\"@type\":\"BreadcrumbList\",\"@id\":\"https:\\\/\\\/deportecapital.com.ar\\\/index.php\\\/2025\\\/09\\\/08\\\/el-tiro-libre-tambien-cuenta\\\/#breadcrumb\",\"itemListElement\":[{\"@type\":\"ListItem\",\"position\":1,\"name\":\"Inicio\",\"item\":\"https:\\\/\\\/deportecapital.com.ar\\\/\"},{\"@type\":\"ListItem\",\"position\":2,\"name\":\"El tiro libre tambi\u00e9n cuenta\"}]},{\"@type\":\"WebSite\",\"@id\":\"https:\\\/\\\/deportecapital.com.ar\\\/#website\",\"url\":\"https:\\\/\\\/deportecapital.com.ar\\\/\",\"name\":\"Deporte Capital\",\"description\":\"Diario digital con todo el deporte de La Pampa y alrededores.\",\"publisher\":{\"@id\":\"https:\\\/\\\/deportecapital.com.ar\\\/#organization\"},\"potentialAction\":[{\"@type\":\"SearchAction\",\"target\":{\"@type\":\"EntryPoint\",\"urlTemplate\":\"https:\\\/\\\/deportecapital.com.ar\\\/?s={search_term_string}\"},\"query-input\":{\"@type\":\"PropertyValueSpecification\",\"valueRequired\":true,\"valueName\":\"search_term_string\"}}],\"inLanguage\":\"es-AR\"},{\"@type\":\"Organization\",\"@id\":\"https:\\\/\\\/deportecapital.com.ar\\\/#organization\",\"name\":\"Deporte Capital\",\"url\":\"https:\\\/\\\/deportecapital.com.ar\\\/\",\"logo\":{\"@type\":\"ImageObject\",\"inLanguage\":\"es-AR\",\"@id\":\"https:\\\/\\\/deportecapital.com.ar\\\/#\\\/schema\\\/logo\\\/image\\\/\",\"url\":\"https:\\\/\\\/deportecapital.com.ar\\\/wp-content\\\/uploads\\\/2025\\\/06\\\/logo-deportecapital_white-1.png\",\"contentUrl\":\"https:\\\/\\\/deportecapital.com.ar\\\/wp-content\\\/uploads\\\/2025\\\/06\\\/logo-deportecapital_white-1.png\",\"width\":243,\"height\":111,\"caption\":\"Deporte Capital\"},\"image\":{\"@id\":\"https:\\\/\\\/deportecapital.com.ar\\\/#\\\/schema\\\/logo\\\/image\\\/\"}},{\"@type\":\"Person\",\"@id\":\"https:\\\/\\\/deportecapital.com.ar\\\/#\\\/schema\\\/person\\\/9cd40456048dd30733b1d6749eca5de8\",\"name\":\"Emilio Manrique\",\"image\":{\"@type\":\"ImageObject\",\"inLanguage\":\"es-AR\",\"@id\":\"https:\\\/\\\/secure.gravatar.com\\\/avatar\\\/005c696496b156e30819f271efdd20348da8f41b5d5653680fd363162bbeb3bb?s=96&d=mm&r=g\",\"url\":\"https:\\\/\\\/secure.gravatar.com\\\/avatar\\\/005c696496b156e30819f271efdd20348da8f41b5d5653680fd363162bbeb3bb?s=96&d=mm&r=g\",\"contentUrl\":\"https:\\\/\\\/secure.gravatar.com\\\/avatar\\\/005c696496b156e30819f271efdd20348da8f41b5d5653680fd363162bbeb3bb?s=96&d=mm&r=g\",\"caption\":\"Emilio Manrique\"},\"url\":\"https:\\\/\\\/deportecapital.com.ar\\\/index.php\\\/author\\\/emilio-manrique\\\/\"}]}<\/script>\n<!-- \/ Yoast SEO plugin. -->","yoast_head_json":{"title":"El tiro libre tambi\u00e9n cuenta - Deporte Capital","robots":{"index":"index","follow":"follow","max-snippet":"max-snippet:-1","max-image-preview":"max-image-preview:large","max-video-preview":"max-video-preview:-1"},"canonical":"https:\/\/deportecapital.com.ar\/index.php\/2025\/09\/08\/el-tiro-libre-tambien-cuenta\/","og_locale":"es_ES","og_type":"article","og_title":"El tiro libre tambi\u00e9n cuenta - Deporte Capital","og_description":"All Boys super\u00f3 a su par del Deportivo Mac Allister por la m\u00ednima diferencia, con...","og_url":"https:\/\/deportecapital.com.ar\/index.php\/2025\/09\/08\/el-tiro-libre-tambien-cuenta\/","og_site_name":"Deporte Capital","article_published_time":"2025-09-08T00:48:34+00:00","og_image":[{"width":1920,"height":1252,"url":"https:\/\/deportecapital.com.ar\/wp-content\/uploads\/2025\/09\/JUSTO-6.jpg","type":"image\/jpeg"}],"author":"Emilio Manrique","twitter_card":"summary_large_image","twitter_misc":{"Escrito por":"Emilio Manrique","Tiempo de lectura":"3 minutos"},"schema":{"@context":"https:\/\/schema.org","@graph":[{"@type":"Article","@id":"https:\/\/deportecapital.com.ar\/index.php\/2025\/09\/08\/el-tiro-libre-tambien-cuenta\/#article","isPartOf":{"@id":"https:\/\/deportecapital.com.ar\/index.php\/2025\/09\/08\/el-tiro-libre-tambien-cuenta\/"},"author":{"name":"Emilio Manrique","@id":"https:\/\/deportecapital.com.ar\/#\/schema\/person\/9cd40456048dd30733b1d6749eca5de8"},"headline":"El tiro libre tambi\u00e9n cuenta","datePublished":"2025-09-08T00:48:34+00:00","mainEntityOfPage":{"@id":"https:\/\/deportecapital.com.ar\/index.php\/2025\/09\/08\/el-tiro-libre-tambien-cuenta\/"},"wordCount":197,"commentCount":0,"publisher":{"@id":"https:\/\/deportecapital.com.ar\/#organization"},"image":{"@id":"https:\/\/deportecapital.com.ar\/index.php\/2025\/09\/08\/el-tiro-libre-tambien-cuenta\/#primaryimage"},"thumbnailUrl":"https:\/\/deportecapital.com.ar\/wp-content\/uploads\/2025\/09\/JUSTO-6.jpg","articleSection":["F\u00fatbol"],"inLanguage":"es-AR","potentialAction":[{"@type":"CommentAction","name":"Comment","target":["https:\/\/deportecapital.com.ar\/index.php\/2025\/09\/08\/el-tiro-libre-tambien-cuenta\/#respond"]}]},{"@type":"WebPage","@id":"https:\/\/deportecapital.com.ar\/index.php\/2025\/09\/08\/el-tiro-libre-tambien-cuenta\/","url":"https:\/\/deportecapital.com.ar\/index.php\/2025\/09\/08\/el-tiro-libre-tambien-cuenta\/","name":"El tiro libre tambi\u00e9n cuenta - Deporte Capital","isPartOf":{"@id":"https:\/\/deportecapital.com.ar\/#website"},"primaryImageOfPage":{"@id":"https:\/\/deportecapital.com.ar\/index.php\/2025\/09\/08\/el-tiro-libre-tambien-cuenta\/#primaryimage"},"image":{"@id":"https:\/\/deportecapital.com.ar\/index.php\/2025\/09\/08\/el-tiro-libre-tambien-cuenta\/#primaryimage"},"thumbnailUrl":"https:\/\/deportecapital.com.ar\/wp-content\/uploads\/2025\/09\/JUSTO-6.jpg","datePublished":"2025-09-08T00:48:34+00:00","breadcrumb":{"@id":"https:\/\/deportecapital.com.ar\/index.php\/2025\/09\/08\/el-tiro-libre-tambien-cuenta\/#breadcrumb"},"inLanguage":"es-AR","potentialAction":[{"@type":"ReadAction","target":["https:\/\/deportecapital.com.ar\/index.php\/2025\/09\/08\/el-tiro-libre-tambien-cuenta\/"]}]},{"@type":"ImageObject","inLanguage":"es-AR","@id":"https:\/\/deportecapital.com.ar\/index.php\/2025\/09\/08\/el-tiro-libre-tambien-cuenta\/#primaryimage","url":"https:\/\/deportecapital.com.ar\/wp-content\/uploads\/2025\/09\/JUSTO-6.jpg","contentUrl":"https:\/\/deportecapital.com.ar\/wp-content\/uploads\/2025\/09\/JUSTO-6.jpg","width":1920,"height":1252},{"@type":"BreadcrumbList","@id":"https:\/\/deportecapital.com.ar\/index.php\/2025\/09\/08\/el-tiro-libre-tambien-cuenta\/#breadcrumb","itemListElement":[{"@type":"ListItem","position":1,"name":"Inicio","item":"https:\/\/deportecapital.com.ar\/"},{"@type":"ListItem","position":2,"name":"El tiro libre tambi\u00e9n cuenta"}]},{"@type":"WebSite","@id":"https:\/\/deportecapital.com.ar\/#website","url":"https:\/\/deportecapital.com.ar\/","name":"Deporte Capital","description":"Diario digital con todo el deporte de La Pampa y alrededores.","publisher":{"@id":"https:\/\/deportecapital.com.ar\/#organization"},"potentialAction":[{"@type":"SearchAction","target":{"@type":"EntryPoint","urlTemplate":"https:\/\/deportecapital.com.ar\/?s={search_term_string}"},"query-input":{"@type":"PropertyValueSpecification","valueRequired":true,"valueName":"search_term_string"}}],"inLanguage":"es-AR"},{"@type":"Organization","@id":"https:\/\/deportecapital.com.ar\/#organization","name":"Deporte Capital","url":"https:\/\/deportecapital.com.ar\/","logo":{"@type":"ImageObject","inLanguage":"es-AR","@id":"https:\/\/deportecapital.com.ar\/#\/schema\/logo\/image\/","url":"https:\/\/deportecapital.com.ar\/wp-content\/uploads\/2025\/06\/logo-deportecapital_white-1.png","contentUrl":"https:\/\/deportecapital.com.ar\/wp-content\/uploads\/2025\/06\/logo-deportecapital_white-1.png","width":243,"height":111,"caption":"Deporte Capital"},"image":{"@id":"https:\/\/deportecapital.com.ar\/#\/schema\/logo\/image\/"}},{"@type":"Person","@id":"https:\/\/deportecapital.com.ar\/#\/schema\/person\/9cd40456048dd30733b1d6749eca5de8","name":"Emilio Manrique","image":{"@type":"ImageObject","inLanguage":"es-AR","@id":"https:\/\/secure.gravatar.com\/avatar\/005c696496b156e30819f271efdd20348da8f41b5d5653680fd363162bbeb3bb?s=96&d=mm&r=g","url":"https:\/\/secure.gravatar.com\/avatar\/005c696496b156e30819f271efdd20348da8f41b5d5653680fd363162bbeb3bb?s=96&d=mm&r=g","contentUrl":"https:\/\/secure.gravatar.com\/avatar\/005c696496b156e30819f271efdd20348da8f41b5d5653680fd363162bbeb3bb?s=96&d=mm&r=g","caption":"Emilio Manrique"},"url":"https:\/\/deportecapital.com.ar\/index.php\/author\/emilio-manrique\/"}]}},"rttpg_featured_image_url":{"full":["https:\/\/deportecapital.com.ar\/wp-content\/uploads\/2025\/09\/JUSTO-6.jpg",1920,1252,false],"landscape":["https:\/\/deportecapital.com.ar\/wp-content\/uploads\/2025\/09\/JUSTO-6.jpg",1920,1252,false],"portraits":["https:\/\/deportecapital.com.ar\/wp-content\/uploads\/2025\/09\/JUSTO-6.jpg",1920,1252,false],"thumbnail":["https:\/\/deportecapital.com.ar\/wp-content\/uploads\/2025\/09\/JUSTO-6-150x150.jpg",150,150,true],"medium":["https:\/\/deportecapital.com.ar\/wp-content\/uploads\/2025\/09\/JUSTO-6-300x196.jpg",300,196,true],"large":["https:\/\/deportecapital.com.ar\/wp-content\/uploads\/2025\/09\/JUSTO-6-1024x668.jpg",640,418,true],"1536x1536":["https:\/\/deportecapital.com.ar\/wp-content\/uploads\/2025\/09\/JUSTO-6-1536x1002.jpg",1536,1002,true],"2048x2048":["https:\/\/deportecapital.com.ar\/wp-content\/uploads\/2025\/09\/JUSTO-6.jpg",1920,1252,false],"covernews-slider-full":["https:\/\/deportecapital.com.ar\/wp-content\/uploads\/2025\/09\/JUSTO-6-1115x715.jpg",1115,715,true],"covernews-slider-center":["https:\/\/deportecapital.com.ar\/wp-content\/uploads\/2025\/09\/JUSTO-6-800x500.jpg",800,500,true],"covernews-featured":["https:\/\/deportecapital.com.ar\/wp-content\/uploads\/2025\/09\/JUSTO-6-1024x668.jpg",1024,668,true],"covernews-medium":["https:\/\/deportecapital.com.ar\/wp-content\/uploads\/2025\/09\/JUSTO-6-540x340.jpg",540,340,true],"covernews-medium-square":["https:\/\/deportecapital.com.ar\/wp-content\/uploads\/2025\/09\/JUSTO-6-400x250.jpg",400,250,true]},"rttpg_author":{"display_name":"Emilio Manrique","author_link":"https:\/\/deportecapital.com.ar\/index.php\/author\/emilio-manrique\/"},"rttpg_comment":0,"rttpg_category":"<a href=\"https:\/\/deportecapital.com.ar\/index.php\/category\/futbol\/\" rel=\"category tag\">F\u00fatbol<\/a>","rttpg_excerpt":"All Boys super\u00f3 a su par del Deportivo Mac Allister por la m\u00ednima diferencia, con...","_links":{"self":[{"href":"https:\/\/deportecapital.com.ar\/index.php\/wp-json\/wp\/v2\/posts\/52609","targetHints":{"allow":["GET"]}}],"collection":[{"href":"https:\/\/deportecapital.com.ar\/index.php\/wp-json\/wp\/v2\/posts"}],"about":[{"href":"https:\/\/deportecapital.com.ar\/index.php\/wp-json\/wp\/v2\/types\/post"}],"author":[{"embeddable":true,"href":"https:\/\/deportecapital.com.ar\/index.php\/wp-json\/wp\/v2\/users\/3"}],"replies":[{"embeddable":true,"href":"https:\/\/deportecapital.com.ar\/index.php\/wp-json\/wp\/v2\/comments?post=52609"}],"version-history":[{"count":1,"href":"https:\/\/deportecapital.com.ar\/index.php\/wp-json\/wp\/v2\/posts\/52609\/revisions"}],"predecessor-version":[{"id":52618,"href":"https:\/\/deportecapital.com.ar\/index.php\/wp-json\/wp\/v2\/posts\/52609\/revisions\/52618"}],"wp:featuredmedia":[{"embeddable":true,"href":"https:\/\/deportecapital.com.ar\/index.php\/wp-json\/wp\/v2\/media\/52615"}],"wp:attachment":[{"href":"https:\/\/deportecapital.com.ar\/index.php\/wp-json\/wp\/v2\/media?parent=52609"}],"wp:term":[{"taxonomy":"category","embeddable":true,"href":"https:\/\/deportecapital.com.ar\/index.php\/wp-json\/wp\/v2\/categories?post=52609"},{"taxonomy":"post_tag","embeddable":true,"href":"https:\/\/deportecapital.com.ar\/index.php\/wp-json\/wp\/v2\/tags?post=52609"}],"curies":[{"name":"wp","href":"https:\/\/api.w.org\/{rel}","templated":true}]}}