{"id":52667,"date":"2025-09-11T20:20:12","date_gmt":"2025-09-11T20:20:12","guid":{"rendered":"https:\/\/deportecapital.com.ar\/?p=52667"},"modified":"2025-09-11T20:20:12","modified_gmt":"2025-09-11T20:20:12","slug":"la-pampa-sumo-medallas-2","status":"publish","type":"post","link":"https:\/\/deportecapital.com.ar\/index.php\/2025\/09\/11\/la-pampa-sumo-medallas-2\/","title":{"rendered":"La Pampa sum\u00f3 medallas"},"content":{"rendered":"<p>Los pampeanos <em>Amadeo<\/em> <em>Orozco<\/em>, <em>Fausto<\/em> <em>Barrientos<\/em>, <em>Sasha Biondo<\/em> y <em>Tom\u00e1s Quinteros<\/em> sumaron medallas para <strong>La Pampa<\/strong> en los <strong>Juegos Argentinos de Alto Rendimiento<\/strong>.<\/p>\n<p>&nbsp;<\/p>\n<p>La actividad se lleva adelante en la ciudad de <strong>Rosario<\/strong>. El victoriquense <em>Orozco<\/em> y el santarrose\u00f1o <em>Barrientos<\/em> conquistaron las medallas de bronce al terminar en el tercer puesto en para tenis de Mesa; mientras que <em>Biondo<\/em> conquist\u00f3 la presea de Oro y <em>Quinteros<\/em> la de Bronce en judo.<\/p>\n<p>La delegaci\u00f3n pampeana en <strong>Rosario<\/strong> se completa con <em>Agust\u00edn Luengo<\/em> en tiro con arco; <em>Juan Pablo Aznares<\/em> en para atletismo, <em>Anah\u00ed Vera<\/em> <em>Ruiz<\/em>, <em>Luciana<\/em> <em>de La Paz<\/em>, <em>Luciano Ocampo, Jazm\u00edn Soria y Mar\u00eda Fern\u00e1ndez Pallares<\/em> en b\u00e1squet silla de ruedas 3 vs 3; <em>Valentina Aguirre, Juliana Garro y Paulina Barreiro Huss<\/em> en canotaje; <em>Ail\u00e9n Carra, Luz Ganora, Malena Mata, Tom\u00e1s Agust\u00edn Ayala, Benjam\u00edn D\u00edaz, Joaqu\u00edn Miranda, Felipe Poleo Pi\u00f1a, Chiara D\u2019 Ambrosio<\/em> en beisbol 5; y <em>Mar\u00eda Laura Garay y Jorgelina Rut Stefanazzi<\/em> en pelota.<\/p>\n<p>El evento multideportivo incluye 58 disciplinas, de las cuales 41 son ol\u00edmpicas y 11 paral\u00edmpicas, con el <strong>Parque Independencia<\/strong> como epicentro y a siete clubes locales como sedes de distintas competencias. La ceremonia de inauguraci\u00f3n se llev\u00f3 a cabo el martes a la noche, con la promesa deportiva de atletas, entrenadores y jueces, reafirmando el compromiso con los valores del olimpismo y paralimpismo: respeto, inclusi\u00f3n, igualdad y juego limpio.<\/p>\n<p><img fetchpriority=\"high\" decoding=\"async\" class=\"alignnone size-medium wp-image-52669\" src=\"https:\/\/deportecapital.com.ar\/wp-content\/uploads\/2025\/09\/ROSAR-2-225x300.jpg\" alt=\"\" width=\"225\" height=\"300\" srcset=\"https:\/\/deportecapital.com.ar\/wp-content\/uploads\/2025\/09\/ROSAR-2-225x300.jpg 225w, https:\/\/deportecapital.com.ar\/wp-content\/uploads\/2025\/09\/ROSAR-2-768x1024.jpg 768w, https:\/\/deportecapital.com.ar\/wp-content\/uploads\/2025\/09\/ROSAR-2.jpg 960w\" sizes=\"(max-width: 225px) 100vw, 225px\" \/> <img decoding=\"async\" class=\"alignnone size-medium wp-image-52670\" src=\"https:\/\/deportecapital.com.ar\/wp-content\/uploads\/2025\/09\/ROSAR-3-225x300.jpg\" alt=\"\" width=\"225\" height=\"300\" srcset=\"https:\/\/deportecapital.com.ar\/wp-content\/uploads\/2025\/09\/ROSAR-3-225x300.jpg 225w, https:\/\/deportecapital.com.ar\/wp-content\/uploads\/2025\/09\/ROSAR-3-768x1024.jpg 768w, https:\/\/deportecapital.com.ar\/wp-content\/uploads\/2025\/09\/ROSAR-3.jpg 960w\" sizes=\"(max-width: 225px) 100vw, 225px\" \/><img decoding=\"async\" class=\"alignnone size-medium wp-image-52671\" src=\"https:\/\/deportecapital.com.ar\/wp-content\/uploads\/2025\/09\/ROSAR-4-300x225.jpg\" alt=\"\" width=\"300\" height=\"225\" srcset=\"https:\/\/deportecapital.com.ar\/wp-content\/uploads\/2025\/09\/ROSAR-4-300x225.jpg 300w, https:\/\/deportecapital.com.ar\/wp-content\/uploads\/2025\/09\/ROSAR-4-1024x768.jpg 1024w, https:\/\/deportecapital.com.ar\/wp-content\/uploads\/2025\/09\/ROSAR-4-768x576.jpg 768w, https:\/\/deportecapital.com.ar\/wp-content\/uploads\/2025\/09\/ROSAR-4.jpg 1280w\" sizes=\"(max-width: 300px) 100vw, 300px\" \/><\/p>\n","protected":false},"excerpt":{"rendered":"<p>Los pampeanos Amadeo Orozco, Fausto Barrientos, Sasha Biondo y Tom\u00e1s Quinteros sumaron medallas para La&#8230;<\/p>\n","protected":false},"author":3,"featured_media":52668,"comment_status":"open","ping_status":"open","sticky":false,"template":"","format":"standard","meta":{"footnotes":""},"categories":[33],"tags":[],"class_list":["post-52667","post","type-post","status-publish","format-standard","has-post-thumbnail","hentry","category-otros"],"yoast_head":"<!-- This site is optimized with the Yoast SEO plugin v27.4 - https:\/\/yoast.com\/product\/yoast-seo-wordpress\/ -->\n<title>La Pampa sum\u00f3 medallas - Deporte Capital<\/title>\n<meta name=\"robots\" content=\"index, follow, max-snippet:-1, max-image-preview:large, max-video-preview:-1\" \/>\n<link rel=\"canonical\" href=\"https:\/\/deportecapital.com.ar\/index.php\/2025\/09\/11\/la-pampa-sumo-medallas-2\/\" \/>\n<meta property=\"og:locale\" content=\"es_ES\" \/>\n<meta property=\"og:type\" content=\"article\" \/>\n<meta property=\"og:title\" content=\"La Pampa sum\u00f3 medallas - Deporte Capital\" \/>\n<meta property=\"og:description\" content=\"Los pampeanos Amadeo Orozco, Fausto Barrientos, Sasha Biondo y Tom\u00e1s Quinteros sumaron medallas para La...\" \/>\n<meta property=\"og:url\" content=\"https:\/\/deportecapital.com.ar\/index.php\/2025\/09\/11\/la-pampa-sumo-medallas-2\/\" \/>\n<meta property=\"og:site_name\" content=\"Deporte Capital\" \/>\n<meta property=\"article:published_time\" content=\"2025-09-11T20:20:12+00:00\" \/>\n<meta property=\"og:image\" content=\"https:\/\/deportecapital.com.ar\/wp-content\/uploads\/2025\/09\/ROSAR-1.jpg\" \/>\n\t<meta property=\"og:image:width\" content=\"1280\" \/>\n\t<meta property=\"og:image:height\" content=\"932\" \/>\n\t<meta property=\"og:image:type\" content=\"image\/jpeg\" \/>\n<meta name=\"author\" content=\"Emilio Manrique\" \/>\n<meta name=\"twitter:card\" content=\"summary_large_image\" \/>\n<meta name=\"twitter:label1\" content=\"Escrito por\" \/>\n\t<meta name=\"twitter:data1\" content=\"Emilio Manrique\" \/>\n\t<meta name=\"twitter:label2\" content=\"Tiempo de lectura\" \/>\n\t<meta name=\"twitter:data2\" content=\"2 minutos\" \/>\n<script type=\"application\/ld+json\" class=\"yoast-schema-graph\">{\"@context\":\"https:\\\/\\\/schema.org\",\"@graph\":[{\"@type\":\"Article\",\"@id\":\"https:\\\/\\\/deportecapital.com.ar\\\/index.php\\\/2025\\\/09\\\/11\\\/la-pampa-sumo-medallas-2\\\/#article\",\"isPartOf\":{\"@id\":\"https:\\\/\\\/deportecapital.com.ar\\\/index.php\\\/2025\\\/09\\\/11\\\/la-pampa-sumo-medallas-2\\\/\"},\"author\":{\"name\":\"Emilio Manrique\",\"@id\":\"https:\\\/\\\/deportecapital.com.ar\\\/#\\\/schema\\\/person\\\/9cd40456048dd30733b1d6749eca5de8\"},\"headline\":\"La Pampa sum\u00f3 medallas\",\"datePublished\":\"2025-09-11T20:20:12+00:00\",\"mainEntityOfPage\":{\"@id\":\"https:\\\/\\\/deportecapital.com.ar\\\/index.php\\\/2025\\\/09\\\/11\\\/la-pampa-sumo-medallas-2\\\/\"},\"wordCount\":244,\"commentCount\":0,\"publisher\":{\"@id\":\"https:\\\/\\\/deportecapital.com.ar\\\/#organization\"},\"image\":{\"@id\":\"https:\\\/\\\/deportecapital.com.ar\\\/index.php\\\/2025\\\/09\\\/11\\\/la-pampa-sumo-medallas-2\\\/#primaryimage\"},\"thumbnailUrl\":\"https:\\\/\\\/deportecapital.com.ar\\\/wp-content\\\/uploads\\\/2025\\\/09\\\/ROSAR-1.jpg\",\"articleSection\":[\"Otros\"],\"inLanguage\":\"es-AR\",\"potentialAction\":[{\"@type\":\"CommentAction\",\"name\":\"Comment\",\"target\":[\"https:\\\/\\\/deportecapital.com.ar\\\/index.php\\\/2025\\\/09\\\/11\\\/la-pampa-sumo-medallas-2\\\/#respond\"]}]},{\"@type\":\"WebPage\",\"@id\":\"https:\\\/\\\/deportecapital.com.ar\\\/index.php\\\/2025\\\/09\\\/11\\\/la-pampa-sumo-medallas-2\\\/\",\"url\":\"https:\\\/\\\/deportecapital.com.ar\\\/index.php\\\/2025\\\/09\\\/11\\\/la-pampa-sumo-medallas-2\\\/\",\"name\":\"La Pampa sum\u00f3 medallas - Deporte Capital\",\"isPartOf\":{\"@id\":\"https:\\\/\\\/deportecapital.com.ar\\\/#website\"},\"primaryImageOfPage\":{\"@id\":\"https:\\\/\\\/deportecapital.com.ar\\\/index.php\\\/2025\\\/09\\\/11\\\/la-pampa-sumo-medallas-2\\\/#primaryimage\"},\"image\":{\"@id\":\"https:\\\/\\\/deportecapital.com.ar\\\/index.php\\\/2025\\\/09\\\/11\\\/la-pampa-sumo-medallas-2\\\/#primaryimage\"},\"thumbnailUrl\":\"https:\\\/\\\/deportecapital.com.ar\\\/wp-content\\\/uploads\\\/2025\\\/09\\\/ROSAR-1.jpg\",\"datePublished\":\"2025-09-11T20:20:12+00:00\",\"breadcrumb\":{\"@id\":\"https:\\\/\\\/deportecapital.com.ar\\\/index.php\\\/2025\\\/09\\\/11\\\/la-pampa-sumo-medallas-2\\\/#breadcrumb\"},\"inLanguage\":\"es-AR\",\"potentialAction\":[{\"@type\":\"ReadAction\",\"target\":[\"https:\\\/\\\/deportecapital.com.ar\\\/index.php\\\/2025\\\/09\\\/11\\\/la-pampa-sumo-medallas-2\\\/\"]}]},{\"@type\":\"ImageObject\",\"inLanguage\":\"es-AR\",\"@id\":\"https:\\\/\\\/deportecapital.com.ar\\\/index.php\\\/2025\\\/09\\\/11\\\/la-pampa-sumo-medallas-2\\\/#primaryimage\",\"url\":\"https:\\\/\\\/deportecapital.com.ar\\\/wp-content\\\/uploads\\\/2025\\\/09\\\/ROSAR-1.jpg\",\"contentUrl\":\"https:\\\/\\\/deportecapital.com.ar\\\/wp-content\\\/uploads\\\/2025\\\/09\\\/ROSAR-1.jpg\",\"width\":1280,\"height\":932},{\"@type\":\"BreadcrumbList\",\"@id\":\"https:\\\/\\\/deportecapital.com.ar\\\/index.php\\\/2025\\\/09\\\/11\\\/la-pampa-sumo-medallas-2\\\/#breadcrumb\",\"itemListElement\":[{\"@type\":\"ListItem\",\"position\":1,\"name\":\"Inicio\",\"item\":\"https:\\\/\\\/deportecapital.com.ar\\\/\"},{\"@type\":\"ListItem\",\"position\":2,\"name\":\"La Pampa sum\u00f3 medallas\"}]},{\"@type\":\"WebSite\",\"@id\":\"https:\\\/\\\/deportecapital.com.ar\\\/#website\",\"url\":\"https:\\\/\\\/deportecapital.com.ar\\\/\",\"name\":\"Deporte Capital\",\"description\":\"Diario digital con todo el deporte de La Pampa y alrededores.\",\"publisher\":{\"@id\":\"https:\\\/\\\/deportecapital.com.ar\\\/#organization\"},\"potentialAction\":[{\"@type\":\"SearchAction\",\"target\":{\"@type\":\"EntryPoint\",\"urlTemplate\":\"https:\\\/\\\/deportecapital.com.ar\\\/?s={search_term_string}\"},\"query-input\":{\"@type\":\"PropertyValueSpecification\",\"valueRequired\":true,\"valueName\":\"search_term_string\"}}],\"inLanguage\":\"es-AR\"},{\"@type\":\"Organization\",\"@id\":\"https:\\\/\\\/deportecapital.com.ar\\\/#organization\",\"name\":\"Deporte Capital\",\"url\":\"https:\\\/\\\/deportecapital.com.ar\\\/\",\"logo\":{\"@type\":\"ImageObject\",\"inLanguage\":\"es-AR\",\"@id\":\"https:\\\/\\\/deportecapital.com.ar\\\/#\\\/schema\\\/logo\\\/image\\\/\",\"url\":\"https:\\\/\\\/deportecapital.com.ar\\\/wp-content\\\/uploads\\\/2025\\\/06\\\/logo-deportecapital_white-1.png\",\"contentUrl\":\"https:\\\/\\\/deportecapital.com.ar\\\/wp-content\\\/uploads\\\/2025\\\/06\\\/logo-deportecapital_white-1.png\",\"width\":243,\"height\":111,\"caption\":\"Deporte Capital\"},\"image\":{\"@id\":\"https:\\\/\\\/deportecapital.com.ar\\\/#\\\/schema\\\/logo\\\/image\\\/\"}},{\"@type\":\"Person\",\"@id\":\"https:\\\/\\\/deportecapital.com.ar\\\/#\\\/schema\\\/person\\\/9cd40456048dd30733b1d6749eca5de8\",\"name\":\"Emilio Manrique\",\"image\":{\"@type\":\"ImageObject\",\"inLanguage\":\"es-AR\",\"@id\":\"https:\\\/\\\/secure.gravatar.com\\\/avatar\\\/005c696496b156e30819f271efdd20348da8f41b5d5653680fd363162bbeb3bb?s=96&d=mm&r=g\",\"url\":\"https:\\\/\\\/secure.gravatar.com\\\/avatar\\\/005c696496b156e30819f271efdd20348da8f41b5d5653680fd363162bbeb3bb?s=96&d=mm&r=g\",\"contentUrl\":\"https:\\\/\\\/secure.gravatar.com\\\/avatar\\\/005c696496b156e30819f271efdd20348da8f41b5d5653680fd363162bbeb3bb?s=96&d=mm&r=g\",\"caption\":\"Emilio Manrique\"},\"url\":\"https:\\\/\\\/deportecapital.com.ar\\\/index.php\\\/author\\\/emilio-manrique\\\/\"}]}<\/script>\n<!-- \/ Yoast SEO plugin. -->","yoast_head_json":{"title":"La Pampa sum\u00f3 medallas - Deporte Capital","robots":{"index":"index","follow":"follow","max-snippet":"max-snippet:-1","max-image-preview":"max-image-preview:large","max-video-preview":"max-video-preview:-1"},"canonical":"https:\/\/deportecapital.com.ar\/index.php\/2025\/09\/11\/la-pampa-sumo-medallas-2\/","og_locale":"es_ES","og_type":"article","og_title":"La Pampa sum\u00f3 medallas - Deporte Capital","og_description":"Los pampeanos Amadeo Orozco, Fausto Barrientos, Sasha Biondo y Tom\u00e1s Quinteros sumaron medallas para La...","og_url":"https:\/\/deportecapital.com.ar\/index.php\/2025\/09\/11\/la-pampa-sumo-medallas-2\/","og_site_name":"Deporte Capital","article_published_time":"2025-09-11T20:20:12+00:00","og_image":[{"width":1280,"height":932,"url":"https:\/\/deportecapital.com.ar\/wp-content\/uploads\/2025\/09\/ROSAR-1.jpg","type":"image\/jpeg"}],"author":"Emilio Manrique","twitter_card":"summary_large_image","twitter_misc":{"Escrito por":"Emilio Manrique","Tiempo de lectura":"2 minutos"},"schema":{"@context":"https:\/\/schema.org","@graph":[{"@type":"Article","@id":"https:\/\/deportecapital.com.ar\/index.php\/2025\/09\/11\/la-pampa-sumo-medallas-2\/#article","isPartOf":{"@id":"https:\/\/deportecapital.com.ar\/index.php\/2025\/09\/11\/la-pampa-sumo-medallas-2\/"},"author":{"name":"Emilio Manrique","@id":"https:\/\/deportecapital.com.ar\/#\/schema\/person\/9cd40456048dd30733b1d6749eca5de8"},"headline":"La Pampa sum\u00f3 medallas","datePublished":"2025-09-11T20:20:12+00:00","mainEntityOfPage":{"@id":"https:\/\/deportecapital.com.ar\/index.php\/2025\/09\/11\/la-pampa-sumo-medallas-2\/"},"wordCount":244,"commentCount":0,"publisher":{"@id":"https:\/\/deportecapital.com.ar\/#organization"},"image":{"@id":"https:\/\/deportecapital.com.ar\/index.php\/2025\/09\/11\/la-pampa-sumo-medallas-2\/#primaryimage"},"thumbnailUrl":"https:\/\/deportecapital.com.ar\/wp-content\/uploads\/2025\/09\/ROSAR-1.jpg","articleSection":["Otros"],"inLanguage":"es-AR","potentialAction":[{"@type":"CommentAction","name":"Comment","target":["https:\/\/deportecapital.com.ar\/index.php\/2025\/09\/11\/la-pampa-sumo-medallas-2\/#respond"]}]},{"@type":"WebPage","@id":"https:\/\/deportecapital.com.ar\/index.php\/2025\/09\/11\/la-pampa-sumo-medallas-2\/","url":"https:\/\/deportecapital.com.ar\/index.php\/2025\/09\/11\/la-pampa-sumo-medallas-2\/","name":"La Pampa sum\u00f3 medallas - Deporte Capital","isPartOf":{"@id":"https:\/\/deportecapital.com.ar\/#website"},"primaryImageOfPage":{"@id":"https:\/\/deportecapital.com.ar\/index.php\/2025\/09\/11\/la-pampa-sumo-medallas-2\/#primaryimage"},"image":{"@id":"https:\/\/deportecapital.com.ar\/index.php\/2025\/09\/11\/la-pampa-sumo-medallas-2\/#primaryimage"},"thumbnailUrl":"https:\/\/deportecapital.com.ar\/wp-content\/uploads\/2025\/09\/ROSAR-1.jpg","datePublished":"2025-09-11T20:20:12+00:00","breadcrumb":{"@id":"https:\/\/deportecapital.com.ar\/index.php\/2025\/09\/11\/la-pampa-sumo-medallas-2\/#breadcrumb"},"inLanguage":"es-AR","potentialAction":[{"@type":"ReadAction","target":["https:\/\/deportecapital.com.ar\/index.php\/2025\/09\/11\/la-pampa-sumo-medallas-2\/"]}]},{"@type":"ImageObject","inLanguage":"es-AR","@id":"https:\/\/deportecapital.com.ar\/index.php\/2025\/09\/11\/la-pampa-sumo-medallas-2\/#primaryimage","url":"https:\/\/deportecapital.com.ar\/wp-content\/uploads\/2025\/09\/ROSAR-1.jpg","contentUrl":"https:\/\/deportecapital.com.ar\/wp-content\/uploads\/2025\/09\/ROSAR-1.jpg","width":1280,"height":932},{"@type":"BreadcrumbList","@id":"https:\/\/deportecapital.com.ar\/index.php\/2025\/09\/11\/la-pampa-sumo-medallas-2\/#breadcrumb","itemListElement":[{"@type":"ListItem","position":1,"name":"Inicio","item":"https:\/\/deportecapital.com.ar\/"},{"@type":"ListItem","position":2,"name":"La Pampa sum\u00f3 medallas"}]},{"@type":"WebSite","@id":"https:\/\/deportecapital.com.ar\/#website","url":"https:\/\/deportecapital.com.ar\/","name":"Deporte Capital","description":"Diario digital con todo el deporte de La Pampa y alrededores.","publisher":{"@id":"https:\/\/deportecapital.com.ar\/#organization"},"potentialAction":[{"@type":"SearchAction","target":{"@type":"EntryPoint","urlTemplate":"https:\/\/deportecapital.com.ar\/?s={search_term_string}"},"query-input":{"@type":"PropertyValueSpecification","valueRequired":true,"valueName":"search_term_string"}}],"inLanguage":"es-AR"},{"@type":"Organization","@id":"https:\/\/deportecapital.com.ar\/#organization","name":"Deporte Capital","url":"https:\/\/deportecapital.com.ar\/","logo":{"@type":"ImageObject","inLanguage":"es-AR","@id":"https:\/\/deportecapital.com.ar\/#\/schema\/logo\/image\/","url":"https:\/\/deportecapital.com.ar\/wp-content\/uploads\/2025\/06\/logo-deportecapital_white-1.png","contentUrl":"https:\/\/deportecapital.com.ar\/wp-content\/uploads\/2025\/06\/logo-deportecapital_white-1.png","width":243,"height":111,"caption":"Deporte Capital"},"image":{"@id":"https:\/\/deportecapital.com.ar\/#\/schema\/logo\/image\/"}},{"@type":"Person","@id":"https:\/\/deportecapital.com.ar\/#\/schema\/person\/9cd40456048dd30733b1d6749eca5de8","name":"Emilio Manrique","image":{"@type":"ImageObject","inLanguage":"es-AR","@id":"https:\/\/secure.gravatar.com\/avatar\/005c696496b156e30819f271efdd20348da8f41b5d5653680fd363162bbeb3bb?s=96&d=mm&r=g","url":"https:\/\/secure.gravatar.com\/avatar\/005c696496b156e30819f271efdd20348da8f41b5d5653680fd363162bbeb3bb?s=96&d=mm&r=g","contentUrl":"https:\/\/secure.gravatar.com\/avatar\/005c696496b156e30819f271efdd20348da8f41b5d5653680fd363162bbeb3bb?s=96&d=mm&r=g","caption":"Emilio Manrique"},"url":"https:\/\/deportecapital.com.ar\/index.php\/author\/emilio-manrique\/"}]}},"rttpg_featured_image_url":{"full":["https:\/\/deportecapital.com.ar\/wp-content\/uploads\/2025\/09\/ROSAR-1.jpg",1280,932,false],"landscape":["https:\/\/deportecapital.com.ar\/wp-content\/uploads\/2025\/09\/ROSAR-1.jpg",1280,932,false],"portraits":["https:\/\/deportecapital.com.ar\/wp-content\/uploads\/2025\/09\/ROSAR-1.jpg",1280,932,false],"thumbnail":["https:\/\/deportecapital.com.ar\/wp-content\/uploads\/2025\/09\/ROSAR-1-150x150.jpg",150,150,true],"medium":["https:\/\/deportecapital.com.ar\/wp-content\/uploads\/2025\/09\/ROSAR-1-300x218.jpg",300,218,true],"large":["https:\/\/deportecapital.com.ar\/wp-content\/uploads\/2025\/09\/ROSAR-1-1024x746.jpg",640,466,true],"1536x1536":["https:\/\/deportecapital.com.ar\/wp-content\/uploads\/2025\/09\/ROSAR-1.jpg",1280,932,false],"2048x2048":["https:\/\/deportecapital.com.ar\/wp-content\/uploads\/2025\/09\/ROSAR-1.jpg",1280,932,false],"covernews-slider-full":["https:\/\/deportecapital.com.ar\/wp-content\/uploads\/2025\/09\/ROSAR-1-1115x715.jpg",1115,715,true],"covernews-slider-center":["https:\/\/deportecapital.com.ar\/wp-content\/uploads\/2025\/09\/ROSAR-1-800x500.jpg",800,500,true],"covernews-featured":["https:\/\/deportecapital.com.ar\/wp-content\/uploads\/2025\/09\/ROSAR-1-1024x746.jpg",1024,746,true],"covernews-medium":["https:\/\/deportecapital.com.ar\/wp-content\/uploads\/2025\/09\/ROSAR-1-540x340.jpg",540,340,true],"covernews-medium-square":["https:\/\/deportecapital.com.ar\/wp-content\/uploads\/2025\/09\/ROSAR-1-400x250.jpg",400,250,true]},"rttpg_author":{"display_name":"Emilio Manrique","author_link":"https:\/\/deportecapital.com.ar\/index.php\/author\/emilio-manrique\/"},"rttpg_comment":2,"rttpg_category":"<a href=\"https:\/\/deportecapital.com.ar\/index.php\/category\/otros\/\" rel=\"category tag\">Otros<\/a>","rttpg_excerpt":"Los pampeanos Amadeo Orozco, Fausto Barrientos, Sasha Biondo y Tom\u00e1s Quinteros sumaron medallas para La...","_links":{"self":[{"href":"https:\/\/deportecapital.com.ar\/index.php\/wp-json\/wp\/v2\/posts\/52667","targetHints":{"allow":["GET"]}}],"collection":[{"href":"https:\/\/deportecapital.com.ar\/index.php\/wp-json\/wp\/v2\/posts"}],"about":[{"href":"https:\/\/deportecapital.com.ar\/index.php\/wp-json\/wp\/v2\/types\/post"}],"author":[{"embeddable":true,"href":"https:\/\/deportecapital.com.ar\/index.php\/wp-json\/wp\/v2\/users\/3"}],"replies":[{"embeddable":true,"href":"https:\/\/deportecapital.com.ar\/index.php\/wp-json\/wp\/v2\/comments?post=52667"}],"version-history":[{"count":1,"href":"https:\/\/deportecapital.com.ar\/index.php\/wp-json\/wp\/v2\/posts\/52667\/revisions"}],"predecessor-version":[{"id":52672,"href":"https:\/\/deportecapital.com.ar\/index.php\/wp-json\/wp\/v2\/posts\/52667\/revisions\/52672"}],"wp:featuredmedia":[{"embeddable":true,"href":"https:\/\/deportecapital.com.ar\/index.php\/wp-json\/wp\/v2\/media\/52668"}],"wp:attachment":[{"href":"https:\/\/deportecapital.com.ar\/index.php\/wp-json\/wp\/v2\/media?parent=52667"}],"wp:term":[{"taxonomy":"category","embeddable":true,"href":"https:\/\/deportecapital.com.ar\/index.php\/wp-json\/wp\/v2\/categories?post=52667"},{"taxonomy":"post_tag","embeddable":true,"href":"https:\/\/deportecapital.com.ar\/index.php\/wp-json\/wp\/v2\/tags?post=52667"}],"curies":[{"name":"wp","href":"https:\/\/api.w.org\/{rel}","templated":true}]}}