{"id":52673,"date":"2025-09-11T20:25:42","date_gmt":"2025-09-11T20:25:42","guid":{"rendered":"https:\/\/deportecapital.com.ar\/?p=52673"},"modified":"2025-09-11T20:25:42","modified_gmt":"2025-09-11T20:25:42","slug":"intensa-jornada-de-los-jdp","status":"publish","type":"post","link":"https:\/\/deportecapital.com.ar\/index.php\/2025\/09\/11\/intensa-jornada-de-los-jdp\/","title":{"rendered":"Intensa jornada de los JDP"},"content":{"rendered":"<p>En atletismo ganaron la Zona I y IX. Otra intensa jornada se vivi\u00f3 ayer en los <strong>Juegos Deportivos Pampeanos (JDP) Sub 14<\/strong>.<\/p>\n<p>&nbsp;<\/p>\n<p>Se est\u00e1n llevando a cabo en diferentes escenarios de Santa Rosa, organizado por la <strong>Subsecretar\u00eda de Deportes del Ministerio de Desarrollo Social y Derechos Humanos de La Pampa<\/strong>.<\/p>\n<p>Los <strong>JDP<\/strong>, que finalizan hoy, se desarrollan con la participaci\u00f3n de alrededor de 900 atletas de toda la Provincia, que compiten en atletismo, v\u00f3ley, b\u00e1squetbol y f\u00fatbol 11.<\/p>\n<p>En una jornada ventosa, los chicos y chicas de atletismo dieron lo mejor en busca de sumar la mayor cantidad de puntos para sus equipos, en un clima de armon\u00eda, sin caras tristes ni festejos rimbombantes. En atletismo femenino el primer puesto en la general fue para la Zona IX, que sum\u00f3 un total de 146 puntos, escoltada por la Zona VII, que termin\u00f3 con 93, y la Zona I, con 90. Luego se posicionaron las Zona II con 60, la Zona IV con 37, la Zona VI con 31, la Zona V con 25, la Zona III con 10 y la Zona VIII con 6.<\/p>\n<p>En atletismo masculino la victoria en la general qued\u00f3 para la Zona I, que se llev\u00f3 110 unidades. El podio se complet\u00f3 con la Zona IX con 101 y la Zona VII con 99. El cuarto lugar fue para la Zona II con 65, quinta fue la Zona V con 46, sexta la Zona IV con 30, s\u00e9ptima la Zona VIII con 19, octava la Zona X con 8.<\/p>\n<p><strong>Semifinales y finales<\/strong><\/p>\n<p>Hoy, desde las 8, comienzan a definirse los tradicionales <strong>Juegos Deportivos Pampeanos<\/strong>, una competencia que excede lo meramente deportivo.<\/p>\n<p>En v\u00f3ley masculino, en la cancha del <strong>Polideportivo<\/strong> <strong>Butal\u00f3<\/strong>, se medir\u00e1n en las semifinales <strong>Independiente de General Pico<\/strong> ante <strong>Escuela 221<\/strong> y <strong>Bernasconi<\/strong> se cruza con <strong>Campos de General<\/strong> <strong>Acha<\/strong>.<\/p>\n<p>En v\u00f3ley femenino, que tiene como escenario el gimnasio del <strong>Plan 5000<\/strong>, <strong>Uriburu<\/strong> se las ver\u00e1 ante <strong>Pico FBC<\/strong> y <strong>Escuela 221<\/strong> juega con <strong>Campos de<\/strong> <strong>Acha<\/strong>.<\/p>\n<p>En f\u00fatbol masculino, en la cancha del<strong> club Mac Allister<\/strong>, <strong>Zona<\/strong> <strong>I<\/strong> se mide con <strong>Zona II<\/strong>, mientras que la <strong>Zona VI<\/strong>; mientras que en el f\u00fatbol femenino compiten en semifinales <strong>Zona I<\/strong> ante <strong>Zona IX<\/strong> y <strong>Zona VI<\/strong> con <strong>Zona VIII<\/strong>.<\/p>\n<p>En b\u00e1squet masculino, en la cancha de <strong>Estudiantes<\/strong>, la\u00a0 <strong>Zona VII<\/strong> se mide con la <strong>Zona IV<\/strong>.<\/p>\n<p><strong>APN<\/strong><\/p>\n<p><img fetchpriority=\"high\" decoding=\"async\" class=\"alignnone size-medium wp-image-52674\" src=\"https:\/\/deportecapital.com.ar\/wp-content\/uploads\/2025\/09\/INTENSA-1-300x199.jpeg\" alt=\"\" width=\"300\" height=\"199\" srcset=\"https:\/\/deportecapital.com.ar\/wp-content\/uploads\/2025\/09\/INTENSA-1-300x199.jpeg 300w, https:\/\/deportecapital.com.ar\/wp-content\/uploads\/2025\/09\/INTENSA-1-1024x680.jpeg 1024w, https:\/\/deportecapital.com.ar\/wp-content\/uploads\/2025\/09\/INTENSA-1-768x510.jpeg 768w, https:\/\/deportecapital.com.ar\/wp-content\/uploads\/2025\/09\/INTENSA-1-1536x1020.jpeg 1536w, https:\/\/deportecapital.com.ar\/wp-content\/uploads\/2025\/09\/INTENSA-1.jpeg 1600w\" sizes=\"(max-width: 300px) 100vw, 300px\" \/> <img decoding=\"async\" class=\"alignnone size-medium wp-image-52675\" src=\"https:\/\/deportecapital.com.ar\/wp-content\/uploads\/2025\/09\/INTENSA-2-300x199.jpg\" alt=\"\" width=\"300\" height=\"199\" srcset=\"https:\/\/deportecapital.com.ar\/wp-content\/uploads\/2025\/09\/INTENSA-2-300x199.jpg 300w, https:\/\/deportecapital.com.ar\/wp-content\/uploads\/2025\/09\/INTENSA-2-1024x681.jpg 1024w, https:\/\/deportecapital.com.ar\/wp-content\/uploads\/2025\/09\/INTENSA-2-768x511.jpg 768w, https:\/\/deportecapital.com.ar\/wp-content\/uploads\/2025\/09\/INTENSA-2.jpg 1280w\" sizes=\"(max-width: 300px) 100vw, 300px\" \/> <img decoding=\"async\" class=\"alignnone size-medium wp-image-52676\" src=\"https:\/\/deportecapital.com.ar\/wp-content\/uploads\/2025\/09\/INTENSA-3-300x199.jpeg\" alt=\"\" width=\"300\" height=\"199\" srcset=\"https:\/\/deportecapital.com.ar\/wp-content\/uploads\/2025\/09\/INTENSA-3-300x199.jpeg 300w, https:\/\/deportecapital.com.ar\/wp-content\/uploads\/2025\/09\/INTENSA-3-1024x680.jpeg 1024w, https:\/\/deportecapital.com.ar\/wp-content\/uploads\/2025\/09\/INTENSA-3-768x510.jpeg 768w, https:\/\/deportecapital.com.ar\/wp-content\/uploads\/2025\/09\/INTENSA-3-1536x1020.jpeg 1536w, https:\/\/deportecapital.com.ar\/wp-content\/uploads\/2025\/09\/INTENSA-3.jpeg 1600w\" sizes=\"(max-width: 300px) 100vw, 300px\" \/> <img loading=\"lazy\" decoding=\"async\" class=\"alignnone size-medium wp-image-52677\" src=\"https:\/\/deportecapital.com.ar\/wp-content\/uploads\/2025\/09\/INTENSA-4-300x199.jpg\" alt=\"\" width=\"300\" height=\"199\" srcset=\"https:\/\/deportecapital.com.ar\/wp-content\/uploads\/2025\/09\/INTENSA-4-300x199.jpg 300w, https:\/\/deportecapital.com.ar\/wp-content\/uploads\/2025\/09\/INTENSA-4-1024x681.jpg 1024w, https:\/\/deportecapital.com.ar\/wp-content\/uploads\/2025\/09\/INTENSA-4-768x511.jpg 768w, https:\/\/deportecapital.com.ar\/wp-content\/uploads\/2025\/09\/INTENSA-4.jpg 1280w\" sizes=\"(max-width: 300px) 100vw, 300px\" \/><\/p>\n","protected":false},"excerpt":{"rendered":"<p>En atletismo ganaron la Zona I y IX. Otra intensa jornada se vivi\u00f3 ayer en&#8230;<\/p>\n","protected":false},"author":3,"featured_media":52678,"comment_status":"open","ping_status":"open","sticky":false,"template":"","format":"standard","meta":{"footnotes":""},"categories":[33],"tags":[],"class_list":["post-52673","post","type-post","status-publish","format-standard","has-post-thumbnail","hentry","category-otros"],"yoast_head":"<!-- This site is optimized with the Yoast SEO plugin v27.4 - https:\/\/yoast.com\/product\/yoast-seo-wordpress\/ -->\n<title>Intensa jornada de los JDP - Deporte Capital<\/title>\n<meta name=\"robots\" content=\"index, follow, max-snippet:-1, max-image-preview:large, max-video-preview:-1\" \/>\n<link rel=\"canonical\" href=\"https:\/\/deportecapital.com.ar\/index.php\/2025\/09\/11\/intensa-jornada-de-los-jdp\/\" \/>\n<meta property=\"og:locale\" content=\"es_ES\" \/>\n<meta property=\"og:type\" content=\"article\" \/>\n<meta property=\"og:title\" content=\"Intensa jornada de los JDP - Deporte Capital\" \/>\n<meta property=\"og:description\" content=\"En atletismo ganaron la Zona I y IX. Otra intensa jornada se vivi\u00f3 ayer en...\" \/>\n<meta property=\"og:url\" content=\"https:\/\/deportecapital.com.ar\/index.php\/2025\/09\/11\/intensa-jornada-de-los-jdp\/\" \/>\n<meta property=\"og:site_name\" content=\"Deporte Capital\" \/>\n<meta property=\"article:published_time\" content=\"2025-09-11T20:25:42+00:00\" \/>\n<meta property=\"og:image\" content=\"https:\/\/deportecapital.com.ar\/wp-content\/uploads\/2025\/09\/INTENSA-5.jpg\" \/>\n\t<meta property=\"og:image:width\" content=\"1280\" \/>\n\t<meta property=\"og:image:height\" content=\"851\" \/>\n\t<meta property=\"og:image:type\" content=\"image\/jpeg\" \/>\n<meta name=\"author\" content=\"Emilio Manrique\" \/>\n<meta name=\"twitter:card\" content=\"summary_large_image\" \/>\n<meta name=\"twitter:label1\" content=\"Escrito por\" \/>\n\t<meta name=\"twitter:data1\" content=\"Emilio Manrique\" \/>\n\t<meta name=\"twitter:label2\" content=\"Tiempo de lectura\" \/>\n\t<meta name=\"twitter:data2\" content=\"3 minutos\" \/>\n<script type=\"application\/ld+json\" class=\"yoast-schema-graph\">{\"@context\":\"https:\\\/\\\/schema.org\",\"@graph\":[{\"@type\":\"Article\",\"@id\":\"https:\\\/\\\/deportecapital.com.ar\\\/index.php\\\/2025\\\/09\\\/11\\\/intensa-jornada-de-los-jdp\\\/#article\",\"isPartOf\":{\"@id\":\"https:\\\/\\\/deportecapital.com.ar\\\/index.php\\\/2025\\\/09\\\/11\\\/intensa-jornada-de-los-jdp\\\/\"},\"author\":{\"name\":\"Emilio Manrique\",\"@id\":\"https:\\\/\\\/deportecapital.com.ar\\\/#\\\/schema\\\/person\\\/9cd40456048dd30733b1d6749eca5de8\"},\"headline\":\"Intensa jornada de los JDP\",\"datePublished\":\"2025-09-11T20:25:42+00:00\",\"mainEntityOfPage\":{\"@id\":\"https:\\\/\\\/deportecapital.com.ar\\\/index.php\\\/2025\\\/09\\\/11\\\/intensa-jornada-de-los-jdp\\\/\"},\"wordCount\":388,\"commentCount\":0,\"publisher\":{\"@id\":\"https:\\\/\\\/deportecapital.com.ar\\\/#organization\"},\"image\":{\"@id\":\"https:\\\/\\\/deportecapital.com.ar\\\/index.php\\\/2025\\\/09\\\/11\\\/intensa-jornada-de-los-jdp\\\/#primaryimage\"},\"thumbnailUrl\":\"https:\\\/\\\/deportecapital.com.ar\\\/wp-content\\\/uploads\\\/2025\\\/09\\\/INTENSA-5.jpg\",\"articleSection\":[\"Otros\"],\"inLanguage\":\"es-AR\",\"potentialAction\":[{\"@type\":\"CommentAction\",\"name\":\"Comment\",\"target\":[\"https:\\\/\\\/deportecapital.com.ar\\\/index.php\\\/2025\\\/09\\\/11\\\/intensa-jornada-de-los-jdp\\\/#respond\"]}]},{\"@type\":\"WebPage\",\"@id\":\"https:\\\/\\\/deportecapital.com.ar\\\/index.php\\\/2025\\\/09\\\/11\\\/intensa-jornada-de-los-jdp\\\/\",\"url\":\"https:\\\/\\\/deportecapital.com.ar\\\/index.php\\\/2025\\\/09\\\/11\\\/intensa-jornada-de-los-jdp\\\/\",\"name\":\"Intensa jornada de los JDP - Deporte Capital\",\"isPartOf\":{\"@id\":\"https:\\\/\\\/deportecapital.com.ar\\\/#website\"},\"primaryImageOfPage\":{\"@id\":\"https:\\\/\\\/deportecapital.com.ar\\\/index.php\\\/2025\\\/09\\\/11\\\/intensa-jornada-de-los-jdp\\\/#primaryimage\"},\"image\":{\"@id\":\"https:\\\/\\\/deportecapital.com.ar\\\/index.php\\\/2025\\\/09\\\/11\\\/intensa-jornada-de-los-jdp\\\/#primaryimage\"},\"thumbnailUrl\":\"https:\\\/\\\/deportecapital.com.ar\\\/wp-content\\\/uploads\\\/2025\\\/09\\\/INTENSA-5.jpg\",\"datePublished\":\"2025-09-11T20:25:42+00:00\",\"breadcrumb\":{\"@id\":\"https:\\\/\\\/deportecapital.com.ar\\\/index.php\\\/2025\\\/09\\\/11\\\/intensa-jornada-de-los-jdp\\\/#breadcrumb\"},\"inLanguage\":\"es-AR\",\"potentialAction\":[{\"@type\":\"ReadAction\",\"target\":[\"https:\\\/\\\/deportecapital.com.ar\\\/index.php\\\/2025\\\/09\\\/11\\\/intensa-jornada-de-los-jdp\\\/\"]}]},{\"@type\":\"ImageObject\",\"inLanguage\":\"es-AR\",\"@id\":\"https:\\\/\\\/deportecapital.com.ar\\\/index.php\\\/2025\\\/09\\\/11\\\/intensa-jornada-de-los-jdp\\\/#primaryimage\",\"url\":\"https:\\\/\\\/deportecapital.com.ar\\\/wp-content\\\/uploads\\\/2025\\\/09\\\/INTENSA-5.jpg\",\"contentUrl\":\"https:\\\/\\\/deportecapital.com.ar\\\/wp-content\\\/uploads\\\/2025\\\/09\\\/INTENSA-5.jpg\",\"width\":1280,\"height\":851},{\"@type\":\"BreadcrumbList\",\"@id\":\"https:\\\/\\\/deportecapital.com.ar\\\/index.php\\\/2025\\\/09\\\/11\\\/intensa-jornada-de-los-jdp\\\/#breadcrumb\",\"itemListElement\":[{\"@type\":\"ListItem\",\"position\":1,\"name\":\"Inicio\",\"item\":\"https:\\\/\\\/deportecapital.com.ar\\\/\"},{\"@type\":\"ListItem\",\"position\":2,\"name\":\"Intensa jornada de los JDP\"}]},{\"@type\":\"WebSite\",\"@id\":\"https:\\\/\\\/deportecapital.com.ar\\\/#website\",\"url\":\"https:\\\/\\\/deportecapital.com.ar\\\/\",\"name\":\"Deporte Capital\",\"description\":\"Diario digital con todo el deporte de La Pampa y alrededores.\",\"publisher\":{\"@id\":\"https:\\\/\\\/deportecapital.com.ar\\\/#organization\"},\"potentialAction\":[{\"@type\":\"SearchAction\",\"target\":{\"@type\":\"EntryPoint\",\"urlTemplate\":\"https:\\\/\\\/deportecapital.com.ar\\\/?s={search_term_string}\"},\"query-input\":{\"@type\":\"PropertyValueSpecification\",\"valueRequired\":true,\"valueName\":\"search_term_string\"}}],\"inLanguage\":\"es-AR\"},{\"@type\":\"Organization\",\"@id\":\"https:\\\/\\\/deportecapital.com.ar\\\/#organization\",\"name\":\"Deporte Capital\",\"url\":\"https:\\\/\\\/deportecapital.com.ar\\\/\",\"logo\":{\"@type\":\"ImageObject\",\"inLanguage\":\"es-AR\",\"@id\":\"https:\\\/\\\/deportecapital.com.ar\\\/#\\\/schema\\\/logo\\\/image\\\/\",\"url\":\"https:\\\/\\\/deportecapital.com.ar\\\/wp-content\\\/uploads\\\/2025\\\/06\\\/logo-deportecapital_white-1.png\",\"contentUrl\":\"https:\\\/\\\/deportecapital.com.ar\\\/wp-content\\\/uploads\\\/2025\\\/06\\\/logo-deportecapital_white-1.png\",\"width\":243,\"height\":111,\"caption\":\"Deporte Capital\"},\"image\":{\"@id\":\"https:\\\/\\\/deportecapital.com.ar\\\/#\\\/schema\\\/logo\\\/image\\\/\"}},{\"@type\":\"Person\",\"@id\":\"https:\\\/\\\/deportecapital.com.ar\\\/#\\\/schema\\\/person\\\/9cd40456048dd30733b1d6749eca5de8\",\"name\":\"Emilio Manrique\",\"image\":{\"@type\":\"ImageObject\",\"inLanguage\":\"es-AR\",\"@id\":\"https:\\\/\\\/secure.gravatar.com\\\/avatar\\\/005c696496b156e30819f271efdd20348da8f41b5d5653680fd363162bbeb3bb?s=96&d=mm&r=g\",\"url\":\"https:\\\/\\\/secure.gravatar.com\\\/avatar\\\/005c696496b156e30819f271efdd20348da8f41b5d5653680fd363162bbeb3bb?s=96&d=mm&r=g\",\"contentUrl\":\"https:\\\/\\\/secure.gravatar.com\\\/avatar\\\/005c696496b156e30819f271efdd20348da8f41b5d5653680fd363162bbeb3bb?s=96&d=mm&r=g\",\"caption\":\"Emilio Manrique\"},\"url\":\"https:\\\/\\\/deportecapital.com.ar\\\/index.php\\\/author\\\/emilio-manrique\\\/\"}]}<\/script>\n<!-- \/ Yoast SEO plugin. -->","yoast_head_json":{"title":"Intensa jornada de los JDP - Deporte Capital","robots":{"index":"index","follow":"follow","max-snippet":"max-snippet:-1","max-image-preview":"max-image-preview:large","max-video-preview":"max-video-preview:-1"},"canonical":"https:\/\/deportecapital.com.ar\/index.php\/2025\/09\/11\/intensa-jornada-de-los-jdp\/","og_locale":"es_ES","og_type":"article","og_title":"Intensa jornada de los JDP - Deporte Capital","og_description":"En atletismo ganaron la Zona I y IX. Otra intensa jornada se vivi\u00f3 ayer en...","og_url":"https:\/\/deportecapital.com.ar\/index.php\/2025\/09\/11\/intensa-jornada-de-los-jdp\/","og_site_name":"Deporte Capital","article_published_time":"2025-09-11T20:25:42+00:00","og_image":[{"width":1280,"height":851,"url":"https:\/\/deportecapital.com.ar\/wp-content\/uploads\/2025\/09\/INTENSA-5.jpg","type":"image\/jpeg"}],"author":"Emilio Manrique","twitter_card":"summary_large_image","twitter_misc":{"Escrito por":"Emilio Manrique","Tiempo de lectura":"3 minutos"},"schema":{"@context":"https:\/\/schema.org","@graph":[{"@type":"Article","@id":"https:\/\/deportecapital.com.ar\/index.php\/2025\/09\/11\/intensa-jornada-de-los-jdp\/#article","isPartOf":{"@id":"https:\/\/deportecapital.com.ar\/index.php\/2025\/09\/11\/intensa-jornada-de-los-jdp\/"},"author":{"name":"Emilio Manrique","@id":"https:\/\/deportecapital.com.ar\/#\/schema\/person\/9cd40456048dd30733b1d6749eca5de8"},"headline":"Intensa jornada de los JDP","datePublished":"2025-09-11T20:25:42+00:00","mainEntityOfPage":{"@id":"https:\/\/deportecapital.com.ar\/index.php\/2025\/09\/11\/intensa-jornada-de-los-jdp\/"},"wordCount":388,"commentCount":0,"publisher":{"@id":"https:\/\/deportecapital.com.ar\/#organization"},"image":{"@id":"https:\/\/deportecapital.com.ar\/index.php\/2025\/09\/11\/intensa-jornada-de-los-jdp\/#primaryimage"},"thumbnailUrl":"https:\/\/deportecapital.com.ar\/wp-content\/uploads\/2025\/09\/INTENSA-5.jpg","articleSection":["Otros"],"inLanguage":"es-AR","potentialAction":[{"@type":"CommentAction","name":"Comment","target":["https:\/\/deportecapital.com.ar\/index.php\/2025\/09\/11\/intensa-jornada-de-los-jdp\/#respond"]}]},{"@type":"WebPage","@id":"https:\/\/deportecapital.com.ar\/index.php\/2025\/09\/11\/intensa-jornada-de-los-jdp\/","url":"https:\/\/deportecapital.com.ar\/index.php\/2025\/09\/11\/intensa-jornada-de-los-jdp\/","name":"Intensa jornada de los JDP - Deporte Capital","isPartOf":{"@id":"https:\/\/deportecapital.com.ar\/#website"},"primaryImageOfPage":{"@id":"https:\/\/deportecapital.com.ar\/index.php\/2025\/09\/11\/intensa-jornada-de-los-jdp\/#primaryimage"},"image":{"@id":"https:\/\/deportecapital.com.ar\/index.php\/2025\/09\/11\/intensa-jornada-de-los-jdp\/#primaryimage"},"thumbnailUrl":"https:\/\/deportecapital.com.ar\/wp-content\/uploads\/2025\/09\/INTENSA-5.jpg","datePublished":"2025-09-11T20:25:42+00:00","breadcrumb":{"@id":"https:\/\/deportecapital.com.ar\/index.php\/2025\/09\/11\/intensa-jornada-de-los-jdp\/#breadcrumb"},"inLanguage":"es-AR","potentialAction":[{"@type":"ReadAction","target":["https:\/\/deportecapital.com.ar\/index.php\/2025\/09\/11\/intensa-jornada-de-los-jdp\/"]}]},{"@type":"ImageObject","inLanguage":"es-AR","@id":"https:\/\/deportecapital.com.ar\/index.php\/2025\/09\/11\/intensa-jornada-de-los-jdp\/#primaryimage","url":"https:\/\/deportecapital.com.ar\/wp-content\/uploads\/2025\/09\/INTENSA-5.jpg","contentUrl":"https:\/\/deportecapital.com.ar\/wp-content\/uploads\/2025\/09\/INTENSA-5.jpg","width":1280,"height":851},{"@type":"BreadcrumbList","@id":"https:\/\/deportecapital.com.ar\/index.php\/2025\/09\/11\/intensa-jornada-de-los-jdp\/#breadcrumb","itemListElement":[{"@type":"ListItem","position":1,"name":"Inicio","item":"https:\/\/deportecapital.com.ar\/"},{"@type":"ListItem","position":2,"name":"Intensa jornada de los JDP"}]},{"@type":"WebSite","@id":"https:\/\/deportecapital.com.ar\/#website","url":"https:\/\/deportecapital.com.ar\/","name":"Deporte Capital","description":"Diario digital con todo el deporte de La Pampa y alrededores.","publisher":{"@id":"https:\/\/deportecapital.com.ar\/#organization"},"potentialAction":[{"@type":"SearchAction","target":{"@type":"EntryPoint","urlTemplate":"https:\/\/deportecapital.com.ar\/?s={search_term_string}"},"query-input":{"@type":"PropertyValueSpecification","valueRequired":true,"valueName":"search_term_string"}}],"inLanguage":"es-AR"},{"@type":"Organization","@id":"https:\/\/deportecapital.com.ar\/#organization","name":"Deporte Capital","url":"https:\/\/deportecapital.com.ar\/","logo":{"@type":"ImageObject","inLanguage":"es-AR","@id":"https:\/\/deportecapital.com.ar\/#\/schema\/logo\/image\/","url":"https:\/\/deportecapital.com.ar\/wp-content\/uploads\/2025\/06\/logo-deportecapital_white-1.png","contentUrl":"https:\/\/deportecapital.com.ar\/wp-content\/uploads\/2025\/06\/logo-deportecapital_white-1.png","width":243,"height":111,"caption":"Deporte Capital"},"image":{"@id":"https:\/\/deportecapital.com.ar\/#\/schema\/logo\/image\/"}},{"@type":"Person","@id":"https:\/\/deportecapital.com.ar\/#\/schema\/person\/9cd40456048dd30733b1d6749eca5de8","name":"Emilio Manrique","image":{"@type":"ImageObject","inLanguage":"es-AR","@id":"https:\/\/secure.gravatar.com\/avatar\/005c696496b156e30819f271efdd20348da8f41b5d5653680fd363162bbeb3bb?s=96&d=mm&r=g","url":"https:\/\/secure.gravatar.com\/avatar\/005c696496b156e30819f271efdd20348da8f41b5d5653680fd363162bbeb3bb?s=96&d=mm&r=g","contentUrl":"https:\/\/secure.gravatar.com\/avatar\/005c696496b156e30819f271efdd20348da8f41b5d5653680fd363162bbeb3bb?s=96&d=mm&r=g","caption":"Emilio Manrique"},"url":"https:\/\/deportecapital.com.ar\/index.php\/author\/emilio-manrique\/"}]}},"rttpg_featured_image_url":{"full":["https:\/\/deportecapital.com.ar\/wp-content\/uploads\/2025\/09\/INTENSA-5.jpg",1280,851,false],"landscape":["https:\/\/deportecapital.com.ar\/wp-content\/uploads\/2025\/09\/INTENSA-5.jpg",1280,851,false],"portraits":["https:\/\/deportecapital.com.ar\/wp-content\/uploads\/2025\/09\/INTENSA-5.jpg",1280,851,false],"thumbnail":["https:\/\/deportecapital.com.ar\/wp-content\/uploads\/2025\/09\/INTENSA-5-150x150.jpg",150,150,true],"medium":["https:\/\/deportecapital.com.ar\/wp-content\/uploads\/2025\/09\/INTENSA-5-300x199.jpg",300,199,true],"large":["https:\/\/deportecapital.com.ar\/wp-content\/uploads\/2025\/09\/INTENSA-5-1024x681.jpg",640,426,true],"1536x1536":["https:\/\/deportecapital.com.ar\/wp-content\/uploads\/2025\/09\/INTENSA-5.jpg",1280,851,false],"2048x2048":["https:\/\/deportecapital.com.ar\/wp-content\/uploads\/2025\/09\/INTENSA-5.jpg",1280,851,false],"covernews-slider-full":["https:\/\/deportecapital.com.ar\/wp-content\/uploads\/2025\/09\/INTENSA-5-1115x715.jpg",1115,715,true],"covernews-slider-center":["https:\/\/deportecapital.com.ar\/wp-content\/uploads\/2025\/09\/INTENSA-5-800x500.jpg",800,500,true],"covernews-featured":["https:\/\/deportecapital.com.ar\/wp-content\/uploads\/2025\/09\/INTENSA-5-1024x681.jpg",1024,681,true],"covernews-medium":["https:\/\/deportecapital.com.ar\/wp-content\/uploads\/2025\/09\/INTENSA-5-540x340.jpg",540,340,true],"covernews-medium-square":["https:\/\/deportecapital.com.ar\/wp-content\/uploads\/2025\/09\/INTENSA-5-400x250.jpg",400,250,true]},"rttpg_author":{"display_name":"Emilio Manrique","author_link":"https:\/\/deportecapital.com.ar\/index.php\/author\/emilio-manrique\/"},"rttpg_comment":3,"rttpg_category":"<a href=\"https:\/\/deportecapital.com.ar\/index.php\/category\/otros\/\" rel=\"category tag\">Otros<\/a>","rttpg_excerpt":"En atletismo ganaron la Zona I y IX. Otra intensa jornada se vivi\u00f3 ayer en...","_links":{"self":[{"href":"https:\/\/deportecapital.com.ar\/index.php\/wp-json\/wp\/v2\/posts\/52673","targetHints":{"allow":["GET"]}}],"collection":[{"href":"https:\/\/deportecapital.com.ar\/index.php\/wp-json\/wp\/v2\/posts"}],"about":[{"href":"https:\/\/deportecapital.com.ar\/index.php\/wp-json\/wp\/v2\/types\/post"}],"author":[{"embeddable":true,"href":"https:\/\/deportecapital.com.ar\/index.php\/wp-json\/wp\/v2\/users\/3"}],"replies":[{"embeddable":true,"href":"https:\/\/deportecapital.com.ar\/index.php\/wp-json\/wp\/v2\/comments?post=52673"}],"version-history":[{"count":1,"href":"https:\/\/deportecapital.com.ar\/index.php\/wp-json\/wp\/v2\/posts\/52673\/revisions"}],"predecessor-version":[{"id":52679,"href":"https:\/\/deportecapital.com.ar\/index.php\/wp-json\/wp\/v2\/posts\/52673\/revisions\/52679"}],"wp:featuredmedia":[{"embeddable":true,"href":"https:\/\/deportecapital.com.ar\/index.php\/wp-json\/wp\/v2\/media\/52678"}],"wp:attachment":[{"href":"https:\/\/deportecapital.com.ar\/index.php\/wp-json\/wp\/v2\/media?parent=52673"}],"wp:term":[{"taxonomy":"category","embeddable":true,"href":"https:\/\/deportecapital.com.ar\/index.php\/wp-json\/wp\/v2\/categories?post=52673"},{"taxonomy":"post_tag","embeddable":true,"href":"https:\/\/deportecapital.com.ar\/index.php\/wp-json\/wp\/v2\/tags?post=52673"}],"curies":[{"name":"wp","href":"https:\/\/api.w.org\/{rel}","templated":true}]}}