{"id":52746,"date":"2025-09-15T00:07:50","date_gmt":"2025-09-15T00:07:50","guid":{"rendered":"https:\/\/deportecapital.com.ar\/?p=52746"},"modified":"2025-09-15T00:07:50","modified_gmt":"2025-09-15T00:07:50","slug":"oportunismo-y-tres-para-casa","status":"publish","type":"post","link":"https:\/\/deportecapital.com.ar\/index.php\/2025\/09\/15\/oportunismo-y-tres-para-casa\/","title":{"rendered":"Oportunismo y tres para casa"},"content":{"rendered":"<p><strong>All Boys<\/strong> super\u00f3 de visitante a su par de <strong>General Belgrano<\/strong> por la m\u00ednima diferencia, con anotaci\u00f3n de <em>Benjam\u00edn<\/em> <em>Portillo<\/em>. Fue en el marco de la segunda fecha del Provincial de futbol.<\/p>\n<p>&nbsp;<\/p>\n<p>El juego en el <strong>Rancho Grande<\/strong> comenz\u00f3 con cierto equilibrio por ambos lados, hasta que a los 11 minutos un centro desde la izquierda ejecutado por <em>Tom\u00e1s<\/em> <em>Arzer<\/em>, fue capitalizado por <em>Benjam\u00edn Portillo<\/em> adelant\u00e1ndose sobre el primer palo y de cabeza anotar lo que al final ser\u00eda la conquista de la victoria.<\/p>\n<p><em>Tom\u00e1s Carri\u00f3n<\/em> elabor\u00f3 una estupenda jugada por izquierda y su remate final dio en el travesa\u00f1o, en lo que fue una clara acci\u00f3n para igualar el juego.<\/p>\n<p>La visita, enseguida del gol, tuvo otra ocasi\u00f3n que abort\u00f3 magistralmente <em>Urig\u00fcen<\/em> desviando con una mano por arriba del horizontal.<\/p>\n<p>En el complemento, los dos siguieron en la b\u00fasqueda, pero el marcador no se movi\u00f3.<\/p>\n<p><b>Otros<\/b><\/p>\n<p>En los otros juegos, se sucedieron estos indicadores: <strong>Juventud<\/strong> <strong>Regional de Can\u00e9<\/strong> 1 \u2013 <strong>All Boys de Trenel<\/strong> 1; <strong>Atl\u00e9tico Santa Rosa<\/strong> 2 \u2013 <strong>Mac Allister<\/strong> 0; <strong>Uni\u00f3n de Riglos<\/strong> 1 \u2013 <strong>Campos de Acha<\/strong> 0 (jugado el s\u00e1bado); <strong>Pico FBC<\/strong> 3 \u2013 <strong>Ferro de Alvear<\/strong> 0; <strong>Winifreda<\/strong> 1 \u2013 <strong>El Pampero<\/strong> 2; <strong>Racing de Castex<\/strong> 3 \u2013 <strong>Independiente<\/strong> 0.<\/p>\n<p><img fetchpriority=\"high\" decoding=\"async\" class=\"alignnone size-medium wp-image-52747\" src=\"https:\/\/deportecapital.com.ar\/wp-content\/uploads\/2025\/09\/CANA-1-300x202.jpg\" alt=\"\" width=\"300\" height=\"202\" srcset=\"https:\/\/deportecapital.com.ar\/wp-content\/uploads\/2025\/09\/CANA-1-300x202.jpg 300w, https:\/\/deportecapital.com.ar\/wp-content\/uploads\/2025\/09\/CANA-1-1024x690.jpg 1024w, https:\/\/deportecapital.com.ar\/wp-content\/uploads\/2025\/09\/CANA-1-768x518.jpg 768w, https:\/\/deportecapital.com.ar\/wp-content\/uploads\/2025\/09\/CANA-1-1536x1035.jpg 1536w, https:\/\/deportecapital.com.ar\/wp-content\/uploads\/2025\/09\/CANA-1.jpg 1920w\" sizes=\"(max-width: 300px) 100vw, 300px\" \/> <img decoding=\"async\" class=\"alignnone size-medium wp-image-52748\" src=\"https:\/\/deportecapital.com.ar\/wp-content\/uploads\/2025\/09\/CANA-2-300x174.jpg\" alt=\"\" width=\"300\" height=\"174\" srcset=\"https:\/\/deportecapital.com.ar\/wp-content\/uploads\/2025\/09\/CANA-2-300x174.jpg 300w, https:\/\/deportecapital.com.ar\/wp-content\/uploads\/2025\/09\/CANA-2-1024x593.jpg 1024w, https:\/\/deportecapital.com.ar\/wp-content\/uploads\/2025\/09\/CANA-2-768x444.jpg 768w, https:\/\/deportecapital.com.ar\/wp-content\/uploads\/2025\/09\/CANA-2-1536x889.jpg 1536w, https:\/\/deportecapital.com.ar\/wp-content\/uploads\/2025\/09\/CANA-2.jpg 1920w\" sizes=\"(max-width: 300px) 100vw, 300px\" \/> <img decoding=\"async\" class=\"alignnone size-medium wp-image-52749\" src=\"https:\/\/deportecapital.com.ar\/wp-content\/uploads\/2025\/09\/CANA-3-300x196.jpg\" alt=\"\" width=\"300\" height=\"196\" srcset=\"https:\/\/deportecapital.com.ar\/wp-content\/uploads\/2025\/09\/CANA-3-300x196.jpg 300w, https:\/\/deportecapital.com.ar\/wp-content\/uploads\/2025\/09\/CANA-3-1024x669.jpg 1024w, https:\/\/deportecapital.com.ar\/wp-content\/uploads\/2025\/09\/CANA-3-768x502.jpg 768w, https:\/\/deportecapital.com.ar\/wp-content\/uploads\/2025\/09\/CANA-3-1536x1004.jpg 1536w, https:\/\/deportecapital.com.ar\/wp-content\/uploads\/2025\/09\/CANA-3.jpg 1920w\" sizes=\"(max-width: 300px) 100vw, 300px\" \/> <img loading=\"lazy\" decoding=\"async\" class=\"alignnone size-medium wp-image-52750\" src=\"https:\/\/deportecapital.com.ar\/wp-content\/uploads\/2025\/09\/CANA-4-300x192.jpg\" alt=\"\" width=\"300\" height=\"192\" srcset=\"https:\/\/deportecapital.com.ar\/wp-content\/uploads\/2025\/09\/CANA-4-300x192.jpg 300w, https:\/\/deportecapital.com.ar\/wp-content\/uploads\/2025\/09\/CANA-4-1024x654.jpg 1024w, https:\/\/deportecapital.com.ar\/wp-content\/uploads\/2025\/09\/CANA-4-768x491.jpg 768w, https:\/\/deportecapital.com.ar\/wp-content\/uploads\/2025\/09\/CANA-4-1536x982.jpg 1536w, https:\/\/deportecapital.com.ar\/wp-content\/uploads\/2025\/09\/CANA-4-1115x715.jpg 1115w, https:\/\/deportecapital.com.ar\/wp-content\/uploads\/2025\/09\/CANA-4.jpg 1920w\" sizes=\"(max-width: 300px) 100vw, 300px\" \/> <img loading=\"lazy\" decoding=\"async\" class=\"alignnone size-medium wp-image-52751\" src=\"https:\/\/deportecapital.com.ar\/wp-content\/uploads\/2025\/09\/CANA-5-300x247.jpg\" alt=\"\" width=\"300\" height=\"247\" srcset=\"https:\/\/deportecapital.com.ar\/wp-content\/uploads\/2025\/09\/CANA-5-300x247.jpg 300w, https:\/\/deportecapital.com.ar\/wp-content\/uploads\/2025\/09\/CANA-5-1024x843.jpg 1024w, https:\/\/deportecapital.com.ar\/wp-content\/uploads\/2025\/09\/CANA-5-768x632.jpg 768w, https:\/\/deportecapital.com.ar\/wp-content\/uploads\/2025\/09\/CANA-5-1536x1265.jpg 1536w, https:\/\/deportecapital.com.ar\/wp-content\/uploads\/2025\/09\/CANA-5.jpg 1920w\" sizes=\"(max-width: 300px) 100vw, 300px\" \/> <img loading=\"lazy\" decoding=\"async\" class=\"alignnone size-medium wp-image-52752\" src=\"https:\/\/deportecapital.com.ar\/wp-content\/uploads\/2025\/09\/CANA-6-300x205.jpg\" alt=\"\" width=\"300\" height=\"205\" srcset=\"https:\/\/deportecapital.com.ar\/wp-content\/uploads\/2025\/09\/CANA-6-300x205.jpg 300w, https:\/\/deportecapital.com.ar\/wp-content\/uploads\/2025\/09\/CANA-6-1024x700.jpg 1024w, https:\/\/deportecapital.com.ar\/wp-content\/uploads\/2025\/09\/CANA-6-768x525.jpg 768w, https:\/\/deportecapital.com.ar\/wp-content\/uploads\/2025\/09\/CANA-6-1536x1050.jpg 1536w, https:\/\/deportecapital.com.ar\/wp-content\/uploads\/2025\/09\/CANA-6.jpg 1920w\" sizes=\"(max-width: 300px) 100vw, 300px\" \/> <img loading=\"lazy\" decoding=\"async\" class=\"alignnone size-medium wp-image-52753\" src=\"https:\/\/deportecapital.com.ar\/wp-content\/uploads\/2025\/09\/CANA-7-300x208.jpg\" alt=\"\" width=\"300\" height=\"208\" srcset=\"https:\/\/deportecapital.com.ar\/wp-content\/uploads\/2025\/09\/CANA-7-300x208.jpg 300w, https:\/\/deportecapital.com.ar\/wp-content\/uploads\/2025\/09\/CANA-7-1024x708.jpg 1024w, https:\/\/deportecapital.com.ar\/wp-content\/uploads\/2025\/09\/CANA-7-768x531.jpg 768w, https:\/\/deportecapital.com.ar\/wp-content\/uploads\/2025\/09\/CANA-7-1536x1062.jpg 1536w, https:\/\/deportecapital.com.ar\/wp-content\/uploads\/2025\/09\/CANA-7.jpg 1920w\" sizes=\"(max-width: 300px) 100vw, 300px\" \/> <img loading=\"lazy\" decoding=\"async\" class=\"alignnone size-medium wp-image-52755\" src=\"https:\/\/deportecapital.com.ar\/wp-content\/uploads\/2025\/09\/CANA-9-300x213.jpg\" alt=\"\" width=\"300\" height=\"213\" srcset=\"https:\/\/deportecapital.com.ar\/wp-content\/uploads\/2025\/09\/CANA-9-300x213.jpg 300w, https:\/\/deportecapital.com.ar\/wp-content\/uploads\/2025\/09\/CANA-9-1024x728.jpg 1024w, https:\/\/deportecapital.com.ar\/wp-content\/uploads\/2025\/09\/CANA-9-768x546.jpg 768w, https:\/\/deportecapital.com.ar\/wp-content\/uploads\/2025\/09\/CANA-9-1536x1092.jpg 1536w, https:\/\/deportecapital.com.ar\/wp-content\/uploads\/2025\/09\/CANA-9.jpg 1920w\" sizes=\"(max-width: 300px) 100vw, 300px\" \/><\/p>\n","protected":false},"excerpt":{"rendered":"<p>All Boys super\u00f3 de visitante a su par de General Belgrano por la m\u00ednima diferencia,&#8230;<\/p>\n","protected":false},"author":3,"featured_media":52754,"comment_status":"open","ping_status":"open","sticky":false,"template":"","format":"standard","meta":{"footnotes":""},"categories":[58,19],"tags":[],"class_list":["post-52746","post","type-post","status-publish","format-standard","has-post-thumbnail","hentry","category-destacadas2","category-futbol"],"yoast_head":"<!-- This site is optimized with the Yoast SEO plugin v27.4 - https:\/\/yoast.com\/product\/yoast-seo-wordpress\/ -->\n<title>Oportunismo y tres para casa - Deporte Capital<\/title>\n<meta name=\"robots\" content=\"index, follow, max-snippet:-1, max-image-preview:large, max-video-preview:-1\" \/>\n<link rel=\"canonical\" href=\"https:\/\/deportecapital.com.ar\/index.php\/2025\/09\/15\/oportunismo-y-tres-para-casa\/\" \/>\n<meta property=\"og:locale\" content=\"es_ES\" \/>\n<meta property=\"og:type\" content=\"article\" \/>\n<meta property=\"og:title\" content=\"Oportunismo y tres para casa - Deporte Capital\" \/>\n<meta property=\"og:description\" content=\"All Boys super\u00f3 de visitante a su par de General Belgrano por la m\u00ednima diferencia,...\" \/>\n<meta property=\"og:url\" content=\"https:\/\/deportecapital.com.ar\/index.php\/2025\/09\/15\/oportunismo-y-tres-para-casa\/\" \/>\n<meta property=\"og:site_name\" content=\"Deporte Capital\" \/>\n<meta property=\"article:published_time\" content=\"2025-09-15T00:07:50+00:00\" \/>\n<meta property=\"og:image\" content=\"https:\/\/deportecapital.com.ar\/wp-content\/uploads\/2025\/09\/CANA-8.jpg\" \/>\n\t<meta property=\"og:image:width\" content=\"1920\" \/>\n\t<meta property=\"og:image:height\" content=\"1282\" \/>\n\t<meta property=\"og:image:type\" content=\"image\/jpeg\" \/>\n<meta name=\"author\" content=\"Emilio Manrique\" \/>\n<meta name=\"twitter:card\" content=\"summary_large_image\" \/>\n<meta name=\"twitter:label1\" content=\"Escrito por\" \/>\n\t<meta name=\"twitter:data1\" content=\"Emilio Manrique\" \/>\n\t<meta name=\"twitter:label2\" content=\"Tiempo de lectura\" \/>\n\t<meta name=\"twitter:data2\" content=\"3 minutos\" \/>\n<script type=\"application\/ld+json\" class=\"yoast-schema-graph\">{\"@context\":\"https:\\\/\\\/schema.org\",\"@graph\":[{\"@type\":\"Article\",\"@id\":\"https:\\\/\\\/deportecapital.com.ar\\\/index.php\\\/2025\\\/09\\\/15\\\/oportunismo-y-tres-para-casa\\\/#article\",\"isPartOf\":{\"@id\":\"https:\\\/\\\/deportecapital.com.ar\\\/index.php\\\/2025\\\/09\\\/15\\\/oportunismo-y-tres-para-casa\\\/\"},\"author\":{\"name\":\"Emilio Manrique\",\"@id\":\"https:\\\/\\\/deportecapital.com.ar\\\/#\\\/schema\\\/person\\\/9cd40456048dd30733b1d6749eca5de8\"},\"headline\":\"Oportunismo y tres para casa\",\"datePublished\":\"2025-09-15T00:07:50+00:00\",\"mainEntityOfPage\":{\"@id\":\"https:\\\/\\\/deportecapital.com.ar\\\/index.php\\\/2025\\\/09\\\/15\\\/oportunismo-y-tres-para-casa\\\/\"},\"wordCount\":211,\"commentCount\":0,\"publisher\":{\"@id\":\"https:\\\/\\\/deportecapital.com.ar\\\/#organization\"},\"image\":{\"@id\":\"https:\\\/\\\/deportecapital.com.ar\\\/index.php\\\/2025\\\/09\\\/15\\\/oportunismo-y-tres-para-casa\\\/#primaryimage\"},\"thumbnailUrl\":\"https:\\\/\\\/deportecapital.com.ar\\\/wp-content\\\/uploads\\\/2025\\\/09\\\/CANA-8.jpg\",\"articleSection\":[\"Destacadas2\",\"F\u00fatbol\"],\"inLanguage\":\"es-AR\",\"potentialAction\":[{\"@type\":\"CommentAction\",\"name\":\"Comment\",\"target\":[\"https:\\\/\\\/deportecapital.com.ar\\\/index.php\\\/2025\\\/09\\\/15\\\/oportunismo-y-tres-para-casa\\\/#respond\"]}]},{\"@type\":\"WebPage\",\"@id\":\"https:\\\/\\\/deportecapital.com.ar\\\/index.php\\\/2025\\\/09\\\/15\\\/oportunismo-y-tres-para-casa\\\/\",\"url\":\"https:\\\/\\\/deportecapital.com.ar\\\/index.php\\\/2025\\\/09\\\/15\\\/oportunismo-y-tres-para-casa\\\/\",\"name\":\"Oportunismo y tres para casa - Deporte Capital\",\"isPartOf\":{\"@id\":\"https:\\\/\\\/deportecapital.com.ar\\\/#website\"},\"primaryImageOfPage\":{\"@id\":\"https:\\\/\\\/deportecapital.com.ar\\\/index.php\\\/2025\\\/09\\\/15\\\/oportunismo-y-tres-para-casa\\\/#primaryimage\"},\"image\":{\"@id\":\"https:\\\/\\\/deportecapital.com.ar\\\/index.php\\\/2025\\\/09\\\/15\\\/oportunismo-y-tres-para-casa\\\/#primaryimage\"},\"thumbnailUrl\":\"https:\\\/\\\/deportecapital.com.ar\\\/wp-content\\\/uploads\\\/2025\\\/09\\\/CANA-8.jpg\",\"datePublished\":\"2025-09-15T00:07:50+00:00\",\"breadcrumb\":{\"@id\":\"https:\\\/\\\/deportecapital.com.ar\\\/index.php\\\/2025\\\/09\\\/15\\\/oportunismo-y-tres-para-casa\\\/#breadcrumb\"},\"inLanguage\":\"es-AR\",\"potentialAction\":[{\"@type\":\"ReadAction\",\"target\":[\"https:\\\/\\\/deportecapital.com.ar\\\/index.php\\\/2025\\\/09\\\/15\\\/oportunismo-y-tres-para-casa\\\/\"]}]},{\"@type\":\"ImageObject\",\"inLanguage\":\"es-AR\",\"@id\":\"https:\\\/\\\/deportecapital.com.ar\\\/index.php\\\/2025\\\/09\\\/15\\\/oportunismo-y-tres-para-casa\\\/#primaryimage\",\"url\":\"https:\\\/\\\/deportecapital.com.ar\\\/wp-content\\\/uploads\\\/2025\\\/09\\\/CANA-8.jpg\",\"contentUrl\":\"https:\\\/\\\/deportecapital.com.ar\\\/wp-content\\\/uploads\\\/2025\\\/09\\\/CANA-8.jpg\",\"width\":1920,\"height\":1282},{\"@type\":\"BreadcrumbList\",\"@id\":\"https:\\\/\\\/deportecapital.com.ar\\\/index.php\\\/2025\\\/09\\\/15\\\/oportunismo-y-tres-para-casa\\\/#breadcrumb\",\"itemListElement\":[{\"@type\":\"ListItem\",\"position\":1,\"name\":\"Inicio\",\"item\":\"https:\\\/\\\/deportecapital.com.ar\\\/\"},{\"@type\":\"ListItem\",\"position\":2,\"name\":\"Oportunismo y tres para casa\"}]},{\"@type\":\"WebSite\",\"@id\":\"https:\\\/\\\/deportecapital.com.ar\\\/#website\",\"url\":\"https:\\\/\\\/deportecapital.com.ar\\\/\",\"name\":\"Deporte Capital\",\"description\":\"Diario digital con todo el deporte de La Pampa y alrededores.\",\"publisher\":{\"@id\":\"https:\\\/\\\/deportecapital.com.ar\\\/#organization\"},\"potentialAction\":[{\"@type\":\"SearchAction\",\"target\":{\"@type\":\"EntryPoint\",\"urlTemplate\":\"https:\\\/\\\/deportecapital.com.ar\\\/?s={search_term_string}\"},\"query-input\":{\"@type\":\"PropertyValueSpecification\",\"valueRequired\":true,\"valueName\":\"search_term_string\"}}],\"inLanguage\":\"es-AR\"},{\"@type\":\"Organization\",\"@id\":\"https:\\\/\\\/deportecapital.com.ar\\\/#organization\",\"name\":\"Deporte Capital\",\"url\":\"https:\\\/\\\/deportecapital.com.ar\\\/\",\"logo\":{\"@type\":\"ImageObject\",\"inLanguage\":\"es-AR\",\"@id\":\"https:\\\/\\\/deportecapital.com.ar\\\/#\\\/schema\\\/logo\\\/image\\\/\",\"url\":\"https:\\\/\\\/deportecapital.com.ar\\\/wp-content\\\/uploads\\\/2025\\\/06\\\/logo-deportecapital_white-1.png\",\"contentUrl\":\"https:\\\/\\\/deportecapital.com.ar\\\/wp-content\\\/uploads\\\/2025\\\/06\\\/logo-deportecapital_white-1.png\",\"width\":243,\"height\":111,\"caption\":\"Deporte Capital\"},\"image\":{\"@id\":\"https:\\\/\\\/deportecapital.com.ar\\\/#\\\/schema\\\/logo\\\/image\\\/\"}},{\"@type\":\"Person\",\"@id\":\"https:\\\/\\\/deportecapital.com.ar\\\/#\\\/schema\\\/person\\\/9cd40456048dd30733b1d6749eca5de8\",\"name\":\"Emilio Manrique\",\"image\":{\"@type\":\"ImageObject\",\"inLanguage\":\"es-AR\",\"@id\":\"https:\\\/\\\/secure.gravatar.com\\\/avatar\\\/005c696496b156e30819f271efdd20348da8f41b5d5653680fd363162bbeb3bb?s=96&d=mm&r=g\",\"url\":\"https:\\\/\\\/secure.gravatar.com\\\/avatar\\\/005c696496b156e30819f271efdd20348da8f41b5d5653680fd363162bbeb3bb?s=96&d=mm&r=g\",\"contentUrl\":\"https:\\\/\\\/secure.gravatar.com\\\/avatar\\\/005c696496b156e30819f271efdd20348da8f41b5d5653680fd363162bbeb3bb?s=96&d=mm&r=g\",\"caption\":\"Emilio Manrique\"},\"url\":\"https:\\\/\\\/deportecapital.com.ar\\\/index.php\\\/author\\\/emilio-manrique\\\/\"}]}<\/script>\n<!-- \/ Yoast SEO plugin. -->","yoast_head_json":{"title":"Oportunismo y tres para casa - Deporte Capital","robots":{"index":"index","follow":"follow","max-snippet":"max-snippet:-1","max-image-preview":"max-image-preview:large","max-video-preview":"max-video-preview:-1"},"canonical":"https:\/\/deportecapital.com.ar\/index.php\/2025\/09\/15\/oportunismo-y-tres-para-casa\/","og_locale":"es_ES","og_type":"article","og_title":"Oportunismo y tres para casa - Deporte Capital","og_description":"All Boys super\u00f3 de visitante a su par de General Belgrano por la m\u00ednima diferencia,...","og_url":"https:\/\/deportecapital.com.ar\/index.php\/2025\/09\/15\/oportunismo-y-tres-para-casa\/","og_site_name":"Deporte Capital","article_published_time":"2025-09-15T00:07:50+00:00","og_image":[{"width":1920,"height":1282,"url":"https:\/\/deportecapital.com.ar\/wp-content\/uploads\/2025\/09\/CANA-8.jpg","type":"image\/jpeg"}],"author":"Emilio Manrique","twitter_card":"summary_large_image","twitter_misc":{"Escrito por":"Emilio Manrique","Tiempo de lectura":"3 minutos"},"schema":{"@context":"https:\/\/schema.org","@graph":[{"@type":"Article","@id":"https:\/\/deportecapital.com.ar\/index.php\/2025\/09\/15\/oportunismo-y-tres-para-casa\/#article","isPartOf":{"@id":"https:\/\/deportecapital.com.ar\/index.php\/2025\/09\/15\/oportunismo-y-tres-para-casa\/"},"author":{"name":"Emilio Manrique","@id":"https:\/\/deportecapital.com.ar\/#\/schema\/person\/9cd40456048dd30733b1d6749eca5de8"},"headline":"Oportunismo y tres para casa","datePublished":"2025-09-15T00:07:50+00:00","mainEntityOfPage":{"@id":"https:\/\/deportecapital.com.ar\/index.php\/2025\/09\/15\/oportunismo-y-tres-para-casa\/"},"wordCount":211,"commentCount":0,"publisher":{"@id":"https:\/\/deportecapital.com.ar\/#organization"},"image":{"@id":"https:\/\/deportecapital.com.ar\/index.php\/2025\/09\/15\/oportunismo-y-tres-para-casa\/#primaryimage"},"thumbnailUrl":"https:\/\/deportecapital.com.ar\/wp-content\/uploads\/2025\/09\/CANA-8.jpg","articleSection":["Destacadas2","F\u00fatbol"],"inLanguage":"es-AR","potentialAction":[{"@type":"CommentAction","name":"Comment","target":["https:\/\/deportecapital.com.ar\/index.php\/2025\/09\/15\/oportunismo-y-tres-para-casa\/#respond"]}]},{"@type":"WebPage","@id":"https:\/\/deportecapital.com.ar\/index.php\/2025\/09\/15\/oportunismo-y-tres-para-casa\/","url":"https:\/\/deportecapital.com.ar\/index.php\/2025\/09\/15\/oportunismo-y-tres-para-casa\/","name":"Oportunismo y tres para casa - Deporte Capital","isPartOf":{"@id":"https:\/\/deportecapital.com.ar\/#website"},"primaryImageOfPage":{"@id":"https:\/\/deportecapital.com.ar\/index.php\/2025\/09\/15\/oportunismo-y-tres-para-casa\/#primaryimage"},"image":{"@id":"https:\/\/deportecapital.com.ar\/index.php\/2025\/09\/15\/oportunismo-y-tres-para-casa\/#primaryimage"},"thumbnailUrl":"https:\/\/deportecapital.com.ar\/wp-content\/uploads\/2025\/09\/CANA-8.jpg","datePublished":"2025-09-15T00:07:50+00:00","breadcrumb":{"@id":"https:\/\/deportecapital.com.ar\/index.php\/2025\/09\/15\/oportunismo-y-tres-para-casa\/#breadcrumb"},"inLanguage":"es-AR","potentialAction":[{"@type":"ReadAction","target":["https:\/\/deportecapital.com.ar\/index.php\/2025\/09\/15\/oportunismo-y-tres-para-casa\/"]}]},{"@type":"ImageObject","inLanguage":"es-AR","@id":"https:\/\/deportecapital.com.ar\/index.php\/2025\/09\/15\/oportunismo-y-tres-para-casa\/#primaryimage","url":"https:\/\/deportecapital.com.ar\/wp-content\/uploads\/2025\/09\/CANA-8.jpg","contentUrl":"https:\/\/deportecapital.com.ar\/wp-content\/uploads\/2025\/09\/CANA-8.jpg","width":1920,"height":1282},{"@type":"BreadcrumbList","@id":"https:\/\/deportecapital.com.ar\/index.php\/2025\/09\/15\/oportunismo-y-tres-para-casa\/#breadcrumb","itemListElement":[{"@type":"ListItem","position":1,"name":"Inicio","item":"https:\/\/deportecapital.com.ar\/"},{"@type":"ListItem","position":2,"name":"Oportunismo y tres para casa"}]},{"@type":"WebSite","@id":"https:\/\/deportecapital.com.ar\/#website","url":"https:\/\/deportecapital.com.ar\/","name":"Deporte Capital","description":"Diario digital con todo el deporte de La Pampa y alrededores.","publisher":{"@id":"https:\/\/deportecapital.com.ar\/#organization"},"potentialAction":[{"@type":"SearchAction","target":{"@type":"EntryPoint","urlTemplate":"https:\/\/deportecapital.com.ar\/?s={search_term_string}"},"query-input":{"@type":"PropertyValueSpecification","valueRequired":true,"valueName":"search_term_string"}}],"inLanguage":"es-AR"},{"@type":"Organization","@id":"https:\/\/deportecapital.com.ar\/#organization","name":"Deporte Capital","url":"https:\/\/deportecapital.com.ar\/","logo":{"@type":"ImageObject","inLanguage":"es-AR","@id":"https:\/\/deportecapital.com.ar\/#\/schema\/logo\/image\/","url":"https:\/\/deportecapital.com.ar\/wp-content\/uploads\/2025\/06\/logo-deportecapital_white-1.png","contentUrl":"https:\/\/deportecapital.com.ar\/wp-content\/uploads\/2025\/06\/logo-deportecapital_white-1.png","width":243,"height":111,"caption":"Deporte Capital"},"image":{"@id":"https:\/\/deportecapital.com.ar\/#\/schema\/logo\/image\/"}},{"@type":"Person","@id":"https:\/\/deportecapital.com.ar\/#\/schema\/person\/9cd40456048dd30733b1d6749eca5de8","name":"Emilio Manrique","image":{"@type":"ImageObject","inLanguage":"es-AR","@id":"https:\/\/secure.gravatar.com\/avatar\/005c696496b156e30819f271efdd20348da8f41b5d5653680fd363162bbeb3bb?s=96&d=mm&r=g","url":"https:\/\/secure.gravatar.com\/avatar\/005c696496b156e30819f271efdd20348da8f41b5d5653680fd363162bbeb3bb?s=96&d=mm&r=g","contentUrl":"https:\/\/secure.gravatar.com\/avatar\/005c696496b156e30819f271efdd20348da8f41b5d5653680fd363162bbeb3bb?s=96&d=mm&r=g","caption":"Emilio Manrique"},"url":"https:\/\/deportecapital.com.ar\/index.php\/author\/emilio-manrique\/"}]}},"rttpg_featured_image_url":{"full":["https:\/\/deportecapital.com.ar\/wp-content\/uploads\/2025\/09\/CANA-8.jpg",1920,1282,false],"landscape":["https:\/\/deportecapital.com.ar\/wp-content\/uploads\/2025\/09\/CANA-8.jpg",1920,1282,false],"portraits":["https:\/\/deportecapital.com.ar\/wp-content\/uploads\/2025\/09\/CANA-8.jpg",1920,1282,false],"thumbnail":["https:\/\/deportecapital.com.ar\/wp-content\/uploads\/2025\/09\/CANA-8-150x150.jpg",150,150,true],"medium":["https:\/\/deportecapital.com.ar\/wp-content\/uploads\/2025\/09\/CANA-8-300x200.jpg",300,200,true],"large":["https:\/\/deportecapital.com.ar\/wp-content\/uploads\/2025\/09\/CANA-8-1024x684.jpg",640,428,true],"1536x1536":["https:\/\/deportecapital.com.ar\/wp-content\/uploads\/2025\/09\/CANA-8-1536x1026.jpg",1536,1026,true],"2048x2048":["https:\/\/deportecapital.com.ar\/wp-content\/uploads\/2025\/09\/CANA-8.jpg",1920,1282,false],"covernews-slider-full":["https:\/\/deportecapital.com.ar\/wp-content\/uploads\/2025\/09\/CANA-8-1115x715.jpg",1115,715,true],"covernews-slider-center":["https:\/\/deportecapital.com.ar\/wp-content\/uploads\/2025\/09\/CANA-8-800x500.jpg",800,500,true],"covernews-featured":["https:\/\/deportecapital.com.ar\/wp-content\/uploads\/2025\/09\/CANA-8-1024x684.jpg",1024,684,true],"covernews-medium":["https:\/\/deportecapital.com.ar\/wp-content\/uploads\/2025\/09\/CANA-8-540x340.jpg",540,340,true],"covernews-medium-square":["https:\/\/deportecapital.com.ar\/wp-content\/uploads\/2025\/09\/CANA-8-400x250.jpg",400,250,true]},"rttpg_author":{"display_name":"Emilio Manrique","author_link":"https:\/\/deportecapital.com.ar\/index.php\/author\/emilio-manrique\/"},"rttpg_comment":1,"rttpg_category":"<a href=\"https:\/\/deportecapital.com.ar\/index.php\/category\/destacadas2\/\" rel=\"category tag\">Destacadas2<\/a> <a href=\"https:\/\/deportecapital.com.ar\/index.php\/category\/futbol\/\" rel=\"category tag\">F\u00fatbol<\/a>","rttpg_excerpt":"All Boys super\u00f3 de visitante a su par de General Belgrano por la m\u00ednima diferencia,...","_links":{"self":[{"href":"https:\/\/deportecapital.com.ar\/index.php\/wp-json\/wp\/v2\/posts\/52746","targetHints":{"allow":["GET"]}}],"collection":[{"href":"https:\/\/deportecapital.com.ar\/index.php\/wp-json\/wp\/v2\/posts"}],"about":[{"href":"https:\/\/deportecapital.com.ar\/index.php\/wp-json\/wp\/v2\/types\/post"}],"author":[{"embeddable":true,"href":"https:\/\/deportecapital.com.ar\/index.php\/wp-json\/wp\/v2\/users\/3"}],"replies":[{"embeddable":true,"href":"https:\/\/deportecapital.com.ar\/index.php\/wp-json\/wp\/v2\/comments?post=52746"}],"version-history":[{"count":1,"href":"https:\/\/deportecapital.com.ar\/index.php\/wp-json\/wp\/v2\/posts\/52746\/revisions"}],"predecessor-version":[{"id":52756,"href":"https:\/\/deportecapital.com.ar\/index.php\/wp-json\/wp\/v2\/posts\/52746\/revisions\/52756"}],"wp:featuredmedia":[{"embeddable":true,"href":"https:\/\/deportecapital.com.ar\/index.php\/wp-json\/wp\/v2\/media\/52754"}],"wp:attachment":[{"href":"https:\/\/deportecapital.com.ar\/index.php\/wp-json\/wp\/v2\/media?parent=52746"}],"wp:term":[{"taxonomy":"category","embeddable":true,"href":"https:\/\/deportecapital.com.ar\/index.php\/wp-json\/wp\/v2\/categories?post=52746"},{"taxonomy":"post_tag","embeddable":true,"href":"https:\/\/deportecapital.com.ar\/index.php\/wp-json\/wp\/v2\/tags?post=52746"}],"curies":[{"name":"wp","href":"https:\/\/api.w.org\/{rel}","templated":true}]}}