{"id":53084,"date":"2025-09-29T01:21:41","date_gmt":"2025-09-29T01:21:41","guid":{"rendered":"https:\/\/deportecapital.com.ar\/?p=53084"},"modified":"2025-10-05T01:33:48","modified_gmt":"2025-10-05T01:33:48","slug":"cerro-el-tenis-de-seniors","status":"publish","type":"post","link":"https:\/\/deportecapital.com.ar\/index.php\/2025\/09\/29\/cerro-el-tenis-de-seniors\/","title":{"rendered":"Cerr\u00f3 el tenis de Seniors"},"content":{"rendered":"\t\t<div data-elementor-type=\"wp-post\" data-elementor-id=\"53084\" class=\"elementor elementor-53084\">\n\t\t\t\t<div class=\"elementor-element elementor-element-10f537b6 e-flex e-con-boxed e-con e-parent\" data-id=\"10f537b6\" data-element_type=\"container\" data-e-type=\"container\">\n\t\t\t\t\t<div class=\"e-con-inner\">\n\t\t\t\t<div class=\"elementor-element elementor-element-6fbf3833 elementor-widget elementor-widget-text-editor\" data-id=\"6fbf3833\" data-element_type=\"widget\" data-e-type=\"widget\" data-widget_type=\"text-editor.default\">\n\t\t\t\t<div class=\"elementor-widget-container\">\n\t\t\t\t\t\t\t\t\t<p>Este fin de semana se disputaron las instancias decisivas del torneo de tenis reservado para las categor\u00edas Seniors A y B.<\/p><p>\u00a0<\/p><p>La cita fue en las canchas del <strong>Recreo Mercantil<\/strong> donde en la categor\u00eda Senior B el campe\u00f3n fue <em>Carlos Fern\u00e1ndez<\/em> que super\u00f3 en la final a <em>Mat\u00edas Ponde<\/em> por 6\/3 y 7\/5.<\/p><p>En la divisional A, el que se qued\u00f3 con el puesto de privilegio fue <em>Juan Lav\u00edn<\/em> que en el desenlace se impuso a <em>Mat\u00edas Carro<\/em> por 6\/1, 1\/6 y 7\/5.<\/p><p>La organizaci\u00f3n agradeci\u00f3 a los sponsors que hicieron posible esta importante convocatoria ten\u00edstica.<\/p><p>\u00a0<\/p>\t\t\t\t\t\t\t\t<\/div>\n\t\t\t\t<\/div>\n\t\t\t\t<div class=\"elementor-element elementor-element-bb56721 elementor-widget elementor-widget-image-gallery\" data-id=\"bb56721\" data-element_type=\"widget\" data-e-type=\"widget\" data-widget_type=\"image-gallery.default\">\n\t\t\t\t<div class=\"elementor-widget-container\">\n\t\t\t\t\t\t\t<div class=\"elementor-image-gallery\">\n\t\t\t<div id='gallery-1' class='gallery galleryid-53084 gallery-columns-2 gallery-size-full'><figure class='gallery-item'>\n\t\t\t<div class='gallery-icon portrait'>\n\t\t\t\t<a data-elementor-open-lightbox=\"yes\" data-elementor-lightbox-slideshow=\"bb56721\" data-elementor-lightbox-title=\"Tenis\" data-e-action-hash=\"#elementor-action%3Aaction%3Dlightbox%26settings%3DeyJpZCI6NTMwODYsInVybCI6Imh0dHBzOlwvXC9kZXBvcnRlY2FwaXRhbC5jb20uYXJcL3dwLWNvbnRlbnRcL3VwbG9hZHNcLzIwMjVcLzA5XC9DVUFUUklOLTIuanBnIiwic2xpZGVzaG93IjoiYmI1NjcyMSJ9\" href='https:\/\/deportecapital.com.ar\/wp-content\/uploads\/2025\/09\/CUATRIN-2.jpg'><img loading=\"lazy\" width=\"591\" height=\"1280\" src=\"https:\/\/deportecapital.com.ar\/wp-content\/uploads\/2025\/09\/CUATRIN-2.jpg\" class=\"attachment-full size-full\" alt=\"Tenis\" srcset=\"https:\/\/deportecapital.com.ar\/wp-content\/uploads\/2025\/09\/CUATRIN-2.jpg 591w, https:\/\/deportecapital.com.ar\/wp-content\/uploads\/2025\/09\/CUATRIN-2-139x300.jpg 139w, https:\/\/deportecapital.com.ar\/wp-content\/uploads\/2025\/09\/CUATRIN-2-473x1024.jpg 473w\" sizes=\"auto, (max-width: 591px) 100vw, 591px\" loading=\"lazy\" decoding=\"async\" \/><\/a>\n\t\t\t<\/div><\/figure><figure class='gallery-item'>\n\t\t\t<div class='gallery-icon portrait'>\n\t\t\t\t<a data-elementor-open-lightbox=\"yes\" data-elementor-lightbox-slideshow=\"bb56721\" data-elementor-lightbox-title=\"Tenis\" data-e-action-hash=\"#elementor-action%3Aaction%3Dlightbox%26settings%3DeyJpZCI6NTMwODUsInVybCI6Imh0dHBzOlwvXC9kZXBvcnRlY2FwaXRhbC5jb20uYXJcL3dwLWNvbnRlbnRcL3VwbG9hZHNcLzIwMjVcLzA5XC9DVUFUUklOLTEuanBnIiwic2xpZGVzaG93IjoiYmI1NjcyMSJ9\" href='https:\/\/deportecapital.com.ar\/wp-content\/uploads\/2025\/09\/CUATRIN-1.jpg'><img loading=\"lazy\" width=\"591\" height=\"1280\" src=\"https:\/\/deportecapital.com.ar\/wp-content\/uploads\/2025\/09\/CUATRIN-1.jpg\" class=\"attachment-full size-full\" alt=\"Tenis\" srcset=\"https:\/\/deportecapital.com.ar\/wp-content\/uploads\/2025\/09\/CUATRIN-1.jpg 591w, https:\/\/deportecapital.com.ar\/wp-content\/uploads\/2025\/09\/CUATRIN-1-139x300.jpg 139w, https:\/\/deportecapital.com.ar\/wp-content\/uploads\/2025\/09\/CUATRIN-1-473x1024.jpg 473w\" sizes=\"auto, (max-width: 591px) 100vw, 591px\" loading=\"lazy\" decoding=\"async\" \/><\/a>\n\t\t\t<\/div><\/figure>\n\t\t<\/div>\n\t\t<\/div>\n\t\t\t\t\t\t<\/div>\n\t\t\t\t<\/div>\n\t\t\t\t\t<\/div>\n\t\t\t\t<\/div>\n\t\t\t\t<\/div>\n\t\t","protected":false},"excerpt":{"rendered":"<p>Este fin de semana se disputaron las instancias decisivas del torneo de tenis reservado para&#8230;<\/p>\n","protected":false},"author":3,"featured_media":53087,"comment_status":"open","ping_status":"open","sticky":false,"template":"","format":"standard","meta":{"footnotes":""},"categories":[42],"tags":[],"class_list":["post-53084","post","type-post","status-publish","format-standard","has-post-thumbnail","hentry","category-tenis"],"yoast_head":"<!-- This site is optimized with the Yoast SEO plugin v27.4 - https:\/\/yoast.com\/product\/yoast-seo-wordpress\/ -->\n<title>Cerr\u00f3 el tenis de Seniors - Deporte Capital<\/title>\n<meta name=\"robots\" content=\"index, follow, max-snippet:-1, max-image-preview:large, max-video-preview:-1\" \/>\n<link rel=\"canonical\" href=\"https:\/\/deportecapital.com.ar\/index.php\/2025\/09\/29\/cerro-el-tenis-de-seniors\/\" \/>\n<meta property=\"og:locale\" content=\"es_ES\" \/>\n<meta property=\"og:type\" content=\"article\" \/>\n<meta property=\"og:title\" content=\"Cerr\u00f3 el tenis de Seniors - Deporte Capital\" \/>\n<meta property=\"og:description\" content=\"Este fin de semana se disputaron las instancias decisivas del torneo de tenis reservado para...\" \/>\n<meta property=\"og:url\" content=\"https:\/\/deportecapital.com.ar\/index.php\/2025\/09\/29\/cerro-el-tenis-de-seniors\/\" \/>\n<meta property=\"og:site_name\" content=\"Deporte Capital\" \/>\n<meta property=\"article:published_time\" content=\"2025-09-29T01:21:41+00:00\" \/>\n<meta property=\"article:modified_time\" content=\"2025-10-05T01:33:48+00:00\" \/>\n<meta property=\"og:image\" content=\"https:\/\/deportecapital.com.ar\/wp-content\/uploads\/2025\/09\/CUATRIN-e1759108879436.jpg\" \/>\n\t<meta property=\"og:image:width\" content=\"590\" \/>\n\t<meta property=\"og:image:height\" content=\"435\" \/>\n\t<meta property=\"og:image:type\" content=\"image\/jpeg\" \/>\n<meta name=\"author\" content=\"Emilio Manrique\" \/>\n<meta name=\"twitter:card\" content=\"summary_large_image\" \/>\n<meta name=\"twitter:label1\" content=\"Escrito por\" \/>\n\t<meta name=\"twitter:data1\" content=\"Emilio Manrique\" \/>\n\t<meta name=\"twitter:label2\" content=\"Tiempo de lectura\" \/>\n\t<meta name=\"twitter:data2\" content=\"1 minuto\" \/>\n<script type=\"application\/ld+json\" class=\"yoast-schema-graph\">{\"@context\":\"https:\\\/\\\/schema.org\",\"@graph\":[{\"@type\":\"Article\",\"@id\":\"https:\\\/\\\/deportecapital.com.ar\\\/index.php\\\/2025\\\/09\\\/29\\\/cerro-el-tenis-de-seniors\\\/#article\",\"isPartOf\":{\"@id\":\"https:\\\/\\\/deportecapital.com.ar\\\/index.php\\\/2025\\\/09\\\/29\\\/cerro-el-tenis-de-seniors\\\/\"},\"author\":{\"name\":\"Emilio Manrique\",\"@id\":\"https:\\\/\\\/deportecapital.com.ar\\\/#\\\/schema\\\/person\\\/9cd40456048dd30733b1d6749eca5de8\"},\"headline\":\"Cerr\u00f3 el tenis de Seniors\",\"datePublished\":\"2025-09-29T01:21:41+00:00\",\"dateModified\":\"2025-10-05T01:33:48+00:00\",\"mainEntityOfPage\":{\"@id\":\"https:\\\/\\\/deportecapital.com.ar\\\/index.php\\\/2025\\\/09\\\/29\\\/cerro-el-tenis-de-seniors\\\/\"},\"wordCount\":105,\"commentCount\":0,\"publisher\":{\"@id\":\"https:\\\/\\\/deportecapital.com.ar\\\/#organization\"},\"image\":{\"@id\":\"https:\\\/\\\/deportecapital.com.ar\\\/index.php\\\/2025\\\/09\\\/29\\\/cerro-el-tenis-de-seniors\\\/#primaryimage\"},\"thumbnailUrl\":\"https:\\\/\\\/deportecapital.com.ar\\\/wp-content\\\/uploads\\\/2025\\\/09\\\/CUATRIN-e1759108879436.jpg\",\"articleSection\":[\"Tenis\"],\"inLanguage\":\"es-AR\",\"potentialAction\":[{\"@type\":\"CommentAction\",\"name\":\"Comment\",\"target\":[\"https:\\\/\\\/deportecapital.com.ar\\\/index.php\\\/2025\\\/09\\\/29\\\/cerro-el-tenis-de-seniors\\\/#respond\"]}]},{\"@type\":\"WebPage\",\"@id\":\"https:\\\/\\\/deportecapital.com.ar\\\/index.php\\\/2025\\\/09\\\/29\\\/cerro-el-tenis-de-seniors\\\/\",\"url\":\"https:\\\/\\\/deportecapital.com.ar\\\/index.php\\\/2025\\\/09\\\/29\\\/cerro-el-tenis-de-seniors\\\/\",\"name\":\"Cerr\u00f3 el tenis de Seniors - Deporte Capital\",\"isPartOf\":{\"@id\":\"https:\\\/\\\/deportecapital.com.ar\\\/#website\"},\"primaryImageOfPage\":{\"@id\":\"https:\\\/\\\/deportecapital.com.ar\\\/index.php\\\/2025\\\/09\\\/29\\\/cerro-el-tenis-de-seniors\\\/#primaryimage\"},\"image\":{\"@id\":\"https:\\\/\\\/deportecapital.com.ar\\\/index.php\\\/2025\\\/09\\\/29\\\/cerro-el-tenis-de-seniors\\\/#primaryimage\"},\"thumbnailUrl\":\"https:\\\/\\\/deportecapital.com.ar\\\/wp-content\\\/uploads\\\/2025\\\/09\\\/CUATRIN-e1759108879436.jpg\",\"datePublished\":\"2025-09-29T01:21:41+00:00\",\"dateModified\":\"2025-10-05T01:33:48+00:00\",\"breadcrumb\":{\"@id\":\"https:\\\/\\\/deportecapital.com.ar\\\/index.php\\\/2025\\\/09\\\/29\\\/cerro-el-tenis-de-seniors\\\/#breadcrumb\"},\"inLanguage\":\"es-AR\",\"potentialAction\":[{\"@type\":\"ReadAction\",\"target\":[\"https:\\\/\\\/deportecapital.com.ar\\\/index.php\\\/2025\\\/09\\\/29\\\/cerro-el-tenis-de-seniors\\\/\"]}]},{\"@type\":\"ImageObject\",\"inLanguage\":\"es-AR\",\"@id\":\"https:\\\/\\\/deportecapital.com.ar\\\/index.php\\\/2025\\\/09\\\/29\\\/cerro-el-tenis-de-seniors\\\/#primaryimage\",\"url\":\"https:\\\/\\\/deportecapital.com.ar\\\/wp-content\\\/uploads\\\/2025\\\/09\\\/CUATRIN-e1759108879436.jpg\",\"contentUrl\":\"https:\\\/\\\/deportecapital.com.ar\\\/wp-content\\\/uploads\\\/2025\\\/09\\\/CUATRIN-e1759108879436.jpg\",\"width\":590,\"height\":435},{\"@type\":\"BreadcrumbList\",\"@id\":\"https:\\\/\\\/deportecapital.com.ar\\\/index.php\\\/2025\\\/09\\\/29\\\/cerro-el-tenis-de-seniors\\\/#breadcrumb\",\"itemListElement\":[{\"@type\":\"ListItem\",\"position\":1,\"name\":\"Inicio\",\"item\":\"https:\\\/\\\/deportecapital.com.ar\\\/\"},{\"@type\":\"ListItem\",\"position\":2,\"name\":\"Cerr\u00f3 el tenis de Seniors\"}]},{\"@type\":\"WebSite\",\"@id\":\"https:\\\/\\\/deportecapital.com.ar\\\/#website\",\"url\":\"https:\\\/\\\/deportecapital.com.ar\\\/\",\"name\":\"Deporte Capital\",\"description\":\"Diario digital con todo el deporte de La Pampa y alrededores.\",\"publisher\":{\"@id\":\"https:\\\/\\\/deportecapital.com.ar\\\/#organization\"},\"potentialAction\":[{\"@type\":\"SearchAction\",\"target\":{\"@type\":\"EntryPoint\",\"urlTemplate\":\"https:\\\/\\\/deportecapital.com.ar\\\/?s={search_term_string}\"},\"query-input\":{\"@type\":\"PropertyValueSpecification\",\"valueRequired\":true,\"valueName\":\"search_term_string\"}}],\"inLanguage\":\"es-AR\"},{\"@type\":\"Organization\",\"@id\":\"https:\\\/\\\/deportecapital.com.ar\\\/#organization\",\"name\":\"Deporte Capital\",\"url\":\"https:\\\/\\\/deportecapital.com.ar\\\/\",\"logo\":{\"@type\":\"ImageObject\",\"inLanguage\":\"es-AR\",\"@id\":\"https:\\\/\\\/deportecapital.com.ar\\\/#\\\/schema\\\/logo\\\/image\\\/\",\"url\":\"https:\\\/\\\/deportecapital.com.ar\\\/wp-content\\\/uploads\\\/2025\\\/06\\\/logo-deportecapital_white-1.png\",\"contentUrl\":\"https:\\\/\\\/deportecapital.com.ar\\\/wp-content\\\/uploads\\\/2025\\\/06\\\/logo-deportecapital_white-1.png\",\"width\":243,\"height\":111,\"caption\":\"Deporte Capital\"},\"image\":{\"@id\":\"https:\\\/\\\/deportecapital.com.ar\\\/#\\\/schema\\\/logo\\\/image\\\/\"}},{\"@type\":\"Person\",\"@id\":\"https:\\\/\\\/deportecapital.com.ar\\\/#\\\/schema\\\/person\\\/9cd40456048dd30733b1d6749eca5de8\",\"name\":\"Emilio Manrique\",\"image\":{\"@type\":\"ImageObject\",\"inLanguage\":\"es-AR\",\"@id\":\"https:\\\/\\\/secure.gravatar.com\\\/avatar\\\/005c696496b156e30819f271efdd20348da8f41b5d5653680fd363162bbeb3bb?s=96&d=mm&r=g\",\"url\":\"https:\\\/\\\/secure.gravatar.com\\\/avatar\\\/005c696496b156e30819f271efdd20348da8f41b5d5653680fd363162bbeb3bb?s=96&d=mm&r=g\",\"contentUrl\":\"https:\\\/\\\/secure.gravatar.com\\\/avatar\\\/005c696496b156e30819f271efdd20348da8f41b5d5653680fd363162bbeb3bb?s=96&d=mm&r=g\",\"caption\":\"Emilio Manrique\"},\"url\":\"https:\\\/\\\/deportecapital.com.ar\\\/index.php\\\/author\\\/emilio-manrique\\\/\"}]}<\/script>\n<!-- \/ Yoast SEO plugin. -->","yoast_head_json":{"title":"Cerr\u00f3 el tenis de Seniors - Deporte Capital","robots":{"index":"index","follow":"follow","max-snippet":"max-snippet:-1","max-image-preview":"max-image-preview:large","max-video-preview":"max-video-preview:-1"},"canonical":"https:\/\/deportecapital.com.ar\/index.php\/2025\/09\/29\/cerro-el-tenis-de-seniors\/","og_locale":"es_ES","og_type":"article","og_title":"Cerr\u00f3 el tenis de Seniors - Deporte Capital","og_description":"Este fin de semana se disputaron las instancias decisivas del torneo de tenis reservado para...","og_url":"https:\/\/deportecapital.com.ar\/index.php\/2025\/09\/29\/cerro-el-tenis-de-seniors\/","og_site_name":"Deporte Capital","article_published_time":"2025-09-29T01:21:41+00:00","article_modified_time":"2025-10-05T01:33:48+00:00","og_image":[{"width":590,"height":435,"url":"https:\/\/deportecapital.com.ar\/wp-content\/uploads\/2025\/09\/CUATRIN-e1759108879436.jpg","type":"image\/jpeg"}],"author":"Emilio Manrique","twitter_card":"summary_large_image","twitter_misc":{"Escrito por":"Emilio Manrique","Tiempo de lectura":"1 minuto"},"schema":{"@context":"https:\/\/schema.org","@graph":[{"@type":"Article","@id":"https:\/\/deportecapital.com.ar\/index.php\/2025\/09\/29\/cerro-el-tenis-de-seniors\/#article","isPartOf":{"@id":"https:\/\/deportecapital.com.ar\/index.php\/2025\/09\/29\/cerro-el-tenis-de-seniors\/"},"author":{"name":"Emilio Manrique","@id":"https:\/\/deportecapital.com.ar\/#\/schema\/person\/9cd40456048dd30733b1d6749eca5de8"},"headline":"Cerr\u00f3 el tenis de Seniors","datePublished":"2025-09-29T01:21:41+00:00","dateModified":"2025-10-05T01:33:48+00:00","mainEntityOfPage":{"@id":"https:\/\/deportecapital.com.ar\/index.php\/2025\/09\/29\/cerro-el-tenis-de-seniors\/"},"wordCount":105,"commentCount":0,"publisher":{"@id":"https:\/\/deportecapital.com.ar\/#organization"},"image":{"@id":"https:\/\/deportecapital.com.ar\/index.php\/2025\/09\/29\/cerro-el-tenis-de-seniors\/#primaryimage"},"thumbnailUrl":"https:\/\/deportecapital.com.ar\/wp-content\/uploads\/2025\/09\/CUATRIN-e1759108879436.jpg","articleSection":["Tenis"],"inLanguage":"es-AR","potentialAction":[{"@type":"CommentAction","name":"Comment","target":["https:\/\/deportecapital.com.ar\/index.php\/2025\/09\/29\/cerro-el-tenis-de-seniors\/#respond"]}]},{"@type":"WebPage","@id":"https:\/\/deportecapital.com.ar\/index.php\/2025\/09\/29\/cerro-el-tenis-de-seniors\/","url":"https:\/\/deportecapital.com.ar\/index.php\/2025\/09\/29\/cerro-el-tenis-de-seniors\/","name":"Cerr\u00f3 el tenis de Seniors - Deporte Capital","isPartOf":{"@id":"https:\/\/deportecapital.com.ar\/#website"},"primaryImageOfPage":{"@id":"https:\/\/deportecapital.com.ar\/index.php\/2025\/09\/29\/cerro-el-tenis-de-seniors\/#primaryimage"},"image":{"@id":"https:\/\/deportecapital.com.ar\/index.php\/2025\/09\/29\/cerro-el-tenis-de-seniors\/#primaryimage"},"thumbnailUrl":"https:\/\/deportecapital.com.ar\/wp-content\/uploads\/2025\/09\/CUATRIN-e1759108879436.jpg","datePublished":"2025-09-29T01:21:41+00:00","dateModified":"2025-10-05T01:33:48+00:00","breadcrumb":{"@id":"https:\/\/deportecapital.com.ar\/index.php\/2025\/09\/29\/cerro-el-tenis-de-seniors\/#breadcrumb"},"inLanguage":"es-AR","potentialAction":[{"@type":"ReadAction","target":["https:\/\/deportecapital.com.ar\/index.php\/2025\/09\/29\/cerro-el-tenis-de-seniors\/"]}]},{"@type":"ImageObject","inLanguage":"es-AR","@id":"https:\/\/deportecapital.com.ar\/index.php\/2025\/09\/29\/cerro-el-tenis-de-seniors\/#primaryimage","url":"https:\/\/deportecapital.com.ar\/wp-content\/uploads\/2025\/09\/CUATRIN-e1759108879436.jpg","contentUrl":"https:\/\/deportecapital.com.ar\/wp-content\/uploads\/2025\/09\/CUATRIN-e1759108879436.jpg","width":590,"height":435},{"@type":"BreadcrumbList","@id":"https:\/\/deportecapital.com.ar\/index.php\/2025\/09\/29\/cerro-el-tenis-de-seniors\/#breadcrumb","itemListElement":[{"@type":"ListItem","position":1,"name":"Inicio","item":"https:\/\/deportecapital.com.ar\/"},{"@type":"ListItem","position":2,"name":"Cerr\u00f3 el tenis de Seniors"}]},{"@type":"WebSite","@id":"https:\/\/deportecapital.com.ar\/#website","url":"https:\/\/deportecapital.com.ar\/","name":"Deporte Capital","description":"Diario digital con todo el deporte de La Pampa y alrededores.","publisher":{"@id":"https:\/\/deportecapital.com.ar\/#organization"},"potentialAction":[{"@type":"SearchAction","target":{"@type":"EntryPoint","urlTemplate":"https:\/\/deportecapital.com.ar\/?s={search_term_string}"},"query-input":{"@type":"PropertyValueSpecification","valueRequired":true,"valueName":"search_term_string"}}],"inLanguage":"es-AR"},{"@type":"Organization","@id":"https:\/\/deportecapital.com.ar\/#organization","name":"Deporte Capital","url":"https:\/\/deportecapital.com.ar\/","logo":{"@type":"ImageObject","inLanguage":"es-AR","@id":"https:\/\/deportecapital.com.ar\/#\/schema\/logo\/image\/","url":"https:\/\/deportecapital.com.ar\/wp-content\/uploads\/2025\/06\/logo-deportecapital_white-1.png","contentUrl":"https:\/\/deportecapital.com.ar\/wp-content\/uploads\/2025\/06\/logo-deportecapital_white-1.png","width":243,"height":111,"caption":"Deporte Capital"},"image":{"@id":"https:\/\/deportecapital.com.ar\/#\/schema\/logo\/image\/"}},{"@type":"Person","@id":"https:\/\/deportecapital.com.ar\/#\/schema\/person\/9cd40456048dd30733b1d6749eca5de8","name":"Emilio Manrique","image":{"@type":"ImageObject","inLanguage":"es-AR","@id":"https:\/\/secure.gravatar.com\/avatar\/005c696496b156e30819f271efdd20348da8f41b5d5653680fd363162bbeb3bb?s=96&d=mm&r=g","url":"https:\/\/secure.gravatar.com\/avatar\/005c696496b156e30819f271efdd20348da8f41b5d5653680fd363162bbeb3bb?s=96&d=mm&r=g","contentUrl":"https:\/\/secure.gravatar.com\/avatar\/005c696496b156e30819f271efdd20348da8f41b5d5653680fd363162bbeb3bb?s=96&d=mm&r=g","caption":"Emilio Manrique"},"url":"https:\/\/deportecapital.com.ar\/index.php\/author\/emilio-manrique\/"}]}},"rttpg_featured_image_url":{"full":["https:\/\/deportecapital.com.ar\/wp-content\/uploads\/2025\/09\/CUATRIN-e1759108879436.jpg",590,435,false],"landscape":["https:\/\/deportecapital.com.ar\/wp-content\/uploads\/2025\/09\/CUATRIN-e1759108879436.jpg",590,435,false],"portraits":["https:\/\/deportecapital.com.ar\/wp-content\/uploads\/2025\/09\/CUATRIN-e1759108879436.jpg",590,435,false],"thumbnail":["https:\/\/deportecapital.com.ar\/wp-content\/uploads\/2025\/09\/CUATRIN-e1759108879436-150x150.jpg",150,150,true],"medium":["https:\/\/deportecapital.com.ar\/wp-content\/uploads\/2025\/09\/CUATRIN-e1759108879436-300x221.jpg",300,221,true],"large":["https:\/\/deportecapital.com.ar\/wp-content\/uploads\/2025\/09\/CUATRIN-473x1024.jpg",473,1024,true],"1536x1536":["https:\/\/deportecapital.com.ar\/wp-content\/uploads\/2025\/09\/CUATRIN-e1759108879436.jpg",590,435,false],"2048x2048":["https:\/\/deportecapital.com.ar\/wp-content\/uploads\/2025\/09\/CUATRIN-e1759108879436.jpg",590,435,false],"covernews-slider-full":["https:\/\/deportecapital.com.ar\/wp-content\/uploads\/2025\/09\/CUATRIN-591x715.jpg",591,715,true],"covernews-slider-center":["https:\/\/deportecapital.com.ar\/wp-content\/uploads\/2025\/09\/CUATRIN-591x500.jpg",591,500,true],"covernews-featured":["https:\/\/deportecapital.com.ar\/wp-content\/uploads\/2025\/09\/CUATRIN-e1759108879436.jpg",590,435,false],"covernews-medium":["https:\/\/deportecapital.com.ar\/wp-content\/uploads\/2025\/09\/CUATRIN-e1759108879436-540x340.jpg",540,340,true],"covernews-medium-square":["https:\/\/deportecapital.com.ar\/wp-content\/uploads\/2025\/09\/CUATRIN-e1759108879436-400x250.jpg",400,250,true]},"rttpg_author":{"display_name":"Emilio Manrique","author_link":"https:\/\/deportecapital.com.ar\/index.php\/author\/emilio-manrique\/"},"rttpg_comment":2,"rttpg_category":"<a href=\"https:\/\/deportecapital.com.ar\/index.php\/category\/tenis\/\" rel=\"category tag\">Tenis<\/a>","rttpg_excerpt":"Este fin de semana se disputaron las instancias decisivas del torneo de tenis reservado para...","_links":{"self":[{"href":"https:\/\/deportecapital.com.ar\/index.php\/wp-json\/wp\/v2\/posts\/53084","targetHints":{"allow":["GET"]}}],"collection":[{"href":"https:\/\/deportecapital.com.ar\/index.php\/wp-json\/wp\/v2\/posts"}],"about":[{"href":"https:\/\/deportecapital.com.ar\/index.php\/wp-json\/wp\/v2\/types\/post"}],"author":[{"embeddable":true,"href":"https:\/\/deportecapital.com.ar\/index.php\/wp-json\/wp\/v2\/users\/3"}],"replies":[{"embeddable":true,"href":"https:\/\/deportecapital.com.ar\/index.php\/wp-json\/wp\/v2\/comments?post=53084"}],"version-history":[{"count":4,"href":"https:\/\/deportecapital.com.ar\/index.php\/wp-json\/wp\/v2\/posts\/53084\/revisions"}],"predecessor-version":[{"id":53109,"href":"https:\/\/deportecapital.com.ar\/index.php\/wp-json\/wp\/v2\/posts\/53084\/revisions\/53109"}],"wp:featuredmedia":[{"embeddable":true,"href":"https:\/\/deportecapital.com.ar\/index.php\/wp-json\/wp\/v2\/media\/53087"}],"wp:attachment":[{"href":"https:\/\/deportecapital.com.ar\/index.php\/wp-json\/wp\/v2\/media?parent=53084"}],"wp:term":[{"taxonomy":"category","embeddable":true,"href":"https:\/\/deportecapital.com.ar\/index.php\/wp-json\/wp\/v2\/categories?post=53084"},{"taxonomy":"post_tag","embeddable":true,"href":"https:\/\/deportecapital.com.ar\/index.php\/wp-json\/wp\/v2\/tags?post=53084"}],"curies":[{"name":"wp","href":"https:\/\/api.w.org\/{rel}","templated":true}]}}