{"id":54204,"date":"2025-11-12T00:47:17","date_gmt":"2025-11-12T00:47:17","guid":{"rendered":"https:\/\/deportecapital.com.ar\/?p=54204"},"modified":"2025-11-16T00:14:27","modified_gmt":"2025-11-16T00:14:27","slug":"la-pampa-recibe-al-tc","status":"publish","type":"post","link":"https:\/\/deportecapital.com.ar\/index.php\/2025\/11\/12\/la-pampa-recibe-al-tc\/","title":{"rendered":"La Pampa recibe al TC"},"content":{"rendered":"\t\t<div data-elementor-type=\"wp-post\" data-elementor-id=\"54204\" class=\"elementor elementor-54204\">\n\t\t\t\t<div class=\"elementor-element elementor-element-33099b7d e-flex e-con-boxed e-con e-parent\" data-id=\"33099b7d\" data-element_type=\"container\" data-e-type=\"container\">\n\t\t\t\t\t<div class=\"e-con-inner\">\n\t\t\t\t<div class=\"elementor-element elementor-element-72576abb elementor-widget elementor-widget-text-editor\" data-id=\"72576abb\" data-element_type=\"widget\" data-e-type=\"widget\" data-widget_type=\"text-editor.default\">\n\t\t\t\t<div class=\"elementor-widget-container\">\n\t\t\t\t\t\t\t\t\t<p>El <strong>Aut\u00f3dromo Provincia de La Pampa<\/strong> recibe el pr\u00f3ximo fin de semana una nueva fecha del TC, donde la categor\u00eda disputar\u00e1 la ante\u00faltima fecha del campeonato.<\/p><p>\u00a0<\/p><p>El s\u00e1bado y domingo se desarrollar\u00e1 la cuarta final de la Copa de Oro. <em>Agust\u00edn Canapino<\/em> es el l\u00edder y el m\u00e1ximo favorito a llev\u00e1rsela.<\/p><p>En lo que va de la temporada gan\u00f3 cinco competencias. Desde el jueves las diferentes estructuras que integran el<strong> Turismo de Carretera<\/strong> podr\u00e1n ingresar a la zona de boxes para ir bajando los autos de competici\u00f3n. El p\u00fablico podr\u00e1 hacerlo desde el viernes.<\/p><p><strong>La Copa de Oro<\/strong><\/p><p>Con 13 fechas disputadas, as\u00ed est\u00e1 el campeonato: 1) Agust\u00edn Canapino 155 pts.; 2) Mat\u00edas Rossi 108 pts.; 3) Santiago Mangoni 103,5 pts.; 4) Marcos Landa 92,5 pts.; 5) Juli\u00e1n Santero 85,5 pts.; 6) Mauricio Lambiris 74,5 pts.; 7) Germ\u00e1n Todino 73 pts.; 8) Manu Urcera 72,5 pts.; 9) Marcelo Agrelo 68 pts.; 10) Mariano Werner 68 pts.; 11) Christian Ledesma 65 pts.; 12) Otto Fritzler 60 pts.; 13) Jerem\u00edas Olmedo 55,5 pts.; 14) Valent\u00edn Aguirre 54,5 pts.; 15) Juan Mart\u00edn Trucco 37 pts.<\/p><p><strong>Valor de las entradas<\/strong><\/p><p>La entrada general para ingresar al aut\u00f3dromo tendr\u00e1 un costo de $ 40.000 (hombres) $ 20.000 (Damas). Preferencial $ 110.000.<\/p><p>Personas con discapacidad: presentando certificado (Original) y DNI, acceso completamente bonificado al sector General,\u00a0 como tambi\u00e9n el acompa\u00f1ante con limitaciones motrices que as\u00ed lo requiera (debe estar indicado en el certificado).<\/p><p>Ni\u00f1os: de 0 a 11 a\u00f1os, acceso sin cargo al sector General. A partir de los 12 a\u00f1os, deber\u00e1 abonar su ticket.<\/p><p>Jubilados: podr\u00e1n acceder al sector general sin cargo jubilados mayores de 65 a\u00f1os presentando el carnet de ANSES.<\/p><p><strong>APN<\/strong><\/p>\t\t\t\t\t\t\t\t<\/div>\n\t\t\t\t<\/div>\n\t\t\t\t\t<\/div>\n\t\t\t\t<\/div>\n\t\t\t\t<\/div>\n\t\t","protected":false},"excerpt":{"rendered":"<p>El Aut\u00f3dromo Provincia de La Pampa recibe el pr\u00f3ximo fin de semana una nueva fecha&#8230;<\/p>\n","protected":false},"author":3,"featured_media":54207,"comment_status":"closed","ping_status":"open","sticky":false,"template":"","format":"standard","meta":{"footnotes":""},"categories":[6],"tags":[],"class_list":["post-54204","post","type-post","status-publish","format-standard","has-post-thumbnail","hentry","category-automovilismo"],"yoast_head":"<!-- This site is optimized with the Yoast SEO plugin v27.5 - https:\/\/yoast.com\/product\/yoast-seo-wordpress\/ -->\n<title>La Pampa recibe al TC - Deporte Capital<\/title>\n<meta name=\"robots\" content=\"index, follow, max-snippet:-1, max-image-preview:large, max-video-preview:-1\" \/>\n<link rel=\"canonical\" href=\"https:\/\/deportecapital.com.ar\/index.php\/2025\/11\/12\/la-pampa-recibe-al-tc\/\" \/>\n<meta property=\"og:locale\" content=\"es_ES\" \/>\n<meta property=\"og:type\" content=\"article\" \/>\n<meta property=\"og:title\" content=\"La Pampa recibe al TC - Deporte Capital\" \/>\n<meta property=\"og:description\" content=\"El Aut\u00f3dromo Provincia de La Pampa recibe el pr\u00f3ximo fin de semana una nueva fecha...\" \/>\n<meta property=\"og:url\" content=\"https:\/\/deportecapital.com.ar\/index.php\/2025\/11\/12\/la-pampa-recibe-al-tc\/\" \/>\n<meta property=\"og:site_name\" content=\"Deporte Capital\" \/>\n<meta property=\"article:published_time\" content=\"2025-11-12T00:47:17+00:00\" \/>\n<meta property=\"article:modified_time\" content=\"2025-11-16T00:14:27+00:00\" \/>\n<meta property=\"og:image\" content=\"https:\/\/deportecapital.com.ar\/wp-content\/uploads\/2025\/11\/PAMPA-1.jpg\" \/>\n\t<meta property=\"og:image:width\" content=\"1920\" \/>\n\t<meta property=\"og:image:height\" content=\"1280\" \/>\n\t<meta property=\"og:image:type\" content=\"image\/jpeg\" \/>\n<meta name=\"author\" content=\"Emilio Manrique\" \/>\n<meta name=\"twitter:card\" content=\"summary_large_image\" \/>\n<meta name=\"twitter:label1\" content=\"Escrito por\" \/>\n\t<meta name=\"twitter:data1\" content=\"Emilio Manrique\" \/>\n\t<meta name=\"twitter:label2\" content=\"Tiempo de lectura\" \/>\n\t<meta name=\"twitter:data2\" content=\"2 minutos\" \/>\n<script type=\"application\/ld+json\" class=\"yoast-schema-graph\">{\"@context\":\"https:\\\/\\\/schema.org\",\"@graph\":[{\"@type\":\"Article\",\"@id\":\"https:\\\/\\\/deportecapital.com.ar\\\/index.php\\\/2025\\\/11\\\/12\\\/la-pampa-recibe-al-tc\\\/#article\",\"isPartOf\":{\"@id\":\"https:\\\/\\\/deportecapital.com.ar\\\/index.php\\\/2025\\\/11\\\/12\\\/la-pampa-recibe-al-tc\\\/\"},\"author\":{\"name\":\"Emilio Manrique\",\"@id\":\"https:\\\/\\\/deportecapital.com.ar\\\/#\\\/schema\\\/person\\\/9cd40456048dd30733b1d6749eca5de8\"},\"headline\":\"La Pampa recibe al TC\",\"datePublished\":\"2025-11-12T00:47:17+00:00\",\"dateModified\":\"2025-11-16T00:14:27+00:00\",\"mainEntityOfPage\":{\"@id\":\"https:\\\/\\\/deportecapital.com.ar\\\/index.php\\\/2025\\\/11\\\/12\\\/la-pampa-recibe-al-tc\\\/\"},\"wordCount\":269,\"publisher\":{\"@id\":\"https:\\\/\\\/deportecapital.com.ar\\\/#organization\"},\"image\":{\"@id\":\"https:\\\/\\\/deportecapital.com.ar\\\/index.php\\\/2025\\\/11\\\/12\\\/la-pampa-recibe-al-tc\\\/#primaryimage\"},\"thumbnailUrl\":\"https:\\\/\\\/deportecapital.com.ar\\\/wp-content\\\/uploads\\\/2025\\\/11\\\/PAMPA-1.jpg\",\"articleSection\":[\"Automovilismo\"],\"inLanguage\":\"es-AR\"},{\"@type\":\"WebPage\",\"@id\":\"https:\\\/\\\/deportecapital.com.ar\\\/index.php\\\/2025\\\/11\\\/12\\\/la-pampa-recibe-al-tc\\\/\",\"url\":\"https:\\\/\\\/deportecapital.com.ar\\\/index.php\\\/2025\\\/11\\\/12\\\/la-pampa-recibe-al-tc\\\/\",\"name\":\"La Pampa recibe al TC - Deporte Capital\",\"isPartOf\":{\"@id\":\"https:\\\/\\\/deportecapital.com.ar\\\/#website\"},\"primaryImageOfPage\":{\"@id\":\"https:\\\/\\\/deportecapital.com.ar\\\/index.php\\\/2025\\\/11\\\/12\\\/la-pampa-recibe-al-tc\\\/#primaryimage\"},\"image\":{\"@id\":\"https:\\\/\\\/deportecapital.com.ar\\\/index.php\\\/2025\\\/11\\\/12\\\/la-pampa-recibe-al-tc\\\/#primaryimage\"},\"thumbnailUrl\":\"https:\\\/\\\/deportecapital.com.ar\\\/wp-content\\\/uploads\\\/2025\\\/11\\\/PAMPA-1.jpg\",\"datePublished\":\"2025-11-12T00:47:17+00:00\",\"dateModified\":\"2025-11-16T00:14:27+00:00\",\"breadcrumb\":{\"@id\":\"https:\\\/\\\/deportecapital.com.ar\\\/index.php\\\/2025\\\/11\\\/12\\\/la-pampa-recibe-al-tc\\\/#breadcrumb\"},\"inLanguage\":\"es-AR\",\"potentialAction\":[{\"@type\":\"ReadAction\",\"target\":[\"https:\\\/\\\/deportecapital.com.ar\\\/index.php\\\/2025\\\/11\\\/12\\\/la-pampa-recibe-al-tc\\\/\"]}]},{\"@type\":\"ImageObject\",\"inLanguage\":\"es-AR\",\"@id\":\"https:\\\/\\\/deportecapital.com.ar\\\/index.php\\\/2025\\\/11\\\/12\\\/la-pampa-recibe-al-tc\\\/#primaryimage\",\"url\":\"https:\\\/\\\/deportecapital.com.ar\\\/wp-content\\\/uploads\\\/2025\\\/11\\\/PAMPA-1.jpg\",\"contentUrl\":\"https:\\\/\\\/deportecapital.com.ar\\\/wp-content\\\/uploads\\\/2025\\\/11\\\/PAMPA-1.jpg\",\"width\":1920,\"height\":1280},{\"@type\":\"BreadcrumbList\",\"@id\":\"https:\\\/\\\/deportecapital.com.ar\\\/index.php\\\/2025\\\/11\\\/12\\\/la-pampa-recibe-al-tc\\\/#breadcrumb\",\"itemListElement\":[{\"@type\":\"ListItem\",\"position\":1,\"name\":\"Inicio\",\"item\":\"https:\\\/\\\/deportecapital.com.ar\\\/\"},{\"@type\":\"ListItem\",\"position\":2,\"name\":\"La Pampa recibe al TC\"}]},{\"@type\":\"WebSite\",\"@id\":\"https:\\\/\\\/deportecapital.com.ar\\\/#website\",\"url\":\"https:\\\/\\\/deportecapital.com.ar\\\/\",\"name\":\"Deporte Capital\",\"description\":\"Diario digital con todo el deporte de La Pampa y alrededores.\",\"publisher\":{\"@id\":\"https:\\\/\\\/deportecapital.com.ar\\\/#organization\"},\"potentialAction\":[{\"@type\":\"SearchAction\",\"target\":{\"@type\":\"EntryPoint\",\"urlTemplate\":\"https:\\\/\\\/deportecapital.com.ar\\\/?s={search_term_string}\"},\"query-input\":{\"@type\":\"PropertyValueSpecification\",\"valueRequired\":true,\"valueName\":\"search_term_string\"}}],\"inLanguage\":\"es-AR\"},{\"@type\":\"Organization\",\"@id\":\"https:\\\/\\\/deportecapital.com.ar\\\/#organization\",\"name\":\"Deporte Capital\",\"url\":\"https:\\\/\\\/deportecapital.com.ar\\\/\",\"logo\":{\"@type\":\"ImageObject\",\"inLanguage\":\"es-AR\",\"@id\":\"https:\\\/\\\/deportecapital.com.ar\\\/#\\\/schema\\\/logo\\\/image\\\/\",\"url\":\"https:\\\/\\\/deportecapital.com.ar\\\/wp-content\\\/uploads\\\/2025\\\/06\\\/logo-deportecapital_white-1.png\",\"contentUrl\":\"https:\\\/\\\/deportecapital.com.ar\\\/wp-content\\\/uploads\\\/2025\\\/06\\\/logo-deportecapital_white-1.png\",\"width\":243,\"height\":111,\"caption\":\"Deporte Capital\"},\"image\":{\"@id\":\"https:\\\/\\\/deportecapital.com.ar\\\/#\\\/schema\\\/logo\\\/image\\\/\"}},{\"@type\":\"Person\",\"@id\":\"https:\\\/\\\/deportecapital.com.ar\\\/#\\\/schema\\\/person\\\/9cd40456048dd30733b1d6749eca5de8\",\"name\":\"Emilio Manrique\",\"image\":{\"@type\":\"ImageObject\",\"inLanguage\":\"es-AR\",\"@id\":\"https:\\\/\\\/secure.gravatar.com\\\/avatar\\\/005c696496b156e30819f271efdd20348da8f41b5d5653680fd363162bbeb3bb?s=96&d=mm&r=g\",\"url\":\"https:\\\/\\\/secure.gravatar.com\\\/avatar\\\/005c696496b156e30819f271efdd20348da8f41b5d5653680fd363162bbeb3bb?s=96&d=mm&r=g\",\"contentUrl\":\"https:\\\/\\\/secure.gravatar.com\\\/avatar\\\/005c696496b156e30819f271efdd20348da8f41b5d5653680fd363162bbeb3bb?s=96&d=mm&r=g\",\"caption\":\"Emilio Manrique\"},\"url\":\"https:\\\/\\\/deportecapital.com.ar\\\/index.php\\\/author\\\/emilio-manrique\\\/\"}]}<\/script>\n<!-- \/ Yoast SEO plugin. -->","yoast_head_json":{"title":"La Pampa recibe al TC - Deporte Capital","robots":{"index":"index","follow":"follow","max-snippet":"max-snippet:-1","max-image-preview":"max-image-preview:large","max-video-preview":"max-video-preview:-1"},"canonical":"https:\/\/deportecapital.com.ar\/index.php\/2025\/11\/12\/la-pampa-recibe-al-tc\/","og_locale":"es_ES","og_type":"article","og_title":"La Pampa recibe al TC - Deporte Capital","og_description":"El Aut\u00f3dromo Provincia de La Pampa recibe el pr\u00f3ximo fin de semana una nueva fecha...","og_url":"https:\/\/deportecapital.com.ar\/index.php\/2025\/11\/12\/la-pampa-recibe-al-tc\/","og_site_name":"Deporte Capital","article_published_time":"2025-11-12T00:47:17+00:00","article_modified_time":"2025-11-16T00:14:27+00:00","og_image":[{"width":1920,"height":1280,"url":"https:\/\/deportecapital.com.ar\/wp-content\/uploads\/2025\/11\/PAMPA-1.jpg","type":"image\/jpeg"}],"author":"Emilio Manrique","twitter_card":"summary_large_image","twitter_misc":{"Escrito por":"Emilio Manrique","Tiempo de lectura":"2 minutos"},"schema":{"@context":"https:\/\/schema.org","@graph":[{"@type":"Article","@id":"https:\/\/deportecapital.com.ar\/index.php\/2025\/11\/12\/la-pampa-recibe-al-tc\/#article","isPartOf":{"@id":"https:\/\/deportecapital.com.ar\/index.php\/2025\/11\/12\/la-pampa-recibe-al-tc\/"},"author":{"name":"Emilio Manrique","@id":"https:\/\/deportecapital.com.ar\/#\/schema\/person\/9cd40456048dd30733b1d6749eca5de8"},"headline":"La Pampa recibe al TC","datePublished":"2025-11-12T00:47:17+00:00","dateModified":"2025-11-16T00:14:27+00:00","mainEntityOfPage":{"@id":"https:\/\/deportecapital.com.ar\/index.php\/2025\/11\/12\/la-pampa-recibe-al-tc\/"},"wordCount":269,"publisher":{"@id":"https:\/\/deportecapital.com.ar\/#organization"},"image":{"@id":"https:\/\/deportecapital.com.ar\/index.php\/2025\/11\/12\/la-pampa-recibe-al-tc\/#primaryimage"},"thumbnailUrl":"https:\/\/deportecapital.com.ar\/wp-content\/uploads\/2025\/11\/PAMPA-1.jpg","articleSection":["Automovilismo"],"inLanguage":"es-AR"},{"@type":"WebPage","@id":"https:\/\/deportecapital.com.ar\/index.php\/2025\/11\/12\/la-pampa-recibe-al-tc\/","url":"https:\/\/deportecapital.com.ar\/index.php\/2025\/11\/12\/la-pampa-recibe-al-tc\/","name":"La Pampa recibe al TC - Deporte Capital","isPartOf":{"@id":"https:\/\/deportecapital.com.ar\/#website"},"primaryImageOfPage":{"@id":"https:\/\/deportecapital.com.ar\/index.php\/2025\/11\/12\/la-pampa-recibe-al-tc\/#primaryimage"},"image":{"@id":"https:\/\/deportecapital.com.ar\/index.php\/2025\/11\/12\/la-pampa-recibe-al-tc\/#primaryimage"},"thumbnailUrl":"https:\/\/deportecapital.com.ar\/wp-content\/uploads\/2025\/11\/PAMPA-1.jpg","datePublished":"2025-11-12T00:47:17+00:00","dateModified":"2025-11-16T00:14:27+00:00","breadcrumb":{"@id":"https:\/\/deportecapital.com.ar\/index.php\/2025\/11\/12\/la-pampa-recibe-al-tc\/#breadcrumb"},"inLanguage":"es-AR","potentialAction":[{"@type":"ReadAction","target":["https:\/\/deportecapital.com.ar\/index.php\/2025\/11\/12\/la-pampa-recibe-al-tc\/"]}]},{"@type":"ImageObject","inLanguage":"es-AR","@id":"https:\/\/deportecapital.com.ar\/index.php\/2025\/11\/12\/la-pampa-recibe-al-tc\/#primaryimage","url":"https:\/\/deportecapital.com.ar\/wp-content\/uploads\/2025\/11\/PAMPA-1.jpg","contentUrl":"https:\/\/deportecapital.com.ar\/wp-content\/uploads\/2025\/11\/PAMPA-1.jpg","width":1920,"height":1280},{"@type":"BreadcrumbList","@id":"https:\/\/deportecapital.com.ar\/index.php\/2025\/11\/12\/la-pampa-recibe-al-tc\/#breadcrumb","itemListElement":[{"@type":"ListItem","position":1,"name":"Inicio","item":"https:\/\/deportecapital.com.ar\/"},{"@type":"ListItem","position":2,"name":"La Pampa recibe al TC"}]},{"@type":"WebSite","@id":"https:\/\/deportecapital.com.ar\/#website","url":"https:\/\/deportecapital.com.ar\/","name":"Deporte Capital","description":"Diario digital con todo el deporte de La Pampa y alrededores.","publisher":{"@id":"https:\/\/deportecapital.com.ar\/#organization"},"potentialAction":[{"@type":"SearchAction","target":{"@type":"EntryPoint","urlTemplate":"https:\/\/deportecapital.com.ar\/?s={search_term_string}"},"query-input":{"@type":"PropertyValueSpecification","valueRequired":true,"valueName":"search_term_string"}}],"inLanguage":"es-AR"},{"@type":"Organization","@id":"https:\/\/deportecapital.com.ar\/#organization","name":"Deporte Capital","url":"https:\/\/deportecapital.com.ar\/","logo":{"@type":"ImageObject","inLanguage":"es-AR","@id":"https:\/\/deportecapital.com.ar\/#\/schema\/logo\/image\/","url":"https:\/\/deportecapital.com.ar\/wp-content\/uploads\/2025\/06\/logo-deportecapital_white-1.png","contentUrl":"https:\/\/deportecapital.com.ar\/wp-content\/uploads\/2025\/06\/logo-deportecapital_white-1.png","width":243,"height":111,"caption":"Deporte Capital"},"image":{"@id":"https:\/\/deportecapital.com.ar\/#\/schema\/logo\/image\/"}},{"@type":"Person","@id":"https:\/\/deportecapital.com.ar\/#\/schema\/person\/9cd40456048dd30733b1d6749eca5de8","name":"Emilio Manrique","image":{"@type":"ImageObject","inLanguage":"es-AR","@id":"https:\/\/secure.gravatar.com\/avatar\/005c696496b156e30819f271efdd20348da8f41b5d5653680fd363162bbeb3bb?s=96&d=mm&r=g","url":"https:\/\/secure.gravatar.com\/avatar\/005c696496b156e30819f271efdd20348da8f41b5d5653680fd363162bbeb3bb?s=96&d=mm&r=g","contentUrl":"https:\/\/secure.gravatar.com\/avatar\/005c696496b156e30819f271efdd20348da8f41b5d5653680fd363162bbeb3bb?s=96&d=mm&r=g","caption":"Emilio Manrique"},"url":"https:\/\/deportecapital.com.ar\/index.php\/author\/emilio-manrique\/"}]}},"rttpg_featured_image_url":{"full":["https:\/\/deportecapital.com.ar\/wp-content\/uploads\/2025\/11\/PAMPA-1.jpg",1920,1280,false],"landscape":["https:\/\/deportecapital.com.ar\/wp-content\/uploads\/2025\/11\/PAMPA-1.jpg",1920,1280,false],"portraits":["https:\/\/deportecapital.com.ar\/wp-content\/uploads\/2025\/11\/PAMPA-1.jpg",1920,1280,false],"thumbnail":["https:\/\/deportecapital.com.ar\/wp-content\/uploads\/2025\/11\/PAMPA-1-150x150.jpg",150,150,true],"medium":["https:\/\/deportecapital.com.ar\/wp-content\/uploads\/2025\/11\/PAMPA-1-300x200.jpg",300,200,true],"large":["https:\/\/deportecapital.com.ar\/wp-content\/uploads\/2025\/11\/PAMPA-1-1024x683.jpg",640,427,true],"1536x1536":["https:\/\/deportecapital.com.ar\/wp-content\/uploads\/2025\/11\/PAMPA-1-1536x1024.jpg",1536,1024,true],"2048x2048":["https:\/\/deportecapital.com.ar\/wp-content\/uploads\/2025\/11\/PAMPA-1.jpg",1920,1280,false],"covernews-slider-full":["https:\/\/deportecapital.com.ar\/wp-content\/uploads\/2025\/11\/PAMPA-1-1115x715.jpg",1115,715,true],"covernews-slider-center":["https:\/\/deportecapital.com.ar\/wp-content\/uploads\/2025\/11\/PAMPA-1-800x500.jpg",800,500,true],"covernews-featured":["https:\/\/deportecapital.com.ar\/wp-content\/uploads\/2025\/11\/PAMPA-1-1024x683.jpg",1024,683,true],"covernews-medium":["https:\/\/deportecapital.com.ar\/wp-content\/uploads\/2025\/11\/PAMPA-1-540x340.jpg",540,340,true],"covernews-medium-square":["https:\/\/deportecapital.com.ar\/wp-content\/uploads\/2025\/11\/PAMPA-1-400x250.jpg",400,250,true]},"rttpg_author":{"display_name":"Emilio Manrique","author_link":"https:\/\/deportecapital.com.ar\/index.php\/author\/emilio-manrique\/"},"rttpg_comment":0,"rttpg_category":"<a href=\"https:\/\/deportecapital.com.ar\/index.php\/category\/automovilismo\/\" rel=\"category tag\">Automovilismo<\/a>","rttpg_excerpt":"El Aut\u00f3dromo Provincia de La Pampa recibe el pr\u00f3ximo fin de semana una nueva fecha...","_links":{"self":[{"href":"https:\/\/deportecapital.com.ar\/index.php\/wp-json\/wp\/v2\/posts\/54204","targetHints":{"allow":["GET"]}}],"collection":[{"href":"https:\/\/deportecapital.com.ar\/index.php\/wp-json\/wp\/v2\/posts"}],"about":[{"href":"https:\/\/deportecapital.com.ar\/index.php\/wp-json\/wp\/v2\/types\/post"}],"author":[{"embeddable":true,"href":"https:\/\/deportecapital.com.ar\/index.php\/wp-json\/wp\/v2\/users\/3"}],"replies":[{"embeddable":true,"href":"https:\/\/deportecapital.com.ar\/index.php\/wp-json\/wp\/v2\/comments?post=54204"}],"version-history":[{"count":1,"href":"https:\/\/deportecapital.com.ar\/index.php\/wp-json\/wp\/v2\/posts\/54204\/revisions"}],"predecessor-version":[{"id":54208,"href":"https:\/\/deportecapital.com.ar\/index.php\/wp-json\/wp\/v2\/posts\/54204\/revisions\/54208"}],"wp:featuredmedia":[{"embeddable":true,"href":"https:\/\/deportecapital.com.ar\/index.php\/wp-json\/wp\/v2\/media\/54207"}],"wp:attachment":[{"href":"https:\/\/deportecapital.com.ar\/index.php\/wp-json\/wp\/v2\/media?parent=54204"}],"wp:term":[{"taxonomy":"category","embeddable":true,"href":"https:\/\/deportecapital.com.ar\/index.php\/wp-json\/wp\/v2\/categories?post=54204"},{"taxonomy":"post_tag","embeddable":true,"href":"https:\/\/deportecapital.com.ar\/index.php\/wp-json\/wp\/v2\/tags?post=54204"}],"curies":[{"name":"wp","href":"https:\/\/api.w.org\/{rel}","templated":true}]}}