{"id":55217,"date":"2025-12-24T02:12:04","date_gmt":"2025-12-24T02:12:04","guid":{"rendered":"https:\/\/deportecapital.com.ar\/?p=55217"},"modified":"2026-01-24T19:25:04","modified_gmt":"2026-01-24T19:25:04","slug":"culmino-el-caballito-pampeano","status":"publish","type":"post","link":"https:\/\/deportecapital.com.ar\/index.php\/2025\/12\/24\/culmino-el-caballito-pampeano\/","title":{"rendered":"Culmin\u00f3 el Caballito Pampeano"},"content":{"rendered":"\t\t<div data-elementor-type=\"wp-post\" data-elementor-id=\"55217\" class=\"elementor elementor-55217\">\n\t\t\t\t<div class=\"elementor-element elementor-element-43f5a9e9 e-flex e-con-boxed e-con e-parent\" data-id=\"43f5a9e9\" data-element_type=\"container\" data-e-type=\"container\">\n\t\t\t\t\t<div class=\"e-con-inner\">\n\t\t\t\t<div class=\"elementor-element elementor-element-1830e80c elementor-widget elementor-widget-text-editor\" data-id=\"1830e80c\" data-element_type=\"widget\" data-e-type=\"widget\" data-widget_type=\"text-editor.default\">\n\t\t\t\t<div class=\"elementor-widget-container\">\n\t\t\t\t\t\t\t\t\t<p>El domingo pasado se disput\u00f3 la \u00faltima y emotiva fecha del circuito <strong>El Caballito Pampeano<\/strong>. Fue en el<strong> Club Social El C\u00edrculo<\/strong>.<\/p><p>\u00a0<\/p><p>Tras recorrer nueve localidades pampeanas a lo largo del a\u00f1o, el circuito amateur que uni\u00f3 a los competidores en torno a la pasi\u00f3n por el ajedrez, lleg\u00f3 a su fin.<\/p><p>Al t\u00e9rmino, lleg\u00f3 el esperado momento de la entrega de premios. La presidente del <strong>Club Social El C\u00edrculo<\/strong>, <em>Roc\u00edo<\/em> <em>Olgu\u00edn<\/em>, dio inicio a la premiaci\u00f3n con unas sentidas palabras para el p\u00fablico presente.<\/p><p>La premiaci\u00f3n comenz\u00f3 con las categor\u00edas m\u00e1s j\u00f3venes:<\/p><p>Sub 6: <em>Alejandro<\/em> <em>Salazar<\/em>. Sub 8: <em>Francisco<\/em> <em>Fritz<\/em>, <em>Emiliano<\/em> <em>Gauna<\/em>, <em>Isela Theys<\/em> <em>Belizan<\/em>.<\/p><p>Sub 10: <em>Valentino<\/em> <em>Bengolea<\/em>, <em>Valent\u00edn<\/em> <em>L\u00f3pez<\/em>, <em>\u00c1ngela<\/em> <em>Gerassi<\/em>. Mejor femenina: <em>Faustina<\/em> <em>Gatica<\/em>.<\/p><p>Sub 12: <em>Tom\u00e1s Gerassi, Tob\u00edas<\/em> <em>Abbona<\/em>, <em>Giovanni<\/em> <em>Fraile<\/em>. Mejor femenina: <em>Luana<\/em> <em>Raful<\/em>.<\/p><p>Sub 14: <em>Tom\u00e1s<\/em> <em>Weizz<\/em>, <em>Facundo<\/em> <em>Blanco<\/em>, <em>Ignacio<\/em> <em>Romero<\/em>.<\/p><p>Sub 16: <em>Alejandro<\/em> <em>Iturrieta<\/em>, <em>Valent\u00edn Cortez.<\/em> Mejor Femenina (U 12)\u00a0 <em>Luana<\/em> <em>Raful<\/em>, <em>Emma<\/em> <em>Cluster<\/em>, <em>M\u00eda<\/em> <em>Palacio<\/em>.<\/p><p>En la categor\u00eda Supra 60, el mejor clasificado fue el santarrose\u00f1o <em>Mario<\/em> <em>Frank<\/em>, quien sum\u00f3 cinco unidades.<\/p><p>La mejor femenina (Sub 18\/Mayores) result\u00f3 <em>Julieta<\/em> <em>Tieri<\/em>, con tres puntos. Este fue el primer torneo de <em>Julieta<\/em>.<\/p><p>Finalmente, se realiz\u00f3 la entrega de premios a los mejor ubicados en la categor\u00eda Adultos.<\/p><p>Se coron\u00f3 campe\u00f3n invicto, con cinco puntos y medio sobre seis, el toayense <em>Joaqu\u00edn<\/em> <em>Llanos<\/em>.<\/p><p>El segundo lugar fue para <em>Emmanuel<\/em> <em>Ranalli<\/em>, con cinco unidades, y el tercero <em>Diego De Marzi<\/em>, con cuatro y medio.<\/p><p>Luego se procedi\u00f3 a la entrega de premios a quienes obtuvieron los mejores resultados a lo largo del circuito: Sub 6: <em>Alejandro Salazar<\/em> (<strong>Santa<\/strong> <strong>Rosa<\/strong>), <em>Davi<\/em> <em>Houriet<\/em> (<strong>Victorica<\/strong>).<\/p><p>Sub 8: <em>Francisco Fritz<\/em> (<strong>Santa<\/strong> <strong>Rosa<\/strong>), <em>Emiliano Gauna<\/em> (<strong>Santa<\/strong> <strong>Rosa<\/strong>), <em>Isela Theys Belizan<\/em>, la mejor femenina (<strong>Victorica<\/strong>).<\/p><p>Sub 10: <em>Valentino Bengolea<\/em> (<strong>Santa<\/strong> <strong>Rosa<\/strong>), <em>Nicol\u00e1s Benicio<\/em> (<strong>Victorica<\/strong>), <em>\u00c1ngela<\/em> <em>Gerassi<\/em>, mejor femenina (<strong>Santa<\/strong> <strong>Rosa<\/strong>).<\/p><p>Sub 12: <em>Giovanni Fraile<\/em> (<strong>Santa<\/strong> <strong>Rosa<\/strong>), <em>Tahiel Alarc\u00f3n<\/em> (<strong>Santa<\/strong> <strong>Rosa<\/strong>). Mejor femenina: <em>Luana Raful<\/em> (<strong>Santa<\/strong> <strong>Rosa<\/strong>).<\/p><p>Sub 14: <em>Ignacio Romero<\/em> (<strong>Santa<\/strong> <strong>Rosa<\/strong>), <em>Tom\u00e1s Weizz<\/em> (<strong>Santa<\/strong> <strong>Rosa<\/strong>).<\/p><p>Sub 16: <em>Alejandro Iturrieta<\/em> (<strong>Santa<\/strong> <strong>Rosa<\/strong>).<\/p><p>Supra 60: <em>Mario Ponce<\/em> (<strong>Santa<\/strong> <strong>Rosa<\/strong>). Femenino: <em>Hilda Tessari<\/em> (<strong>Santa<\/strong> <strong>Rosa<\/strong>).<\/p><p>Adultos Mayores: <em>Diego De Marzi<\/em> (<strong>Santa<\/strong> <strong>Rosa<\/strong>), <em>Emmanuel Ranalli<\/em> (<strong>Santa<\/strong> <strong>Rosa<\/strong>), <em>Joaqu\u00edn Llanos<\/em> (<strong>Toay<\/strong>).<\/p><p><strong>Prensa CASR<\/strong><\/p>\t\t\t\t\t\t\t\t<\/div>\n\t\t\t\t<\/div>\n\t\t\t\t\t<\/div>\n\t\t\t\t<\/div>\n\t\t<div class=\"elementor-element elementor-element-93db3fe e-flex e-con-boxed e-con e-parent\" data-id=\"93db3fe\" data-element_type=\"container\" data-e-type=\"container\">\n\t\t\t\t\t<div class=\"e-con-inner\">\n\t\t\t\t<div class=\"elementor-element elementor-element-f377564 elementor-widget elementor-widget-image-gallery\" data-id=\"f377564\" data-element_type=\"widget\" data-e-type=\"widget\" data-widget_type=\"image-gallery.default\">\n\t\t\t\t<div class=\"elementor-widget-container\">\n\t\t\t\t\t\t\t<div class=\"elementor-image-gallery\">\n\t\t\t<div id='gallery-1' class='gallery galleryid-55217 gallery-columns-3 gallery-size-full'><figure class='gallery-item'>\n\t\t\t<div class='gallery-icon portrait'>\n\t\t\t\t<a data-elementor-open-lightbox=\"yes\" data-elementor-lightbox-slideshow=\"f377564\" data-elementor-lightbox-title=\"Ajedrez\" data-e-action-hash=\"#elementor-action%3Aaction%3Dlightbox%26settings%3DeyJpZCI6NTUyMTgsInVybCI6Imh0dHBzOlwvXC9kZXBvcnRlY2FwaXRhbC5jb20uYXJcL3dwLWNvbnRlbnRcL3VwbG9hZHNcLzIwMjVcLzEyXC8xLTE2LmpwZyIsInNsaWRlc2hvdyI6ImYzNzc1NjQifQ%3D%3D\" href='https:\/\/deportecapital.com.ar\/wp-content\/uploads\/2025\/12\/1-16.jpg'><img loading=\"lazy\" width=\"1200\" height=\"1600\" src=\"https:\/\/deportecapital.com.ar\/wp-content\/uploads\/2025\/12\/1-16.jpg\" class=\"attachment-full size-full\" alt=\"Ajedrez\" srcset=\"https:\/\/deportecapital.com.ar\/wp-content\/uploads\/2025\/12\/1-16.jpg 1200w, https:\/\/deportecapital.com.ar\/wp-content\/uploads\/2025\/12\/1-16-225x300.jpg 225w, https:\/\/deportecapital.com.ar\/wp-content\/uploads\/2025\/12\/1-16-768x1024.jpg 768w, https:\/\/deportecapital.com.ar\/wp-content\/uploads\/2025\/12\/1-16-1152x1536.jpg 1152w, https:\/\/deportecapital.com.ar\/wp-content\/uploads\/2025\/12\/1-16-1024x1365.jpg 1024w\" sizes=\"auto, (max-width: 1200px) 100vw, 1200px\" loading=\"lazy\" decoding=\"async\" \/><\/a>\n\t\t\t<\/div><\/figure><figure class='gallery-item'>\n\t\t\t<div class='gallery-icon portrait'>\n\t\t\t\t<a data-elementor-open-lightbox=\"yes\" data-elementor-lightbox-slideshow=\"f377564\" data-elementor-lightbox-title=\"Ajedrez\" data-e-action-hash=\"#elementor-action%3Aaction%3Dlightbox%26settings%3DeyJpZCI6NTUyMjAsInVybCI6Imh0dHBzOlwvXC9kZXBvcnRlY2FwaXRhbC5jb20uYXJcL3dwLWNvbnRlbnRcL3VwbG9hZHNcLzIwMjVcLzEyXC8zLTguanBnIiwic2xpZGVzaG93IjoiZjM3NzU2NCJ9\" href='https:\/\/deportecapital.com.ar\/wp-content\/uploads\/2025\/12\/3-8.jpg'><img loading=\"lazy\" width=\"1200\" height=\"1600\" src=\"https:\/\/deportecapital.com.ar\/wp-content\/uploads\/2025\/12\/3-8.jpg\" class=\"attachment-full size-full\" alt=\"Ajedrez\" srcset=\"https:\/\/deportecapital.com.ar\/wp-content\/uploads\/2025\/12\/3-8.jpg 1200w, https:\/\/deportecapital.com.ar\/wp-content\/uploads\/2025\/12\/3-8-225x300.jpg 225w, https:\/\/deportecapital.com.ar\/wp-content\/uploads\/2025\/12\/3-8-768x1024.jpg 768w, https:\/\/deportecapital.com.ar\/wp-content\/uploads\/2025\/12\/3-8-1152x1536.jpg 1152w, https:\/\/deportecapital.com.ar\/wp-content\/uploads\/2025\/12\/3-8-1024x1365.jpg 1024w\" sizes=\"auto, (max-width: 1200px) 100vw, 1200px\" loading=\"lazy\" decoding=\"async\" \/><\/a>\n\t\t\t<\/div><\/figure><figure class='gallery-item'>\n\t\t\t<div class='gallery-icon landscape'>\n\t\t\t\t<a data-elementor-open-lightbox=\"yes\" data-elementor-lightbox-slideshow=\"f377564\" data-elementor-lightbox-title=\"Ajedrez\" data-e-action-hash=\"#elementor-action%3Aaction%3Dlightbox%26settings%3DeyJpZCI6NTUyMTksInVybCI6Imh0dHBzOlwvXC9kZXBvcnRlY2FwaXRhbC5jb20uYXJcL3dwLWNvbnRlbnRcL3VwbG9hZHNcLzIwMjVcLzEyXC8yLTguanBnIiwic2xpZGVzaG93IjoiZjM3NzU2NCJ9\" href='https:\/\/deportecapital.com.ar\/wp-content\/uploads\/2025\/12\/2-8.jpg'><img loading=\"lazy\" width=\"1600\" height=\"1200\" src=\"https:\/\/deportecapital.com.ar\/wp-content\/uploads\/2025\/12\/2-8.jpg\" class=\"attachment-full size-full\" alt=\"Ajedrez\" srcset=\"https:\/\/deportecapital.com.ar\/wp-content\/uploads\/2025\/12\/2-8.jpg 1600w, https:\/\/deportecapital.com.ar\/wp-content\/uploads\/2025\/12\/2-8-300x225.jpg 300w, https:\/\/deportecapital.com.ar\/wp-content\/uploads\/2025\/12\/2-8-1024x768.jpg 1024w, https:\/\/deportecapital.com.ar\/wp-content\/uploads\/2025\/12\/2-8-768x576.jpg 768w, https:\/\/deportecapital.com.ar\/wp-content\/uploads\/2025\/12\/2-8-1536x1152.jpg 1536w\" sizes=\"auto, (max-width: 1600px) 100vw, 1600px\" loading=\"lazy\" decoding=\"async\" \/><\/a>\n\t\t\t<\/div><\/figure>\n\t\t<\/div>\n\t\t<\/div>\n\t\t\t\t\t\t<\/div>\n\t\t\t\t<\/div>\n\t\t\t\t\t<\/div>\n\t\t\t\t<\/div>\n\t\t\t\t<\/div>\n\t\t","protected":false},"excerpt":{"rendered":"<p>El domingo pasado se disput\u00f3 la \u00faltima y emotiva fecha del circuito El Caballito Pampeano&#8230;.<\/p>\n","protected":false},"author":3,"featured_media":55219,"comment_status":"closed","ping_status":"open","sticky":false,"template":"","format":"standard","meta":{"footnotes":""},"categories":[3],"tags":[],"class_list":["post-55217","post","type-post","status-publish","format-standard","has-post-thumbnail","hentry","category-ajedrez"],"yoast_head":"<!-- This site is optimized with the Yoast SEO plugin v27.5 - https:\/\/yoast.com\/product\/yoast-seo-wordpress\/ -->\n<title>Culmin\u00f3 el Caballito Pampeano - Deporte Capital<\/title>\n<meta name=\"robots\" content=\"index, follow, max-snippet:-1, max-image-preview:large, max-video-preview:-1\" \/>\n<link rel=\"canonical\" href=\"https:\/\/deportecapital.com.ar\/index.php\/2025\/12\/24\/culmino-el-caballito-pampeano\/\" \/>\n<meta property=\"og:locale\" content=\"es_ES\" \/>\n<meta property=\"og:type\" content=\"article\" \/>\n<meta property=\"og:title\" content=\"Culmin\u00f3 el Caballito Pampeano - Deporte Capital\" \/>\n<meta property=\"og:description\" content=\"El domingo pasado se disput\u00f3 la \u00faltima y emotiva fecha del circuito El Caballito Pampeano....\" \/>\n<meta property=\"og:url\" content=\"https:\/\/deportecapital.com.ar\/index.php\/2025\/12\/24\/culmino-el-caballito-pampeano\/\" \/>\n<meta property=\"og:site_name\" content=\"Deporte Capital\" \/>\n<meta property=\"article:published_time\" content=\"2025-12-24T02:12:04+00:00\" \/>\n<meta property=\"article:modified_time\" content=\"2026-01-24T19:25:04+00:00\" \/>\n<meta property=\"og:image\" content=\"https:\/\/deportecapital.com.ar\/wp-content\/uploads\/2025\/12\/2-8.jpg\" \/>\n\t<meta property=\"og:image:width\" content=\"1600\" \/>\n\t<meta property=\"og:image:height\" content=\"1200\" \/>\n\t<meta property=\"og:image:type\" content=\"image\/jpeg\" \/>\n<meta name=\"author\" content=\"Emilio Manrique\" \/>\n<meta name=\"twitter:card\" content=\"summary_large_image\" \/>\n<meta name=\"twitter:label1\" content=\"Escrito por\" \/>\n\t<meta name=\"twitter:data1\" content=\"Emilio Manrique\" \/>\n\t<meta name=\"twitter:label2\" content=\"Tiempo de lectura\" \/>\n\t<meta name=\"twitter:data2\" content=\"3 minutos\" \/>\n<script type=\"application\/ld+json\" class=\"yoast-schema-graph\">{\"@context\":\"https:\\\/\\\/schema.org\",\"@graph\":[{\"@type\":\"Article\",\"@id\":\"https:\\\/\\\/deportecapital.com.ar\\\/index.php\\\/2025\\\/12\\\/24\\\/culmino-el-caballito-pampeano\\\/#article\",\"isPartOf\":{\"@id\":\"https:\\\/\\\/deportecapital.com.ar\\\/index.php\\\/2025\\\/12\\\/24\\\/culmino-el-caballito-pampeano\\\/\"},\"author\":{\"name\":\"Emilio Manrique\",\"@id\":\"https:\\\/\\\/deportecapital.com.ar\\\/#\\\/schema\\\/person\\\/9cd40456048dd30733b1d6749eca5de8\"},\"headline\":\"Culmin\u00f3 el Caballito Pampeano\",\"datePublished\":\"2025-12-24T02:12:04+00:00\",\"dateModified\":\"2026-01-24T19:25:04+00:00\",\"mainEntityOfPage\":{\"@id\":\"https:\\\/\\\/deportecapital.com.ar\\\/index.php\\\/2025\\\/12\\\/24\\\/culmino-el-caballito-pampeano\\\/\"},\"wordCount\":376,\"publisher\":{\"@id\":\"https:\\\/\\\/deportecapital.com.ar\\\/#organization\"},\"image\":{\"@id\":\"https:\\\/\\\/deportecapital.com.ar\\\/index.php\\\/2025\\\/12\\\/24\\\/culmino-el-caballito-pampeano\\\/#primaryimage\"},\"thumbnailUrl\":\"https:\\\/\\\/deportecapital.com.ar\\\/wp-content\\\/uploads\\\/2025\\\/12\\\/2-8.jpg\",\"articleSection\":[\"Ajedrez\"],\"inLanguage\":\"es-AR\"},{\"@type\":\"WebPage\",\"@id\":\"https:\\\/\\\/deportecapital.com.ar\\\/index.php\\\/2025\\\/12\\\/24\\\/culmino-el-caballito-pampeano\\\/\",\"url\":\"https:\\\/\\\/deportecapital.com.ar\\\/index.php\\\/2025\\\/12\\\/24\\\/culmino-el-caballito-pampeano\\\/\",\"name\":\"Culmin\u00f3 el Caballito Pampeano - Deporte Capital\",\"isPartOf\":{\"@id\":\"https:\\\/\\\/deportecapital.com.ar\\\/#website\"},\"primaryImageOfPage\":{\"@id\":\"https:\\\/\\\/deportecapital.com.ar\\\/index.php\\\/2025\\\/12\\\/24\\\/culmino-el-caballito-pampeano\\\/#primaryimage\"},\"image\":{\"@id\":\"https:\\\/\\\/deportecapital.com.ar\\\/index.php\\\/2025\\\/12\\\/24\\\/culmino-el-caballito-pampeano\\\/#primaryimage\"},\"thumbnailUrl\":\"https:\\\/\\\/deportecapital.com.ar\\\/wp-content\\\/uploads\\\/2025\\\/12\\\/2-8.jpg\",\"datePublished\":\"2025-12-24T02:12:04+00:00\",\"dateModified\":\"2026-01-24T19:25:04+00:00\",\"breadcrumb\":{\"@id\":\"https:\\\/\\\/deportecapital.com.ar\\\/index.php\\\/2025\\\/12\\\/24\\\/culmino-el-caballito-pampeano\\\/#breadcrumb\"},\"inLanguage\":\"es-AR\",\"potentialAction\":[{\"@type\":\"ReadAction\",\"target\":[\"https:\\\/\\\/deportecapital.com.ar\\\/index.php\\\/2025\\\/12\\\/24\\\/culmino-el-caballito-pampeano\\\/\"]}]},{\"@type\":\"ImageObject\",\"inLanguage\":\"es-AR\",\"@id\":\"https:\\\/\\\/deportecapital.com.ar\\\/index.php\\\/2025\\\/12\\\/24\\\/culmino-el-caballito-pampeano\\\/#primaryimage\",\"url\":\"https:\\\/\\\/deportecapital.com.ar\\\/wp-content\\\/uploads\\\/2025\\\/12\\\/2-8.jpg\",\"contentUrl\":\"https:\\\/\\\/deportecapital.com.ar\\\/wp-content\\\/uploads\\\/2025\\\/12\\\/2-8.jpg\",\"width\":1600,\"height\":1200},{\"@type\":\"BreadcrumbList\",\"@id\":\"https:\\\/\\\/deportecapital.com.ar\\\/index.php\\\/2025\\\/12\\\/24\\\/culmino-el-caballito-pampeano\\\/#breadcrumb\",\"itemListElement\":[{\"@type\":\"ListItem\",\"position\":1,\"name\":\"Inicio\",\"item\":\"https:\\\/\\\/deportecapital.com.ar\\\/\"},{\"@type\":\"ListItem\",\"position\":2,\"name\":\"Culmin\u00f3 el Caballito Pampeano\"}]},{\"@type\":\"WebSite\",\"@id\":\"https:\\\/\\\/deportecapital.com.ar\\\/#website\",\"url\":\"https:\\\/\\\/deportecapital.com.ar\\\/\",\"name\":\"Deporte Capital\",\"description\":\"Diario digital con todo el deporte de La Pampa y alrededores.\",\"publisher\":{\"@id\":\"https:\\\/\\\/deportecapital.com.ar\\\/#organization\"},\"potentialAction\":[{\"@type\":\"SearchAction\",\"target\":{\"@type\":\"EntryPoint\",\"urlTemplate\":\"https:\\\/\\\/deportecapital.com.ar\\\/?s={search_term_string}\"},\"query-input\":{\"@type\":\"PropertyValueSpecification\",\"valueRequired\":true,\"valueName\":\"search_term_string\"}}],\"inLanguage\":\"es-AR\"},{\"@type\":\"Organization\",\"@id\":\"https:\\\/\\\/deportecapital.com.ar\\\/#organization\",\"name\":\"Deporte Capital\",\"url\":\"https:\\\/\\\/deportecapital.com.ar\\\/\",\"logo\":{\"@type\":\"ImageObject\",\"inLanguage\":\"es-AR\",\"@id\":\"https:\\\/\\\/deportecapital.com.ar\\\/#\\\/schema\\\/logo\\\/image\\\/\",\"url\":\"https:\\\/\\\/deportecapital.com.ar\\\/wp-content\\\/uploads\\\/2025\\\/06\\\/logo-deportecapital_white-1.png\",\"contentUrl\":\"https:\\\/\\\/deportecapital.com.ar\\\/wp-content\\\/uploads\\\/2025\\\/06\\\/logo-deportecapital_white-1.png\",\"width\":243,\"height\":111,\"caption\":\"Deporte Capital\"},\"image\":{\"@id\":\"https:\\\/\\\/deportecapital.com.ar\\\/#\\\/schema\\\/logo\\\/image\\\/\"}},{\"@type\":\"Person\",\"@id\":\"https:\\\/\\\/deportecapital.com.ar\\\/#\\\/schema\\\/person\\\/9cd40456048dd30733b1d6749eca5de8\",\"name\":\"Emilio Manrique\",\"image\":{\"@type\":\"ImageObject\",\"inLanguage\":\"es-AR\",\"@id\":\"https:\\\/\\\/secure.gravatar.com\\\/avatar\\\/005c696496b156e30819f271efdd20348da8f41b5d5653680fd363162bbeb3bb?s=96&d=mm&r=g\",\"url\":\"https:\\\/\\\/secure.gravatar.com\\\/avatar\\\/005c696496b156e30819f271efdd20348da8f41b5d5653680fd363162bbeb3bb?s=96&d=mm&r=g\",\"contentUrl\":\"https:\\\/\\\/secure.gravatar.com\\\/avatar\\\/005c696496b156e30819f271efdd20348da8f41b5d5653680fd363162bbeb3bb?s=96&d=mm&r=g\",\"caption\":\"Emilio Manrique\"},\"url\":\"https:\\\/\\\/deportecapital.com.ar\\\/index.php\\\/author\\\/emilio-manrique\\\/\"}]}<\/script>\n<!-- \/ Yoast SEO plugin. -->","yoast_head_json":{"title":"Culmin\u00f3 el Caballito Pampeano - Deporte Capital","robots":{"index":"index","follow":"follow","max-snippet":"max-snippet:-1","max-image-preview":"max-image-preview:large","max-video-preview":"max-video-preview:-1"},"canonical":"https:\/\/deportecapital.com.ar\/index.php\/2025\/12\/24\/culmino-el-caballito-pampeano\/","og_locale":"es_ES","og_type":"article","og_title":"Culmin\u00f3 el Caballito Pampeano - Deporte Capital","og_description":"El domingo pasado se disput\u00f3 la \u00faltima y emotiva fecha del circuito El Caballito Pampeano....","og_url":"https:\/\/deportecapital.com.ar\/index.php\/2025\/12\/24\/culmino-el-caballito-pampeano\/","og_site_name":"Deporte Capital","article_published_time":"2025-12-24T02:12:04+00:00","article_modified_time":"2026-01-24T19:25:04+00:00","og_image":[{"width":1600,"height":1200,"url":"https:\/\/deportecapital.com.ar\/wp-content\/uploads\/2025\/12\/2-8.jpg","type":"image\/jpeg"}],"author":"Emilio Manrique","twitter_card":"summary_large_image","twitter_misc":{"Escrito por":"Emilio Manrique","Tiempo de lectura":"3 minutos"},"schema":{"@context":"https:\/\/schema.org","@graph":[{"@type":"Article","@id":"https:\/\/deportecapital.com.ar\/index.php\/2025\/12\/24\/culmino-el-caballito-pampeano\/#article","isPartOf":{"@id":"https:\/\/deportecapital.com.ar\/index.php\/2025\/12\/24\/culmino-el-caballito-pampeano\/"},"author":{"name":"Emilio Manrique","@id":"https:\/\/deportecapital.com.ar\/#\/schema\/person\/9cd40456048dd30733b1d6749eca5de8"},"headline":"Culmin\u00f3 el Caballito Pampeano","datePublished":"2025-12-24T02:12:04+00:00","dateModified":"2026-01-24T19:25:04+00:00","mainEntityOfPage":{"@id":"https:\/\/deportecapital.com.ar\/index.php\/2025\/12\/24\/culmino-el-caballito-pampeano\/"},"wordCount":376,"publisher":{"@id":"https:\/\/deportecapital.com.ar\/#organization"},"image":{"@id":"https:\/\/deportecapital.com.ar\/index.php\/2025\/12\/24\/culmino-el-caballito-pampeano\/#primaryimage"},"thumbnailUrl":"https:\/\/deportecapital.com.ar\/wp-content\/uploads\/2025\/12\/2-8.jpg","articleSection":["Ajedrez"],"inLanguage":"es-AR"},{"@type":"WebPage","@id":"https:\/\/deportecapital.com.ar\/index.php\/2025\/12\/24\/culmino-el-caballito-pampeano\/","url":"https:\/\/deportecapital.com.ar\/index.php\/2025\/12\/24\/culmino-el-caballito-pampeano\/","name":"Culmin\u00f3 el Caballito Pampeano - Deporte Capital","isPartOf":{"@id":"https:\/\/deportecapital.com.ar\/#website"},"primaryImageOfPage":{"@id":"https:\/\/deportecapital.com.ar\/index.php\/2025\/12\/24\/culmino-el-caballito-pampeano\/#primaryimage"},"image":{"@id":"https:\/\/deportecapital.com.ar\/index.php\/2025\/12\/24\/culmino-el-caballito-pampeano\/#primaryimage"},"thumbnailUrl":"https:\/\/deportecapital.com.ar\/wp-content\/uploads\/2025\/12\/2-8.jpg","datePublished":"2025-12-24T02:12:04+00:00","dateModified":"2026-01-24T19:25:04+00:00","breadcrumb":{"@id":"https:\/\/deportecapital.com.ar\/index.php\/2025\/12\/24\/culmino-el-caballito-pampeano\/#breadcrumb"},"inLanguage":"es-AR","potentialAction":[{"@type":"ReadAction","target":["https:\/\/deportecapital.com.ar\/index.php\/2025\/12\/24\/culmino-el-caballito-pampeano\/"]}]},{"@type":"ImageObject","inLanguage":"es-AR","@id":"https:\/\/deportecapital.com.ar\/index.php\/2025\/12\/24\/culmino-el-caballito-pampeano\/#primaryimage","url":"https:\/\/deportecapital.com.ar\/wp-content\/uploads\/2025\/12\/2-8.jpg","contentUrl":"https:\/\/deportecapital.com.ar\/wp-content\/uploads\/2025\/12\/2-8.jpg","width":1600,"height":1200},{"@type":"BreadcrumbList","@id":"https:\/\/deportecapital.com.ar\/index.php\/2025\/12\/24\/culmino-el-caballito-pampeano\/#breadcrumb","itemListElement":[{"@type":"ListItem","position":1,"name":"Inicio","item":"https:\/\/deportecapital.com.ar\/"},{"@type":"ListItem","position":2,"name":"Culmin\u00f3 el Caballito Pampeano"}]},{"@type":"WebSite","@id":"https:\/\/deportecapital.com.ar\/#website","url":"https:\/\/deportecapital.com.ar\/","name":"Deporte Capital","description":"Diario digital con todo el deporte de La Pampa y alrededores.","publisher":{"@id":"https:\/\/deportecapital.com.ar\/#organization"},"potentialAction":[{"@type":"SearchAction","target":{"@type":"EntryPoint","urlTemplate":"https:\/\/deportecapital.com.ar\/?s={search_term_string}"},"query-input":{"@type":"PropertyValueSpecification","valueRequired":true,"valueName":"search_term_string"}}],"inLanguage":"es-AR"},{"@type":"Organization","@id":"https:\/\/deportecapital.com.ar\/#organization","name":"Deporte Capital","url":"https:\/\/deportecapital.com.ar\/","logo":{"@type":"ImageObject","inLanguage":"es-AR","@id":"https:\/\/deportecapital.com.ar\/#\/schema\/logo\/image\/","url":"https:\/\/deportecapital.com.ar\/wp-content\/uploads\/2025\/06\/logo-deportecapital_white-1.png","contentUrl":"https:\/\/deportecapital.com.ar\/wp-content\/uploads\/2025\/06\/logo-deportecapital_white-1.png","width":243,"height":111,"caption":"Deporte Capital"},"image":{"@id":"https:\/\/deportecapital.com.ar\/#\/schema\/logo\/image\/"}},{"@type":"Person","@id":"https:\/\/deportecapital.com.ar\/#\/schema\/person\/9cd40456048dd30733b1d6749eca5de8","name":"Emilio Manrique","image":{"@type":"ImageObject","inLanguage":"es-AR","@id":"https:\/\/secure.gravatar.com\/avatar\/005c696496b156e30819f271efdd20348da8f41b5d5653680fd363162bbeb3bb?s=96&d=mm&r=g","url":"https:\/\/secure.gravatar.com\/avatar\/005c696496b156e30819f271efdd20348da8f41b5d5653680fd363162bbeb3bb?s=96&d=mm&r=g","contentUrl":"https:\/\/secure.gravatar.com\/avatar\/005c696496b156e30819f271efdd20348da8f41b5d5653680fd363162bbeb3bb?s=96&d=mm&r=g","caption":"Emilio Manrique"},"url":"https:\/\/deportecapital.com.ar\/index.php\/author\/emilio-manrique\/"}]}},"rttpg_featured_image_url":{"full":["https:\/\/deportecapital.com.ar\/wp-content\/uploads\/2025\/12\/2-8.jpg",1600,1200,false],"landscape":["https:\/\/deportecapital.com.ar\/wp-content\/uploads\/2025\/12\/2-8.jpg",1600,1200,false],"portraits":["https:\/\/deportecapital.com.ar\/wp-content\/uploads\/2025\/12\/2-8.jpg",1600,1200,false],"thumbnail":["https:\/\/deportecapital.com.ar\/wp-content\/uploads\/2025\/12\/2-8-150x150.jpg",150,150,true],"medium":["https:\/\/deportecapital.com.ar\/wp-content\/uploads\/2025\/12\/2-8-300x225.jpg",300,225,true],"large":["https:\/\/deportecapital.com.ar\/wp-content\/uploads\/2025\/12\/2-8-1024x768.jpg",640,480,true],"1536x1536":["https:\/\/deportecapital.com.ar\/wp-content\/uploads\/2025\/12\/2-8-1536x1152.jpg",1536,1152,true],"2048x2048":["https:\/\/deportecapital.com.ar\/wp-content\/uploads\/2025\/12\/2-8.jpg",1600,1200,false],"covernews-slider-full":["https:\/\/deportecapital.com.ar\/wp-content\/uploads\/2025\/12\/2-8-1115x715.jpg",1115,715,true],"covernews-slider-center":["https:\/\/deportecapital.com.ar\/wp-content\/uploads\/2025\/12\/2-8-800x500.jpg",800,500,true],"covernews-featured":["https:\/\/deportecapital.com.ar\/wp-content\/uploads\/2025\/12\/2-8-1024x768.jpg",1024,768,true],"covernews-medium":["https:\/\/deportecapital.com.ar\/wp-content\/uploads\/2025\/12\/2-8-540x340.jpg",540,340,true],"covernews-medium-square":["https:\/\/deportecapital.com.ar\/wp-content\/uploads\/2025\/12\/2-8-400x250.jpg",400,250,true]},"rttpg_author":{"display_name":"Emilio Manrique","author_link":"https:\/\/deportecapital.com.ar\/index.php\/author\/emilio-manrique\/"},"rttpg_comment":0,"rttpg_category":"<a href=\"https:\/\/deportecapital.com.ar\/index.php\/category\/ajedrez\/\" rel=\"category tag\">Ajedrez<\/a>","rttpg_excerpt":"El domingo pasado se disput\u00f3 la \u00faltima y emotiva fecha del circuito El Caballito Pampeano....","_links":{"self":[{"href":"https:\/\/deportecapital.com.ar\/index.php\/wp-json\/wp\/v2\/posts\/55217","targetHints":{"allow":["GET"]}}],"collection":[{"href":"https:\/\/deportecapital.com.ar\/index.php\/wp-json\/wp\/v2\/posts"}],"about":[{"href":"https:\/\/deportecapital.com.ar\/index.php\/wp-json\/wp\/v2\/types\/post"}],"author":[{"embeddable":true,"href":"https:\/\/deportecapital.com.ar\/index.php\/wp-json\/wp\/v2\/users\/3"}],"replies":[{"embeddable":true,"href":"https:\/\/deportecapital.com.ar\/index.php\/wp-json\/wp\/v2\/comments?post=55217"}],"version-history":[{"count":5,"href":"https:\/\/deportecapital.com.ar\/index.php\/wp-json\/wp\/v2\/posts\/55217\/revisions"}],"predecessor-version":[{"id":55225,"href":"https:\/\/deportecapital.com.ar\/index.php\/wp-json\/wp\/v2\/posts\/55217\/revisions\/55225"}],"wp:featuredmedia":[{"embeddable":true,"href":"https:\/\/deportecapital.com.ar\/index.php\/wp-json\/wp\/v2\/media\/55219"}],"wp:attachment":[{"href":"https:\/\/deportecapital.com.ar\/index.php\/wp-json\/wp\/v2\/media?parent=55217"}],"wp:term":[{"taxonomy":"category","embeddable":true,"href":"https:\/\/deportecapital.com.ar\/index.php\/wp-json\/wp\/v2\/categories?post=55217"},{"taxonomy":"post_tag","embeddable":true,"href":"https:\/\/deportecapital.com.ar\/index.php\/wp-json\/wp\/v2\/tags?post=55217"}],"curies":[{"name":"wp","href":"https:\/\/api.w.org\/{rel}","templated":true}]}}