{"id":55259,"date":"2025-12-27T01:20:31","date_gmt":"2025-12-27T01:20:31","guid":{"rendered":"https:\/\/deportecapital.com.ar\/?p=55259"},"modified":"2025-12-28T01:54:08","modified_gmt":"2025-12-28T01:54:08","slug":"gala-anual-del-patin","status":"publish","type":"post","link":"https:\/\/deportecapital.com.ar\/index.php\/2025\/12\/27\/gala-anual-del-patin\/","title":{"rendered":"Gala Anual del Pat\u00edn"},"content":{"rendered":"\t\t<div data-elementor-type=\"wp-post\" data-elementor-id=\"55259\" class=\"elementor elementor-55259\">\n\t\t\t\t<div class=\"elementor-element elementor-element-3cb80563 e-flex e-con-boxed e-con e-parent\" data-id=\"3cb80563\" data-element_type=\"container\" data-e-type=\"container\">\n\t\t\t\t\t<div class=\"e-con-inner\">\n\t\t\t\t<div class=\"elementor-element elementor-element-5757b6a3 elementor-widget elementor-widget-text-editor\" data-id=\"5757b6a3\" data-element_type=\"widget\" data-e-type=\"widget\" data-widget_type=\"text-editor.default\">\n\t\t\t\t<div class=\"elementor-widget-container\">\n\t\t\t\t\t\t\t\t\t<p>En el gimnasio del <strong>colegio Marcelino Catr\u00f3n<\/strong> se desarroll\u00f3 el s\u00e1bado pasado la <strong>Fiesta de Gala del Pat\u00edn<\/strong>, en todas sus modalidades.<\/p><p>\u00a0<\/p><p>La <strong>Asociaci\u00f3n Pampeana de Patinaje<\/strong>, encabezada por su <strong>presidenta<\/strong>, <em>Mari\u00f3n<\/em> <em>Montivero<\/em>, llev\u00f3 adelante la Gala Anual de la especialidad con la presencia de deportistas de Pat\u00edn Carrera, Pat\u00edn Art\u00edstico, Hockey en l\u00ednea sobre patines y Skateboarding.<\/p><p>Al particular encuentro asistieron 350 personas de toda la provincia que representaron a 33 instituciones deportivas afiliadas.<\/p><p>En la oportunidad, se entregaron distinciones a t\u00e9cnicas, delegados, dirigentes y patinadores.<\/p><p>Es de destacar que se vivi\u00f3 una noche espectacular, en un ambiente muy agradable y donde todos los presentes pudieron degustar pizzas y empanadas, y al final, torta con sidra.<\/p><p>Una fiesta que culmin\u00f3 con una m\u00fasica placentera y baile, que bien aprovech\u00f3 _especialmente_ la poblaci\u00f3n de j\u00f3venes y dem\u00e1s integrantes del staff deportivo.<\/p>\t\t\t\t\t\t\t\t<\/div>\n\t\t\t\t<\/div>\n\t\t\t\t\t<\/div>\n\t\t\t\t<\/div>\n\t\t<div class=\"elementor-element elementor-element-078794a e-flex e-con-boxed e-con e-parent\" data-id=\"078794a\" data-element_type=\"container\" data-e-type=\"container\">\n\t\t\t\t\t<div class=\"e-con-inner\">\n\t\t\t\t<div class=\"elementor-element elementor-element-f692ea2 elementor-widget elementor-widget-image-gallery\" data-id=\"f692ea2\" data-element_type=\"widget\" data-e-type=\"widget\" data-widget_type=\"image-gallery.default\">\n\t\t\t\t<div class=\"elementor-widget-container\">\n\t\t\t\t\t\t\t<div class=\"elementor-image-gallery\">\n\t\t\t<div id='gallery-1' class='gallery galleryid-55259 gallery-columns-3 gallery-size-full'><figure class='gallery-item'>\n\t\t\t<div class='gallery-icon landscape'>\n\t\t\t\t<a data-elementor-open-lightbox=\"yes\" data-elementor-lightbox-slideshow=\"f692ea2\" data-elementor-lightbox-title=\"Patin Artistico\" data-e-action-hash=\"#elementor-action%3Aaction%3Dlightbox%26settings%3DeyJpZCI6NTUyNjAsInVybCI6Imh0dHBzOlwvXC9kZXBvcnRlY2FwaXRhbC5jb20uYXJcL3dwLWNvbnRlbnRcL3VwbG9hZHNcLzIwMjVcLzEyXC8xLTE3LmpwZyIsInNsaWRlc2hvdyI6ImY2OTJlYTIifQ%3D%3D\" href='https:\/\/deportecapital.com.ar\/wp-content\/uploads\/2025\/12\/1-17.jpg'><img loading=\"lazy\" width=\"1280\" height=\"853\" src=\"https:\/\/deportecapital.com.ar\/wp-content\/uploads\/2025\/12\/1-17.jpg\" class=\"attachment-full size-full\" alt=\"Patin Artistico\" srcset=\"https:\/\/deportecapital.com.ar\/wp-content\/uploads\/2025\/12\/1-17.jpg 1280w, https:\/\/deportecapital.com.ar\/wp-content\/uploads\/2025\/12\/1-17-300x200.jpg 300w, https:\/\/deportecapital.com.ar\/wp-content\/uploads\/2025\/12\/1-17-1024x682.jpg 1024w, https:\/\/deportecapital.com.ar\/wp-content\/uploads\/2025\/12\/1-17-768x512.jpg 768w\" sizes=\"auto, (max-width: 1280px) 100vw, 1280px\" loading=\"lazy\" decoding=\"async\" \/><\/a>\n\t\t\t<\/div><\/figure><figure class='gallery-item'>\n\t\t\t<div class='gallery-icon portrait'>\n\t\t\t\t<a data-elementor-open-lightbox=\"yes\" data-elementor-lightbox-slideshow=\"f692ea2\" data-elementor-lightbox-title=\"Patin Artistico\" data-e-action-hash=\"#elementor-action%3Aaction%3Dlightbox%26settings%3DeyJpZCI6NTUyNjgsInVybCI6Imh0dHBzOlwvXC9kZXBvcnRlY2FwaXRhbC5jb20uYXJcL3dwLWNvbnRlbnRcL3VwbG9hZHNcLzIwMjVcLzEyXC85LTEuanBnIiwic2xpZGVzaG93IjoiZjY5MmVhMiJ9\" href='https:\/\/deportecapital.com.ar\/wp-content\/uploads\/2025\/12\/9-1.jpg'><img loading=\"lazy\" width=\"853\" height=\"1280\" src=\"https:\/\/deportecapital.com.ar\/wp-content\/uploads\/2025\/12\/9-1.jpg\" class=\"attachment-full size-full\" alt=\"Patin Artistico\" srcset=\"https:\/\/deportecapital.com.ar\/wp-content\/uploads\/2025\/12\/9-1.jpg 853w, https:\/\/deportecapital.com.ar\/wp-content\/uploads\/2025\/12\/9-1-200x300.jpg 200w, https:\/\/deportecapital.com.ar\/wp-content\/uploads\/2025\/12\/9-1-682x1024.jpg 682w, https:\/\/deportecapital.com.ar\/wp-content\/uploads\/2025\/12\/9-1-768x1152.jpg 768w\" sizes=\"auto, (max-width: 853px) 100vw, 853px\" loading=\"lazy\" decoding=\"async\" \/><\/a>\n\t\t\t<\/div><\/figure><figure class='gallery-item'>\n\t\t\t<div class='gallery-icon landscape'>\n\t\t\t\t<a data-elementor-open-lightbox=\"yes\" data-elementor-lightbox-slideshow=\"f692ea2\" data-elementor-lightbox-title=\"Patin Artistico\" data-e-action-hash=\"#elementor-action%3Aaction%3Dlightbox%26settings%3DeyJpZCI6NTUyNjcsInVybCI6Imh0dHBzOlwvXC9kZXBvcnRlY2FwaXRhbC5jb20uYXJcL3dwLWNvbnRlbnRcL3VwbG9hZHNcLzIwMjVcLzEyXC84LTEuanBnIiwic2xpZGVzaG93IjoiZjY5MmVhMiJ9\" href='https:\/\/deportecapital.com.ar\/wp-content\/uploads\/2025\/12\/8-1.jpg'><img loading=\"lazy\" width=\"1280\" height=\"853\" src=\"https:\/\/deportecapital.com.ar\/wp-content\/uploads\/2025\/12\/8-1.jpg\" class=\"attachment-full size-full\" alt=\"Patin Artistico\" srcset=\"https:\/\/deportecapital.com.ar\/wp-content\/uploads\/2025\/12\/8-1.jpg 1280w, https:\/\/deportecapital.com.ar\/wp-content\/uploads\/2025\/12\/8-1-300x200.jpg 300w, https:\/\/deportecapital.com.ar\/wp-content\/uploads\/2025\/12\/8-1-1024x682.jpg 1024w, https:\/\/deportecapital.com.ar\/wp-content\/uploads\/2025\/12\/8-1-768x512.jpg 768w\" sizes=\"auto, (max-width: 1280px) 100vw, 1280px\" loading=\"lazy\" decoding=\"async\" \/><\/a>\n\t\t\t<\/div><\/figure><figure class='gallery-item'>\n\t\t\t<div class='gallery-icon landscape'>\n\t\t\t\t<a data-elementor-open-lightbox=\"yes\" data-elementor-lightbox-slideshow=\"f692ea2\" data-elementor-lightbox-title=\"Patin Artistico\" data-e-action-hash=\"#elementor-action%3Aaction%3Dlightbox%26settings%3DeyJpZCI6NTUyNjYsInVybCI6Imh0dHBzOlwvXC9kZXBvcnRlY2FwaXRhbC5jb20uYXJcL3dwLWNvbnRlbnRcL3VwbG9hZHNcLzIwMjVcLzEyXC83LTIuanBnIiwic2xpZGVzaG93IjoiZjY5MmVhMiJ9\" href='https:\/\/deportecapital.com.ar\/wp-content\/uploads\/2025\/12\/7-2.jpg'><img loading=\"lazy\" width=\"1280\" height=\"853\" src=\"https:\/\/deportecapital.com.ar\/wp-content\/uploads\/2025\/12\/7-2.jpg\" class=\"attachment-full size-full\" alt=\"Patin Artistico\" srcset=\"https:\/\/deportecapital.com.ar\/wp-content\/uploads\/2025\/12\/7-2.jpg 1280w, https:\/\/deportecapital.com.ar\/wp-content\/uploads\/2025\/12\/7-2-300x200.jpg 300w, https:\/\/deportecapital.com.ar\/wp-content\/uploads\/2025\/12\/7-2-1024x682.jpg 1024w, https:\/\/deportecapital.com.ar\/wp-content\/uploads\/2025\/12\/7-2-768x512.jpg 768w\" sizes=\"auto, (max-width: 1280px) 100vw, 1280px\" loading=\"lazy\" decoding=\"async\" \/><\/a>\n\t\t\t<\/div><\/figure><figure class='gallery-item'>\n\t\t\t<div class='gallery-icon landscape'>\n\t\t\t\t<a data-elementor-open-lightbox=\"yes\" data-elementor-lightbox-slideshow=\"f692ea2\" data-elementor-lightbox-title=\"Patin Artistico\" data-e-action-hash=\"#elementor-action%3Aaction%3Dlightbox%26settings%3DeyJpZCI6NTUyNjUsInVybCI6Imh0dHBzOlwvXC9kZXBvcnRlY2FwaXRhbC5jb20uYXJcL3dwLWNvbnRlbnRcL3VwbG9hZHNcLzIwMjVcLzEyXC82LTIuanBnIiwic2xpZGVzaG93IjoiZjY5MmVhMiJ9\" href='https:\/\/deportecapital.com.ar\/wp-content\/uploads\/2025\/12\/6-2.jpg'><img loading=\"lazy\" width=\"1280\" height=\"853\" src=\"https:\/\/deportecapital.com.ar\/wp-content\/uploads\/2025\/12\/6-2.jpg\" class=\"attachment-full size-full\" alt=\"Patin Artistico\" srcset=\"https:\/\/deportecapital.com.ar\/wp-content\/uploads\/2025\/12\/6-2.jpg 1280w, https:\/\/deportecapital.com.ar\/wp-content\/uploads\/2025\/12\/6-2-300x200.jpg 300w, https:\/\/deportecapital.com.ar\/wp-content\/uploads\/2025\/12\/6-2-1024x682.jpg 1024w, https:\/\/deportecapital.com.ar\/wp-content\/uploads\/2025\/12\/6-2-768x512.jpg 768w\" sizes=\"auto, (max-width: 1280px) 100vw, 1280px\" loading=\"lazy\" decoding=\"async\" \/><\/a>\n\t\t\t<\/div><\/figure><figure class='gallery-item'>\n\t\t\t<div class='gallery-icon landscape'>\n\t\t\t\t<a data-elementor-open-lightbox=\"yes\" data-elementor-lightbox-slideshow=\"f692ea2\" data-elementor-lightbox-title=\"Patin Artistico\" data-e-action-hash=\"#elementor-action%3Aaction%3Dlightbox%26settings%3DeyJpZCI6NTUyNjQsInVybCI6Imh0dHBzOlwvXC9kZXBvcnRlY2FwaXRhbC5jb20uYXJcL3dwLWNvbnRlbnRcL3VwbG9hZHNcLzIwMjVcLzEyXC81LTQuanBnIiwic2xpZGVzaG93IjoiZjY5MmVhMiJ9\" href='https:\/\/deportecapital.com.ar\/wp-content\/uploads\/2025\/12\/5-4.jpg'><img loading=\"lazy\" width=\"1280\" height=\"853\" src=\"https:\/\/deportecapital.com.ar\/wp-content\/uploads\/2025\/12\/5-4.jpg\" class=\"attachment-full size-full\" alt=\"Patin Artistico\" srcset=\"https:\/\/deportecapital.com.ar\/wp-content\/uploads\/2025\/12\/5-4.jpg 1280w, https:\/\/deportecapital.com.ar\/wp-content\/uploads\/2025\/12\/5-4-300x200.jpg 300w, https:\/\/deportecapital.com.ar\/wp-content\/uploads\/2025\/12\/5-4-1024x682.jpg 1024w, https:\/\/deportecapital.com.ar\/wp-content\/uploads\/2025\/12\/5-4-768x512.jpg 768w\" sizes=\"auto, (max-width: 1280px) 100vw, 1280px\" loading=\"lazy\" decoding=\"async\" \/><\/a>\n\t\t\t<\/div><\/figure><figure class='gallery-item'>\n\t\t\t<div class='gallery-icon landscape'>\n\t\t\t\t<a data-elementor-open-lightbox=\"yes\" data-elementor-lightbox-slideshow=\"f692ea2\" data-elementor-lightbox-title=\"Patin Artistico\" data-e-action-hash=\"#elementor-action%3Aaction%3Dlightbox%26settings%3DeyJpZCI6NTUyNjMsInVybCI6Imh0dHBzOlwvXC9kZXBvcnRlY2FwaXRhbC5jb20uYXJcL3dwLWNvbnRlbnRcL3VwbG9hZHNcLzIwMjVcLzEyXC80LTcuanBnIiwic2xpZGVzaG93IjoiZjY5MmVhMiJ9\" href='https:\/\/deportecapital.com.ar\/wp-content\/uploads\/2025\/12\/4-7.jpg'><img loading=\"lazy\" width=\"1280\" height=\"853\" src=\"https:\/\/deportecapital.com.ar\/wp-content\/uploads\/2025\/12\/4-7.jpg\" class=\"attachment-full size-full\" alt=\"Patin Artistico\" srcset=\"https:\/\/deportecapital.com.ar\/wp-content\/uploads\/2025\/12\/4-7.jpg 1280w, https:\/\/deportecapital.com.ar\/wp-content\/uploads\/2025\/12\/4-7-300x200.jpg 300w, https:\/\/deportecapital.com.ar\/wp-content\/uploads\/2025\/12\/4-7-1024x682.jpg 1024w, https:\/\/deportecapital.com.ar\/wp-content\/uploads\/2025\/12\/4-7-768x512.jpg 768w\" sizes=\"auto, (max-width: 1280px) 100vw, 1280px\" loading=\"lazy\" decoding=\"async\" \/><\/a>\n\t\t\t<\/div><\/figure><figure class='gallery-item'>\n\t\t\t<div class='gallery-icon landscape'>\n\t\t\t\t<a data-elementor-open-lightbox=\"yes\" data-elementor-lightbox-slideshow=\"f692ea2\" data-elementor-lightbox-title=\"Patin Artistico\" data-e-action-hash=\"#elementor-action%3Aaction%3Dlightbox%26settings%3DeyJpZCI6NTUyNjIsInVybCI6Imh0dHBzOlwvXC9kZXBvcnRlY2FwaXRhbC5jb20uYXJcL3dwLWNvbnRlbnRcL3VwbG9hZHNcLzIwMjVcLzEyXC8zLTkuanBnIiwic2xpZGVzaG93IjoiZjY5MmVhMiJ9\" href='https:\/\/deportecapital.com.ar\/wp-content\/uploads\/2025\/12\/3-9.jpg'><img loading=\"lazy\" width=\"1280\" height=\"853\" src=\"https:\/\/deportecapital.com.ar\/wp-content\/uploads\/2025\/12\/3-9.jpg\" class=\"attachment-full size-full\" alt=\"Patin Artistico\" srcset=\"https:\/\/deportecapital.com.ar\/wp-content\/uploads\/2025\/12\/3-9.jpg 1280w, https:\/\/deportecapital.com.ar\/wp-content\/uploads\/2025\/12\/3-9-300x200.jpg 300w, https:\/\/deportecapital.com.ar\/wp-content\/uploads\/2025\/12\/3-9-1024x682.jpg 1024w, https:\/\/deportecapital.com.ar\/wp-content\/uploads\/2025\/12\/3-9-768x512.jpg 768w\" sizes=\"auto, (max-width: 1280px) 100vw, 1280px\" loading=\"lazy\" decoding=\"async\" \/><\/a>\n\t\t\t<\/div><\/figure><figure class='gallery-item'>\n\t\t\t<div class='gallery-icon landscape'>\n\t\t\t\t<a data-elementor-open-lightbox=\"yes\" data-elementor-lightbox-slideshow=\"f692ea2\" data-elementor-lightbox-title=\"Patin Artistico\" data-e-action-hash=\"#elementor-action%3Aaction%3Dlightbox%26settings%3DeyJpZCI6NTUyNjEsInVybCI6Imh0dHBzOlwvXC9kZXBvcnRlY2FwaXRhbC5jb20uYXJcL3dwLWNvbnRlbnRcL3VwbG9hZHNcLzIwMjVcLzEyXC8yLTkuanBnIiwic2xpZGVzaG93IjoiZjY5MmVhMiJ9\" href='https:\/\/deportecapital.com.ar\/wp-content\/uploads\/2025\/12\/2-9.jpg'><img loading=\"lazy\" width=\"1280\" height=\"853\" src=\"https:\/\/deportecapital.com.ar\/wp-content\/uploads\/2025\/12\/2-9.jpg\" class=\"attachment-full size-full\" alt=\"Patin Artistico\" srcset=\"https:\/\/deportecapital.com.ar\/wp-content\/uploads\/2025\/12\/2-9.jpg 1280w, https:\/\/deportecapital.com.ar\/wp-content\/uploads\/2025\/12\/2-9-300x200.jpg 300w, https:\/\/deportecapital.com.ar\/wp-content\/uploads\/2025\/12\/2-9-1024x682.jpg 1024w, https:\/\/deportecapital.com.ar\/wp-content\/uploads\/2025\/12\/2-9-768x512.jpg 768w\" sizes=\"auto, (max-width: 1280px) 100vw, 1280px\" loading=\"lazy\" decoding=\"async\" \/><\/a>\n\t\t\t<\/div><\/figure>\n\t\t<\/div>\n\t\t<\/div>\n\t\t\t\t\t\t<\/div>\n\t\t\t\t<\/div>\n\t\t\t\t\t<\/div>\n\t\t\t\t<\/div>\n\t\t\t\t<\/div>\n\t\t","protected":false},"excerpt":{"rendered":"<p>En el gimnasio del colegio Marcelino Catr\u00f3n se desarroll\u00f3 el s\u00e1bado pasado la Fiesta de&#8230;<\/p>\n","protected":false},"author":3,"featured_media":55264,"comment_status":"closed","ping_status":"open","sticky":false,"template":"","format":"standard","meta":{"footnotes":""},"categories":[36],"tags":[],"class_list":["post-55259","post","type-post","status-publish","format-standard","has-post-thumbnail","hentry","category-patin-artistico"],"yoast_head":"<!-- This site is optimized with the Yoast SEO plugin v27.5 - https:\/\/yoast.com\/product\/yoast-seo-wordpress\/ -->\n<title>Gala Anual del Pat\u00edn - Deporte Capital<\/title>\n<meta name=\"robots\" content=\"index, follow, max-snippet:-1, max-image-preview:large, max-video-preview:-1\" \/>\n<link rel=\"canonical\" href=\"https:\/\/deportecapital.com.ar\/index.php\/2025\/12\/27\/gala-anual-del-patin\/\" \/>\n<meta property=\"og:locale\" content=\"es_ES\" \/>\n<meta property=\"og:type\" content=\"article\" \/>\n<meta property=\"og:title\" content=\"Gala Anual del Pat\u00edn - Deporte Capital\" \/>\n<meta property=\"og:description\" content=\"En el gimnasio del colegio Marcelino Catr\u00f3n se desarroll\u00f3 el s\u00e1bado pasado la Fiesta de...\" \/>\n<meta property=\"og:url\" content=\"https:\/\/deportecapital.com.ar\/index.php\/2025\/12\/27\/gala-anual-del-patin\/\" \/>\n<meta property=\"og:site_name\" content=\"Deporte Capital\" \/>\n<meta property=\"article:published_time\" content=\"2025-12-27T01:20:31+00:00\" \/>\n<meta property=\"article:modified_time\" content=\"2025-12-28T01:54:08+00:00\" \/>\n<meta property=\"og:image\" content=\"https:\/\/deportecapital.com.ar\/wp-content\/uploads\/2025\/12\/5-4.jpg\" \/>\n\t<meta property=\"og:image:width\" content=\"1280\" \/>\n\t<meta property=\"og:image:height\" content=\"853\" \/>\n\t<meta property=\"og:image:type\" content=\"image\/jpeg\" \/>\n<meta name=\"author\" content=\"Emilio Manrique\" \/>\n<meta name=\"twitter:card\" content=\"summary_large_image\" \/>\n<meta name=\"twitter:label1\" content=\"Escrito por\" \/>\n\t<meta name=\"twitter:data1\" content=\"Emilio Manrique\" \/>\n\t<meta name=\"twitter:label2\" content=\"Tiempo de lectura\" \/>\n\t<meta name=\"twitter:data2\" content=\"3 minutos\" \/>\n<script type=\"application\/ld+json\" class=\"yoast-schema-graph\">{\"@context\":\"https:\\\/\\\/schema.org\",\"@graph\":[{\"@type\":\"Article\",\"@id\":\"https:\\\/\\\/deportecapital.com.ar\\\/index.php\\\/2025\\\/12\\\/27\\\/gala-anual-del-patin\\\/#article\",\"isPartOf\":{\"@id\":\"https:\\\/\\\/deportecapital.com.ar\\\/index.php\\\/2025\\\/12\\\/27\\\/gala-anual-del-patin\\\/\"},\"author\":{\"name\":\"Emilio Manrique\",\"@id\":\"https:\\\/\\\/deportecapital.com.ar\\\/#\\\/schema\\\/person\\\/9cd40456048dd30733b1d6749eca5de8\"},\"headline\":\"Gala Anual del Pat\u00edn\",\"datePublished\":\"2025-12-27T01:20:31+00:00\",\"dateModified\":\"2025-12-28T01:54:08+00:00\",\"mainEntityOfPage\":{\"@id\":\"https:\\\/\\\/deportecapital.com.ar\\\/index.php\\\/2025\\\/12\\\/27\\\/gala-anual-del-patin\\\/\"},\"wordCount\":158,\"publisher\":{\"@id\":\"https:\\\/\\\/deportecapital.com.ar\\\/#organization\"},\"image\":{\"@id\":\"https:\\\/\\\/deportecapital.com.ar\\\/index.php\\\/2025\\\/12\\\/27\\\/gala-anual-del-patin\\\/#primaryimage\"},\"thumbnailUrl\":\"https:\\\/\\\/deportecapital.com.ar\\\/wp-content\\\/uploads\\\/2025\\\/12\\\/5-4.jpg\",\"articleSection\":[\"Patin Artistico\"],\"inLanguage\":\"es-AR\"},{\"@type\":\"WebPage\",\"@id\":\"https:\\\/\\\/deportecapital.com.ar\\\/index.php\\\/2025\\\/12\\\/27\\\/gala-anual-del-patin\\\/\",\"url\":\"https:\\\/\\\/deportecapital.com.ar\\\/index.php\\\/2025\\\/12\\\/27\\\/gala-anual-del-patin\\\/\",\"name\":\"Gala Anual del Pat\u00edn - Deporte Capital\",\"isPartOf\":{\"@id\":\"https:\\\/\\\/deportecapital.com.ar\\\/#website\"},\"primaryImageOfPage\":{\"@id\":\"https:\\\/\\\/deportecapital.com.ar\\\/index.php\\\/2025\\\/12\\\/27\\\/gala-anual-del-patin\\\/#primaryimage\"},\"image\":{\"@id\":\"https:\\\/\\\/deportecapital.com.ar\\\/index.php\\\/2025\\\/12\\\/27\\\/gala-anual-del-patin\\\/#primaryimage\"},\"thumbnailUrl\":\"https:\\\/\\\/deportecapital.com.ar\\\/wp-content\\\/uploads\\\/2025\\\/12\\\/5-4.jpg\",\"datePublished\":\"2025-12-27T01:20:31+00:00\",\"dateModified\":\"2025-12-28T01:54:08+00:00\",\"breadcrumb\":{\"@id\":\"https:\\\/\\\/deportecapital.com.ar\\\/index.php\\\/2025\\\/12\\\/27\\\/gala-anual-del-patin\\\/#breadcrumb\"},\"inLanguage\":\"es-AR\",\"potentialAction\":[{\"@type\":\"ReadAction\",\"target\":[\"https:\\\/\\\/deportecapital.com.ar\\\/index.php\\\/2025\\\/12\\\/27\\\/gala-anual-del-patin\\\/\"]}]},{\"@type\":\"ImageObject\",\"inLanguage\":\"es-AR\",\"@id\":\"https:\\\/\\\/deportecapital.com.ar\\\/index.php\\\/2025\\\/12\\\/27\\\/gala-anual-del-patin\\\/#primaryimage\",\"url\":\"https:\\\/\\\/deportecapital.com.ar\\\/wp-content\\\/uploads\\\/2025\\\/12\\\/5-4.jpg\",\"contentUrl\":\"https:\\\/\\\/deportecapital.com.ar\\\/wp-content\\\/uploads\\\/2025\\\/12\\\/5-4.jpg\",\"width\":1280,\"height\":853},{\"@type\":\"BreadcrumbList\",\"@id\":\"https:\\\/\\\/deportecapital.com.ar\\\/index.php\\\/2025\\\/12\\\/27\\\/gala-anual-del-patin\\\/#breadcrumb\",\"itemListElement\":[{\"@type\":\"ListItem\",\"position\":1,\"name\":\"Inicio\",\"item\":\"https:\\\/\\\/deportecapital.com.ar\\\/\"},{\"@type\":\"ListItem\",\"position\":2,\"name\":\"Gala Anual del Pat\u00edn\"}]},{\"@type\":\"WebSite\",\"@id\":\"https:\\\/\\\/deportecapital.com.ar\\\/#website\",\"url\":\"https:\\\/\\\/deportecapital.com.ar\\\/\",\"name\":\"Deporte Capital\",\"description\":\"Diario digital con todo el deporte de La Pampa y alrededores.\",\"publisher\":{\"@id\":\"https:\\\/\\\/deportecapital.com.ar\\\/#organization\"},\"potentialAction\":[{\"@type\":\"SearchAction\",\"target\":{\"@type\":\"EntryPoint\",\"urlTemplate\":\"https:\\\/\\\/deportecapital.com.ar\\\/?s={search_term_string}\"},\"query-input\":{\"@type\":\"PropertyValueSpecification\",\"valueRequired\":true,\"valueName\":\"search_term_string\"}}],\"inLanguage\":\"es-AR\"},{\"@type\":\"Organization\",\"@id\":\"https:\\\/\\\/deportecapital.com.ar\\\/#organization\",\"name\":\"Deporte Capital\",\"url\":\"https:\\\/\\\/deportecapital.com.ar\\\/\",\"logo\":{\"@type\":\"ImageObject\",\"inLanguage\":\"es-AR\",\"@id\":\"https:\\\/\\\/deportecapital.com.ar\\\/#\\\/schema\\\/logo\\\/image\\\/\",\"url\":\"https:\\\/\\\/deportecapital.com.ar\\\/wp-content\\\/uploads\\\/2025\\\/06\\\/logo-deportecapital_white-1.png\",\"contentUrl\":\"https:\\\/\\\/deportecapital.com.ar\\\/wp-content\\\/uploads\\\/2025\\\/06\\\/logo-deportecapital_white-1.png\",\"width\":243,\"height\":111,\"caption\":\"Deporte Capital\"},\"image\":{\"@id\":\"https:\\\/\\\/deportecapital.com.ar\\\/#\\\/schema\\\/logo\\\/image\\\/\"}},{\"@type\":\"Person\",\"@id\":\"https:\\\/\\\/deportecapital.com.ar\\\/#\\\/schema\\\/person\\\/9cd40456048dd30733b1d6749eca5de8\",\"name\":\"Emilio Manrique\",\"image\":{\"@type\":\"ImageObject\",\"inLanguage\":\"es-AR\",\"@id\":\"https:\\\/\\\/secure.gravatar.com\\\/avatar\\\/005c696496b156e30819f271efdd20348da8f41b5d5653680fd363162bbeb3bb?s=96&d=mm&r=g\",\"url\":\"https:\\\/\\\/secure.gravatar.com\\\/avatar\\\/005c696496b156e30819f271efdd20348da8f41b5d5653680fd363162bbeb3bb?s=96&d=mm&r=g\",\"contentUrl\":\"https:\\\/\\\/secure.gravatar.com\\\/avatar\\\/005c696496b156e30819f271efdd20348da8f41b5d5653680fd363162bbeb3bb?s=96&d=mm&r=g\",\"caption\":\"Emilio Manrique\"},\"url\":\"https:\\\/\\\/deportecapital.com.ar\\\/index.php\\\/author\\\/emilio-manrique\\\/\"}]}<\/script>\n<!-- \/ Yoast SEO plugin. -->","yoast_head_json":{"title":"Gala Anual del Pat\u00edn - Deporte Capital","robots":{"index":"index","follow":"follow","max-snippet":"max-snippet:-1","max-image-preview":"max-image-preview:large","max-video-preview":"max-video-preview:-1"},"canonical":"https:\/\/deportecapital.com.ar\/index.php\/2025\/12\/27\/gala-anual-del-patin\/","og_locale":"es_ES","og_type":"article","og_title":"Gala Anual del Pat\u00edn - Deporte Capital","og_description":"En el gimnasio del colegio Marcelino Catr\u00f3n se desarroll\u00f3 el s\u00e1bado pasado la Fiesta de...","og_url":"https:\/\/deportecapital.com.ar\/index.php\/2025\/12\/27\/gala-anual-del-patin\/","og_site_name":"Deporte Capital","article_published_time":"2025-12-27T01:20:31+00:00","article_modified_time":"2025-12-28T01:54:08+00:00","og_image":[{"width":1280,"height":853,"url":"https:\/\/deportecapital.com.ar\/wp-content\/uploads\/2025\/12\/5-4.jpg","type":"image\/jpeg"}],"author":"Emilio Manrique","twitter_card":"summary_large_image","twitter_misc":{"Escrito por":"Emilio Manrique","Tiempo de lectura":"3 minutos"},"schema":{"@context":"https:\/\/schema.org","@graph":[{"@type":"Article","@id":"https:\/\/deportecapital.com.ar\/index.php\/2025\/12\/27\/gala-anual-del-patin\/#article","isPartOf":{"@id":"https:\/\/deportecapital.com.ar\/index.php\/2025\/12\/27\/gala-anual-del-patin\/"},"author":{"name":"Emilio Manrique","@id":"https:\/\/deportecapital.com.ar\/#\/schema\/person\/9cd40456048dd30733b1d6749eca5de8"},"headline":"Gala Anual del Pat\u00edn","datePublished":"2025-12-27T01:20:31+00:00","dateModified":"2025-12-28T01:54:08+00:00","mainEntityOfPage":{"@id":"https:\/\/deportecapital.com.ar\/index.php\/2025\/12\/27\/gala-anual-del-patin\/"},"wordCount":158,"publisher":{"@id":"https:\/\/deportecapital.com.ar\/#organization"},"image":{"@id":"https:\/\/deportecapital.com.ar\/index.php\/2025\/12\/27\/gala-anual-del-patin\/#primaryimage"},"thumbnailUrl":"https:\/\/deportecapital.com.ar\/wp-content\/uploads\/2025\/12\/5-4.jpg","articleSection":["Patin Artistico"],"inLanguage":"es-AR"},{"@type":"WebPage","@id":"https:\/\/deportecapital.com.ar\/index.php\/2025\/12\/27\/gala-anual-del-patin\/","url":"https:\/\/deportecapital.com.ar\/index.php\/2025\/12\/27\/gala-anual-del-patin\/","name":"Gala Anual del Pat\u00edn - Deporte Capital","isPartOf":{"@id":"https:\/\/deportecapital.com.ar\/#website"},"primaryImageOfPage":{"@id":"https:\/\/deportecapital.com.ar\/index.php\/2025\/12\/27\/gala-anual-del-patin\/#primaryimage"},"image":{"@id":"https:\/\/deportecapital.com.ar\/index.php\/2025\/12\/27\/gala-anual-del-patin\/#primaryimage"},"thumbnailUrl":"https:\/\/deportecapital.com.ar\/wp-content\/uploads\/2025\/12\/5-4.jpg","datePublished":"2025-12-27T01:20:31+00:00","dateModified":"2025-12-28T01:54:08+00:00","breadcrumb":{"@id":"https:\/\/deportecapital.com.ar\/index.php\/2025\/12\/27\/gala-anual-del-patin\/#breadcrumb"},"inLanguage":"es-AR","potentialAction":[{"@type":"ReadAction","target":["https:\/\/deportecapital.com.ar\/index.php\/2025\/12\/27\/gala-anual-del-patin\/"]}]},{"@type":"ImageObject","inLanguage":"es-AR","@id":"https:\/\/deportecapital.com.ar\/index.php\/2025\/12\/27\/gala-anual-del-patin\/#primaryimage","url":"https:\/\/deportecapital.com.ar\/wp-content\/uploads\/2025\/12\/5-4.jpg","contentUrl":"https:\/\/deportecapital.com.ar\/wp-content\/uploads\/2025\/12\/5-4.jpg","width":1280,"height":853},{"@type":"BreadcrumbList","@id":"https:\/\/deportecapital.com.ar\/index.php\/2025\/12\/27\/gala-anual-del-patin\/#breadcrumb","itemListElement":[{"@type":"ListItem","position":1,"name":"Inicio","item":"https:\/\/deportecapital.com.ar\/"},{"@type":"ListItem","position":2,"name":"Gala Anual del Pat\u00edn"}]},{"@type":"WebSite","@id":"https:\/\/deportecapital.com.ar\/#website","url":"https:\/\/deportecapital.com.ar\/","name":"Deporte Capital","description":"Diario digital con todo el deporte de La Pampa y alrededores.","publisher":{"@id":"https:\/\/deportecapital.com.ar\/#organization"},"potentialAction":[{"@type":"SearchAction","target":{"@type":"EntryPoint","urlTemplate":"https:\/\/deportecapital.com.ar\/?s={search_term_string}"},"query-input":{"@type":"PropertyValueSpecification","valueRequired":true,"valueName":"search_term_string"}}],"inLanguage":"es-AR"},{"@type":"Organization","@id":"https:\/\/deportecapital.com.ar\/#organization","name":"Deporte Capital","url":"https:\/\/deportecapital.com.ar\/","logo":{"@type":"ImageObject","inLanguage":"es-AR","@id":"https:\/\/deportecapital.com.ar\/#\/schema\/logo\/image\/","url":"https:\/\/deportecapital.com.ar\/wp-content\/uploads\/2025\/06\/logo-deportecapital_white-1.png","contentUrl":"https:\/\/deportecapital.com.ar\/wp-content\/uploads\/2025\/06\/logo-deportecapital_white-1.png","width":243,"height":111,"caption":"Deporte Capital"},"image":{"@id":"https:\/\/deportecapital.com.ar\/#\/schema\/logo\/image\/"}},{"@type":"Person","@id":"https:\/\/deportecapital.com.ar\/#\/schema\/person\/9cd40456048dd30733b1d6749eca5de8","name":"Emilio Manrique","image":{"@type":"ImageObject","inLanguage":"es-AR","@id":"https:\/\/secure.gravatar.com\/avatar\/005c696496b156e30819f271efdd20348da8f41b5d5653680fd363162bbeb3bb?s=96&d=mm&r=g","url":"https:\/\/secure.gravatar.com\/avatar\/005c696496b156e30819f271efdd20348da8f41b5d5653680fd363162bbeb3bb?s=96&d=mm&r=g","contentUrl":"https:\/\/secure.gravatar.com\/avatar\/005c696496b156e30819f271efdd20348da8f41b5d5653680fd363162bbeb3bb?s=96&d=mm&r=g","caption":"Emilio Manrique"},"url":"https:\/\/deportecapital.com.ar\/index.php\/author\/emilio-manrique\/"}]}},"rttpg_featured_image_url":{"full":["https:\/\/deportecapital.com.ar\/wp-content\/uploads\/2025\/12\/5-4.jpg",1280,853,false],"landscape":["https:\/\/deportecapital.com.ar\/wp-content\/uploads\/2025\/12\/5-4.jpg",1280,853,false],"portraits":["https:\/\/deportecapital.com.ar\/wp-content\/uploads\/2025\/12\/5-4.jpg",1280,853,false],"thumbnail":["https:\/\/deportecapital.com.ar\/wp-content\/uploads\/2025\/12\/5-4-150x150.jpg",150,150,true],"medium":["https:\/\/deportecapital.com.ar\/wp-content\/uploads\/2025\/12\/5-4-300x200.jpg",300,200,true],"large":["https:\/\/deportecapital.com.ar\/wp-content\/uploads\/2025\/12\/5-4-1024x682.jpg",640,426,true],"1536x1536":["https:\/\/deportecapital.com.ar\/wp-content\/uploads\/2025\/12\/5-4.jpg",1280,853,false],"2048x2048":["https:\/\/deportecapital.com.ar\/wp-content\/uploads\/2025\/12\/5-4.jpg",1280,853,false],"covernews-slider-full":["https:\/\/deportecapital.com.ar\/wp-content\/uploads\/2025\/12\/5-4-1115x715.jpg",1115,715,true],"covernews-slider-center":["https:\/\/deportecapital.com.ar\/wp-content\/uploads\/2025\/12\/5-4-800x500.jpg",800,500,true],"covernews-featured":["https:\/\/deportecapital.com.ar\/wp-content\/uploads\/2025\/12\/5-4-1024x682.jpg",1024,682,true],"covernews-medium":["https:\/\/deportecapital.com.ar\/wp-content\/uploads\/2025\/12\/5-4-540x340.jpg",540,340,true],"covernews-medium-square":["https:\/\/deportecapital.com.ar\/wp-content\/uploads\/2025\/12\/5-4-400x250.jpg",400,250,true]},"rttpg_author":{"display_name":"Emilio Manrique","author_link":"https:\/\/deportecapital.com.ar\/index.php\/author\/emilio-manrique\/"},"rttpg_comment":0,"rttpg_category":"<a href=\"https:\/\/deportecapital.com.ar\/index.php\/category\/patin-artistico\/\" rel=\"category tag\">Patin Artistico<\/a>","rttpg_excerpt":"En el gimnasio del colegio Marcelino Catr\u00f3n se desarroll\u00f3 el s\u00e1bado pasado la Fiesta de...","_links":{"self":[{"href":"https:\/\/deportecapital.com.ar\/index.php\/wp-json\/wp\/v2\/posts\/55259","targetHints":{"allow":["GET"]}}],"collection":[{"href":"https:\/\/deportecapital.com.ar\/index.php\/wp-json\/wp\/v2\/posts"}],"about":[{"href":"https:\/\/deportecapital.com.ar\/index.php\/wp-json\/wp\/v2\/types\/post"}],"author":[{"embeddable":true,"href":"https:\/\/deportecapital.com.ar\/index.php\/wp-json\/wp\/v2\/users\/3"}],"replies":[{"embeddable":true,"href":"https:\/\/deportecapital.com.ar\/index.php\/wp-json\/wp\/v2\/comments?post=55259"}],"version-history":[{"count":5,"href":"https:\/\/deportecapital.com.ar\/index.php\/wp-json\/wp\/v2\/posts\/55259\/revisions"}],"predecessor-version":[{"id":55273,"href":"https:\/\/deportecapital.com.ar\/index.php\/wp-json\/wp\/v2\/posts\/55259\/revisions\/55273"}],"wp:featuredmedia":[{"embeddable":true,"href":"https:\/\/deportecapital.com.ar\/index.php\/wp-json\/wp\/v2\/media\/55264"}],"wp:attachment":[{"href":"https:\/\/deportecapital.com.ar\/index.php\/wp-json\/wp\/v2\/media?parent=55259"}],"wp:term":[{"taxonomy":"category","embeddable":true,"href":"https:\/\/deportecapital.com.ar\/index.php\/wp-json\/wp\/v2\/categories?post=55259"},{"taxonomy":"post_tag","embeddable":true,"href":"https:\/\/deportecapital.com.ar\/index.php\/wp-json\/wp\/v2\/tags?post=55259"}],"curies":[{"name":"wp","href":"https:\/\/api.w.org\/{rel}","templated":true}]}}