{"id":55307,"date":"2026-01-04T23:42:17","date_gmt":"2026-01-04T23:42:17","guid":{"rendered":"https:\/\/deportecapital.com.ar\/?p=55307"},"modified":"2026-01-10T01:42:10","modified_gmt":"2026-01-10T01:42:10","slug":"el-ajedrez-en-la-primera-del-ano","status":"publish","type":"post","link":"https:\/\/deportecapital.com.ar\/index.php\/2026\/01\/04\/el-ajedrez-en-la-primera-del-ano\/","title":{"rendered":"El ajedrez, en la primera del a\u00f1o"},"content":{"rendered":"\t\t<div data-elementor-type=\"wp-post\" data-elementor-id=\"55307\" class=\"elementor elementor-55307\">\n\t\t\t\t<div class=\"elementor-element elementor-element-15b9776d e-flex e-con-boxed e-con e-parent\" data-id=\"15b9776d\" data-element_type=\"container\" data-e-type=\"container\">\n\t\t\t\t\t<div class=\"e-con-inner\">\n\t\t\t\t<div class=\"elementor-element elementor-element-7ec8d5f4 elementor-widget elementor-widget-text-editor\" data-id=\"7ec8d5f4\" data-element_type=\"widget\" data-e-type=\"widget\" data-widget_type=\"text-editor.default\">\n\t\t\t\t<div class=\"elementor-widget-container\">\n\t\t\t\t\t\t\t\t\t<p>El viernes pasado el <strong>Club Social El C\u00edrculo<\/strong> fue sede de la fecha inaugural del <strong>Circuito Grand Prix de Partidas R\u00e1pidas de 2026<\/strong>.<\/p><p>\u00a0<\/p><p>El encuentro reuni\u00f3 a 36 jugadores de distintas edades y niveles, que disputaron un certamen de siete rondas bajo el sistema suizo, a un ritmo de 12 minutos m\u00e1s 3 segundos de incremento por jugada.<\/p><p>En la categor\u00eda general, luego de un torneo muy disputado y de gran nivel desplegado, <em>Joaqu\u00edn Llanos<\/em> se subi\u00f3 a lo m\u00e1s alto del podio de manera invicta acumulando seis victorias consecutivas y un empate en la \u00faltima ronda frente a <em>Emmanuel<\/em> <em>Ranalli<\/em>.<\/p><p>El segundo lugar en el podio lo ocup\u00f3 <em>Lautaro Lugones<\/em> con seis puntos, mientras que el tercer lugar fue para <em>Guillermo Urbieta<\/em> con cinco puntos.<\/p><p>En la categor\u00eda Cadetes, y con una gran actuaci\u00f3n, <em>Tob\u00edas Abbona<\/em> se ubic\u00f3 en el primer puesto al sumar cuatro puntos y medio. Lo acompa\u00f1aron en el podio, con cuatro puntos cada uno, <em>Rub\u00e9n Vera<\/em> y <em>Tahiel<\/em> <em>Alarc\u00f3n<\/em>.<\/p><p><em>Valentino Bengolea<\/em> se alz\u00f3 con el primer puesto en la categor\u00eda Infantiles tras sumar tres unidades. El podio lo completaron <em>Francisco<\/em> <em>Fritz<\/em>, en segundo lugar, y <em>Emiliano<\/em> <em>Gauna<\/em>, quien obtuvo la tercera posici\u00f3n.<\/p><p><em>Sof\u00eda Ponce<\/em> tambi\u00e9n disput\u00f3 un gran torneo. Consigui\u00f3 cuatro puntos y medio, lo que le permiti\u00f3 quedarse con el primer lugar en categor\u00eda femenina y conseguir un octavo puesto en la general. <em>Hilda<\/em> <em>Tessari<\/em>, con tres puntos, la acompa\u00f1\u00f3 en el podio.<\/p><p>El reconocimiento al Mejor Supra 60 fue para <em>Antonio<\/em> <em>Fern\u00e1ndez<\/em>, quien sum\u00f3 cuatro puntos y medio y ocup\u00f3 el s\u00e9ptimo puesto en la clasificaci\u00f3n general.<\/p><p>La terna arbitral estuvo integrada por el AN <em>Nelson Flores<\/em> y AR <em>Kevin<\/em> <em>Garc\u00eda<\/em>.<\/p><p><strong>Datos: CASR<\/strong><\/p>\t\t\t\t\t\t\t\t<\/div>\n\t\t\t\t<\/div>\n\t\t\t\t\t<\/div>\n\t\t\t\t<\/div>\n\t\t<div class=\"elementor-element elementor-element-d3669c4 e-flex e-con-boxed e-con e-parent\" data-id=\"d3669c4\" data-element_type=\"container\" data-e-type=\"container\">\n\t\t\t\t\t<div class=\"e-con-inner\">\n\t\t\t\t<div class=\"elementor-element elementor-element-2fcd7b0 elementor-widget elementor-widget-image-gallery\" data-id=\"2fcd7b0\" data-element_type=\"widget\" data-e-type=\"widget\" data-widget_type=\"image-gallery.default\">\n\t\t\t\t<div class=\"elementor-widget-container\">\n\t\t\t\t\t\t\t<div class=\"elementor-image-gallery\">\n\t\t\t<div id='gallery-1' class='gallery galleryid-55307 gallery-columns-3 gallery-size-full'><figure class='gallery-item'>\n\t\t\t<div class='gallery-icon portrait'>\n\t\t\t\t<a data-elementor-open-lightbox=\"yes\" data-elementor-lightbox-slideshow=\"2fcd7b0\" data-elementor-lightbox-title=\"Ajedrez\" data-e-action-hash=\"#elementor-action%3Aaction%3Dlightbox%26settings%3DeyJpZCI6NTUzMDgsInVybCI6Imh0dHBzOlwvXC9kZXBvcnRlY2FwaXRhbC5jb20uYXJcL3dwLWNvbnRlbnRcL3VwbG9hZHNcLzIwMjZcLzAxXC9MTEFOT1MtMS5qcGciLCJzbGlkZXNob3ciOiIyZmNkN2IwIn0%3D\" href='https:\/\/deportecapital.com.ar\/wp-content\/uploads\/2026\/01\/LLANOS-1.jpg'><img loading=\"lazy\" width=\"1200\" height=\"1500\" src=\"https:\/\/deportecapital.com.ar\/wp-content\/uploads\/2026\/01\/LLANOS-1.jpg\" class=\"attachment-full size-full\" alt=\"Ajedrez\" srcset=\"https:\/\/deportecapital.com.ar\/wp-content\/uploads\/2026\/01\/LLANOS-1.jpg 1200w, https:\/\/deportecapital.com.ar\/wp-content\/uploads\/2026\/01\/LLANOS-1-240x300.jpg 240w, https:\/\/deportecapital.com.ar\/wp-content\/uploads\/2026\/01\/LLANOS-1-819x1024.jpg 819w, https:\/\/deportecapital.com.ar\/wp-content\/uploads\/2026\/01\/LLANOS-1-768x960.jpg 768w, https:\/\/deportecapital.com.ar\/wp-content\/uploads\/2026\/01\/LLANOS-1-1024x1280.jpg 1024w\" sizes=\"auto, (max-width: 1200px) 100vw, 1200px\" loading=\"lazy\" decoding=\"async\" \/><\/a>\n\t\t\t<\/div><\/figure><figure class='gallery-item'>\n\t\t\t<div class='gallery-icon landscape'>\n\t\t\t\t<a data-elementor-open-lightbox=\"yes\" data-elementor-lightbox-slideshow=\"2fcd7b0\" data-elementor-lightbox-title=\"Ajedrez\" data-e-action-hash=\"#elementor-action%3Aaction%3Dlightbox%26settings%3DeyJpZCI6NTUzMTIsInVybCI6Imh0dHBzOlwvXC9kZXBvcnRlY2FwaXRhbC5jb20uYXJcL3dwLWNvbnRlbnRcL3VwbG9hZHNcLzIwMjZcLzAxXC9MTEFOT1MtNS5qcGciLCJzbGlkZXNob3ciOiIyZmNkN2IwIn0%3D\" href='https:\/\/deportecapital.com.ar\/wp-content\/uploads\/2026\/01\/LLANOS-5.jpg'><img loading=\"lazy\" width=\"1600\" height=\"1200\" src=\"https:\/\/deportecapital.com.ar\/wp-content\/uploads\/2026\/01\/LLANOS-5.jpg\" class=\"attachment-full size-full\" alt=\"Ajedrez\" srcset=\"https:\/\/deportecapital.com.ar\/wp-content\/uploads\/2026\/01\/LLANOS-5.jpg 1600w, https:\/\/deportecapital.com.ar\/wp-content\/uploads\/2026\/01\/LLANOS-5-300x225.jpg 300w, https:\/\/deportecapital.com.ar\/wp-content\/uploads\/2026\/01\/LLANOS-5-1024x768.jpg 1024w, https:\/\/deportecapital.com.ar\/wp-content\/uploads\/2026\/01\/LLANOS-5-768x576.jpg 768w, https:\/\/deportecapital.com.ar\/wp-content\/uploads\/2026\/01\/LLANOS-5-1536x1152.jpg 1536w\" sizes=\"auto, (max-width: 1600px) 100vw, 1600px\" loading=\"lazy\" decoding=\"async\" \/><\/a>\n\t\t\t<\/div><\/figure><figure class='gallery-item'>\n\t\t\t<div class='gallery-icon portrait'>\n\t\t\t\t<a data-elementor-open-lightbox=\"yes\" data-elementor-lightbox-slideshow=\"2fcd7b0\" data-elementor-lightbox-title=\"Ajedrez\" data-e-action-hash=\"#elementor-action%3Aaction%3Dlightbox%26settings%3DeyJpZCI6NTUzMTEsInVybCI6Imh0dHBzOlwvXC9kZXBvcnRlY2FwaXRhbC5jb20uYXJcL3dwLWNvbnRlbnRcL3VwbG9hZHNcLzIwMjZcLzAxXC9MTEFOT1MtNC5qcGciLCJzbGlkZXNob3ciOiIyZmNkN2IwIn0%3D\" href='https:\/\/deportecapital.com.ar\/wp-content\/uploads\/2026\/01\/LLANOS-4.jpg'><img loading=\"lazy\" width=\"1638\" height=\"2048\" src=\"https:\/\/deportecapital.com.ar\/wp-content\/uploads\/2026\/01\/LLANOS-4.jpg\" class=\"attachment-full size-full\" alt=\"Ajedrez\" srcset=\"https:\/\/deportecapital.com.ar\/wp-content\/uploads\/2026\/01\/LLANOS-4.jpg 1638w, https:\/\/deportecapital.com.ar\/wp-content\/uploads\/2026\/01\/LLANOS-4-240x300.jpg 240w, https:\/\/deportecapital.com.ar\/wp-content\/uploads\/2026\/01\/LLANOS-4-819x1024.jpg 819w, https:\/\/deportecapital.com.ar\/wp-content\/uploads\/2026\/01\/LLANOS-4-768x960.jpg 768w, https:\/\/deportecapital.com.ar\/wp-content\/uploads\/2026\/01\/LLANOS-4-1229x1536.jpg 1229w, https:\/\/deportecapital.com.ar\/wp-content\/uploads\/2026\/01\/LLANOS-4-1024x1280.jpg 1024w\" sizes=\"auto, (max-width: 1638px) 100vw, 1638px\" loading=\"lazy\" decoding=\"async\" \/><\/a>\n\t\t\t<\/div><\/figure><figure class='gallery-item'>\n\t\t\t<div class='gallery-icon landscape'>\n\t\t\t\t<a data-elementor-open-lightbox=\"yes\" data-elementor-lightbox-slideshow=\"2fcd7b0\" data-elementor-lightbox-title=\"Ajedrez\" data-e-action-hash=\"#elementor-action%3Aaction%3Dlightbox%26settings%3DeyJpZCI6NTUzMTAsInVybCI6Imh0dHBzOlwvXC9kZXBvcnRlY2FwaXRhbC5jb20uYXJcL3dwLWNvbnRlbnRcL3VwbG9hZHNcLzIwMjZcLzAxXC9MTEFOT1MtMy5qcGciLCJzbGlkZXNob3ciOiIyZmNkN2IwIn0%3D\" href='https:\/\/deportecapital.com.ar\/wp-content\/uploads\/2026\/01\/LLANOS-3.jpg'><img loading=\"lazy\" width=\"1600\" height=\"1200\" src=\"https:\/\/deportecapital.com.ar\/wp-content\/uploads\/2026\/01\/LLANOS-3.jpg\" class=\"attachment-full size-full\" alt=\"Ajedrez\" srcset=\"https:\/\/deportecapital.com.ar\/wp-content\/uploads\/2026\/01\/LLANOS-3.jpg 1600w, https:\/\/deportecapital.com.ar\/wp-content\/uploads\/2026\/01\/LLANOS-3-300x225.jpg 300w, https:\/\/deportecapital.com.ar\/wp-content\/uploads\/2026\/01\/LLANOS-3-1024x768.jpg 1024w, https:\/\/deportecapital.com.ar\/wp-content\/uploads\/2026\/01\/LLANOS-3-768x576.jpg 768w, https:\/\/deportecapital.com.ar\/wp-content\/uploads\/2026\/01\/LLANOS-3-1536x1152.jpg 1536w\" sizes=\"auto, (max-width: 1600px) 100vw, 1600px\" loading=\"lazy\" decoding=\"async\" \/><\/a>\n\t\t\t<\/div><\/figure><figure class='gallery-item'>\n\t\t\t<div class='gallery-icon landscape'>\n\t\t\t\t<a data-elementor-open-lightbox=\"yes\" data-elementor-lightbox-slideshow=\"2fcd7b0\" data-elementor-lightbox-title=\"Ajedrez\" data-e-action-hash=\"#elementor-action%3Aaction%3Dlightbox%26settings%3DeyJpZCI6NTUzMDksInVybCI6Imh0dHBzOlwvXC9kZXBvcnRlY2FwaXRhbC5jb20uYXJcL3dwLWNvbnRlbnRcL3VwbG9hZHNcLzIwMjZcLzAxXC9MTEFOT1MtMi5qcGciLCJzbGlkZXNob3ciOiIyZmNkN2IwIn0%3D\" href='https:\/\/deportecapital.com.ar\/wp-content\/uploads\/2026\/01\/LLANOS-2.jpg'><img loading=\"lazy\" width=\"1600\" height=\"1200\" src=\"https:\/\/deportecapital.com.ar\/wp-content\/uploads\/2026\/01\/LLANOS-2.jpg\" class=\"attachment-full size-full\" alt=\"Ajedrez\" srcset=\"https:\/\/deportecapital.com.ar\/wp-content\/uploads\/2026\/01\/LLANOS-2.jpg 1600w, https:\/\/deportecapital.com.ar\/wp-content\/uploads\/2026\/01\/LLANOS-2-300x225.jpg 300w, https:\/\/deportecapital.com.ar\/wp-content\/uploads\/2026\/01\/LLANOS-2-1024x768.jpg 1024w, https:\/\/deportecapital.com.ar\/wp-content\/uploads\/2026\/01\/LLANOS-2-768x576.jpg 768w, https:\/\/deportecapital.com.ar\/wp-content\/uploads\/2026\/01\/LLANOS-2-1536x1152.jpg 1536w\" sizes=\"auto, (max-width: 1600px) 100vw, 1600px\" loading=\"lazy\" decoding=\"async\" \/><\/a>\n\t\t\t<\/div><\/figure>\n\t\t<\/div>\n\t\t<\/div>\n\t\t\t\t\t\t<\/div>\n\t\t\t\t<\/div>\n\t\t\t\t\t<\/div>\n\t\t\t\t<\/div>\n\t\t\t\t<\/div>\n\t\t","protected":false},"excerpt":{"rendered":"<p>El viernes pasado el Club Social El C\u00edrculo fue sede de la fecha inaugural del&#8230;<\/p>\n","protected":false},"author":3,"featured_media":55310,"comment_status":"closed","ping_status":"open","sticky":false,"template":"","format":"standard","meta":{"footnotes":""},"categories":[3],"tags":[],"class_list":["post-55307","post","type-post","status-publish","format-standard","has-post-thumbnail","hentry","category-ajedrez"],"yoast_head":"<!-- This site is optimized with the Yoast SEO plugin v27.5 - https:\/\/yoast.com\/product\/yoast-seo-wordpress\/ -->\n<title>El ajedrez, en la primera del a\u00f1o - Deporte Capital<\/title>\n<meta name=\"robots\" content=\"index, follow, max-snippet:-1, max-image-preview:large, max-video-preview:-1\" \/>\n<link rel=\"canonical\" href=\"https:\/\/deportecapital.com.ar\/index.php\/2026\/01\/04\/el-ajedrez-en-la-primera-del-ano\/\" \/>\n<meta property=\"og:locale\" content=\"es_ES\" \/>\n<meta property=\"og:type\" content=\"article\" \/>\n<meta property=\"og:title\" content=\"El ajedrez, en la primera del a\u00f1o - Deporte Capital\" \/>\n<meta property=\"og:description\" content=\"El viernes pasado el Club Social El C\u00edrculo fue sede de la fecha inaugural del...\" \/>\n<meta property=\"og:url\" content=\"https:\/\/deportecapital.com.ar\/index.php\/2026\/01\/04\/el-ajedrez-en-la-primera-del-ano\/\" \/>\n<meta property=\"og:site_name\" content=\"Deporte Capital\" \/>\n<meta property=\"article:published_time\" content=\"2026-01-04T23:42:17+00:00\" \/>\n<meta property=\"article:modified_time\" content=\"2026-01-10T01:42:10+00:00\" \/>\n<meta property=\"og:image\" content=\"https:\/\/deportecapital.com.ar\/wp-content\/uploads\/2026\/01\/LLANOS-3.jpg\" \/>\n\t<meta property=\"og:image:width\" content=\"1600\" \/>\n\t<meta property=\"og:image:height\" content=\"1200\" \/>\n\t<meta property=\"og:image:type\" content=\"image\/jpeg\" \/>\n<meta name=\"author\" content=\"Emilio Manrique\" \/>\n<meta name=\"twitter:card\" content=\"summary_large_image\" \/>\n<meta name=\"twitter:label1\" content=\"Escrito por\" \/>\n\t<meta name=\"twitter:data1\" content=\"Emilio Manrique\" \/>\n\t<meta name=\"twitter:label2\" content=\"Tiempo de lectura\" \/>\n\t<meta name=\"twitter:data2\" content=\"3 minutos\" \/>\n<script type=\"application\/ld+json\" class=\"yoast-schema-graph\">{\"@context\":\"https:\\\/\\\/schema.org\",\"@graph\":[{\"@type\":\"Article\",\"@id\":\"https:\\\/\\\/deportecapital.com.ar\\\/index.php\\\/2026\\\/01\\\/04\\\/el-ajedrez-en-la-primera-del-ano\\\/#article\",\"isPartOf\":{\"@id\":\"https:\\\/\\\/deportecapital.com.ar\\\/index.php\\\/2026\\\/01\\\/04\\\/el-ajedrez-en-la-primera-del-ano\\\/\"},\"author\":{\"name\":\"Emilio Manrique\",\"@id\":\"https:\\\/\\\/deportecapital.com.ar\\\/#\\\/schema\\\/person\\\/9cd40456048dd30733b1d6749eca5de8\"},\"headline\":\"El ajedrez, en la primera del a\u00f1o\",\"datePublished\":\"2026-01-04T23:42:17+00:00\",\"dateModified\":\"2026-01-10T01:42:10+00:00\",\"mainEntityOfPage\":{\"@id\":\"https:\\\/\\\/deportecapital.com.ar\\\/index.php\\\/2026\\\/01\\\/04\\\/el-ajedrez-en-la-primera-del-ano\\\/\"},\"wordCount\":304,\"publisher\":{\"@id\":\"https:\\\/\\\/deportecapital.com.ar\\\/#organization\"},\"image\":{\"@id\":\"https:\\\/\\\/deportecapital.com.ar\\\/index.php\\\/2026\\\/01\\\/04\\\/el-ajedrez-en-la-primera-del-ano\\\/#primaryimage\"},\"thumbnailUrl\":\"https:\\\/\\\/deportecapital.com.ar\\\/wp-content\\\/uploads\\\/2026\\\/01\\\/LLANOS-3.jpg\",\"articleSection\":[\"Ajedrez\"],\"inLanguage\":\"es-AR\"},{\"@type\":\"WebPage\",\"@id\":\"https:\\\/\\\/deportecapital.com.ar\\\/index.php\\\/2026\\\/01\\\/04\\\/el-ajedrez-en-la-primera-del-ano\\\/\",\"url\":\"https:\\\/\\\/deportecapital.com.ar\\\/index.php\\\/2026\\\/01\\\/04\\\/el-ajedrez-en-la-primera-del-ano\\\/\",\"name\":\"El ajedrez, en la primera del a\u00f1o - Deporte Capital\",\"isPartOf\":{\"@id\":\"https:\\\/\\\/deportecapital.com.ar\\\/#website\"},\"primaryImageOfPage\":{\"@id\":\"https:\\\/\\\/deportecapital.com.ar\\\/index.php\\\/2026\\\/01\\\/04\\\/el-ajedrez-en-la-primera-del-ano\\\/#primaryimage\"},\"image\":{\"@id\":\"https:\\\/\\\/deportecapital.com.ar\\\/index.php\\\/2026\\\/01\\\/04\\\/el-ajedrez-en-la-primera-del-ano\\\/#primaryimage\"},\"thumbnailUrl\":\"https:\\\/\\\/deportecapital.com.ar\\\/wp-content\\\/uploads\\\/2026\\\/01\\\/LLANOS-3.jpg\",\"datePublished\":\"2026-01-04T23:42:17+00:00\",\"dateModified\":\"2026-01-10T01:42:10+00:00\",\"breadcrumb\":{\"@id\":\"https:\\\/\\\/deportecapital.com.ar\\\/index.php\\\/2026\\\/01\\\/04\\\/el-ajedrez-en-la-primera-del-ano\\\/#breadcrumb\"},\"inLanguage\":\"es-AR\",\"potentialAction\":[{\"@type\":\"ReadAction\",\"target\":[\"https:\\\/\\\/deportecapital.com.ar\\\/index.php\\\/2026\\\/01\\\/04\\\/el-ajedrez-en-la-primera-del-ano\\\/\"]}]},{\"@type\":\"ImageObject\",\"inLanguage\":\"es-AR\",\"@id\":\"https:\\\/\\\/deportecapital.com.ar\\\/index.php\\\/2026\\\/01\\\/04\\\/el-ajedrez-en-la-primera-del-ano\\\/#primaryimage\",\"url\":\"https:\\\/\\\/deportecapital.com.ar\\\/wp-content\\\/uploads\\\/2026\\\/01\\\/LLANOS-3.jpg\",\"contentUrl\":\"https:\\\/\\\/deportecapital.com.ar\\\/wp-content\\\/uploads\\\/2026\\\/01\\\/LLANOS-3.jpg\",\"width\":1600,\"height\":1200},{\"@type\":\"BreadcrumbList\",\"@id\":\"https:\\\/\\\/deportecapital.com.ar\\\/index.php\\\/2026\\\/01\\\/04\\\/el-ajedrez-en-la-primera-del-ano\\\/#breadcrumb\",\"itemListElement\":[{\"@type\":\"ListItem\",\"position\":1,\"name\":\"Inicio\",\"item\":\"https:\\\/\\\/deportecapital.com.ar\\\/\"},{\"@type\":\"ListItem\",\"position\":2,\"name\":\"El ajedrez, en la primera del a\u00f1o\"}]},{\"@type\":\"WebSite\",\"@id\":\"https:\\\/\\\/deportecapital.com.ar\\\/#website\",\"url\":\"https:\\\/\\\/deportecapital.com.ar\\\/\",\"name\":\"Deporte Capital\",\"description\":\"Diario digital con todo el deporte de La Pampa y alrededores.\",\"publisher\":{\"@id\":\"https:\\\/\\\/deportecapital.com.ar\\\/#organization\"},\"potentialAction\":[{\"@type\":\"SearchAction\",\"target\":{\"@type\":\"EntryPoint\",\"urlTemplate\":\"https:\\\/\\\/deportecapital.com.ar\\\/?s={search_term_string}\"},\"query-input\":{\"@type\":\"PropertyValueSpecification\",\"valueRequired\":true,\"valueName\":\"search_term_string\"}}],\"inLanguage\":\"es-AR\"},{\"@type\":\"Organization\",\"@id\":\"https:\\\/\\\/deportecapital.com.ar\\\/#organization\",\"name\":\"Deporte Capital\",\"url\":\"https:\\\/\\\/deportecapital.com.ar\\\/\",\"logo\":{\"@type\":\"ImageObject\",\"inLanguage\":\"es-AR\",\"@id\":\"https:\\\/\\\/deportecapital.com.ar\\\/#\\\/schema\\\/logo\\\/image\\\/\",\"url\":\"https:\\\/\\\/deportecapital.com.ar\\\/wp-content\\\/uploads\\\/2025\\\/06\\\/logo-deportecapital_white-1.png\",\"contentUrl\":\"https:\\\/\\\/deportecapital.com.ar\\\/wp-content\\\/uploads\\\/2025\\\/06\\\/logo-deportecapital_white-1.png\",\"width\":243,\"height\":111,\"caption\":\"Deporte Capital\"},\"image\":{\"@id\":\"https:\\\/\\\/deportecapital.com.ar\\\/#\\\/schema\\\/logo\\\/image\\\/\"}},{\"@type\":\"Person\",\"@id\":\"https:\\\/\\\/deportecapital.com.ar\\\/#\\\/schema\\\/person\\\/9cd40456048dd30733b1d6749eca5de8\",\"name\":\"Emilio Manrique\",\"image\":{\"@type\":\"ImageObject\",\"inLanguage\":\"es-AR\",\"@id\":\"https:\\\/\\\/secure.gravatar.com\\\/avatar\\\/005c696496b156e30819f271efdd20348da8f41b5d5653680fd363162bbeb3bb?s=96&d=mm&r=g\",\"url\":\"https:\\\/\\\/secure.gravatar.com\\\/avatar\\\/005c696496b156e30819f271efdd20348da8f41b5d5653680fd363162bbeb3bb?s=96&d=mm&r=g\",\"contentUrl\":\"https:\\\/\\\/secure.gravatar.com\\\/avatar\\\/005c696496b156e30819f271efdd20348da8f41b5d5653680fd363162bbeb3bb?s=96&d=mm&r=g\",\"caption\":\"Emilio Manrique\"},\"url\":\"https:\\\/\\\/deportecapital.com.ar\\\/index.php\\\/author\\\/emilio-manrique\\\/\"}]}<\/script>\n<!-- \/ Yoast SEO plugin. -->","yoast_head_json":{"title":"El ajedrez, en la primera del a\u00f1o - Deporte Capital","robots":{"index":"index","follow":"follow","max-snippet":"max-snippet:-1","max-image-preview":"max-image-preview:large","max-video-preview":"max-video-preview:-1"},"canonical":"https:\/\/deportecapital.com.ar\/index.php\/2026\/01\/04\/el-ajedrez-en-la-primera-del-ano\/","og_locale":"es_ES","og_type":"article","og_title":"El ajedrez, en la primera del a\u00f1o - Deporte Capital","og_description":"El viernes pasado el Club Social El C\u00edrculo fue sede de la fecha inaugural del...","og_url":"https:\/\/deportecapital.com.ar\/index.php\/2026\/01\/04\/el-ajedrez-en-la-primera-del-ano\/","og_site_name":"Deporte Capital","article_published_time":"2026-01-04T23:42:17+00:00","article_modified_time":"2026-01-10T01:42:10+00:00","og_image":[{"width":1600,"height":1200,"url":"https:\/\/deportecapital.com.ar\/wp-content\/uploads\/2026\/01\/LLANOS-3.jpg","type":"image\/jpeg"}],"author":"Emilio Manrique","twitter_card":"summary_large_image","twitter_misc":{"Escrito por":"Emilio Manrique","Tiempo de lectura":"3 minutos"},"schema":{"@context":"https:\/\/schema.org","@graph":[{"@type":"Article","@id":"https:\/\/deportecapital.com.ar\/index.php\/2026\/01\/04\/el-ajedrez-en-la-primera-del-ano\/#article","isPartOf":{"@id":"https:\/\/deportecapital.com.ar\/index.php\/2026\/01\/04\/el-ajedrez-en-la-primera-del-ano\/"},"author":{"name":"Emilio Manrique","@id":"https:\/\/deportecapital.com.ar\/#\/schema\/person\/9cd40456048dd30733b1d6749eca5de8"},"headline":"El ajedrez, en la primera del a\u00f1o","datePublished":"2026-01-04T23:42:17+00:00","dateModified":"2026-01-10T01:42:10+00:00","mainEntityOfPage":{"@id":"https:\/\/deportecapital.com.ar\/index.php\/2026\/01\/04\/el-ajedrez-en-la-primera-del-ano\/"},"wordCount":304,"publisher":{"@id":"https:\/\/deportecapital.com.ar\/#organization"},"image":{"@id":"https:\/\/deportecapital.com.ar\/index.php\/2026\/01\/04\/el-ajedrez-en-la-primera-del-ano\/#primaryimage"},"thumbnailUrl":"https:\/\/deportecapital.com.ar\/wp-content\/uploads\/2026\/01\/LLANOS-3.jpg","articleSection":["Ajedrez"],"inLanguage":"es-AR"},{"@type":"WebPage","@id":"https:\/\/deportecapital.com.ar\/index.php\/2026\/01\/04\/el-ajedrez-en-la-primera-del-ano\/","url":"https:\/\/deportecapital.com.ar\/index.php\/2026\/01\/04\/el-ajedrez-en-la-primera-del-ano\/","name":"El ajedrez, en la primera del a\u00f1o - Deporte Capital","isPartOf":{"@id":"https:\/\/deportecapital.com.ar\/#website"},"primaryImageOfPage":{"@id":"https:\/\/deportecapital.com.ar\/index.php\/2026\/01\/04\/el-ajedrez-en-la-primera-del-ano\/#primaryimage"},"image":{"@id":"https:\/\/deportecapital.com.ar\/index.php\/2026\/01\/04\/el-ajedrez-en-la-primera-del-ano\/#primaryimage"},"thumbnailUrl":"https:\/\/deportecapital.com.ar\/wp-content\/uploads\/2026\/01\/LLANOS-3.jpg","datePublished":"2026-01-04T23:42:17+00:00","dateModified":"2026-01-10T01:42:10+00:00","breadcrumb":{"@id":"https:\/\/deportecapital.com.ar\/index.php\/2026\/01\/04\/el-ajedrez-en-la-primera-del-ano\/#breadcrumb"},"inLanguage":"es-AR","potentialAction":[{"@type":"ReadAction","target":["https:\/\/deportecapital.com.ar\/index.php\/2026\/01\/04\/el-ajedrez-en-la-primera-del-ano\/"]}]},{"@type":"ImageObject","inLanguage":"es-AR","@id":"https:\/\/deportecapital.com.ar\/index.php\/2026\/01\/04\/el-ajedrez-en-la-primera-del-ano\/#primaryimage","url":"https:\/\/deportecapital.com.ar\/wp-content\/uploads\/2026\/01\/LLANOS-3.jpg","contentUrl":"https:\/\/deportecapital.com.ar\/wp-content\/uploads\/2026\/01\/LLANOS-3.jpg","width":1600,"height":1200},{"@type":"BreadcrumbList","@id":"https:\/\/deportecapital.com.ar\/index.php\/2026\/01\/04\/el-ajedrez-en-la-primera-del-ano\/#breadcrumb","itemListElement":[{"@type":"ListItem","position":1,"name":"Inicio","item":"https:\/\/deportecapital.com.ar\/"},{"@type":"ListItem","position":2,"name":"El ajedrez, en la primera del a\u00f1o"}]},{"@type":"WebSite","@id":"https:\/\/deportecapital.com.ar\/#website","url":"https:\/\/deportecapital.com.ar\/","name":"Deporte Capital","description":"Diario digital con todo el deporte de La Pampa y alrededores.","publisher":{"@id":"https:\/\/deportecapital.com.ar\/#organization"},"potentialAction":[{"@type":"SearchAction","target":{"@type":"EntryPoint","urlTemplate":"https:\/\/deportecapital.com.ar\/?s={search_term_string}"},"query-input":{"@type":"PropertyValueSpecification","valueRequired":true,"valueName":"search_term_string"}}],"inLanguage":"es-AR"},{"@type":"Organization","@id":"https:\/\/deportecapital.com.ar\/#organization","name":"Deporte Capital","url":"https:\/\/deportecapital.com.ar\/","logo":{"@type":"ImageObject","inLanguage":"es-AR","@id":"https:\/\/deportecapital.com.ar\/#\/schema\/logo\/image\/","url":"https:\/\/deportecapital.com.ar\/wp-content\/uploads\/2025\/06\/logo-deportecapital_white-1.png","contentUrl":"https:\/\/deportecapital.com.ar\/wp-content\/uploads\/2025\/06\/logo-deportecapital_white-1.png","width":243,"height":111,"caption":"Deporte Capital"},"image":{"@id":"https:\/\/deportecapital.com.ar\/#\/schema\/logo\/image\/"}},{"@type":"Person","@id":"https:\/\/deportecapital.com.ar\/#\/schema\/person\/9cd40456048dd30733b1d6749eca5de8","name":"Emilio Manrique","image":{"@type":"ImageObject","inLanguage":"es-AR","@id":"https:\/\/secure.gravatar.com\/avatar\/005c696496b156e30819f271efdd20348da8f41b5d5653680fd363162bbeb3bb?s=96&d=mm&r=g","url":"https:\/\/secure.gravatar.com\/avatar\/005c696496b156e30819f271efdd20348da8f41b5d5653680fd363162bbeb3bb?s=96&d=mm&r=g","contentUrl":"https:\/\/secure.gravatar.com\/avatar\/005c696496b156e30819f271efdd20348da8f41b5d5653680fd363162bbeb3bb?s=96&d=mm&r=g","caption":"Emilio Manrique"},"url":"https:\/\/deportecapital.com.ar\/index.php\/author\/emilio-manrique\/"}]}},"rttpg_featured_image_url":{"full":["https:\/\/deportecapital.com.ar\/wp-content\/uploads\/2026\/01\/LLANOS-3.jpg",1600,1200,false],"landscape":["https:\/\/deportecapital.com.ar\/wp-content\/uploads\/2026\/01\/LLANOS-3.jpg",1600,1200,false],"portraits":["https:\/\/deportecapital.com.ar\/wp-content\/uploads\/2026\/01\/LLANOS-3.jpg",1600,1200,false],"thumbnail":["https:\/\/deportecapital.com.ar\/wp-content\/uploads\/2026\/01\/LLANOS-3-150x150.jpg",150,150,true],"medium":["https:\/\/deportecapital.com.ar\/wp-content\/uploads\/2026\/01\/LLANOS-3-300x225.jpg",300,225,true],"large":["https:\/\/deportecapital.com.ar\/wp-content\/uploads\/2026\/01\/LLANOS-3-1024x768.jpg",640,480,true],"1536x1536":["https:\/\/deportecapital.com.ar\/wp-content\/uploads\/2026\/01\/LLANOS-3-1536x1152.jpg",1536,1152,true],"2048x2048":["https:\/\/deportecapital.com.ar\/wp-content\/uploads\/2026\/01\/LLANOS-3.jpg",1600,1200,false],"covernews-slider-full":["https:\/\/deportecapital.com.ar\/wp-content\/uploads\/2026\/01\/LLANOS-3-1115x715.jpg",1115,715,true],"covernews-slider-center":["https:\/\/deportecapital.com.ar\/wp-content\/uploads\/2026\/01\/LLANOS-3-800x500.jpg",800,500,true],"covernews-featured":["https:\/\/deportecapital.com.ar\/wp-content\/uploads\/2026\/01\/LLANOS-3-1024x768.jpg",1024,768,true],"covernews-medium":["https:\/\/deportecapital.com.ar\/wp-content\/uploads\/2026\/01\/LLANOS-3-540x340.jpg",540,340,true],"covernews-medium-square":["https:\/\/deportecapital.com.ar\/wp-content\/uploads\/2026\/01\/LLANOS-3-400x250.jpg",400,250,true]},"rttpg_author":{"display_name":"Emilio Manrique","author_link":"https:\/\/deportecapital.com.ar\/index.php\/author\/emilio-manrique\/"},"rttpg_comment":0,"rttpg_category":"<a href=\"https:\/\/deportecapital.com.ar\/index.php\/category\/ajedrez\/\" rel=\"category tag\">Ajedrez<\/a>","rttpg_excerpt":"El viernes pasado el Club Social El C\u00edrculo fue sede de la fecha inaugural del...","_links":{"self":[{"href":"https:\/\/deportecapital.com.ar\/index.php\/wp-json\/wp\/v2\/posts\/55307","targetHints":{"allow":["GET"]}}],"collection":[{"href":"https:\/\/deportecapital.com.ar\/index.php\/wp-json\/wp\/v2\/posts"}],"about":[{"href":"https:\/\/deportecapital.com.ar\/index.php\/wp-json\/wp\/v2\/types\/post"}],"author":[{"embeddable":true,"href":"https:\/\/deportecapital.com.ar\/index.php\/wp-json\/wp\/v2\/users\/3"}],"replies":[{"embeddable":true,"href":"https:\/\/deportecapital.com.ar\/index.php\/wp-json\/wp\/v2\/comments?post=55307"}],"version-history":[{"count":5,"href":"https:\/\/deportecapital.com.ar\/index.php\/wp-json\/wp\/v2\/posts\/55307\/revisions"}],"predecessor-version":[{"id":55317,"href":"https:\/\/deportecapital.com.ar\/index.php\/wp-json\/wp\/v2\/posts\/55307\/revisions\/55317"}],"wp:featuredmedia":[{"embeddable":true,"href":"https:\/\/deportecapital.com.ar\/index.php\/wp-json\/wp\/v2\/media\/55310"}],"wp:attachment":[{"href":"https:\/\/deportecapital.com.ar\/index.php\/wp-json\/wp\/v2\/media?parent=55307"}],"wp:term":[{"taxonomy":"category","embeddable":true,"href":"https:\/\/deportecapital.com.ar\/index.php\/wp-json\/wp\/v2\/categories?post=55307"},{"taxonomy":"post_tag","embeddable":true,"href":"https:\/\/deportecapital.com.ar\/index.php\/wp-json\/wp\/v2\/tags?post=55307"}],"curies":[{"name":"wp","href":"https:\/\/api.w.org\/{rel}","templated":true}]}}