{"id":55321,"date":"2026-01-10T01:38:44","date_gmt":"2026-01-10T01:38:44","guid":{"rendered":"https:\/\/deportecapital.com.ar\/?p=55321"},"modified":"2026-01-12T01:08:08","modified_gmt":"2026-01-12T01:08:08","slug":"mas-de-30-millones-a-racing-de-castex","status":"publish","type":"post","link":"https:\/\/deportecapital.com.ar\/index.php\/2026\/01\/10\/mas-de-30-millones-a-racing-de-castex\/","title":{"rendered":"M\u00e1s de 30 millones a Racing de Castex"},"content":{"rendered":"\t\t<div data-elementor-type=\"wp-post\" data-elementor-id=\"55321\" class=\"elementor elementor-55321\">\n\t\t\t\t<div class=\"elementor-element elementor-element-6b24a72e e-flex e-con-boxed e-con e-parent\" data-id=\"6b24a72e\" data-element_type=\"container\" data-e-type=\"container\">\n\t\t\t\t\t<div class=\"e-con-inner\">\n\t\t\t\t<div class=\"elementor-element elementor-element-1a06a9a7 elementor-widget elementor-widget-text-editor\" data-id=\"1a06a9a7\" data-element_type=\"widget\" data-e-type=\"widget\" data-widget_type=\"text-editor.default\">\n\t\t\t\t<div class=\"elementor-widget-container\">\n\t\t\t\t\t\t\t\t\t<p>El gobierno pampeano oficializ\u00f3 un subsidio millonario para la instituci\u00f3n castense. Los fondos tienen como fin solventar la participaci\u00f3n del equipo masculino en la competencia nacional.<\/p><p>\u00a0<\/p><p>El <strong>Gobierno de La Pampa<\/strong>, a trav\u00e9s del <strong>Ministerio de Desarrollo Social y Derechos Humanos<\/strong>, concret\u00f3 un importante apoyo econ\u00f3mico a la <strong>\u201cAsociaci\u00f3n Racing Club\u201d de Eduardo Castex<\/strong>. Mediante la Resoluci\u00f3n N\u00b0 2252, publicada en el Bolet\u00edn Oficial N\u00b0 3708, se otorg\u00f3 a la entidad un subsidio de $30.408.407,68 (equivalente a 82 m\u00f3dulos).<\/p><p>Este aporte se enmarca dentro del <strong>\u201cPrograma de Apoyo a Instituciones Deportivas que participen en eventos regionales, nacionales o internacionales\u201d<\/strong>, una herramienta clave para que los clubes de la provincia puedan afrontar los altos costos de log\u00edstica y organizaci\u00f3n que demandan estas competencias.<\/p><p><b>Objetivo: Torneo Federal<\/b><\/p><p>Seg\u00fan detalla la normativa fechada el 14 de noviembre de 2025, el destino espec\u00edfico de los fondos es solventar los gastos que demanda la participaci\u00f3n del equipo de v\u00f3ley masculino de <strong>Racing<\/strong> en el Torneo Federal. Esta competencia representa una vidriera fundamental para el deporte pampeano, permitiendo a los atletas locales medirse con equipos de todo el pa\u00eds.<\/p><p><b>Rendici\u00f3n de cuentas<\/b><\/p><p>Como es habitual en este tipo de transferencias, la resoluci\u00f3n establece un mecanismo de control estricto. La instituci\u00f3n beneficiaria deber\u00e1 presentar ante la <strong>Subsecretar\u00eda de Deportes<\/strong>, <strong>Recreaci\u00f3n y Turismo Social<\/strong> la rendici\u00f3n de cuentas documentada dentro de un plazo de 30 d\u00edas corridos contados desde la recepci\u00f3n del dinero. Posteriormente, dicha documentaci\u00f3n ser\u00e1 elevada al Tribunal de Cuentas de la Provincia para su fiscalizaci\u00f3n definitiva.<\/p><p>Este subsidio ratifica el acompa\u00f1amiento del Estado provincial al desarrollo deportivo, permitiendo que clubes del interior como el \u201cAlbo\u201d castense sigan siendo protagonistas en el escenario nacional.<\/p><p><b>Fuente: Infopico<\/b><\/p>\t\t\t\t\t\t\t\t<\/div>\n\t\t\t\t<\/div>\n\t\t\t\t\t<\/div>\n\t\t\t\t<\/div>\n\t\t<div class=\"elementor-element elementor-element-9cbc7c2 e-flex e-con-boxed e-con e-parent\" data-id=\"9cbc7c2\" data-element_type=\"container\" data-e-type=\"container\">\n\t\t\t\t\t<div class=\"e-con-inner\">\n\t\t\t\t<div class=\"elementor-element elementor-element-00b74ea elementor-widget elementor-widget-image-gallery\" data-id=\"00b74ea\" data-element_type=\"widget\" data-e-type=\"widget\" data-widget_type=\"image-gallery.default\">\n\t\t\t\t<div class=\"elementor-widget-container\">\n\t\t\t\t\t\t\t<div class=\"elementor-image-gallery\">\n\t\t\t<div id='gallery-1' class='gallery galleryid-55321 gallery-columns-1 gallery-size-full'><figure class='gallery-item'>\n\t\t\t<div class='gallery-icon landscape'>\n\t\t\t\t<a data-elementor-open-lightbox=\"yes\" data-elementor-lightbox-slideshow=\"00b74ea\" data-elementor-lightbox-title=\"Voley\" data-e-action-hash=\"#elementor-action%3Aaction%3Dlightbox%26settings%3DeyJpZCI6NTUzMjIsInVybCI6Imh0dHBzOlwvXC9kZXBvcnRlY2FwaXRhbC5jb20uYXJcL3dwLWNvbnRlbnRcL3VwbG9hZHNcLzIwMjZcLzAxXC9JTkZPUElDT04uanBnIiwic2xpZGVzaG93IjoiMDBiNzRlYSJ9\" href='https:\/\/deportecapital.com.ar\/wp-content\/uploads\/2026\/01\/INFOPICON.jpg'><img loading=\"lazy\" width=\"1000\" height=\"599\" src=\"https:\/\/deportecapital.com.ar\/wp-content\/uploads\/2026\/01\/INFOPICON.jpg\" class=\"attachment-full size-full\" alt=\"Voley\" srcset=\"https:\/\/deportecapital.com.ar\/wp-content\/uploads\/2026\/01\/INFOPICON.jpg 1000w, https:\/\/deportecapital.com.ar\/wp-content\/uploads\/2026\/01\/INFOPICON-300x180.jpg 300w, https:\/\/deportecapital.com.ar\/wp-content\/uploads\/2026\/01\/INFOPICON-768x460.jpg 768w\" sizes=\"auto, (max-width: 1000px) 100vw, 1000px\" loading=\"lazy\" decoding=\"async\" \/><\/a>\n\t\t\t<\/div><\/figure>\n\t\t<\/div>\n\t\t<\/div>\n\t\t\t\t\t\t<\/div>\n\t\t\t\t<\/div>\n\t\t\t\t\t<\/div>\n\t\t\t\t<\/div>\n\t\t\t\t<\/div>\n\t\t","protected":false},"excerpt":{"rendered":"<p>El gobierno pampeano oficializ\u00f3 un subsidio millonario para la instituci\u00f3n castense. Los fondos tienen como&#8230;<\/p>\n","protected":false},"author":3,"featured_media":55322,"comment_status":"closed","ping_status":"open","sticky":false,"template":"","format":"standard","meta":{"footnotes":""},"categories":[45],"tags":[],"class_list":["post-55321","post","type-post","status-publish","format-standard","has-post-thumbnail","hentry","category-voley"],"yoast_head":"<!-- This site is optimized with the Yoast SEO plugin v27.5 - https:\/\/yoast.com\/product\/yoast-seo-wordpress\/ -->\n<title>M\u00e1s de 30 millones a Racing de Castex - Deporte Capital<\/title>\n<meta name=\"robots\" content=\"index, follow, max-snippet:-1, max-image-preview:large, max-video-preview:-1\" \/>\n<link rel=\"canonical\" href=\"https:\/\/deportecapital.com.ar\/index.php\/2026\/01\/10\/mas-de-30-millones-a-racing-de-castex\/\" \/>\n<meta property=\"og:locale\" content=\"es_ES\" \/>\n<meta property=\"og:type\" content=\"article\" \/>\n<meta property=\"og:title\" content=\"M\u00e1s de 30 millones a Racing de Castex - Deporte Capital\" \/>\n<meta property=\"og:description\" content=\"El gobierno pampeano oficializ\u00f3 un subsidio millonario para la instituci\u00f3n castense. Los fondos tienen como...\" \/>\n<meta property=\"og:url\" content=\"https:\/\/deportecapital.com.ar\/index.php\/2026\/01\/10\/mas-de-30-millones-a-racing-de-castex\/\" \/>\n<meta property=\"og:site_name\" content=\"Deporte Capital\" \/>\n<meta property=\"article:published_time\" content=\"2026-01-10T01:38:44+00:00\" \/>\n<meta property=\"article:modified_time\" content=\"2026-01-12T01:08:08+00:00\" \/>\n<meta property=\"og:image\" content=\"https:\/\/deportecapital.com.ar\/wp-content\/uploads\/2026\/01\/INFOPICON.jpg\" \/>\n\t<meta property=\"og:image:width\" content=\"1000\" \/>\n\t<meta property=\"og:image:height\" content=\"599\" \/>\n\t<meta property=\"og:image:type\" content=\"image\/jpeg\" \/>\n<meta name=\"author\" content=\"Emilio Manrique\" \/>\n<meta name=\"twitter:card\" content=\"summary_large_image\" \/>\n<meta name=\"twitter:label1\" content=\"Escrito por\" \/>\n\t<meta name=\"twitter:data1\" content=\"Emilio Manrique\" \/>\n\t<meta name=\"twitter:label2\" content=\"Tiempo de lectura\" \/>\n\t<meta name=\"twitter:data2\" content=\"2 minutos\" \/>\n<script type=\"application\/ld+json\" class=\"yoast-schema-graph\">{\"@context\":\"https:\\\/\\\/schema.org\",\"@graph\":[{\"@type\":\"Article\",\"@id\":\"https:\\\/\\\/deportecapital.com.ar\\\/index.php\\\/2026\\\/01\\\/10\\\/mas-de-30-millones-a-racing-de-castex\\\/#article\",\"isPartOf\":{\"@id\":\"https:\\\/\\\/deportecapital.com.ar\\\/index.php\\\/2026\\\/01\\\/10\\\/mas-de-30-millones-a-racing-de-castex\\\/\"},\"author\":{\"name\":\"Emilio Manrique\",\"@id\":\"https:\\\/\\\/deportecapital.com.ar\\\/#\\\/schema\\\/person\\\/9cd40456048dd30733b1d6749eca5de8\"},\"headline\":\"M\u00e1s de 30 millones a Racing de Castex\",\"datePublished\":\"2026-01-10T01:38:44+00:00\",\"dateModified\":\"2026-01-12T01:08:08+00:00\",\"mainEntityOfPage\":{\"@id\":\"https:\\\/\\\/deportecapital.com.ar\\\/index.php\\\/2026\\\/01\\\/10\\\/mas-de-30-millones-a-racing-de-castex\\\/\"},\"wordCount\":307,\"publisher\":{\"@id\":\"https:\\\/\\\/deportecapital.com.ar\\\/#organization\"},\"image\":{\"@id\":\"https:\\\/\\\/deportecapital.com.ar\\\/index.php\\\/2026\\\/01\\\/10\\\/mas-de-30-millones-a-racing-de-castex\\\/#primaryimage\"},\"thumbnailUrl\":\"https:\\\/\\\/deportecapital.com.ar\\\/wp-content\\\/uploads\\\/2026\\\/01\\\/INFOPICON.jpg\",\"articleSection\":[\"Voley\"],\"inLanguage\":\"es-AR\"},{\"@type\":\"WebPage\",\"@id\":\"https:\\\/\\\/deportecapital.com.ar\\\/index.php\\\/2026\\\/01\\\/10\\\/mas-de-30-millones-a-racing-de-castex\\\/\",\"url\":\"https:\\\/\\\/deportecapital.com.ar\\\/index.php\\\/2026\\\/01\\\/10\\\/mas-de-30-millones-a-racing-de-castex\\\/\",\"name\":\"M\u00e1s de 30 millones a Racing de Castex - Deporte Capital\",\"isPartOf\":{\"@id\":\"https:\\\/\\\/deportecapital.com.ar\\\/#website\"},\"primaryImageOfPage\":{\"@id\":\"https:\\\/\\\/deportecapital.com.ar\\\/index.php\\\/2026\\\/01\\\/10\\\/mas-de-30-millones-a-racing-de-castex\\\/#primaryimage\"},\"image\":{\"@id\":\"https:\\\/\\\/deportecapital.com.ar\\\/index.php\\\/2026\\\/01\\\/10\\\/mas-de-30-millones-a-racing-de-castex\\\/#primaryimage\"},\"thumbnailUrl\":\"https:\\\/\\\/deportecapital.com.ar\\\/wp-content\\\/uploads\\\/2026\\\/01\\\/INFOPICON.jpg\",\"datePublished\":\"2026-01-10T01:38:44+00:00\",\"dateModified\":\"2026-01-12T01:08:08+00:00\",\"breadcrumb\":{\"@id\":\"https:\\\/\\\/deportecapital.com.ar\\\/index.php\\\/2026\\\/01\\\/10\\\/mas-de-30-millones-a-racing-de-castex\\\/#breadcrumb\"},\"inLanguage\":\"es-AR\",\"potentialAction\":[{\"@type\":\"ReadAction\",\"target\":[\"https:\\\/\\\/deportecapital.com.ar\\\/index.php\\\/2026\\\/01\\\/10\\\/mas-de-30-millones-a-racing-de-castex\\\/\"]}]},{\"@type\":\"ImageObject\",\"inLanguage\":\"es-AR\",\"@id\":\"https:\\\/\\\/deportecapital.com.ar\\\/index.php\\\/2026\\\/01\\\/10\\\/mas-de-30-millones-a-racing-de-castex\\\/#primaryimage\",\"url\":\"https:\\\/\\\/deportecapital.com.ar\\\/wp-content\\\/uploads\\\/2026\\\/01\\\/INFOPICON.jpg\",\"contentUrl\":\"https:\\\/\\\/deportecapital.com.ar\\\/wp-content\\\/uploads\\\/2026\\\/01\\\/INFOPICON.jpg\",\"width\":1000,\"height\":599},{\"@type\":\"BreadcrumbList\",\"@id\":\"https:\\\/\\\/deportecapital.com.ar\\\/index.php\\\/2026\\\/01\\\/10\\\/mas-de-30-millones-a-racing-de-castex\\\/#breadcrumb\",\"itemListElement\":[{\"@type\":\"ListItem\",\"position\":1,\"name\":\"Inicio\",\"item\":\"https:\\\/\\\/deportecapital.com.ar\\\/\"},{\"@type\":\"ListItem\",\"position\":2,\"name\":\"M\u00e1s de 30 millones a Racing de Castex\"}]},{\"@type\":\"WebSite\",\"@id\":\"https:\\\/\\\/deportecapital.com.ar\\\/#website\",\"url\":\"https:\\\/\\\/deportecapital.com.ar\\\/\",\"name\":\"Deporte Capital\",\"description\":\"Diario digital con todo el deporte de La Pampa y alrededores.\",\"publisher\":{\"@id\":\"https:\\\/\\\/deportecapital.com.ar\\\/#organization\"},\"potentialAction\":[{\"@type\":\"SearchAction\",\"target\":{\"@type\":\"EntryPoint\",\"urlTemplate\":\"https:\\\/\\\/deportecapital.com.ar\\\/?s={search_term_string}\"},\"query-input\":{\"@type\":\"PropertyValueSpecification\",\"valueRequired\":true,\"valueName\":\"search_term_string\"}}],\"inLanguage\":\"es-AR\"},{\"@type\":\"Organization\",\"@id\":\"https:\\\/\\\/deportecapital.com.ar\\\/#organization\",\"name\":\"Deporte Capital\",\"url\":\"https:\\\/\\\/deportecapital.com.ar\\\/\",\"logo\":{\"@type\":\"ImageObject\",\"inLanguage\":\"es-AR\",\"@id\":\"https:\\\/\\\/deportecapital.com.ar\\\/#\\\/schema\\\/logo\\\/image\\\/\",\"url\":\"https:\\\/\\\/deportecapital.com.ar\\\/wp-content\\\/uploads\\\/2025\\\/06\\\/logo-deportecapital_white-1.png\",\"contentUrl\":\"https:\\\/\\\/deportecapital.com.ar\\\/wp-content\\\/uploads\\\/2025\\\/06\\\/logo-deportecapital_white-1.png\",\"width\":243,\"height\":111,\"caption\":\"Deporte Capital\"},\"image\":{\"@id\":\"https:\\\/\\\/deportecapital.com.ar\\\/#\\\/schema\\\/logo\\\/image\\\/\"}},{\"@type\":\"Person\",\"@id\":\"https:\\\/\\\/deportecapital.com.ar\\\/#\\\/schema\\\/person\\\/9cd40456048dd30733b1d6749eca5de8\",\"name\":\"Emilio Manrique\",\"image\":{\"@type\":\"ImageObject\",\"inLanguage\":\"es-AR\",\"@id\":\"https:\\\/\\\/secure.gravatar.com\\\/avatar\\\/005c696496b156e30819f271efdd20348da8f41b5d5653680fd363162bbeb3bb?s=96&d=mm&r=g\",\"url\":\"https:\\\/\\\/secure.gravatar.com\\\/avatar\\\/005c696496b156e30819f271efdd20348da8f41b5d5653680fd363162bbeb3bb?s=96&d=mm&r=g\",\"contentUrl\":\"https:\\\/\\\/secure.gravatar.com\\\/avatar\\\/005c696496b156e30819f271efdd20348da8f41b5d5653680fd363162bbeb3bb?s=96&d=mm&r=g\",\"caption\":\"Emilio Manrique\"},\"url\":\"https:\\\/\\\/deportecapital.com.ar\\\/index.php\\\/author\\\/emilio-manrique\\\/\"}]}<\/script>\n<!-- \/ Yoast SEO plugin. -->","yoast_head_json":{"title":"M\u00e1s de 30 millones a Racing de Castex - Deporte Capital","robots":{"index":"index","follow":"follow","max-snippet":"max-snippet:-1","max-image-preview":"max-image-preview:large","max-video-preview":"max-video-preview:-1"},"canonical":"https:\/\/deportecapital.com.ar\/index.php\/2026\/01\/10\/mas-de-30-millones-a-racing-de-castex\/","og_locale":"es_ES","og_type":"article","og_title":"M\u00e1s de 30 millones a Racing de Castex - Deporte Capital","og_description":"El gobierno pampeano oficializ\u00f3 un subsidio millonario para la instituci\u00f3n castense. Los fondos tienen como...","og_url":"https:\/\/deportecapital.com.ar\/index.php\/2026\/01\/10\/mas-de-30-millones-a-racing-de-castex\/","og_site_name":"Deporte Capital","article_published_time":"2026-01-10T01:38:44+00:00","article_modified_time":"2026-01-12T01:08:08+00:00","og_image":[{"width":1000,"height":599,"url":"https:\/\/deportecapital.com.ar\/wp-content\/uploads\/2026\/01\/INFOPICON.jpg","type":"image\/jpeg"}],"author":"Emilio Manrique","twitter_card":"summary_large_image","twitter_misc":{"Escrito por":"Emilio Manrique","Tiempo de lectura":"2 minutos"},"schema":{"@context":"https:\/\/schema.org","@graph":[{"@type":"Article","@id":"https:\/\/deportecapital.com.ar\/index.php\/2026\/01\/10\/mas-de-30-millones-a-racing-de-castex\/#article","isPartOf":{"@id":"https:\/\/deportecapital.com.ar\/index.php\/2026\/01\/10\/mas-de-30-millones-a-racing-de-castex\/"},"author":{"name":"Emilio Manrique","@id":"https:\/\/deportecapital.com.ar\/#\/schema\/person\/9cd40456048dd30733b1d6749eca5de8"},"headline":"M\u00e1s de 30 millones a Racing de Castex","datePublished":"2026-01-10T01:38:44+00:00","dateModified":"2026-01-12T01:08:08+00:00","mainEntityOfPage":{"@id":"https:\/\/deportecapital.com.ar\/index.php\/2026\/01\/10\/mas-de-30-millones-a-racing-de-castex\/"},"wordCount":307,"publisher":{"@id":"https:\/\/deportecapital.com.ar\/#organization"},"image":{"@id":"https:\/\/deportecapital.com.ar\/index.php\/2026\/01\/10\/mas-de-30-millones-a-racing-de-castex\/#primaryimage"},"thumbnailUrl":"https:\/\/deportecapital.com.ar\/wp-content\/uploads\/2026\/01\/INFOPICON.jpg","articleSection":["Voley"],"inLanguage":"es-AR"},{"@type":"WebPage","@id":"https:\/\/deportecapital.com.ar\/index.php\/2026\/01\/10\/mas-de-30-millones-a-racing-de-castex\/","url":"https:\/\/deportecapital.com.ar\/index.php\/2026\/01\/10\/mas-de-30-millones-a-racing-de-castex\/","name":"M\u00e1s de 30 millones a Racing de Castex - Deporte Capital","isPartOf":{"@id":"https:\/\/deportecapital.com.ar\/#website"},"primaryImageOfPage":{"@id":"https:\/\/deportecapital.com.ar\/index.php\/2026\/01\/10\/mas-de-30-millones-a-racing-de-castex\/#primaryimage"},"image":{"@id":"https:\/\/deportecapital.com.ar\/index.php\/2026\/01\/10\/mas-de-30-millones-a-racing-de-castex\/#primaryimage"},"thumbnailUrl":"https:\/\/deportecapital.com.ar\/wp-content\/uploads\/2026\/01\/INFOPICON.jpg","datePublished":"2026-01-10T01:38:44+00:00","dateModified":"2026-01-12T01:08:08+00:00","breadcrumb":{"@id":"https:\/\/deportecapital.com.ar\/index.php\/2026\/01\/10\/mas-de-30-millones-a-racing-de-castex\/#breadcrumb"},"inLanguage":"es-AR","potentialAction":[{"@type":"ReadAction","target":["https:\/\/deportecapital.com.ar\/index.php\/2026\/01\/10\/mas-de-30-millones-a-racing-de-castex\/"]}]},{"@type":"ImageObject","inLanguage":"es-AR","@id":"https:\/\/deportecapital.com.ar\/index.php\/2026\/01\/10\/mas-de-30-millones-a-racing-de-castex\/#primaryimage","url":"https:\/\/deportecapital.com.ar\/wp-content\/uploads\/2026\/01\/INFOPICON.jpg","contentUrl":"https:\/\/deportecapital.com.ar\/wp-content\/uploads\/2026\/01\/INFOPICON.jpg","width":1000,"height":599},{"@type":"BreadcrumbList","@id":"https:\/\/deportecapital.com.ar\/index.php\/2026\/01\/10\/mas-de-30-millones-a-racing-de-castex\/#breadcrumb","itemListElement":[{"@type":"ListItem","position":1,"name":"Inicio","item":"https:\/\/deportecapital.com.ar\/"},{"@type":"ListItem","position":2,"name":"M\u00e1s de 30 millones a Racing de Castex"}]},{"@type":"WebSite","@id":"https:\/\/deportecapital.com.ar\/#website","url":"https:\/\/deportecapital.com.ar\/","name":"Deporte Capital","description":"Diario digital con todo el deporte de La Pampa y alrededores.","publisher":{"@id":"https:\/\/deportecapital.com.ar\/#organization"},"potentialAction":[{"@type":"SearchAction","target":{"@type":"EntryPoint","urlTemplate":"https:\/\/deportecapital.com.ar\/?s={search_term_string}"},"query-input":{"@type":"PropertyValueSpecification","valueRequired":true,"valueName":"search_term_string"}}],"inLanguage":"es-AR"},{"@type":"Organization","@id":"https:\/\/deportecapital.com.ar\/#organization","name":"Deporte Capital","url":"https:\/\/deportecapital.com.ar\/","logo":{"@type":"ImageObject","inLanguage":"es-AR","@id":"https:\/\/deportecapital.com.ar\/#\/schema\/logo\/image\/","url":"https:\/\/deportecapital.com.ar\/wp-content\/uploads\/2025\/06\/logo-deportecapital_white-1.png","contentUrl":"https:\/\/deportecapital.com.ar\/wp-content\/uploads\/2025\/06\/logo-deportecapital_white-1.png","width":243,"height":111,"caption":"Deporte Capital"},"image":{"@id":"https:\/\/deportecapital.com.ar\/#\/schema\/logo\/image\/"}},{"@type":"Person","@id":"https:\/\/deportecapital.com.ar\/#\/schema\/person\/9cd40456048dd30733b1d6749eca5de8","name":"Emilio Manrique","image":{"@type":"ImageObject","inLanguage":"es-AR","@id":"https:\/\/secure.gravatar.com\/avatar\/005c696496b156e30819f271efdd20348da8f41b5d5653680fd363162bbeb3bb?s=96&d=mm&r=g","url":"https:\/\/secure.gravatar.com\/avatar\/005c696496b156e30819f271efdd20348da8f41b5d5653680fd363162bbeb3bb?s=96&d=mm&r=g","contentUrl":"https:\/\/secure.gravatar.com\/avatar\/005c696496b156e30819f271efdd20348da8f41b5d5653680fd363162bbeb3bb?s=96&d=mm&r=g","caption":"Emilio Manrique"},"url":"https:\/\/deportecapital.com.ar\/index.php\/author\/emilio-manrique\/"}]}},"rttpg_featured_image_url":{"full":["https:\/\/deportecapital.com.ar\/wp-content\/uploads\/2026\/01\/INFOPICON.jpg",1000,599,false],"landscape":["https:\/\/deportecapital.com.ar\/wp-content\/uploads\/2026\/01\/INFOPICON.jpg",1000,599,false],"portraits":["https:\/\/deportecapital.com.ar\/wp-content\/uploads\/2026\/01\/INFOPICON.jpg",1000,599,false],"thumbnail":["https:\/\/deportecapital.com.ar\/wp-content\/uploads\/2026\/01\/INFOPICON-150x150.jpg",150,150,true],"medium":["https:\/\/deportecapital.com.ar\/wp-content\/uploads\/2026\/01\/INFOPICON-300x180.jpg",300,180,true],"large":["https:\/\/deportecapital.com.ar\/wp-content\/uploads\/2026\/01\/INFOPICON.jpg",640,383,false],"1536x1536":["https:\/\/deportecapital.com.ar\/wp-content\/uploads\/2026\/01\/INFOPICON.jpg",1000,599,false],"2048x2048":["https:\/\/deportecapital.com.ar\/wp-content\/uploads\/2026\/01\/INFOPICON.jpg",1000,599,false],"covernews-slider-full":["https:\/\/deportecapital.com.ar\/wp-content\/uploads\/2026\/01\/INFOPICON.jpg",1000,599,false],"covernews-slider-center":["https:\/\/deportecapital.com.ar\/wp-content\/uploads\/2026\/01\/INFOPICON-800x500.jpg",800,500,true],"covernews-featured":["https:\/\/deportecapital.com.ar\/wp-content\/uploads\/2026\/01\/INFOPICON.jpg",1000,599,false],"covernews-medium":["https:\/\/deportecapital.com.ar\/wp-content\/uploads\/2026\/01\/INFOPICON-540x340.jpg",540,340,true],"covernews-medium-square":["https:\/\/deportecapital.com.ar\/wp-content\/uploads\/2026\/01\/INFOPICON-400x250.jpg",400,250,true]},"rttpg_author":{"display_name":"Emilio Manrique","author_link":"https:\/\/deportecapital.com.ar\/index.php\/author\/emilio-manrique\/"},"rttpg_comment":0,"rttpg_category":"<a href=\"https:\/\/deportecapital.com.ar\/index.php\/category\/voley\/\" rel=\"category tag\">Voley<\/a>","rttpg_excerpt":"El gobierno pampeano oficializ\u00f3 un subsidio millonario para la instituci\u00f3n castense. Los fondos tienen como...","_links":{"self":[{"href":"https:\/\/deportecapital.com.ar\/index.php\/wp-json\/wp\/v2\/posts\/55321","targetHints":{"allow":["GET"]}}],"collection":[{"href":"https:\/\/deportecapital.com.ar\/index.php\/wp-json\/wp\/v2\/posts"}],"about":[{"href":"https:\/\/deportecapital.com.ar\/index.php\/wp-json\/wp\/v2\/types\/post"}],"author":[{"embeddable":true,"href":"https:\/\/deportecapital.com.ar\/index.php\/wp-json\/wp\/v2\/users\/3"}],"replies":[{"embeddable":true,"href":"https:\/\/deportecapital.com.ar\/index.php\/wp-json\/wp\/v2\/comments?post=55321"}],"version-history":[{"count":4,"href":"https:\/\/deportecapital.com.ar\/index.php\/wp-json\/wp\/v2\/posts\/55321\/revisions"}],"predecessor-version":[{"id":55326,"href":"https:\/\/deportecapital.com.ar\/index.php\/wp-json\/wp\/v2\/posts\/55321\/revisions\/55326"}],"wp:featuredmedia":[{"embeddable":true,"href":"https:\/\/deportecapital.com.ar\/index.php\/wp-json\/wp\/v2\/media\/55322"}],"wp:attachment":[{"href":"https:\/\/deportecapital.com.ar\/index.php\/wp-json\/wp\/v2\/media?parent=55321"}],"wp:term":[{"taxonomy":"category","embeddable":true,"href":"https:\/\/deportecapital.com.ar\/index.php\/wp-json\/wp\/v2\/categories?post=55321"},{"taxonomy":"post_tag","embeddable":true,"href":"https:\/\/deportecapital.com.ar\/index.php\/wp-json\/wp\/v2\/tags?post=55321"}],"curies":[{"name":"wp","href":"https:\/\/api.w.org\/{rel}","templated":true}]}}