{"id":55330,"date":"2026-01-12T00:08:57","date_gmt":"2026-01-12T00:08:57","guid":{"rendered":"https:\/\/deportecapital.com.ar\/?p=55330"},"modified":"2026-01-24T19:24:25","modified_gmt":"2026-01-24T19:24:25","slug":"corri-los-15-en-soledad","status":"publish","type":"post","link":"https:\/\/deportecapital.com.ar\/index.php\/2026\/01\/12\/corri-los-15-en-soledad\/","title":{"rendered":"\u201cCorr\u00ed los 15 en soledad\u201d"},"content":{"rendered":"\t\t<div data-elementor-type=\"wp-post\" data-elementor-id=\"55330\" class=\"elementor elementor-55330\">\n\t\t\t\t<div class=\"elementor-element elementor-element-692f732f e-flex e-con-boxed e-con e-parent\" data-id=\"692f732f\" data-element_type=\"container\" data-e-type=\"container\">\n\t\t\t\t\t<div class=\"e-con-inner\">\n\t\t\t\t<div class=\"elementor-element elementor-element-2544a53f elementor-widget elementor-widget-text-editor\" data-id=\"2544a53f\" data-element_type=\"widget\" data-e-type=\"widget\" data-widget_type=\"text-editor.default\">\n\t\t\t\t<div class=\"elementor-widget-container\">\n\t\t\t\t\t\t\t\t\t<p><em>Ver\u00f3nica De la Nava<\/em> se impuso claramente en la distancia de los 15 kil\u00f3metros. \u201cCorr\u00ed sola, aunque siempre es mejor ir con compa\u00f1eros\u201d, precis\u00f3.<\/p><p>\u00a0<\/p><p>Al t\u00e9rmino de la prueba atl\u00e9tica, la ganadora en damas en la distancia de los 15 kil\u00f3metros, <em>Ver\u00f3nica de la Nava<\/em>, dialog\u00f3 brevemente con esta hoja digital.<\/p><p>\u201cDecidimos largar hoy la primera <strong>Pre A Pampa<\/strong> y estaremos en las tres fechas restantes tambi\u00e9n; eso ayuda para mover y ablandar un poco, ya que reci\u00e9n comenzamos con la pretemporada\u201d, asever\u00f3.<\/p><p>La atleta que ir\u00e1 por los 21 kil\u00f3metros en la pr\u00f3xima edici\u00f3n de <strong>A Pampa Traviesa<\/strong> admiti\u00f3 que \u201cme gust\u00f3 el circuito y la idea era salir tranquila en los cinco y despu\u00e9s acomodarme en la distancia de arriba y as\u00ed fue. Corr\u00ed los 15 kil\u00f3metros sola, pero est\u00e1 bueno correr con compa\u00f1eros, gente que va a la par y ayuda mucho; hoy se dio as\u00ed y est\u00e1 bueno tambi\u00e9n\u201d.<\/p><p>De todas maneras sirve para seguir educando lo mental. \u201cSi, por supuesto, hay que consustanciarse fuertemente y llegar. Qued\u00e9 muy contenta\u201d, complet\u00f3.<\/p>\t\t\t\t\t\t\t\t<\/div>\n\t\t\t\t<\/div>\n\t\t\t\t\t<\/div>\n\t\t\t\t<\/div>\n\t\t<div class=\"elementor-element elementor-element-63a78ed e-flex e-con-boxed e-con e-parent\" data-id=\"63a78ed\" data-element_type=\"container\" data-e-type=\"container\">\n\t\t\t\t\t<div class=\"e-con-inner\">\n\t\t\t\t<div class=\"elementor-element elementor-element-ca82bdd elementor-widget elementor-widget-image-gallery\" data-id=\"ca82bdd\" data-element_type=\"widget\" data-e-type=\"widget\" data-widget_type=\"image-gallery.default\">\n\t\t\t\t<div class=\"elementor-widget-container\">\n\t\t\t\t\t\t\t<div class=\"elementor-image-gallery\">\n\t\t\t<div id='gallery-1' class='gallery galleryid-55330 gallery-columns-1 gallery-size-full'><figure class='gallery-item'>\n\t\t\t<div class='gallery-icon landscape'>\n\t\t\t\t<a data-elementor-open-lightbox=\"yes\" data-elementor-lightbox-slideshow=\"ca82bdd\" data-elementor-lightbox-title=\"Atletismo\" data-e-action-hash=\"#elementor-action%3Aaction%3Dlightbox%26settings%3DeyJpZCI6NTUzMzEsInVybCI6Imh0dHBzOlwvXC9kZXBvcnRlY2FwaXRhbC5jb20uYXJcL3dwLWNvbnRlbnRcL3VwbG9hZHNcLzIwMjZcLzAxXC9WRVJPLVVOTy5qcGciLCJzbGlkZXNob3ciOiJjYTgyYmRkIn0%3D\" href='https:\/\/deportecapital.com.ar\/wp-content\/uploads\/2026\/01\/VERO-UNO.jpg'><img loading=\"lazy\" width=\"1920\" height=\"1445\" src=\"https:\/\/deportecapital.com.ar\/wp-content\/uploads\/2026\/01\/VERO-UNO.jpg\" class=\"attachment-full size-full\" alt=\"Atletismo\" srcset=\"https:\/\/deportecapital.com.ar\/wp-content\/uploads\/2026\/01\/VERO-UNO.jpg 1920w, https:\/\/deportecapital.com.ar\/wp-content\/uploads\/2026\/01\/VERO-UNO-300x226.jpg 300w, https:\/\/deportecapital.com.ar\/wp-content\/uploads\/2026\/01\/VERO-UNO-1024x771.jpg 1024w, https:\/\/deportecapital.com.ar\/wp-content\/uploads\/2026\/01\/VERO-UNO-768x578.jpg 768w, https:\/\/deportecapital.com.ar\/wp-content\/uploads\/2026\/01\/VERO-UNO-1536x1156.jpg 1536w\" sizes=\"auto, (max-width: 1920px) 100vw, 1920px\" loading=\"lazy\" decoding=\"async\" \/><\/a>\n\t\t\t<\/div><\/figure>\n\t\t<\/div>\n\t\t<\/div>\n\t\t\t\t\t\t<\/div>\n\t\t\t\t<\/div>\n\t\t\t\t\t<\/div>\n\t\t\t\t<\/div>\n\t\t\t\t<\/div>\n\t\t","protected":false},"excerpt":{"rendered":"<p>Ver\u00f3nica De la Nava se impuso claramente en la distancia de los 15 kil\u00f3metros. \u201cCorr\u00ed&#8230;<\/p>\n","protected":false},"author":3,"featured_media":55331,"comment_status":"closed","ping_status":"open","sticky":false,"template":"","format":"standard","meta":{"footnotes":""},"categories":[5],"tags":[],"class_list":["post-55330","post","type-post","status-publish","format-standard","has-post-thumbnail","hentry","category-atletismo"],"yoast_head":"<!-- This site is optimized with the Yoast SEO plugin v27.5 - https:\/\/yoast.com\/product\/yoast-seo-wordpress\/ -->\n<title>\u201cCorr\u00ed los 15 en soledad\u201d - Deporte Capital<\/title>\n<meta name=\"robots\" content=\"index, follow, max-snippet:-1, max-image-preview:large, max-video-preview:-1\" \/>\n<link rel=\"canonical\" href=\"https:\/\/deportecapital.com.ar\/index.php\/2026\/01\/12\/corri-los-15-en-soledad\/\" \/>\n<meta property=\"og:locale\" content=\"es_ES\" \/>\n<meta property=\"og:type\" content=\"article\" \/>\n<meta property=\"og:title\" content=\"\u201cCorr\u00ed los 15 en soledad\u201d - Deporte Capital\" \/>\n<meta property=\"og:description\" content=\"Ver\u00f3nica De la Nava se impuso claramente en la distancia de los 15 kil\u00f3metros. \u201cCorr\u00ed...\" \/>\n<meta property=\"og:url\" content=\"https:\/\/deportecapital.com.ar\/index.php\/2026\/01\/12\/corri-los-15-en-soledad\/\" \/>\n<meta property=\"og:site_name\" content=\"Deporte Capital\" \/>\n<meta property=\"article:published_time\" content=\"2026-01-12T00:08:57+00:00\" \/>\n<meta property=\"article:modified_time\" content=\"2026-01-24T19:24:25+00:00\" \/>\n<meta property=\"og:image\" content=\"https:\/\/deportecapital.com.ar\/wp-content\/uploads\/2026\/01\/VERO-UNO.jpg\" \/>\n\t<meta property=\"og:image:width\" content=\"1920\" \/>\n\t<meta property=\"og:image:height\" content=\"1445\" \/>\n\t<meta property=\"og:image:type\" content=\"image\/jpeg\" \/>\n<meta name=\"author\" content=\"Emilio Manrique\" \/>\n<meta name=\"twitter:card\" content=\"summary_large_image\" \/>\n<meta name=\"twitter:label1\" content=\"Escrito por\" \/>\n\t<meta name=\"twitter:data1\" content=\"Emilio Manrique\" \/>\n\t<meta name=\"twitter:label2\" content=\"Tiempo de lectura\" \/>\n\t<meta name=\"twitter:data2\" content=\"2 minutos\" \/>\n<script type=\"application\/ld+json\" class=\"yoast-schema-graph\">{\"@context\":\"https:\\\/\\\/schema.org\",\"@graph\":[{\"@type\":\"Article\",\"@id\":\"https:\\\/\\\/deportecapital.com.ar\\\/index.php\\\/2026\\\/01\\\/12\\\/corri-los-15-en-soledad\\\/#article\",\"isPartOf\":{\"@id\":\"https:\\\/\\\/deportecapital.com.ar\\\/index.php\\\/2026\\\/01\\\/12\\\/corri-los-15-en-soledad\\\/\"},\"author\":{\"name\":\"Emilio Manrique\",\"@id\":\"https:\\\/\\\/deportecapital.com.ar\\\/#\\\/schema\\\/person\\\/9cd40456048dd30733b1d6749eca5de8\"},\"headline\":\"\u201cCorr\u00ed los 15 en soledad\u201d\",\"datePublished\":\"2026-01-12T00:08:57+00:00\",\"dateModified\":\"2026-01-24T19:24:25+00:00\",\"mainEntityOfPage\":{\"@id\":\"https:\\\/\\\/deportecapital.com.ar\\\/index.php\\\/2026\\\/01\\\/12\\\/corri-los-15-en-soledad\\\/\"},\"wordCount\":191,\"publisher\":{\"@id\":\"https:\\\/\\\/deportecapital.com.ar\\\/#organization\"},\"image\":{\"@id\":\"https:\\\/\\\/deportecapital.com.ar\\\/index.php\\\/2026\\\/01\\\/12\\\/corri-los-15-en-soledad\\\/#primaryimage\"},\"thumbnailUrl\":\"https:\\\/\\\/deportecapital.com.ar\\\/wp-content\\\/uploads\\\/2026\\\/01\\\/VERO-UNO.jpg\",\"articleSection\":[\"Atletismo\"],\"inLanguage\":\"es-AR\"},{\"@type\":\"WebPage\",\"@id\":\"https:\\\/\\\/deportecapital.com.ar\\\/index.php\\\/2026\\\/01\\\/12\\\/corri-los-15-en-soledad\\\/\",\"url\":\"https:\\\/\\\/deportecapital.com.ar\\\/index.php\\\/2026\\\/01\\\/12\\\/corri-los-15-en-soledad\\\/\",\"name\":\"\u201cCorr\u00ed los 15 en soledad\u201d - Deporte Capital\",\"isPartOf\":{\"@id\":\"https:\\\/\\\/deportecapital.com.ar\\\/#website\"},\"primaryImageOfPage\":{\"@id\":\"https:\\\/\\\/deportecapital.com.ar\\\/index.php\\\/2026\\\/01\\\/12\\\/corri-los-15-en-soledad\\\/#primaryimage\"},\"image\":{\"@id\":\"https:\\\/\\\/deportecapital.com.ar\\\/index.php\\\/2026\\\/01\\\/12\\\/corri-los-15-en-soledad\\\/#primaryimage\"},\"thumbnailUrl\":\"https:\\\/\\\/deportecapital.com.ar\\\/wp-content\\\/uploads\\\/2026\\\/01\\\/VERO-UNO.jpg\",\"datePublished\":\"2026-01-12T00:08:57+00:00\",\"dateModified\":\"2026-01-24T19:24:25+00:00\",\"breadcrumb\":{\"@id\":\"https:\\\/\\\/deportecapital.com.ar\\\/index.php\\\/2026\\\/01\\\/12\\\/corri-los-15-en-soledad\\\/#breadcrumb\"},\"inLanguage\":\"es-AR\",\"potentialAction\":[{\"@type\":\"ReadAction\",\"target\":[\"https:\\\/\\\/deportecapital.com.ar\\\/index.php\\\/2026\\\/01\\\/12\\\/corri-los-15-en-soledad\\\/\"]}]},{\"@type\":\"ImageObject\",\"inLanguage\":\"es-AR\",\"@id\":\"https:\\\/\\\/deportecapital.com.ar\\\/index.php\\\/2026\\\/01\\\/12\\\/corri-los-15-en-soledad\\\/#primaryimage\",\"url\":\"https:\\\/\\\/deportecapital.com.ar\\\/wp-content\\\/uploads\\\/2026\\\/01\\\/VERO-UNO.jpg\",\"contentUrl\":\"https:\\\/\\\/deportecapital.com.ar\\\/wp-content\\\/uploads\\\/2026\\\/01\\\/VERO-UNO.jpg\",\"width\":1920,\"height\":1445},{\"@type\":\"BreadcrumbList\",\"@id\":\"https:\\\/\\\/deportecapital.com.ar\\\/index.php\\\/2026\\\/01\\\/12\\\/corri-los-15-en-soledad\\\/#breadcrumb\",\"itemListElement\":[{\"@type\":\"ListItem\",\"position\":1,\"name\":\"Inicio\",\"item\":\"https:\\\/\\\/deportecapital.com.ar\\\/\"},{\"@type\":\"ListItem\",\"position\":2,\"name\":\"\u201cCorr\u00ed los 15 en soledad\u201d\"}]},{\"@type\":\"WebSite\",\"@id\":\"https:\\\/\\\/deportecapital.com.ar\\\/#website\",\"url\":\"https:\\\/\\\/deportecapital.com.ar\\\/\",\"name\":\"Deporte Capital\",\"description\":\"Diario digital con todo el deporte de La Pampa y alrededores.\",\"publisher\":{\"@id\":\"https:\\\/\\\/deportecapital.com.ar\\\/#organization\"},\"potentialAction\":[{\"@type\":\"SearchAction\",\"target\":{\"@type\":\"EntryPoint\",\"urlTemplate\":\"https:\\\/\\\/deportecapital.com.ar\\\/?s={search_term_string}\"},\"query-input\":{\"@type\":\"PropertyValueSpecification\",\"valueRequired\":true,\"valueName\":\"search_term_string\"}}],\"inLanguage\":\"es-AR\"},{\"@type\":\"Organization\",\"@id\":\"https:\\\/\\\/deportecapital.com.ar\\\/#organization\",\"name\":\"Deporte Capital\",\"url\":\"https:\\\/\\\/deportecapital.com.ar\\\/\",\"logo\":{\"@type\":\"ImageObject\",\"inLanguage\":\"es-AR\",\"@id\":\"https:\\\/\\\/deportecapital.com.ar\\\/#\\\/schema\\\/logo\\\/image\\\/\",\"url\":\"https:\\\/\\\/deportecapital.com.ar\\\/wp-content\\\/uploads\\\/2025\\\/06\\\/logo-deportecapital_white-1.png\",\"contentUrl\":\"https:\\\/\\\/deportecapital.com.ar\\\/wp-content\\\/uploads\\\/2025\\\/06\\\/logo-deportecapital_white-1.png\",\"width\":243,\"height\":111,\"caption\":\"Deporte Capital\"},\"image\":{\"@id\":\"https:\\\/\\\/deportecapital.com.ar\\\/#\\\/schema\\\/logo\\\/image\\\/\"}},{\"@type\":\"Person\",\"@id\":\"https:\\\/\\\/deportecapital.com.ar\\\/#\\\/schema\\\/person\\\/9cd40456048dd30733b1d6749eca5de8\",\"name\":\"Emilio Manrique\",\"image\":{\"@type\":\"ImageObject\",\"inLanguage\":\"es-AR\",\"@id\":\"https:\\\/\\\/secure.gravatar.com\\\/avatar\\\/005c696496b156e30819f271efdd20348da8f41b5d5653680fd363162bbeb3bb?s=96&d=mm&r=g\",\"url\":\"https:\\\/\\\/secure.gravatar.com\\\/avatar\\\/005c696496b156e30819f271efdd20348da8f41b5d5653680fd363162bbeb3bb?s=96&d=mm&r=g\",\"contentUrl\":\"https:\\\/\\\/secure.gravatar.com\\\/avatar\\\/005c696496b156e30819f271efdd20348da8f41b5d5653680fd363162bbeb3bb?s=96&d=mm&r=g\",\"caption\":\"Emilio Manrique\"},\"url\":\"https:\\\/\\\/deportecapital.com.ar\\\/index.php\\\/author\\\/emilio-manrique\\\/\"}]}<\/script>\n<!-- \/ Yoast SEO plugin. -->","yoast_head_json":{"title":"\u201cCorr\u00ed los 15 en soledad\u201d - Deporte Capital","robots":{"index":"index","follow":"follow","max-snippet":"max-snippet:-1","max-image-preview":"max-image-preview:large","max-video-preview":"max-video-preview:-1"},"canonical":"https:\/\/deportecapital.com.ar\/index.php\/2026\/01\/12\/corri-los-15-en-soledad\/","og_locale":"es_ES","og_type":"article","og_title":"\u201cCorr\u00ed los 15 en soledad\u201d - Deporte Capital","og_description":"Ver\u00f3nica De la Nava se impuso claramente en la distancia de los 15 kil\u00f3metros. \u201cCorr\u00ed...","og_url":"https:\/\/deportecapital.com.ar\/index.php\/2026\/01\/12\/corri-los-15-en-soledad\/","og_site_name":"Deporte Capital","article_published_time":"2026-01-12T00:08:57+00:00","article_modified_time":"2026-01-24T19:24:25+00:00","og_image":[{"width":1920,"height":1445,"url":"https:\/\/deportecapital.com.ar\/wp-content\/uploads\/2026\/01\/VERO-UNO.jpg","type":"image\/jpeg"}],"author":"Emilio Manrique","twitter_card":"summary_large_image","twitter_misc":{"Escrito por":"Emilio Manrique","Tiempo de lectura":"2 minutos"},"schema":{"@context":"https:\/\/schema.org","@graph":[{"@type":"Article","@id":"https:\/\/deportecapital.com.ar\/index.php\/2026\/01\/12\/corri-los-15-en-soledad\/#article","isPartOf":{"@id":"https:\/\/deportecapital.com.ar\/index.php\/2026\/01\/12\/corri-los-15-en-soledad\/"},"author":{"name":"Emilio Manrique","@id":"https:\/\/deportecapital.com.ar\/#\/schema\/person\/9cd40456048dd30733b1d6749eca5de8"},"headline":"\u201cCorr\u00ed los 15 en soledad\u201d","datePublished":"2026-01-12T00:08:57+00:00","dateModified":"2026-01-24T19:24:25+00:00","mainEntityOfPage":{"@id":"https:\/\/deportecapital.com.ar\/index.php\/2026\/01\/12\/corri-los-15-en-soledad\/"},"wordCount":191,"publisher":{"@id":"https:\/\/deportecapital.com.ar\/#organization"},"image":{"@id":"https:\/\/deportecapital.com.ar\/index.php\/2026\/01\/12\/corri-los-15-en-soledad\/#primaryimage"},"thumbnailUrl":"https:\/\/deportecapital.com.ar\/wp-content\/uploads\/2026\/01\/VERO-UNO.jpg","articleSection":["Atletismo"],"inLanguage":"es-AR"},{"@type":"WebPage","@id":"https:\/\/deportecapital.com.ar\/index.php\/2026\/01\/12\/corri-los-15-en-soledad\/","url":"https:\/\/deportecapital.com.ar\/index.php\/2026\/01\/12\/corri-los-15-en-soledad\/","name":"\u201cCorr\u00ed los 15 en soledad\u201d - Deporte Capital","isPartOf":{"@id":"https:\/\/deportecapital.com.ar\/#website"},"primaryImageOfPage":{"@id":"https:\/\/deportecapital.com.ar\/index.php\/2026\/01\/12\/corri-los-15-en-soledad\/#primaryimage"},"image":{"@id":"https:\/\/deportecapital.com.ar\/index.php\/2026\/01\/12\/corri-los-15-en-soledad\/#primaryimage"},"thumbnailUrl":"https:\/\/deportecapital.com.ar\/wp-content\/uploads\/2026\/01\/VERO-UNO.jpg","datePublished":"2026-01-12T00:08:57+00:00","dateModified":"2026-01-24T19:24:25+00:00","breadcrumb":{"@id":"https:\/\/deportecapital.com.ar\/index.php\/2026\/01\/12\/corri-los-15-en-soledad\/#breadcrumb"},"inLanguage":"es-AR","potentialAction":[{"@type":"ReadAction","target":["https:\/\/deportecapital.com.ar\/index.php\/2026\/01\/12\/corri-los-15-en-soledad\/"]}]},{"@type":"ImageObject","inLanguage":"es-AR","@id":"https:\/\/deportecapital.com.ar\/index.php\/2026\/01\/12\/corri-los-15-en-soledad\/#primaryimage","url":"https:\/\/deportecapital.com.ar\/wp-content\/uploads\/2026\/01\/VERO-UNO.jpg","contentUrl":"https:\/\/deportecapital.com.ar\/wp-content\/uploads\/2026\/01\/VERO-UNO.jpg","width":1920,"height":1445},{"@type":"BreadcrumbList","@id":"https:\/\/deportecapital.com.ar\/index.php\/2026\/01\/12\/corri-los-15-en-soledad\/#breadcrumb","itemListElement":[{"@type":"ListItem","position":1,"name":"Inicio","item":"https:\/\/deportecapital.com.ar\/"},{"@type":"ListItem","position":2,"name":"\u201cCorr\u00ed los 15 en soledad\u201d"}]},{"@type":"WebSite","@id":"https:\/\/deportecapital.com.ar\/#website","url":"https:\/\/deportecapital.com.ar\/","name":"Deporte Capital","description":"Diario digital con todo el deporte de La Pampa y alrededores.","publisher":{"@id":"https:\/\/deportecapital.com.ar\/#organization"},"potentialAction":[{"@type":"SearchAction","target":{"@type":"EntryPoint","urlTemplate":"https:\/\/deportecapital.com.ar\/?s={search_term_string}"},"query-input":{"@type":"PropertyValueSpecification","valueRequired":true,"valueName":"search_term_string"}}],"inLanguage":"es-AR"},{"@type":"Organization","@id":"https:\/\/deportecapital.com.ar\/#organization","name":"Deporte Capital","url":"https:\/\/deportecapital.com.ar\/","logo":{"@type":"ImageObject","inLanguage":"es-AR","@id":"https:\/\/deportecapital.com.ar\/#\/schema\/logo\/image\/","url":"https:\/\/deportecapital.com.ar\/wp-content\/uploads\/2025\/06\/logo-deportecapital_white-1.png","contentUrl":"https:\/\/deportecapital.com.ar\/wp-content\/uploads\/2025\/06\/logo-deportecapital_white-1.png","width":243,"height":111,"caption":"Deporte Capital"},"image":{"@id":"https:\/\/deportecapital.com.ar\/#\/schema\/logo\/image\/"}},{"@type":"Person","@id":"https:\/\/deportecapital.com.ar\/#\/schema\/person\/9cd40456048dd30733b1d6749eca5de8","name":"Emilio Manrique","image":{"@type":"ImageObject","inLanguage":"es-AR","@id":"https:\/\/secure.gravatar.com\/avatar\/005c696496b156e30819f271efdd20348da8f41b5d5653680fd363162bbeb3bb?s=96&d=mm&r=g","url":"https:\/\/secure.gravatar.com\/avatar\/005c696496b156e30819f271efdd20348da8f41b5d5653680fd363162bbeb3bb?s=96&d=mm&r=g","contentUrl":"https:\/\/secure.gravatar.com\/avatar\/005c696496b156e30819f271efdd20348da8f41b5d5653680fd363162bbeb3bb?s=96&d=mm&r=g","caption":"Emilio Manrique"},"url":"https:\/\/deportecapital.com.ar\/index.php\/author\/emilio-manrique\/"}]}},"rttpg_featured_image_url":{"full":["https:\/\/deportecapital.com.ar\/wp-content\/uploads\/2026\/01\/VERO-UNO.jpg",1920,1445,false],"landscape":["https:\/\/deportecapital.com.ar\/wp-content\/uploads\/2026\/01\/VERO-UNO.jpg",1920,1445,false],"portraits":["https:\/\/deportecapital.com.ar\/wp-content\/uploads\/2026\/01\/VERO-UNO.jpg",1920,1445,false],"thumbnail":["https:\/\/deportecapital.com.ar\/wp-content\/uploads\/2026\/01\/VERO-UNO-150x150.jpg",150,150,true],"medium":["https:\/\/deportecapital.com.ar\/wp-content\/uploads\/2026\/01\/VERO-UNO-300x226.jpg",300,226,true],"large":["https:\/\/deportecapital.com.ar\/wp-content\/uploads\/2026\/01\/VERO-UNO-1024x771.jpg",640,482,true],"1536x1536":["https:\/\/deportecapital.com.ar\/wp-content\/uploads\/2026\/01\/VERO-UNO-1536x1156.jpg",1536,1156,true],"2048x2048":["https:\/\/deportecapital.com.ar\/wp-content\/uploads\/2026\/01\/VERO-UNO.jpg",1920,1445,false],"covernews-slider-full":["https:\/\/deportecapital.com.ar\/wp-content\/uploads\/2026\/01\/VERO-UNO-1115x715.jpg",1115,715,true],"covernews-slider-center":["https:\/\/deportecapital.com.ar\/wp-content\/uploads\/2026\/01\/VERO-UNO-800x500.jpg",800,500,true],"covernews-featured":["https:\/\/deportecapital.com.ar\/wp-content\/uploads\/2026\/01\/VERO-UNO-1024x771.jpg",1024,771,true],"covernews-medium":["https:\/\/deportecapital.com.ar\/wp-content\/uploads\/2026\/01\/VERO-UNO-540x340.jpg",540,340,true],"covernews-medium-square":["https:\/\/deportecapital.com.ar\/wp-content\/uploads\/2026\/01\/VERO-UNO-400x250.jpg",400,250,true]},"rttpg_author":{"display_name":"Emilio Manrique","author_link":"https:\/\/deportecapital.com.ar\/index.php\/author\/emilio-manrique\/"},"rttpg_comment":0,"rttpg_category":"<a href=\"https:\/\/deportecapital.com.ar\/index.php\/category\/atletismo\/\" rel=\"category tag\">Atletismo<\/a>","rttpg_excerpt":"Ver\u00f3nica De la Nava se impuso claramente en la distancia de los 15 kil\u00f3metros. \u201cCorr\u00ed...","_links":{"self":[{"href":"https:\/\/deportecapital.com.ar\/index.php\/wp-json\/wp\/v2\/posts\/55330","targetHints":{"allow":["GET"]}}],"collection":[{"href":"https:\/\/deportecapital.com.ar\/index.php\/wp-json\/wp\/v2\/posts"}],"about":[{"href":"https:\/\/deportecapital.com.ar\/index.php\/wp-json\/wp\/v2\/types\/post"}],"author":[{"embeddable":true,"href":"https:\/\/deportecapital.com.ar\/index.php\/wp-json\/wp\/v2\/users\/3"}],"replies":[{"embeddable":true,"href":"https:\/\/deportecapital.com.ar\/index.php\/wp-json\/wp\/v2\/comments?post=55330"}],"version-history":[{"count":4,"href":"https:\/\/deportecapital.com.ar\/index.php\/wp-json\/wp\/v2\/posts\/55330\/revisions"}],"predecessor-version":[{"id":55335,"href":"https:\/\/deportecapital.com.ar\/index.php\/wp-json\/wp\/v2\/posts\/55330\/revisions\/55335"}],"wp:featuredmedia":[{"embeddable":true,"href":"https:\/\/deportecapital.com.ar\/index.php\/wp-json\/wp\/v2\/media\/55331"}],"wp:attachment":[{"href":"https:\/\/deportecapital.com.ar\/index.php\/wp-json\/wp\/v2\/media?parent=55330"}],"wp:term":[{"taxonomy":"category","embeddable":true,"href":"https:\/\/deportecapital.com.ar\/index.php\/wp-json\/wp\/v2\/categories?post=55330"},{"taxonomy":"post_tag","embeddable":true,"href":"https:\/\/deportecapital.com.ar\/index.php\/wp-json\/wp\/v2\/tags?post=55330"}],"curies":[{"name":"wp","href":"https:\/\/api.w.org\/{rel}","templated":true}]}}