{"id":55336,"date":"2026-01-12T00:52:46","date_gmt":"2026-01-12T00:52:46","guid":{"rendered":"https:\/\/deportecapital.com.ar\/?p=55336"},"modified":"2026-01-14T01:51:50","modified_gmt":"2026-01-14T01:51:50","slug":"suarez-y-de-la-nava-en-la-primera","status":"publish","type":"post","link":"https:\/\/deportecapital.com.ar\/index.php\/2026\/01\/12\/suarez-y-de-la-nava-en-la-primera\/","title":{"rendered":"Su\u00e1rez y De la Nava, en la primera"},"content":{"rendered":"\t\t<div data-elementor-type=\"wp-post\" data-elementor-id=\"55336\" class=\"elementor elementor-55336\">\n\t\t\t\t<div class=\"elementor-element elementor-element-6ab17d68 e-flex e-con-boxed e-con e-parent\" data-id=\"6ab17d68\" data-element_type=\"container\" data-e-type=\"container\">\n\t\t\t\t\t<div class=\"e-con-inner\">\n\t\t\t\t<div class=\"elementor-element elementor-element-40d1b714 elementor-widget elementor-widget-text-editor\" data-id=\"40d1b714\" data-element_type=\"widget\" data-e-type=\"widget\" data-widget_type=\"text-editor.default\">\n\t\t\t\t<div class=\"elementor-widget-container\">\n\t\t\t\t\t\t\t\t\t<p>Los atletas <em>Diego Su\u00e1rez<\/em> y <em>Ver\u00f3nica De la Nava<\/em> fueron los ganadores de la primera <strong>Pre A Pampa Traviesa<\/strong> que se disput\u00f3 esta ma\u00f1ana.<\/p><p>\u00a0<\/p><p>La cita fue bien temprano en el <strong>Parque Recreativo Don Tom\u00e1s<\/strong> con partida en la pista de solado sint\u00e9tico.<\/p><p>La importante convocatoria cont\u00f3 con la organizaci\u00f3n de la <strong>Direcci\u00f3n de Deportes de la Municipalidad de Santa Rosa<\/strong> y la fiscalizaci\u00f3n de la <strong>Federaci\u00f3n Atl\u00e9tica Pampeana<\/strong>.<\/p><p><em>Diego Su\u00e1rez<\/em> emple\u00f3 un registro de 53,42 para quedarse con el lugar de privilegio en los 15 kil\u00f3metros, escoltado por <em>Juan Alc\u00e1ntara<\/em> con 56,12 y <em>Jos\u00e9 Peppino<\/em> con 56,30.<\/p><p>Entre las damas prevaleci\u00f3 <em>Ver\u00f3nica De la Nava<\/em> con 64,12, seguida de <em>Vanesa Tapi\u00e9<\/em> con 67,23 y <em>Mariana Hern\u00e1ndez<\/em> con 71,41.<\/p><p>En los 10 kil\u00f3metros se impuso <em>Franco Sueldo<\/em> con 34,34, secundado por <em>Alexis Brizuela<\/em> 36,33 y <em>Leonel Favole<\/em> 36,44.<\/p><p><em>Naom\u00ed Sueldo<\/em> gan\u00f3 en la rama femenina con un crono de 41,01; luego, se posicionaron <em>Natalia Exner<\/em> con 43,33 y <em>Macarena Ag\u00fcero<\/em> 44,39.<\/p><p>En la complementaria de los cinco mil metros el primer puesto qued\u00f3 en manos de <em>Tenca Bogar\u00edn<\/em> con 18,16; segundo fue <em>Gerardo Ber\u00f3n<\/em> con 18,32 y tercero <em>Joaqu\u00edn Carraro<\/em> con 18,52.<\/p><p>En mujeres festej\u00f3 <em>Azul Wilches<\/em> con 20,23s; despu\u00e9s arribaron <em>Bel\u00e9n Villalba<\/em> con 20,29 y <em>Ayl\u00e9n Alzugaray<\/em> 21,47.<\/p><p><strong>Clasificaci\u00f3n General 5K &#8211; Femenino <\/strong><\/p><table border=\"1\" width=\"626\"><tbody><tr><td width=\"72\"><strong>N\u00famero <\/strong><\/td><td width=\"71\">Posici\u00f3n<\/td><td colspan=\"2\" width=\"65\">Tiempo<\/td><td width=\"74\"><strong>DNI<\/strong><\/td><td width=\"114\"><strong>Nombre <\/strong><\/td><td width=\"113\"><strong>Apellido <\/strong><\/td><td colspan=\"2\" width=\"117\"><strong>Nacimiento <\/strong><\/td><\/tr><tr><td width=\"72\"><strong>213 <\/strong><\/td><td width=\"71\">1<\/td><td colspan=\"2\" width=\"65\">20,23<\/td><td width=\"74\">40610251<\/td><td width=\"114\">Azul Abigail<\/td><td width=\"113\">Wilches<\/td><td colspan=\"2\" width=\"117\">2010-12-31<\/td><\/tr><tr><td width=\"72\"><strong>238 <\/strong><\/td><td width=\"71\">2<\/td><td colspan=\"2\" width=\"65\">20,29<\/td><td width=\"74\">52178003<\/td><td width=\"114\">Belen<\/td><td width=\"113\">Villalba<\/td><td colspan=\"2\" width=\"117\">2012-01-30<\/td><\/tr><tr><td width=\"72\"><strong>272 <\/strong><\/td><td width=\"71\">3<\/td><td colspan=\"2\" width=\"65\">21,47<\/td><td width=\"74\">42335684<\/td><td width=\"114\">Aylen<\/td><td width=\"113\">Alzugaray<\/td><td colspan=\"2\" width=\"117\">2000-02-22<\/td><\/tr><tr><td width=\"72\"><strong>239 <\/strong><\/td><td width=\"71\">4<\/td><td colspan=\"2\" width=\"65\">22,23<\/td><td width=\"74\">50124914<\/td><td width=\"114\">Naomi<\/td><td width=\"113\">Gonzalez Dobaro<\/td><td colspan=\"2\" width=\"117\">2011-03-05<\/td><\/tr><tr><td width=\"72\"><strong>204 <\/strong><\/td><td width=\"71\">5<\/td><td colspan=\"2\" width=\"65\">22,39<\/td><td width=\"74\">33454849<\/td><td width=\"114\">Guadalupe Esther<\/td><td width=\"113\">Cifuentes<\/td><td colspan=\"2\" width=\"117\">1988-04-16<\/td><\/tr><tr><td width=\"72\"><strong>296 <\/strong><\/td><td width=\"71\">6<\/td><td colspan=\"2\" width=\"65\">23,28<\/td><td width=\"74\">25851054<\/td><td width=\"114\">Carina<\/td><td width=\"113\">Solano<\/td><td colspan=\"2\" width=\"117\">1977-04-11<\/td><\/tr><tr><td width=\"72\"><strong>256 <\/strong><\/td><td width=\"71\">7<\/td><td colspan=\"2\" width=\"65\">24,30<\/td><td width=\"74\">24556856<\/td><td width=\"114\">Elisa<\/td><td width=\"113\">Aguilera Mareco<\/td><td colspan=\"2\" width=\"117\">1975-03-15<\/td><\/tr><tr><td width=\"72\"><strong>216 <\/strong><\/td><td width=\"71\">8<\/td><td colspan=\"2\" width=\"65\">24,37<\/td><td width=\"74\">28405687<\/td><td width=\"114\">Fernanda Lucia<\/td><td width=\"113\">Hermann<\/td><td colspan=\"2\" width=\"117\">1980-10-25<\/td><\/tr><tr><td width=\"72\"><strong>253 <\/strong><\/td><td width=\"71\">9<\/td><td colspan=\"2\" width=\"65\">25,35<\/td><td width=\"74\">35604192<\/td><td width=\"114\">Valeria<\/td><td width=\"113\">Canales<\/td><td colspan=\"2\" width=\"117\">1990-09-17<\/td><\/tr><tr><td width=\"72\"><strong>267 <\/strong><\/td><td width=\"71\">10<\/td><td colspan=\"2\" width=\"65\">25,41<\/td><td width=\"74\">44342565<\/td><td width=\"114\">Luisina<\/td><td width=\"113\">Alsamendi<\/td><td colspan=\"2\" width=\"117\">2000-11-25<\/td><\/tr><tr><td width=\"72\"><strong>141 <\/strong><\/td><td width=\"71\">11<\/td><td colspan=\"2\" width=\"65\">25,45<\/td><td width=\"74\">22176233<\/td><td width=\"114\">Maria Rosa<\/td><td width=\"113\">Blanco<\/td><td colspan=\"2\" width=\"117\">1971-05-16<\/td><\/tr><tr><td width=\"72\"><strong>182 <\/strong><\/td><td width=\"71\">12<\/td><td colspan=\"2\" width=\"65\">26,08<\/td><td width=\"74\">29295160<\/td><td width=\"114\">Stella Maris<\/td><td width=\"113\">Jara<\/td><td colspan=\"2\" width=\"117\">1982-02-19<\/td><\/tr><tr><td width=\"72\"><strong>229 <\/strong><\/td><td width=\"71\">13<\/td><td colspan=\"2\" width=\"65\">27,19<\/td><td width=\"74\">14341707<\/td><td width=\"114\">Rosa Griselda<\/td><td width=\"113\">Schap<\/td><td colspan=\"2\" width=\"117\">1962-12-18<\/td><\/tr><tr><td width=\"72\"><strong>194 <\/strong><\/td><td width=\"71\">14<\/td><td colspan=\"2\" width=\"65\">27,19<\/td><td width=\"74\">38551887<\/td><td width=\"114\">Nancy<\/td><td width=\"113\">Espindola<\/td><td colspan=\"2\" width=\"117\">1994-12-26<\/td><\/tr><tr><td width=\"72\"><strong>211 <\/strong><\/td><td width=\"71\">15<\/td><td colspan=\"2\" width=\"65\">27,26<\/td><td width=\"74\">38039330<\/td><td width=\"114\">Melina Suyai<\/td><td width=\"113\">Urdaniz<\/td><td colspan=\"2\" width=\"117\">1994-05-20<\/td><\/tr><tr><td width=\"72\"><strong>251 <\/strong><\/td><td width=\"71\">16<\/td><td colspan=\"2\" width=\"65\">27,26<\/td><td width=\"74\">33044162<\/td><td width=\"114\">Carolina<\/td><td width=\"113\">Fernandez<\/td><td colspan=\"2\" width=\"117\">1987-09-16<\/td><\/tr><tr><td width=\"72\"><strong>299 <\/strong><\/td><td width=\"71\">17<\/td><td colspan=\"2\" width=\"65\">27,50<\/td><td width=\"74\">38552882<\/td><td width=\"114\">Araceli<\/td><td width=\"113\">Rosales<\/td><td colspan=\"2\" width=\"117\">1994-10-11<\/td><\/tr><tr><td width=\"72\"><strong>206 <\/strong><\/td><td width=\"71\">18<\/td><td colspan=\"2\" width=\"65\">28,20<\/td><td width=\"74\">39931660<\/td><td width=\"114\">Florencia<\/td><td width=\"113\">Bolpato<\/td><td colspan=\"2\" width=\"117\">1996-10-22<\/td><\/tr><tr><td width=\"72\"><strong>196 <\/strong><\/td><td width=\"71\">19<\/td><td colspan=\"2\" width=\"65\">28,23<\/td><td width=\"74\">34422488<\/td><td width=\"114\">Andrea<\/td><td width=\"113\">Espindola<\/td><td colspan=\"2\" width=\"117\">1989-12-11<\/td><\/tr><tr><td width=\"72\"><strong>283 <\/strong><\/td><td width=\"71\">20<\/td><td colspan=\"2\" width=\"65\">28,24<\/td><td width=\"74\">41476121<\/td><td width=\"114\">Ana Luz<\/td><td width=\"113\">Diaz<\/td><td colspan=\"2\" width=\"117\">1998-10-12<\/td><\/tr><tr><td width=\"72\"><strong>260 <\/strong><\/td><td width=\"71\">21<\/td><td colspan=\"2\" width=\"65\">28,25<\/td><td width=\"74\">31942672<\/td><td width=\"114\">Patricia Yanina<\/td><td width=\"113\">Oritz<\/td><td colspan=\"2\" width=\"117\">1986-03-11<\/td><\/tr><tr><td width=\"72\"><strong>266 <\/strong><\/td><td width=\"71\">22<\/td><td colspan=\"2\" width=\"65\">28,28<\/td><td width=\"74\">22730073<\/td><td width=\"114\">Ver\u00f3nica<\/td><td width=\"113\">Santechia<\/td><td colspan=\"2\" width=\"117\">1973-01-18<\/td><\/tr><tr><td width=\"72\"><strong>265 <\/strong><\/td><td width=\"71\">23<\/td><td colspan=\"2\" width=\"65\">28,51<\/td><td width=\"74\">28734613<\/td><td width=\"114\">Erica Roxana<\/td><td width=\"113\">Pedernera<\/td><td colspan=\"2\" width=\"117\">1981-11-19<\/td><\/tr><tr><td width=\"72\"><strong>248 <\/strong><\/td><td width=\"71\">24<\/td><td colspan=\"2\" width=\"65\">28,52<\/td><td width=\"74\">27796395<\/td><td width=\"114\">Mar\u00eda Bel\u00e9n<\/td><td width=\"113\">Cucchiarini<\/td><td colspan=\"2\" width=\"117\">1980-03-12<\/td><\/tr><tr><td width=\"72\"><strong>230 <\/strong><\/td><td width=\"71\">25<\/td><td colspan=\"2\" width=\"65\">28,53<\/td><td width=\"74\">44842951<\/td><td width=\"114\">Daira<\/td><td width=\"113\">Poblet<\/td><td colspan=\"2\" width=\"117\">2003-08-20<\/td><\/tr><tr><td width=\"72\"><strong>290 <\/strong><\/td><td width=\"71\">26<\/td><td colspan=\"2\" width=\"65\">28,55<\/td><td width=\"74\">95065073<\/td><td width=\"114\">Cecilia<\/td><td width=\"113\">Cea L\u00f3pez<\/td><td colspan=\"2\" width=\"117\">1997-04-18<\/td><\/tr><tr><td width=\"72\"><strong>268 <\/strong><\/td><td width=\"71\">27<\/td><td colspan=\"2\" width=\"65\">29,10<\/td><td width=\"74\">40954439<\/td><td width=\"114\">Julieta<\/td><td width=\"113\">Prieto Ponzio<\/td><td colspan=\"2\" width=\"117\">1998-04-12<\/td><\/tr><tr><td colspan=\"3\" width=\"72\">\u00a0\u00a0\u00a0\u00a0\u00a0\u00a0\u00a0\u00a0\u00a0\u00a0\u00a0 <strong>293 \u00a0\u00a0\u00a0\u00a0\u00a0\u00a0\u00a0\u00a0\u00a0\u00a0\u00a0\u00a0\u00a0\u00a0\u00a0 <\/strong><\/td><td width=\"70\">28<\/td><td width=\"48\">29,30<\/td><td width=\"74\">28194365<\/td><td width=\"114\">Andrea Marisel<\/td><td colspan=\"2\" width=\"154\">Rivoira<\/td><td width=\"76\">1980-09-10<\/td><\/tr><tr><td colspan=\"3\" width=\"72\">\u00a0\u00a0\u00a0\u00a0\u00a0\u00a0\u00a0\u00a0\u00a0\u00a0\u00a0 <strong>281 \u00a0\u00a0\u00a0\u00a0\u00a0\u00a0\u00a0\u00a0\u00a0\u00a0\u00a0\u00a0\u00a0\u00a0\u00a0 <\/strong><\/td><td width=\"70\">29<\/td><td width=\"48\">29,30<\/td><td width=\"74\">42104699<\/td><td width=\"114\">Selena<\/td><td colspan=\"2\" width=\"154\">Lopez<\/td><td width=\"76\">1999-12-05<\/td><\/tr><tr><td colspan=\"3\" width=\"72\">\u00a0\u00a0\u00a0\u00a0\u00a0\u00a0\u00a0\u00a0\u00a0\u00a0\u00a0\u00a0\u00a0 <strong>98 \u00a0\u00a0\u00a0\u00a0\u00a0\u00a0\u00a0\u00a0\u00a0\u00a0\u00a0\u00a0\u00a0\u00a0\u00a0 <\/strong><\/td><td width=\"70\">30<\/td><td width=\"48\">29,43<\/td><td width=\"74\">26090849<\/td><td width=\"114\">Mar\u00eda Elena<\/td><td colspan=\"2\" width=\"154\">Pelayes<\/td><td width=\"76\">1977-10-09<\/td><\/tr><tr><td colspan=\"3\" width=\"72\">\u00a0\u00a0\u00a0\u00a0\u00a0\u00a0\u00a0\u00a0\u00a0\u00a0\u00a0 <strong>156 \u00a0\u00a0\u00a0\u00a0\u00a0\u00a0\u00a0\u00a0\u00a0\u00a0\u00a0\u00a0\u00a0\u00a0\u00a0 <\/strong><\/td><td width=\"70\">31<\/td><td width=\"48\">29,44<\/td><td width=\"74\">30782045<\/td><td width=\"114\">Bibiana<\/td><td colspan=\"2\" width=\"154\">Bonafina<\/td><td width=\"76\">1984-08-04<\/td><\/tr><tr><td colspan=\"3\" width=\"72\">\u00a0\u00a0\u00a0\u00a0\u00a0\u00a0\u00a0\u00a0\u00a0\u00a0\u00a0 <strong>241 \u00a0\u00a0\u00a0\u00a0\u00a0\u00a0\u00a0\u00a0\u00a0\u00a0\u00a0\u00a0\u00a0\u00a0\u00a0 <\/strong><\/td><td width=\"70\">32<\/td><td width=\"48\">29,45<\/td><td width=\"74\">29343147<\/td><td width=\"114\">Karina Beatriz<\/td><td colspan=\"2\" width=\"154\">Taborda<\/td><td width=\"76\">1982-03-04<\/td><\/tr><tr><td colspan=\"3\" width=\"72\">\u00a0\u00a0\u00a0\u00a0\u00a0\u00a0\u00a0\u00a0\u00a0\u00a0\u00a0 <strong>257 \u00a0\u00a0\u00a0\u00a0\u00a0\u00a0\u00a0\u00a0\u00a0\u00a0\u00a0\u00a0\u00a0\u00a0\u00a0 <\/strong><\/td><td width=\"70\">33<\/td><td width=\"48\">29,47<\/td><td width=\"74\">37176933<\/td><td width=\"114\">Maria Emilia<\/td><td colspan=\"2\" width=\"154\">Montenegro<\/td><td width=\"76\">1993-03-07<\/td><\/tr><tr><td colspan=\"3\" width=\"72\">\u00a0\u00a0\u00a0\u00a0\u00a0\u00a0\u00a0\u00a0\u00a0\u00a0\u00a0 <strong>214 \u00a0\u00a0\u00a0\u00a0\u00a0\u00a0\u00a0\u00a0\u00a0\u00a0\u00a0\u00a0\u00a0\u00a0\u00a0 <\/strong><\/td><td width=\"70\">34<\/td><td width=\"48\">30,17<\/td><td width=\"74\">27103546<\/td><td width=\"114\">Paula<\/td><td colspan=\"2\" width=\"154\">Ramos<\/td><td width=\"76\">1979-05-09<\/td><\/tr><tr><td colspan=\"3\" width=\"72\">\u00a0\u00a0\u00a0\u00a0\u00a0\u00a0\u00a0\u00a0\u00a0\u00a0\u00a0\u00a0\u00a0 <strong>92 \u00a0\u00a0\u00a0\u00a0\u00a0\u00a0\u00a0\u00a0\u00a0\u00a0\u00a0\u00a0\u00a0\u00a0\u00a0 <\/strong><\/td><td width=\"70\">35<\/td><td width=\"48\">30,25<\/td><td width=\"74\">35240568<\/td><td width=\"114\">Lujan<\/td><td colspan=\"2\" width=\"154\">Avance<\/td><td width=\"76\">1990-10-23<\/td><\/tr><tr><td colspan=\"3\" width=\"72\">\u00a0\u00a0\u00a0\u00a0\u00a0\u00a0\u00a0\u00a0\u00a0\u00a0\u00a0 <strong>219 \u00a0\u00a0\u00a0\u00a0\u00a0\u00a0\u00a0\u00a0\u00a0\u00a0\u00a0\u00a0\u00a0\u00a0\u00a0 <\/strong><\/td><td width=\"70\">36<\/td><td width=\"48\">30,56<\/td><td width=\"74\">36200937<\/td><td width=\"114\">Lara Antonella<\/td><td colspan=\"2\" width=\"154\">Cuello Rivera<\/td><td width=\"76\">1991-10-02<\/td><\/tr><tr><td colspan=\"3\" width=\"72\">\u00a0\u00a0\u00a0\u00a0\u00a0\u00a0\u00a0\u00a0\u00a0\u00a0\u00a0 <strong>201 \u00a0\u00a0\u00a0\u00a0\u00a0\u00a0\u00a0\u00a0\u00a0\u00a0\u00a0\u00a0\u00a0\u00a0\u00a0 <\/strong><\/td><td width=\"70\">37<\/td><td width=\"48\">31,01<\/td><td width=\"74\">27796659<\/td><td width=\"114\">Monica Gabriela<\/td><td colspan=\"2\" width=\"154\">Bideplan<\/td><td width=\"76\">1979-12-25<\/td><\/tr><tr><td colspan=\"3\" width=\"72\">\u00a0\u00a0\u00a0\u00a0\u00a0\u00a0\u00a0\u00a0\u00a0\u00a0\u00a0 <strong>237 \u00a0\u00a0\u00a0\u00a0\u00a0\u00a0\u00a0\u00a0\u00a0\u00a0\u00a0\u00a0\u00a0\u00a0\u00a0 <\/strong><\/td><td width=\"70\">38<\/td><td width=\"48\">31,01<\/td><td width=\"74\">32046785<\/td><td width=\"114\">Daiana Melisa<\/td><td colspan=\"2\" width=\"154\">Cabral<\/td><td width=\"76\">1985-10-06<\/td><\/tr><tr><td colspan=\"3\" width=\"72\">\u00a0\u00a0\u00a0\u00a0\u00a0\u00a0\u00a0\u00a0\u00a0\u00a0\u00a0 <strong>224 \u00a0\u00a0\u00a0\u00a0\u00a0\u00a0\u00a0\u00a0\u00a0\u00a0\u00a0\u00a0\u00a0\u00a0\u00a0 <\/strong><\/td><td width=\"70\">39<\/td><td width=\"48\">31,34<\/td><td width=\"74\">30265752<\/td><td width=\"114\">Veronia<\/td><td colspan=\"2\" width=\"154\">Rossi<\/td><td width=\"76\">1983-08-17<\/td><\/tr><tr><td colspan=\"3\" width=\"72\">\u00a0\u00a0\u00a0\u00a0\u00a0\u00a0\u00a0\u00a0\u00a0\u00a0\u00a0 <strong>227 \u00a0\u00a0\u00a0\u00a0\u00a0\u00a0\u00a0\u00a0\u00a0\u00a0\u00a0\u00a0\u00a0\u00a0\u00a0 <\/strong><\/td><td width=\"70\">40<\/td><td width=\"48\">31,45<\/td><td width=\"74\">17999147<\/td><td width=\"114\">Alicia Mariela<\/td><td colspan=\"2\" width=\"154\">Malan<\/td><td width=\"76\">1966-10-20<\/td><\/tr><tr><td colspan=\"3\" width=\"72\">\u00a0\u00a0\u00a0\u00a0\u00a0\u00a0\u00a0\u00a0\u00a0\u00a0\u00a0 <strong>261 \u00a0\u00a0\u00a0\u00a0\u00a0\u00a0\u00a0\u00a0\u00a0\u00a0\u00a0\u00a0\u00a0\u00a0\u00a0 <\/strong><\/td><td width=\"70\">41<\/td><td width=\"48\">31,55<\/td><td width=\"74\">21429792<\/td><td width=\"114\">Claudia Susana<\/td><td colspan=\"2\" width=\"154\">Afonso<\/td><td width=\"76\">1970-05-14<\/td><\/tr><tr><td colspan=\"3\" width=\"72\">\u00a0\u00a0\u00a0\u00a0\u00a0\u00a0\u00a0\u00a0\u00a0\u00a0\u00a0 <strong>295 \u00a0\u00a0\u00a0\u00a0\u00a0\u00a0\u00a0\u00a0\u00a0\u00a0\u00a0\u00a0\u00a0\u00a0\u00a0 <\/strong><\/td><td width=\"70\">42<\/td><td width=\"48\">32,03<\/td><td width=\"74\">42995748<\/td><td width=\"114\">Antonella<\/td><td colspan=\"2\" width=\"154\">Cantero<\/td><td width=\"76\">2000-04-16<\/td><\/tr><tr><td colspan=\"3\" width=\"72\">\u00a0\u00a0\u00a0\u00a0\u00a0\u00a0\u00a0\u00a0\u00a0\u00a0\u00a0 <strong>280 \u00a0\u00a0\u00a0\u00a0\u00a0\u00a0\u00a0\u00a0\u00a0\u00a0\u00a0\u00a0\u00a0\u00a0\u00a0 <\/strong><\/td><td width=\"70\">43<\/td><td width=\"48\">32,03<\/td><td width=\"74\">37048754<\/td><td width=\"114\">Gianinna<\/td><td colspan=\"2\" width=\"154\">Zuccarelli<\/td><td width=\"76\">1993-08-20<\/td><\/tr><tr><td colspan=\"3\" width=\"72\">\u00a0\u00a0\u00a0\u00a0\u00a0\u00a0\u00a0\u00a0\u00a0\u00a0\u00a0 <strong>235 \u00a0\u00a0\u00a0\u00a0\u00a0\u00a0\u00a0\u00a0\u00a0\u00a0\u00a0\u00a0\u00a0\u00a0\u00a0 <\/strong><\/td><td width=\"70\">44<\/td><td width=\"48\">32,26<\/td><td width=\"74\">33998147<\/td><td width=\"114\">Samanta<\/td><td colspan=\"2\" width=\"154\">Deanna<\/td><td width=\"76\">1988-09-30<\/td><\/tr><tr><td colspan=\"3\" width=\"72\">\u00a0\u00a0\u00a0\u00a0\u00a0\u00a0\u00a0\u00a0\u00a0\u00a0\u00a0 <strong>279 \u00a0\u00a0\u00a0\u00a0\u00a0\u00a0\u00a0\u00a0\u00a0\u00a0\u00a0\u00a0\u00a0\u00a0\u00a0 <\/strong><\/td><td width=\"70\">45<\/td><td width=\"48\">32,31<\/td><td width=\"74\">39705843<\/td><td width=\"114\">Fiorella Yuliana<\/td><td colspan=\"2\" width=\"154\">Zuccrelli<\/td><td width=\"76\">1996-10-19<\/td><\/tr><tr><td colspan=\"3\" width=\"72\">\u00a0\u00a0\u00a0\u00a0\u00a0\u00a0\u00a0\u00a0\u00a0\u00a0\u00a0 <strong>249 \u00a0\u00a0\u00a0\u00a0\u00a0\u00a0\u00a0\u00a0\u00a0\u00a0\u00a0\u00a0\u00a0\u00a0\u00a0 <\/strong><\/td><td width=\"70\">46<\/td><td width=\"48\">32,35<\/td><td width=\"74\">28543640<\/td><td width=\"114\">Marta Amparo<\/td><td colspan=\"2\" width=\"154\">Soruco<\/td><td width=\"76\">1980-12-16<\/td><\/tr><tr><td colspan=\"3\" width=\"72\">\u00a0\u00a0\u00a0\u00a0\u00a0\u00a0\u00a0\u00a0\u00a0\u00a0\u00a0 <strong>185 \u00a0\u00a0\u00a0\u00a0\u00a0\u00a0\u00a0\u00a0\u00a0\u00a0\u00a0\u00a0\u00a0\u00a0\u00a0 <\/strong><\/td><td width=\"70\">47<\/td><td width=\"48\">32,41<\/td><td width=\"74\">48348899<\/td><td width=\"114\">Gabriela Agustina<\/td><td colspan=\"2\" width=\"154\">Martinez<\/td><td width=\"76\">2007-12-22<\/td><\/tr><tr><td colspan=\"3\" width=\"72\">\u00a0\u00a0\u00a0\u00a0\u00a0\u00a0\u00a0\u00a0\u00a0\u00a0\u00a0 <strong>225 \u00a0\u00a0\u00a0\u00a0\u00a0\u00a0\u00a0\u00a0\u00a0\u00a0\u00a0\u00a0\u00a0\u00a0\u00a0 <\/strong><\/td><td width=\"70\">48<\/td><td width=\"48\">33,13<\/td><td width=\"74\">20458558<\/td><td width=\"114\">Claudia<\/td><td colspan=\"2\" width=\"154\">Giacobeli<\/td><td width=\"76\">1969-03-02<\/td><\/tr><tr><td colspan=\"3\" width=\"72\">\u00a0\u00a0\u00a0\u00a0\u00a0\u00a0\u00a0\u00a0\u00a0\u00a0\u00a0 <strong>226 \u00a0\u00a0\u00a0\u00a0\u00a0\u00a0\u00a0\u00a0\u00a0\u00a0\u00a0\u00a0\u00a0\u00a0\u00a0 <\/strong><\/td><td width=\"70\">49<\/td><td width=\"48\">33,46<\/td><td width=\"74\">21589703<\/td><td width=\"114\">Valeria Guillermina<\/td><td colspan=\"2\" width=\"154\">Diaz<\/td><td width=\"76\">1970-07-03<\/td><\/tr><tr><td colspan=\"3\" width=\"72\">\u00a0\u00a0\u00a0\u00a0\u00a0\u00a0\u00a0\u00a0\u00a0\u00a0\u00a0 <strong>287 \u00a0\u00a0\u00a0\u00a0\u00a0\u00a0\u00a0\u00a0\u00a0\u00a0\u00a0\u00a0\u00a0\u00a0\u00a0 <\/strong><\/td><td width=\"70\">50<\/td><td width=\"48\">33,53<\/td><td width=\"74\">32718663<\/td><td width=\"114\">Romina<\/td><td colspan=\"2\" width=\"154\">Carelli Secchi<\/td><td width=\"76\">1987-04-27<\/td><\/tr><tr><td colspan=\"3\" width=\"72\">\u00a0\u00a0\u00a0\u00a0\u00a0\u00a0\u00a0\u00a0\u00a0\u00a0\u00a0 <strong>234 \u00a0\u00a0\u00a0\u00a0\u00a0\u00a0\u00a0\u00a0\u00a0\u00a0\u00a0\u00a0\u00a0\u00a0\u00a0 <\/strong><\/td><td width=\"70\">51<\/td><td width=\"48\">33,54<\/td><td width=\"74\">33242400<\/td><td width=\"114\">Micaela<\/td><td colspan=\"2\" width=\"154\">Hirtz<\/td><td width=\"76\">1987-11-13<\/td><\/tr><tr><td colspan=\"3\" width=\"72\">\u00a0\u00a0\u00a0\u00a0\u00a0\u00a0\u00a0\u00a0\u00a0\u00a0\u00a0 <strong>270 \u00a0\u00a0\u00a0\u00a0\u00a0\u00a0\u00a0\u00a0\u00a0\u00a0\u00a0\u00a0\u00a0\u00a0\u00a0 <\/strong><\/td><td width=\"70\">52<\/td><td width=\"48\">36,26<\/td><td width=\"74\">37621404<\/td><td width=\"114\">Flavia Antonela<\/td><td colspan=\"2\" width=\"154\">Cora<\/td><td width=\"76\">1993-06-16<\/td><\/tr><tr><td colspan=\"3\" width=\"72\">\u00a0\u00a0\u00a0\u00a0\u00a0\u00a0\u00a0\u00a0\u00a0\u00a0\u00a0 <strong>221 \u00a0\u00a0\u00a0\u00a0\u00a0\u00a0\u00a0\u00a0\u00a0\u00a0\u00a0\u00a0\u00a0\u00a0\u00a0 <\/strong><\/td><td width=\"70\">53<\/td><td width=\"48\">37,08<\/td><td width=\"74\">16709099<\/td><td width=\"114\">Stella Maris<\/td><td colspan=\"2\" width=\"154\">Maidana<\/td><td width=\"76\">1964-03-29<\/td><\/tr><tr><td colspan=\"3\" width=\"72\">\u00a0\u00a0\u00a0\u00a0\u00a0\u00a0\u00a0\u00a0\u00a0\u00a0\u00a0 <strong>144 \u00a0\u00a0\u00a0\u00a0\u00a0\u00a0\u00a0\u00a0\u00a0\u00a0\u00a0\u00a0\u00a0\u00a0\u00a0 <\/strong><\/td><td width=\"70\">54<\/td><td width=\"48\">38,19<\/td><td width=\"74\">32614893<\/td><td width=\"114\">Antonina<\/td><td colspan=\"2\" width=\"154\">Forlan<\/td><td width=\"76\">1987-01-20<\/td><\/tr><tr><td colspan=\"3\" width=\"72\">\u00a0\u00a0\u00a0\u00a0\u00a0\u00a0\u00a0\u00a0\u00a0\u00a0\u00a0 <strong>210 \u00a0\u00a0\u00a0\u00a0\u00a0\u00a0\u00a0\u00a0\u00a0\u00a0\u00a0\u00a0\u00a0\u00a0\u00a0 <\/strong><\/td><td width=\"70\">55<\/td><td width=\"48\">38,28<\/td><td width=\"74\">28764633<\/td><td width=\"114\">Claudia<\/td><td colspan=\"2\" width=\"154\">Bavera<\/td><td width=\"76\">1981-06-15<\/td><\/tr><tr><td colspan=\"3\" width=\"72\">\u00a0\u00a0\u00a0\u00a0\u00a0\u00a0\u00a0\u00a0\u00a0\u00a0\u00a0 <strong>200 \u00a0\u00a0\u00a0\u00a0\u00a0\u00a0\u00a0\u00a0\u00a0\u00a0\u00a0\u00a0\u00a0\u00a0\u00a0 <\/strong><\/td><td width=\"70\">56<\/td><td width=\"48\">42,15<\/td><td width=\"74\">18878345<\/td><td width=\"114\">Sora<\/td><td colspan=\"2\" width=\"154\">Cifuentes<\/td><td width=\"76\">1960-12-22<\/td><\/tr><tr><td colspan=\"3\" width=\"72\">\u00a0\u00a0\u00a0\u00a0\u00a0\u00a0\u00a0\u00a0\u00a0\u00a0\u00a0 <strong>284 \u00a0\u00a0\u00a0\u00a0\u00a0\u00a0\u00a0\u00a0\u00a0\u00a0\u00a0\u00a0\u00a0\u00a0\u00a0 <\/strong><\/td><td width=\"70\">57<\/td><td width=\"48\">43,10<\/td><td width=\"74\">32615074<\/td><td width=\"114\">Yanina<\/td><td colspan=\"2\" width=\"154\">Garc\u00eda<\/td><td width=\"76\">1987-05-02<\/td><\/tr><\/tbody><\/table><p><strong>Clasificaci\u00f3n General 5K \u2013 Masculino <\/strong><\/p><p><strong>\u00a0<\/strong><\/p><table border=\"1\" width=\"616\"><tbody><tr><td width=\"72\"><strong>N\u00famero <\/strong><\/td><td width=\"70\">Posici\u00f3n<\/td><td width=\"59\">Tiempo<\/td><td width=\"74\"><strong>DNI <\/strong><\/td><td width=\"147\"><strong>Nombre <\/strong><\/td><td width=\"117\"><strong>Apellido <\/strong><\/td><td width=\"78\"><strong>Nacimiento <\/strong><\/td><\/tr><tr><td width=\"72\"><strong>244 <\/strong><\/td><td width=\"70\">1<\/td><td width=\"59\">18,16<\/td><td width=\"74\">51085894<\/td><td width=\"147\">Tenca Sebasti\u00e1n<\/td><td width=\"117\">Bogarin<\/td><td width=\"78\">2011-09-09<\/td><\/tr><tr><td width=\"72\"><strong>285 <\/strong><\/td><td width=\"70\">2<\/td><td width=\"59\">18,32<\/td><td width=\"74\">28604062<\/td><td width=\"147\">Gerardo<\/td><td width=\"117\">Beron<\/td><td width=\"78\">1981-01-28<\/td><\/tr><tr><td width=\"72\"><strong>232 <\/strong><\/td><td width=\"70\">3<\/td><td width=\"59\">18,52<\/td><td width=\"74\">41225168<\/td><td width=\"147\">Joaquin Ariel<\/td><td width=\"117\">Carraro<\/td><td width=\"78\">1998-09-24<\/td><\/tr><tr><td width=\"72\"><strong>297 <\/strong><\/td><td width=\"70\">4<\/td><td width=\"59\">19,16<\/td><td width=\"74\">27160037<\/td><td width=\"147\">Facundo Ariel<\/td><td width=\"117\">Bertone<\/td><td width=\"78\">1979-04-20<\/td><\/tr><tr><td width=\"72\"><strong>275 <\/strong><\/td><td width=\"70\">5<\/td><td width=\"59\">20,57<\/td><td width=\"74\">44341856<\/td><td width=\"147\">Gonzalo Manuel<\/td><td width=\"117\">Moreira<\/td><td width=\"78\">2003-01-11<\/td><\/tr><tr><td width=\"72\"><strong>246 <\/strong><\/td><td width=\"70\">6<\/td><td width=\"59\">21,16<\/td><td width=\"74\">27167832<\/td><td width=\"147\">Juan Carlos<\/td><td width=\"117\">Margaria<\/td><td width=\"78\">1979-04-28<\/td><\/tr><tr><td width=\"72\"><strong>259 <\/strong><\/td><td width=\"70\">7<\/td><td width=\"59\">21,19<\/td><td width=\"74\">48554573<\/td><td width=\"147\">Lautaro benjamin<\/td><td width=\"117\">Almazon Ortiz<\/td><td width=\"78\">2008-03-14<\/td><\/tr><tr><td width=\"72\"><strong>300 <\/strong><\/td><td width=\"70\">8<\/td><td width=\"59\">21,21<\/td><td width=\"74\">39027810<\/td><td width=\"147\">Kevin Damian<\/td><td width=\"117\">Carabajal<\/td><td width=\"78\">1996-09-01<\/td><\/tr><tr><td width=\"72\"><strong>254 <\/strong><\/td><td width=\"70\">9<\/td><td width=\"59\">22,06<\/td><td width=\"74\">31076415<\/td><td width=\"147\">Marcos Sebastian<\/td><td width=\"117\">Ponce<\/td><td width=\"78\">1985-10-16<\/td><\/tr><tr><td width=\"72\"><strong>274 <\/strong><\/td><td width=\"70\">10<\/td><td width=\"59\">23,19<\/td><td width=\"74\">33998364<\/td><td width=\"147\">Martin Angel<\/td><td width=\"117\">Franco<\/td><td width=\"78\">1989-01-16<\/td><\/tr><tr><td width=\"72\"><strong>292 <\/strong><\/td><td width=\"70\">11<\/td><td width=\"59\">23,28<\/td><td width=\"74\">36864960<\/td><td width=\"147\">Marco<\/td><td width=\"117\">Sapino<\/td><td width=\"78\">1992-09-13<\/td><\/tr><tr><td width=\"72\"><strong>228 <\/strong><\/td><td width=\"70\">12<\/td><td width=\"59\">23,47<\/td><td width=\"74\">39943583<\/td><td width=\"147\">Facundo Nicol\u00e1s<\/td><td width=\"117\">Gomez<\/td><td width=\"78\">1997-05-10<\/td><\/tr><tr><td width=\"72\"><strong>139 <\/strong><\/td><td width=\"70\">13<\/td><td width=\"59\">24,14<\/td><td width=\"74\">31019751<\/td><td width=\"147\">Juan Manuel<\/td><td width=\"117\">Gonz\u00e1lez<\/td><td width=\"78\">1984-07-09<\/td><\/tr><tr><td width=\"72\"><strong>93 <\/strong><\/td><td width=\"70\">14<\/td><td width=\"59\">24,29<\/td><td width=\"74\">41416995<\/td><td width=\"147\">Facundo<\/td><td width=\"117\">Guzman<\/td><td width=\"78\">1998-11-25<\/td><\/tr><tr><td width=\"72\"><strong>147 <\/strong><\/td><td width=\"70\">15<\/td><td width=\"59\">24,49<\/td><td width=\"74\">17140073<\/td><td width=\"147\">Raul<\/td><td width=\"117\">Garciarena<\/td><td width=\"78\">1964-08-07<\/td><\/tr><tr><td width=\"72\"><strong>298 <\/strong><\/td><td width=\"70\">16<\/td><td width=\"59\">24,58<\/td><td width=\"74\">17474844<\/td><td width=\"147\">Walter<\/td><td width=\"117\">Cisneros<\/td><td width=\"78\">1965-11-06<\/td><\/tr><tr><td width=\"72\"><strong>252 <\/strong><\/td><td width=\"70\">17<\/td><td width=\"59\">25,03<\/td><td width=\"74\">30782064<\/td><td width=\"147\">Lucas<\/td><td width=\"117\">Pi\u00f1ero<\/td><td width=\"78\">1984-08-15<\/td><\/tr><tr><td width=\"72\"><strong>264 <\/strong><\/td><td width=\"70\">18<\/td><td width=\"59\">25,46<\/td><td width=\"74\">35240061<\/td><td width=\"147\">Roberto<\/td><td width=\"117\">Perez<\/td><td width=\"78\">1990-08-30<\/td><\/tr><tr><td width=\"72\"><strong>218 <\/strong><\/td><td width=\"70\">19<\/td><td width=\"59\">25,54<\/td><td width=\"74\">35096965<\/td><td width=\"147\">Juan de la cruz<\/td><td width=\"117\">Vega<\/td><td width=\"78\">1990-07-26<\/td><\/tr><tr><td width=\"72\"><strong>247 <\/strong><\/td><td width=\"70\">20<\/td><td width=\"59\">26,02<\/td><td width=\"74\">26892365<\/td><td width=\"147\">Pablo Javier<\/td><td width=\"117\">Gimenez Lopez<\/td><td width=\"78\">1978-10-01<\/td><\/tr><tr><td width=\"72\"><strong>258 <\/strong><\/td><td width=\"70\">21<\/td><td width=\"59\">26,02<\/td><td width=\"74\">23832407<\/td><td width=\"147\">Manuel<\/td><td width=\"117\">Palomino<\/td><td width=\"78\">1974-04-01<\/td><\/tr><tr><td width=\"72\"><strong>150 <\/strong><\/td><td width=\"70\">22<\/td><td width=\"59\">26,17<\/td><td width=\"74\">50373056<\/td><td width=\"147\">Laureano Dante<\/td><td width=\"117\">Liendo<\/td><td width=\"78\">2010-06-15<\/td><\/tr><tr><td width=\"72\"><strong>291 <\/strong><\/td><td width=\"70\">23<\/td><td width=\"59\">27,25<\/td><td width=\"74\">34125947<\/td><td width=\"147\">Juan Ignacio<\/td><td width=\"117\">Santin<\/td><td width=\"78\">1988-12-29<\/td><\/tr><tr><td width=\"72\"><strong>286 <\/strong><\/td><td width=\"70\">24<\/td><td width=\"59\">27,51<\/td><td width=\"74\">23378413<\/td><td width=\"147\">Marcelo Oscar<\/td><td width=\"117\">Acosta<\/td><td width=\"78\">1973-11-02<\/td><\/tr><tr><td width=\"72\"><strong>288 <\/strong><\/td><td width=\"70\">25<\/td><td width=\"59\">27,51<\/td><td width=\"74\">32614816<\/td><td width=\"147\">Matias<\/td><td width=\"117\">Regalado<\/td><td width=\"78\">1987-01-06<\/td><\/tr><tr><td width=\"72\"><strong>277 <\/strong><\/td><td width=\"70\">26<\/td><td width=\"59\">28,17<\/td><td width=\"74\">24517357<\/td><td width=\"147\">Hector Alfredo<\/td><td width=\"117\">Diaz<\/td><td width=\"78\">1975-05-12<\/td><\/tr><tr><td width=\"72\"><strong>203 <\/strong><\/td><td width=\"70\">27<\/td><td width=\"59\">28,20<\/td><td width=\"74\">12877430<\/td><td width=\"147\">\u00a0Luis Abel<\/td><td width=\"117\">Mussa<\/td><td width=\"78\">1959-07-22<\/td><\/tr><tr><td width=\"72\"><strong>263 <\/strong><\/td><td width=\"70\">28<\/td><td width=\"59\">28,22<\/td><td width=\"74\">12608491<\/td><td width=\"147\">Alberto Luis.<\/td><td width=\"117\">MARTINEZ<\/td><td width=\"78\">1957-03-28<\/td><\/tr><tr><td width=\"72\"><strong>276 <\/strong><\/td><td width=\"70\">29<\/td><td width=\"59\">28,46<\/td><td width=\"74\">27647973<\/td><td width=\"147\">Erika Vanesa<\/td><td width=\"117\">Ramirez<\/td><td width=\"78\">1979-10-12<\/td><\/tr><tr><td width=\"72\"><strong>209 <\/strong><\/td><td width=\"70\">30<\/td><td width=\"59\">28,50<\/td><td width=\"74\">35158265<\/td><td width=\"147\">Edgar Ariel<\/td><td width=\"117\">Juarez<\/td><td width=\"78\">1990-07-20<\/td><\/tr><tr><td width=\"72\"><strong>208 <\/strong><\/td><td width=\"70\">31<\/td><td width=\"59\">28,56<\/td><td width=\"74\">24998909<\/td><td width=\"147\">Martin Andres<\/td><td width=\"117\">Riela<\/td><td width=\"78\">1976-07-08<\/td><\/tr><tr><td width=\"72\"><strong>269 <\/strong><\/td><td width=\"70\">32<\/td><td width=\"59\">29,43<\/td><td width=\"74\">43116789<\/td><td width=\"147\">Manuel Valentin<\/td><td width=\"117\">Perez Nasi<\/td><td width=\"78\">2001-01-28<\/td><\/tr><tr><td width=\"72\"><strong>233 <\/strong><\/td><td width=\"70\">33<\/td><td width=\"59\">30,22<\/td><td width=\"74\">24607375<\/td><td width=\"147\">Francisco Maria<\/td><td width=\"117\">Bompadre<\/td><td width=\"78\">1975-10-23<\/td><\/tr><tr><td width=\"72\"><strong>205 <\/strong><\/td><td width=\"70\">34<\/td><td width=\"59\">30,22<\/td><td width=\"74\">33526110<\/td><td width=\"147\">Estefano<\/td><td width=\"117\">Sanchez<\/td><td width=\"78\">1988-04-15<\/td><\/tr><tr><td width=\"72\"><strong>278 <\/strong><\/td><td width=\"70\">35<\/td><td width=\"59\">30,42<\/td><td width=\"74\">7362115<\/td><td width=\"147\">Jorge Omar<\/td><td width=\"117\">Amado<\/td><td width=\"78\">2008-04-15<\/td><\/tr><tr><td width=\"72\"><strong>207 <\/strong><\/td><td width=\"70\">36<\/td><td width=\"59\">31,07<\/td><td width=\"74\">14053111<\/td><td width=\"147\">Luis Carlos<\/td><td width=\"117\">Urpianello<\/td><td width=\"78\">1960-05-07<\/td><\/tr><tr><td width=\"72\"><strong>99 <\/strong><\/td><td width=\"70\">37<\/td><td width=\"59\">32,40<\/td><td width=\"74\">17776149<\/td><td width=\"147\">Eduardo Ariel<\/td><td width=\"117\">Seisdedos<\/td><td width=\"78\">1966-11-10<\/td><\/tr><tr><td width=\"72\"><strong>236 <\/strong><\/td><td width=\"70\">38<\/td><td width=\"59\">37,13<\/td><td width=\"74\">11866285<\/td><td width=\"147\">Eduardo Nestor<\/td><td width=\"117\">Necol<\/td><td width=\"78\">1955-09-27<\/td><\/tr><tr><td width=\"72\"><strong>222 <\/strong><\/td><td width=\"70\">39<\/td><td width=\"59\">43,12<\/td><td width=\"74\">22485760<\/td><td width=\"147\">Veronica Virginia<\/td><td width=\"117\">Escudero<\/td><td width=\"78\">1971-11-21<\/td><\/tr><tr><td width=\"72\">\u00a0<\/td><td width=\"70\">\u00a0<\/td><td colspan=\"4\" width=\"397\"><p><strong>\u00a0<\/strong><\/p><p><strong>Clasificaci\u00f3n General 10K \u2013 Femenino <\/strong><\/p><\/td><td width=\"78\">\u00a0<\/td><\/tr><tr><td width=\"72\"><strong>N\u00famero <\/strong><\/td><td width=\"70\">Posici\u00f3n<\/td><td width=\"59\">Tiempo<\/td><td width=\"74\"><strong>DNI <\/strong><\/td><td width=\"147\"><p><strong>\u00a0<\/strong><\/p><p><strong>Nombre <\/strong><\/p><\/td><td width=\"117\"><strong>Apellido <\/strong><\/td><td width=\"78\"><strong>Nacimiento <\/strong><\/td><\/tr><tr><td width=\"72\"><strong>1476 <\/strong><\/td><td width=\"70\">1<\/td><td width=\"59\">41,01<\/td><td width=\"74\">43483152<\/td><td width=\"147\">Naomi<\/td><td width=\"117\">Sueldo<\/td><td width=\"78\">2001-07-15<\/td><\/tr><tr><td width=\"72\"><strong>1796 <\/strong><\/td><td width=\"70\">2<\/td><td width=\"59\">43,33<\/td><td width=\"74\">25851355<\/td><td width=\"147\">Natalia Veronica<\/td><td width=\"117\">Exner<\/td><td width=\"78\">1977-07-14<\/td><\/tr><tr><td width=\"72\"><strong>1736 <\/strong><\/td><td width=\"70\">3<\/td><td width=\"59\">44,39<\/td><td width=\"74\">42105880<\/td><td width=\"147\">Macarena Jazm\u00edn<\/td><td width=\"117\">Ag\u00fcero<\/td><td width=\"78\">1999-07-21<\/td><\/tr><tr><td width=\"72\"><strong>1841 <\/strong><\/td><td width=\"70\">4<\/td><td width=\"59\">46,57<\/td><td width=\"74\">32614681<\/td><td width=\"147\">Maria eugenia<\/td><td width=\"117\">Castro<\/td><td width=\"78\">1987-02-10<\/td><\/tr><tr><td width=\"72\"><strong>1300 <\/strong><\/td><td width=\"70\">5<\/td><td width=\"59\">49,28<\/td><td width=\"74\">16043222<\/td><td width=\"147\">Angela<\/td><td width=\"117\">Goyeneche<\/td><td width=\"78\">1962-06-17<\/td><\/tr><tr><td width=\"72\"><strong>1287 <\/strong><\/td><td width=\"70\">6<\/td><td width=\"59\">50,35<\/td><td width=\"74\">30133613<\/td><td width=\"147\">Erica Soledad<\/td><td width=\"117\">Beron<\/td><td width=\"78\">1983-01-03<\/td><\/tr><tr><td width=\"72\"><strong>1662 <\/strong><\/td><td width=\"70\">7<\/td><td width=\"59\">51,35<\/td><td width=\"74\">28405752<\/td><td width=\"147\">Eugenia<\/td><td width=\"117\">Urmente<\/td><td width=\"78\">1980-11-07<\/td><\/tr><tr><td width=\"72\"><strong>1894 <\/strong><\/td><td width=\"70\">8<\/td><td width=\"59\">52,06<\/td><td width=\"74\">29921904<\/td><td width=\"147\">Diana<\/td><td width=\"117\">Rott<\/td><td width=\"78\">1983-01-01<\/td><\/tr><tr><td width=\"72\"><strong>1245 <\/strong><\/td><td width=\"70\">9<\/td><td width=\"59\">52,07<\/td><td width=\"74\">31574588<\/td><td width=\"147\">Anal\u00eda<\/td><td width=\"117\">Contrera<\/td><td width=\"78\">1985-10-21<\/td><\/tr><tr><td width=\"72\"><strong>1228 <\/strong><\/td><td width=\"70\">10<\/td><td width=\"59\">52,55<\/td><td width=\"74\">21035742<\/td><td width=\"147\">Silvia Susana<\/td><td width=\"117\">Rosane<\/td><td width=\"78\">1969-11-09<\/td><\/tr><tr><td width=\"72\"><strong>1250 <\/strong><\/td><td width=\"70\">11<\/td><td width=\"59\">53,02<\/td><td width=\"74\">23580259<\/td><td width=\"147\">Monica<\/td><td width=\"117\">Villar<\/td><td width=\"78\">1974-06-28<\/td><\/tr><tr><td width=\"72\"><strong>1439 <\/strong><\/td><td width=\"70\">12<\/td><td width=\"59\">53,47<\/td><td width=\"74\">28405983<\/td><td width=\"147\">Laura<\/td><td width=\"117\">Chavarria<\/td><td width=\"78\">1980-10-09<\/td><\/tr><tr><td width=\"72\"><strong>1883 <\/strong><\/td><td width=\"70\">13<\/td><td width=\"59\">55,23<\/td><td width=\"74\">37086821<\/td><td width=\"147\">Yamila<\/td><td width=\"117\">Berhau<\/td><td width=\"78\">1993-03-16<\/td><\/tr><tr><td width=\"72\"><strong>1887 <\/strong><\/td><td width=\"70\">14<\/td><td width=\"59\">56,29<\/td><td width=\"74\">24733293<\/td><td width=\"147\">Rosa Clelia<\/td><td width=\"117\">Videla<\/td><td width=\"78\">1977-08-11<\/td><\/tr><\/tbody><\/table><table border=\"1\" width=\"616\"><tbody><tr><td width=\"72\"><strong>1773 <\/strong><\/td><td width=\"70\">15<\/td><td colspan=\"2\" width=\"59\">58,37<\/td><td width=\"74\">28749060<\/td><td width=\"147\">Yamila<\/td><td width=\"117\">Mundanu<\/td><td colspan=\"2\" width=\"78\">1981-02-26<\/td><\/tr><tr><td width=\"72\"><strong>1454 <\/strong><\/td><td width=\"70\">16<\/td><td colspan=\"2\" width=\"59\">58,44<\/td><td width=\"74\">30042699<\/td><td width=\"147\">Mariana<\/td><td width=\"117\">Elizondo<\/td><td colspan=\"2\" width=\"78\">1984-02-22<\/td><\/tr><tr><td width=\"72\"><strong>1602 <\/strong><\/td><td width=\"70\">17<\/td><td colspan=\"2\" width=\"59\">59,08<\/td><td width=\"74\">26372930<\/td><td width=\"147\">Silvina<\/td><td width=\"117\">Acevedo<\/td><td colspan=\"2\" width=\"78\">1978-04-06<\/td><\/tr><tr><td width=\"72\"><strong>1328 <\/strong><\/td><td width=\"70\">18<\/td><td colspan=\"2\" width=\"59\">59,15<\/td><td width=\"74\">17140194<\/td><td width=\"147\">Elida Alicia<\/td><td width=\"117\">Boc-ho<\/td><td colspan=\"2\" width=\"78\">1965-02-26<\/td><\/tr><tr><td width=\"72\"><strong>1240 <\/strong><\/td><td width=\"70\">19<\/td><td colspan=\"2\" width=\"59\">59,21<\/td><td width=\"74\">38552550<\/td><td width=\"147\">Natalia<\/td><td width=\"117\">Garro<\/td><td colspan=\"2\" width=\"78\">1994-11-14<\/td><\/tr><tr><td width=\"72\"><strong>1686 <\/strong><\/td><td width=\"70\">20<\/td><td colspan=\"2\" width=\"59\">59,41<\/td><td width=\"74\">20240973<\/td><td width=\"147\">Marcela<\/td><td width=\"117\">Calinger<\/td><td colspan=\"2\" width=\"78\">1968-07-24<\/td><\/tr><tr><td width=\"72\"><strong>1851 <\/strong><\/td><td width=\"70\">21<\/td><td colspan=\"2\" width=\"59\">60,32<\/td><td width=\"74\">30261721<\/td><td width=\"147\">Florencia Agustina<\/td><td width=\"117\">Alegre<\/td><td colspan=\"2\" width=\"78\">1983-06-05<\/td><\/tr><tr><td width=\"72\"><strong>1859 <\/strong><\/td><td width=\"70\">22<\/td><td colspan=\"2\" width=\"59\">60,45<\/td><td width=\"74\">14911072<\/td><td width=\"147\">Diana Mary<\/td><td width=\"117\">Montero<\/td><td colspan=\"2\" width=\"78\">1962-06-23<\/td><\/tr><tr><td width=\"72\"><strong>1284 <\/strong><\/td><td width=\"70\">23<\/td><td colspan=\"2\" width=\"59\">61,08<\/td><td width=\"74\">41642082<\/td><td width=\"147\">Luciana Mariel<\/td><td width=\"117\">Zimmerman<\/td><td colspan=\"2\" width=\"78\">1998-12-30<\/td><\/tr><tr><td width=\"72\"><strong>1721 <\/strong><\/td><td width=\"70\">24<\/td><td colspan=\"2\" width=\"59\">61,47<\/td><td width=\"74\">31942372<\/td><td width=\"147\">Eliana<\/td><td width=\"117\">Horn<\/td><td colspan=\"2\" width=\"78\">1986-02-06<\/td><\/tr><tr><td width=\"72\"><strong>1882 <\/strong><\/td><td width=\"70\">25<\/td><td colspan=\"2\" width=\"59\">62,16<\/td><td width=\"74\">26983797<\/td><td width=\"147\">Luz Marina<\/td><td width=\"117\">Gonz\u00e1lez<\/td><td colspan=\"2\" width=\"78\">1979-10-13<\/td><\/tr><tr><td width=\"72\"><strong>1837 <\/strong><\/td><td width=\"70\">26<\/td><td colspan=\"2\" width=\"59\">63,35<\/td><td width=\"74\">32648672<\/td><td width=\"147\">Claudia<\/td><td width=\"117\">Lucero<\/td><td colspan=\"2\" width=\"78\">1987-12-08<\/td><\/tr><tr><td width=\"72\"><strong>1607 <\/strong><\/td><td width=\"70\">27<\/td><td colspan=\"2\" width=\"59\">64,38<\/td><td width=\"74\">23785105<\/td><td width=\"147\">Mariel Silvina<\/td><td width=\"117\">Divan<\/td><td colspan=\"2\" width=\"78\">2008-04-18<\/td><\/tr><tr><td width=\"72\"><strong>1868 <\/strong><\/td><td width=\"70\">28<\/td><td colspan=\"2\" width=\"59\">64,42<\/td><td width=\"74\">27697687<\/td><td width=\"147\">Paula Andrea<\/td><td width=\"117\">Reinoso<\/td><td colspan=\"2\" width=\"78\">1979-12-29<\/td><\/tr><tr><td width=\"72\"><strong>1874 <\/strong><\/td><td width=\"70\">29<\/td><td colspan=\"2\" width=\"59\">66,08<\/td><td width=\"74\">26983425<\/td><td width=\"147\">Margarita<\/td><td width=\"117\">Buss<\/td><td colspan=\"2\" width=\"78\">1979-02-03<\/td><\/tr><tr><td width=\"72\"><strong>1866 <\/strong><\/td><td width=\"70\">30<\/td><td colspan=\"2\" width=\"59\">66,08<\/td><td width=\"74\">20108350<\/td><td width=\"147\">Alejandra Claudia<\/td><td width=\"117\">L\u00f3pez<\/td><td colspan=\"2\" width=\"78\">1968-12-20<\/td><\/tr><tr><td width=\"72\"><strong>1278 <\/strong><\/td><td width=\"70\">31<\/td><td colspan=\"2\" width=\"59\">66,16<\/td><td width=\"74\">35610575<\/td><td width=\"147\">Mar\u00eda Catalina<\/td><td width=\"117\">Balaguer Bianchi<\/td><td colspan=\"2\" width=\"78\">1990-12-04<\/td><\/tr><tr><td width=\"72\"><strong>1842 <\/strong><\/td><td width=\"70\">32<\/td><td colspan=\"2\" width=\"59\">68,48<\/td><td width=\"74\">33355300<\/td><td width=\"147\">Sofia<\/td><td width=\"117\">Lopez<\/td><td colspan=\"2\" width=\"78\">1987-07-31<\/td><\/tr><tr><td width=\"72\"><strong>1878 <\/strong><\/td><td width=\"70\">33<\/td><td colspan=\"2\" width=\"59\">71,12<\/td><td width=\"74\">30727006<\/td><td width=\"147\">Jesica Lorena<\/td><td width=\"117\">Guaiquian<\/td><td colspan=\"2\" width=\"78\">1983-12-17<\/td><\/tr><tr><td width=\"72\"><strong>1683 <\/strong><\/td><td width=\"70\">34<\/td><td colspan=\"2\" width=\"59\">72,24<\/td><td width=\"74\">34633063<\/td><td width=\"147\">Rocio<\/td><td width=\"117\">Santa Maria<\/td><td colspan=\"2\" width=\"78\">1989-09-16<\/td><\/tr><tr><td width=\"72\"><strong>1285 <\/strong><\/td><td width=\"70\">35<\/td><td colspan=\"2\" width=\"59\">73,27<\/td><td width=\"74\">16003359<\/td><td width=\"147\">Norma Margarita<\/td><td width=\"117\">Roldan<\/td><td colspan=\"2\" width=\"78\">1962-10-30<\/td><\/tr><tr><td width=\"72\"><strong>1856 <\/strong><\/td><td width=\"70\">36<\/td><td colspan=\"2\" width=\"59\">74,03<\/td><td width=\"74\">18896902<\/td><td width=\"147\">Diana Andrea<\/td><td width=\"117\">Villegas Oyarzo<\/td><td colspan=\"2\" width=\"78\">1983-05-19<\/td><\/tr><tr><td width=\"72\"><strong>1892 <\/strong><\/td><td width=\"70\">37<\/td><td colspan=\"2\" width=\"59\">75,23<\/td><td width=\"74\">26264541<\/td><td width=\"147\">Maricel Eleana<\/td><td width=\"117\">Gonzalez<\/td><td colspan=\"2\" width=\"78\">1978-03-03<\/td><\/tr><tr><td width=\"72\"><strong>1885 <\/strong><\/td><td width=\"70\">38<\/td><td colspan=\"2\" width=\"59\">76,46<\/td><td width=\"74\">31087681<\/td><td width=\"147\">Mercedes<\/td><td width=\"117\">Aguilera<\/td><td colspan=\"2\" width=\"78\">1985-01-31<\/td><\/tr><tr><td width=\"72\"><strong>1208 <\/strong><\/td><td width=\"70\">39<\/td><td colspan=\"2\" width=\"59\">77,16<\/td><td width=\"74\">17616389<\/td><td width=\"147\">Teresita Beatriz<\/td><td width=\"117\">Casta\u00f1eda<\/td><td colspan=\"2\" width=\"78\">1965-12-20<\/td><\/tr><tr><td width=\"72\">\u00a0<\/td><td width=\"70\">\u00a0<\/td><td colspan=\"5\" width=\"397\"><p><strong>\u00a0<\/strong><\/p><p><strong>Clasificaci\u00f3n General 10K \u2013 Masculino <\/strong><\/p><\/td><td colspan=\"2\" width=\"78\">\u00a0<\/td><\/tr><tr><td width=\"72\"><strong>N\u00famero <\/strong><\/td><td width=\"70\">Posici\u00f3n<\/td><td colspan=\"2\" width=\"59\">Tiempo<\/td><td width=\"74\"><strong>DNI <\/strong><\/td><td width=\"147\"><p><strong>\u00a0<\/strong><\/p><p><strong>Nombre <\/strong><\/p><\/td><td width=\"117\"><strong>Apellido <\/strong><\/td><td colspan=\"2\" width=\"78\"><strong>Nacimiento <\/strong><\/td><\/tr><tr><td width=\"72\"><strong>1862 <\/strong><\/td><td width=\"70\">1<\/td><td colspan=\"2\" width=\"59\">34,34<\/td><td width=\"74\">42335048<\/td><td width=\"147\">Franco Nicol\u00e1s<\/td><td width=\"117\">Sueldo<\/td><td colspan=\"2\" width=\"78\">2009-12-31<\/td><\/tr><tr><td width=\"72\"><strong>1275 <\/strong><\/td><td width=\"70\">2<\/td><td colspan=\"2\" width=\"59\">36,33<\/td><td width=\"74\">43415575<\/td><td width=\"147\">Alexis Damian<\/td><td width=\"117\">Brizuela<\/td><td colspan=\"2\" width=\"78\">2001-05-14<\/td><\/tr><tr><td width=\"72\"><strong>1861 <\/strong><\/td><td width=\"70\">3<\/td><td colspan=\"2\" width=\"59\">36,44<\/td><td width=\"74\">43700035<\/td><td width=\"147\">Leonel<\/td><td width=\"117\">Favole<\/td><td colspan=\"2\" width=\"78\">2002-01-12<\/td><\/tr><tr><td width=\"72\"><strong>1277 <\/strong><\/td><td width=\"70\">4<\/td><td colspan=\"2\" width=\"59\">38,06<\/td><td width=\"74\">26727699<\/td><td width=\"147\">Federico<\/td><td width=\"117\">Braun<\/td><td colspan=\"2\" width=\"78\">1978-07-29<\/td><\/tr><tr><td width=\"72\"><strong>1891 <\/strong><\/td><td width=\"70\">5<\/td><td colspan=\"2\" width=\"59\">38,16<\/td><td width=\"74\">34632941<\/td><td width=\"147\">Nicolas<\/td><td width=\"117\">Espinal<\/td><td colspan=\"2\" width=\"78\">1990-01-23<\/td><\/tr><tr><td width=\"72\"><strong>1884 <\/strong><\/td><td width=\"70\">6<\/td><td colspan=\"2\" width=\"59\">39,01<\/td><td width=\"74\">36202171<\/td><td width=\"147\">Facundo<\/td><td width=\"117\">Manzi<\/td><td colspan=\"2\" width=\"78\">1991-11-10<\/td><\/tr><tr><td width=\"72\"><strong>1684 <\/strong><\/td><td width=\"70\">7<\/td><td colspan=\"2\" width=\"59\">39,45<\/td><td width=\"74\">34632803<\/td><td width=\"147\">Walter<\/td><td width=\"117\">Gimenez<\/td><td colspan=\"2\" width=\"78\">1989-12-11<\/td><\/tr><tr><td width=\"72\"><strong>1280 <\/strong><\/td><td width=\"70\">8<\/td><td colspan=\"2\" width=\"59\">40,03<\/td><td width=\"74\">22943405<\/td><td width=\"147\">Victor<\/td><td width=\"117\">Bray<\/td><td colspan=\"2\" width=\"78\">1972-12-14<\/td><\/tr><tr><td width=\"72\"><strong>1844 <\/strong><\/td><td width=\"70\">9<\/td><td colspan=\"2\" width=\"59\">40,08<\/td><td width=\"74\">34700576<\/td><td width=\"147\">Maximiliano Ezequiel<\/td><td width=\"117\">Ruarte<\/td><td colspan=\"2\" width=\"78\">1989-08-03<\/td><\/tr><tr><td width=\"72\"><strong>1869 <\/strong><\/td><td width=\"70\">10<\/td><td colspan=\"2\" width=\"59\">40,24<\/td><td width=\"74\">36314356<\/td><td width=\"147\">Cristian Emanuel<\/td><td width=\"117\">Zabala<\/td><td colspan=\"2\" width=\"78\">1992-12-31<\/td><\/tr><tr><td width=\"72\"><strong>1872 <\/strong><\/td><td width=\"70\">11<\/td><td colspan=\"2\" width=\"59\">40,48<\/td><td width=\"74\">3,8E+08<\/td><td width=\"147\">Joaqu\u00edn Miguel<\/td><td width=\"117\">Escudero<\/td><td colspan=\"2\" width=\"78\">1994-04-08<\/td><\/tr><tr><td width=\"72\"><strong>1886 <\/strong><\/td><td width=\"70\">12<\/td><td colspan=\"2\" width=\"59\">41,13<\/td><td width=\"74\">39696502<\/td><td width=\"147\">Martin<\/td><td width=\"117\">Scholl<\/td><td colspan=\"2\" width=\"78\">1996-11-30<\/td><\/tr><tr><td width=\"72\"><strong>1864 <\/strong><\/td><td width=\"70\">13<\/td><td colspan=\"2\" width=\"59\">41,26<\/td><td width=\"74\">41416528<\/td><td width=\"147\">Felix<\/td><td width=\"117\">Nunia<\/td><td colspan=\"2\" width=\"78\">1998-08-17<\/td><\/tr><tr><td width=\"72\"><strong>1853 <\/strong><\/td><td width=\"70\">14<\/td><td colspan=\"2\" width=\"59\">41,13<\/td><td width=\"74\">36222142<\/td><td width=\"147\">H\u00e9ctor Emanuel<\/td><td width=\"117\">Vega<\/td><td colspan=\"2\" width=\"78\">1991-11-23<\/td><\/tr><tr><td width=\"72\"><strong>1282 <\/strong><\/td><td width=\"70\">15<\/td><td colspan=\"2\" width=\"59\">41,39<\/td><td width=\"74\">42016754<\/td><td width=\"147\">Rodrigo Nicol\u00e1s<\/td><td width=\"117\">Fiumara Condori<\/td><td colspan=\"2\" width=\"78\">1999-07-13<\/td><\/tr><tr><td width=\"72\"><strong>1836 <\/strong><\/td><td width=\"70\">16<\/td><td colspan=\"2\" width=\"59\">41,01<\/td><td width=\"74\">43483675<\/td><td width=\"147\">Stefano<\/td><td width=\"117\">Lopez<\/td><td colspan=\"2\" width=\"78\">2001-08-01<\/td><\/tr><tr><td width=\"72\"><strong>1877 <\/strong><\/td><td width=\"70\">17<\/td><td colspan=\"2\" width=\"59\">43,33<\/td><td width=\"74\">37034281<\/td><td width=\"147\">Dami\u00e1n Alejandro<\/td><td width=\"117\">Figueroa<\/td><td colspan=\"2\" width=\"78\">1992-10-30<\/td><\/tr><tr><td colspan=\"3\" width=\"153\">\u00a0\u00a0\u00a0\u00a0\u00a0\u00a0\u00a0\u00a0 <strong>1848 \u00a0\u00a0\u00a0\u00a0\u00a0\u00a0\u00a0\u00a0\u00a0\u00a0\u00a0\u00a0\u00a0\u00a0\u00a0 <\/strong><\/td><td width=\"70\">18<\/td><td width=\"48\">43,46<\/td><td width=\"74\">39942947<\/td><td width=\"147\">Facundo Oscar<\/td><td colspan=\"2\" width=\"119\">D\u00edaz<\/td><td width=\"76\">1997-11-14<\/td><\/tr><tr><td colspan=\"3\" width=\"153\">\u00a0\u00a0\u00a0\u00a0\u00a0\u00a0\u00a0\u00a0 <strong>1209 \u00a0\u00a0\u00a0\u00a0\u00a0\u00a0\u00a0\u00a0\u00a0\u00a0\u00a0\u00a0\u00a0\u00a0\u00a0 <\/strong><\/td><td width=\"70\">19<\/td><td width=\"48\">43,53<\/td><td width=\"74\">17971295<\/td><td width=\"147\">Daniel Omar<\/td><td colspan=\"2\" width=\"119\">Hern\u00e1ndez<\/td><td width=\"76\">1967-04-30<\/td><\/tr><tr><td colspan=\"3\" width=\"153\">\u00a0\u00a0\u00a0\u00a0\u00a0\u00a0\u00a0\u00a0 <strong>1783 \u00a0\u00a0\u00a0\u00a0\u00a0\u00a0\u00a0\u00a0\u00a0\u00a0\u00a0\u00a0\u00a0\u00a0\u00a0 <\/strong><\/td><td width=\"70\">20<\/td><td width=\"48\">44,00<\/td><td width=\"74\">25449502<\/td><td width=\"147\">David<\/td><td colspan=\"2\" width=\"119\">Wigand<\/td><td width=\"76\">1976-12-01<\/td><\/tr><tr><td colspan=\"3\" width=\"153\">\u00a0\u00a0\u00a0\u00a0\u00a0\u00a0\u00a0\u00a0 <strong>1289 \u00a0\u00a0\u00a0\u00a0\u00a0\u00a0\u00a0\u00a0\u00a0\u00a0\u00a0\u00a0\u00a0\u00a0\u00a0 <\/strong><\/td><td width=\"70\">21<\/td><td width=\"48\">44,32<\/td><td width=\"74\">22587917<\/td><td width=\"147\">Marcelo German<\/td><td colspan=\"2\" width=\"119\">Robidu<\/td><td width=\"76\">1972-04-16<\/td><\/tr><tr><td colspan=\"3\" width=\"153\">\u00a0\u00a0\u00a0\u00a0\u00a0\u00a0\u00a0\u00a0 <strong>1846 \u00a0\u00a0\u00a0\u00a0\u00a0\u00a0\u00a0\u00a0\u00a0\u00a0\u00a0\u00a0\u00a0\u00a0\u00a0 <\/strong><\/td><td width=\"70\">22<\/td><td width=\"48\">45,04<\/td><td width=\"74\">35240452<\/td><td width=\"147\">Claudio<\/td><td colspan=\"2\" width=\"119\">Miranda<\/td><td width=\"76\">1990-06-21<\/td><\/tr><tr><td colspan=\"3\" width=\"153\">\u00a0\u00a0\u00a0\u00a0\u00a0\u00a0\u00a0\u00a0 <strong>1895 \u00a0\u00a0\u00a0\u00a0\u00a0\u00a0\u00a0\u00a0\u00a0\u00a0\u00a0\u00a0\u00a0\u00a0\u00a0 <\/strong><\/td><td width=\"70\">23<\/td><td width=\"48\">45,44<\/td><td width=\"74\">22881098<\/td><td width=\"147\">Gualterio Daniel<\/td><td colspan=\"2\" width=\"119\">Alvarez<\/td><td width=\"76\">1973-04-29<\/td><\/tr><tr><td colspan=\"3\" width=\"153\">\u00a0\u00a0\u00a0\u00a0\u00a0\u00a0\u00a0\u00a0 <strong>1761 \u00a0\u00a0\u00a0\u00a0\u00a0\u00a0\u00a0\u00a0\u00a0\u00a0\u00a0\u00a0\u00a0\u00a0\u00a0 <\/strong><\/td><td width=\"70\">24<\/td><td width=\"48\">45,46<\/td><td width=\"74\">39830801<\/td><td width=\"147\">Santiago Daniel<\/td><td colspan=\"2\" width=\"119\">Bretones Galocha<\/td><td width=\"76\">1996-06-27<\/td><\/tr><tr><td colspan=\"3\" width=\"153\">\u00a0\u00a0\u00a0\u00a0\u00a0\u00a0\u00a0\u00a0 <strong>1452 \u00a0\u00a0\u00a0\u00a0\u00a0\u00a0\u00a0\u00a0\u00a0\u00a0\u00a0\u00a0\u00a0\u00a0\u00a0 <\/strong><\/td><td width=\"70\">25<\/td><td width=\"48\">45,47<\/td><td width=\"74\">22003831<\/td><td width=\"147\">Luis<\/td><td colspan=\"2\" width=\"119\">Bazan<\/td><td width=\"76\">1971-08-25<\/td><\/tr><tr><td colspan=\"3\" width=\"153\">\u00a0\u00a0\u00a0\u00a0\u00a0\u00a0\u00a0\u00a0 <strong>1873 \u00a0\u00a0\u00a0\u00a0\u00a0\u00a0\u00a0\u00a0\u00a0\u00a0\u00a0\u00a0\u00a0\u00a0\u00a0 <\/strong><\/td><td width=\"70\">26<\/td><td width=\"48\">45,49<\/td><td width=\"74\">42234214<\/td><td width=\"147\">Diego Pablo<\/td><td colspan=\"2\" width=\"119\">Acu\u00f1a<\/td><td width=\"76\">1999-10-20<\/td><\/tr><tr><td colspan=\"3\" width=\"153\">\u00a0\u00a0\u00a0\u00a0\u00a0\u00a0\u00a0\u00a0 <strong>1425 \u00a0\u00a0\u00a0\u00a0\u00a0\u00a0\u00a0\u00a0\u00a0\u00a0\u00a0\u00a0\u00a0\u00a0\u00a0 <\/strong><\/td><td width=\"70\">27<\/td><td width=\"48\">45,49<\/td><td width=\"74\">30248036<\/td><td width=\"147\">Federico Domingo<\/td><td colspan=\"2\" width=\"119\">Riela<\/td><td width=\"76\">1983-05-16<\/td><\/tr><tr><td colspan=\"3\" width=\"153\">\u00a0\u00a0\u00a0\u00a0\u00a0\u00a0\u00a0\u00a0 <strong>1644 \u00a0\u00a0\u00a0\u00a0\u00a0\u00a0\u00a0\u00a0\u00a0\u00a0\u00a0\u00a0\u00a0\u00a0\u00a0 <\/strong><\/td><td width=\"70\">28<\/td><td width=\"48\">45,52<\/td><td width=\"74\">24998659<\/td><td width=\"147\">Sergio<\/td><td colspan=\"2\" width=\"119\">Schamber<\/td><td width=\"76\">1976-03-15<\/td><\/tr><tr><td colspan=\"3\" width=\"153\">\u00a0\u00a0\u00a0\u00a0\u00a0\u00a0\u00a0\u00a0 <strong>1876 \u00a0\u00a0\u00a0\u00a0\u00a0\u00a0\u00a0\u00a0\u00a0\u00a0\u00a0\u00a0\u00a0\u00a0\u00a0 <\/strong><\/td><td width=\"70\">29<\/td><td width=\"48\">45,54<\/td><td width=\"74\">35096943<\/td><td width=\"147\">Jose Luis<\/td><td colspan=\"2\" width=\"119\">Rold\u00e1n<\/td><td width=\"76\">1990-07-24<\/td><\/tr><tr><td colspan=\"3\" width=\"153\">\u00a0\u00a0\u00a0\u00a0\u00a0\u00a0\u00a0\u00a0 <strong>1850 \u00a0\u00a0\u00a0\u00a0\u00a0\u00a0\u00a0\u00a0\u00a0\u00a0\u00a0\u00a0\u00a0\u00a0\u00a0 <\/strong><\/td><td width=\"70\">30<\/td><td width=\"48\">46,12<\/td><td width=\"74\">22936252<\/td><td width=\"147\">Luis Mar\u00eda<\/td><td colspan=\"2\" width=\"119\">Pardi\u00f1o<\/td><td width=\"76\">1972-11-24<\/td><\/tr><tr><td colspan=\"3\" width=\"153\">\u00a0\u00a0\u00a0\u00a0\u00a0\u00a0\u00a0\u00a0 <strong>1843 \u00a0\u00a0\u00a0\u00a0\u00a0\u00a0\u00a0\u00a0\u00a0\u00a0\u00a0\u00a0\u00a0\u00a0\u00a0 <\/strong><\/td><td width=\"70\">31<\/td><td width=\"48\">47,20<\/td><td width=\"74\">30540503<\/td><td width=\"147\">Alejandro<\/td><td colspan=\"2\" width=\"119\">Duarte<\/td><td width=\"76\">1983-10-09<\/td><\/tr><tr><td colspan=\"3\" width=\"153\">\u00a0\u00a0\u00a0\u00a0\u00a0\u00a0\u00a0\u00a0 <strong>1839 \u00a0\u00a0\u00a0\u00a0\u00a0\u00a0\u00a0\u00a0\u00a0\u00a0\u00a0\u00a0\u00a0\u00a0\u00a0 <\/strong><\/td><td width=\"70\">32<\/td><td width=\"48\">47,19<\/td><td width=\"74\">38169838<\/td><td width=\"147\">Walter<\/td><td colspan=\"2\" width=\"119\">Rafael Cortes<\/td><td width=\"76\">1994-07-17<\/td><\/tr><tr><td colspan=\"3\" width=\"153\">\u00a0\u00a0\u00a0\u00a0\u00a0\u00a0\u00a0\u00a0 <strong>1852 \u00a0\u00a0\u00a0\u00a0\u00a0\u00a0\u00a0\u00a0\u00a0\u00a0\u00a0\u00a0\u00a0\u00a0\u00a0 <\/strong><\/td><td width=\"70\">33<\/td><td width=\"48\">47,35<\/td><td width=\"74\">25449626<\/td><td width=\"147\">Lucas Martin<\/td><td colspan=\"2\" width=\"119\">Dominguez<\/td><td width=\"76\">1977-01-08<\/td><\/tr><tr><td colspan=\"3\" width=\"153\">\u00a0\u00a0\u00a0\u00a0\u00a0\u00a0\u00a0\u00a0 <strong>1656 \u00a0\u00a0\u00a0\u00a0\u00a0\u00a0\u00a0\u00a0\u00a0\u00a0\u00a0\u00a0\u00a0\u00a0\u00a0 <\/strong><\/td><td width=\"70\">34<\/td><td width=\"48\">48,21<\/td><td width=\"74\">36200584<\/td><td width=\"147\">Mat\u00edas<\/td><td colspan=\"2\" width=\"119\">Cerda<\/td><td width=\"76\">1991-06-10<\/td><\/tr><tr><td colspan=\"3\" width=\"153\">\u00a0\u00a0\u00a0\u00a0\u00a0\u00a0\u00a0\u00a0 <strong>1865 \u00a0\u00a0\u00a0\u00a0\u00a0\u00a0\u00a0\u00a0\u00a0\u00a0\u00a0\u00a0\u00a0\u00a0\u00a0 <\/strong><\/td><td width=\"70\">35<\/td><td width=\"48\">48,59<\/td><td width=\"74\">43365041<\/td><td width=\"147\">Mat\u00edas Gabriel<\/td><td colspan=\"2\" width=\"119\">Santander<\/td><td width=\"76\">2001-05-08<\/td><\/tr><tr><td colspan=\"3\" width=\"153\">\u00a0\u00a0\u00a0\u00a0\u00a0\u00a0\u00a0\u00a0 <strong>1845 \u00a0\u00a0\u00a0\u00a0\u00a0\u00a0\u00a0\u00a0\u00a0\u00a0\u00a0\u00a0\u00a0\u00a0\u00a0 <\/strong><\/td><td width=\"70\">36<\/td><td width=\"48\">49,10<\/td><td width=\"74\">43614164<\/td><td width=\"147\">Miguel \u00c1ngel<\/td><td colspan=\"2\" width=\"119\">Franzoi<\/td><td width=\"76\">2001-11-04<\/td><\/tr><tr><td colspan=\"3\" width=\"153\">\u00a0\u00a0\u00a0\u00a0\u00a0\u00a0\u00a0\u00a0 <strong>1896 \u00a0\u00a0\u00a0\u00a0\u00a0\u00a0\u00a0\u00a0\u00a0\u00a0\u00a0\u00a0\u00a0\u00a0\u00a0 <\/strong><\/td><td width=\"70\">37<\/td><td width=\"48\">49,10<\/td><td width=\"74\">30233313<\/td><td width=\"147\">Gustavo<\/td><td colspan=\"2\" width=\"119\">Ca\u00f1ete<\/td><td width=\"76\">1983-10-25<\/td><\/tr><tr><td colspan=\"3\" width=\"153\">\u00a0\u00a0\u00a0\u00a0\u00a0\u00a0\u00a0\u00a0 <strong>1897 \u00a0\u00a0\u00a0\u00a0\u00a0\u00a0\u00a0\u00a0\u00a0\u00a0\u00a0\u00a0\u00a0\u00a0\u00a0 <\/strong><\/td><td width=\"70\">38<\/td><td width=\"48\">49,10<\/td><td width=\"74\">36202092<\/td><td width=\"147\">Cristian Ariel<\/td><td colspan=\"2\" width=\"119\">Guzm\u00e1n<\/td><td width=\"76\">1991-08-25<\/td><\/tr><tr><td colspan=\"3\" width=\"153\">\u00a0\u00a0\u00a0\u00a0\u00a0\u00a0\u00a0\u00a0 <strong>1867 \u00a0\u00a0\u00a0\u00a0\u00a0\u00a0\u00a0\u00a0\u00a0\u00a0\u00a0\u00a0\u00a0\u00a0\u00a0 <\/strong><\/td><td width=\"70\">39<\/td><td width=\"48\">50,12<\/td><td width=\"74\">32030211<\/td><td width=\"147\">Mario<\/td><td colspan=\"2\" width=\"119\">Franck<\/td><td width=\"76\">1986-01-04<\/td><\/tr><tr><td colspan=\"3\" width=\"153\">\u00a0\u00a0\u00a0\u00a0\u00a0\u00a0\u00a0\u00a0 <strong>1838 \u00a0\u00a0\u00a0\u00a0\u00a0\u00a0\u00a0\u00a0\u00a0\u00a0\u00a0\u00a0\u00a0\u00a0\u00a0 <\/strong><\/td><td width=\"70\">40<\/td><td width=\"48\">51,09<\/td><td width=\"74\">34273593<\/td><td width=\"147\">Hector Enrique<\/td><td colspan=\"2\" width=\"119\">Suarez<\/td><td width=\"76\">1991-04-04<\/td><\/tr><tr><td colspan=\"3\" width=\"153\">\u00a0\u00a0\u00a0\u00a0\u00a0\u00a0\u00a0\u00a0 <strong>1778 \u00a0\u00a0\u00a0\u00a0\u00a0\u00a0\u00a0\u00a0\u00a0\u00a0\u00a0\u00a0\u00a0\u00a0\u00a0 <\/strong><\/td><td width=\"70\">41<\/td><td width=\"48\">52,24<\/td><td width=\"74\">24382472<\/td><td width=\"147\">Leonardo Gabriel<\/td><td colspan=\"2\" width=\"119\">Paredes<\/td><td width=\"76\">1974-11-27<\/td><\/tr><tr><td colspan=\"3\" width=\"153\">\u00a0\u00a0\u00a0\u00a0\u00a0\u00a0\u00a0\u00a0 <strong>1231 \u00a0\u00a0\u00a0\u00a0\u00a0\u00a0\u00a0\u00a0\u00a0\u00a0\u00a0\u00a0\u00a0\u00a0\u00a0 <\/strong><\/td><td width=\"70\">42<\/td><td width=\"48\">52,31<\/td><td width=\"74\">25449203<\/td><td width=\"147\">Cristian Federico<\/td><td colspan=\"2\" width=\"119\">Wiggenhauser<\/td><td width=\"76\">1976-09-25<\/td><\/tr><tr><td colspan=\"3\" width=\"153\">\u00a0\u00a0\u00a0\u00a0\u00a0\u00a0\u00a0\u00a0 <strong>1888 \u00a0\u00a0\u00a0\u00a0\u00a0\u00a0\u00a0\u00a0\u00a0\u00a0\u00a0\u00a0\u00a0\u00a0\u00a0 <\/strong><\/td><td width=\"70\">43<\/td><td width=\"48\">53,02<\/td><td width=\"74\">24517162<\/td><td width=\"147\">Raul Omar<\/td><td colspan=\"2\" width=\"119\">Mansilla<\/td><td width=\"76\">1975-03-31<\/td><\/tr><tr><td colspan=\"3\" width=\"153\">\u00a0\u00a0\u00a0\u00a0\u00a0\u00a0\u00a0\u00a0 <strong>1677 \u00a0\u00a0\u00a0\u00a0\u00a0\u00a0\u00a0\u00a0\u00a0\u00a0\u00a0\u00a0\u00a0\u00a0\u00a0 <\/strong><\/td><td width=\"70\">44<\/td><td width=\"48\">53,37<\/td><td width=\"74\">19002790<\/td><td width=\"147\">Marcelo<\/td><td colspan=\"2\" width=\"119\">Quiroz<\/td><td width=\"76\">1974-07-16<\/td><\/tr><tr><td colspan=\"3\" width=\"153\">\u00a0\u00a0\u00a0\u00a0\u00a0\u00a0\u00a0\u00a0 <strong>1451 \u00a0\u00a0\u00a0\u00a0\u00a0\u00a0\u00a0\u00a0\u00a0\u00a0\u00a0\u00a0\u00a0\u00a0\u00a0 <\/strong><\/td><td width=\"70\">45<\/td><td width=\"48\">53,47<\/td><td width=\"74\">27879537<\/td><td width=\"147\">Mariano<\/td><td colspan=\"2\" width=\"119\">Martinez<\/td><td width=\"76\">1980-04-06<\/td><\/tr><tr><td colspan=\"3\" width=\"153\">\u00a0\u00a0\u00a0\u00a0\u00a0\u00a0\u00a0\u00a0 <strong>1221 \u00a0\u00a0\u00a0\u00a0\u00a0\u00a0\u00a0\u00a0\u00a0\u00a0\u00a0\u00a0\u00a0\u00a0\u00a0 <\/strong><\/td><td width=\"70\">46<\/td><td width=\"48\">54,01<\/td><td width=\"74\">21557668<\/td><td width=\"147\">Guillermo Luis<\/td><td colspan=\"2\" width=\"119\">Iba\u00f1ez<\/td><td width=\"76\">1970-11-08<\/td><\/tr><tr><td colspan=\"3\" width=\"153\">\u00a0\u00a0\u00a0\u00a0\u00a0\u00a0\u00a0\u00a0 <strong>1860 \u00a0\u00a0\u00a0\u00a0\u00a0\u00a0\u00a0\u00a0\u00a0\u00a0\u00a0\u00a0\u00a0\u00a0\u00a0 <\/strong><\/td><td width=\"70\">47<\/td><td width=\"48\">54,01<\/td><td width=\"74\">27648082<\/td><td width=\"147\">Cesar martin<\/td><td colspan=\"2\" width=\"119\">Rodriguez<\/td><td width=\"76\">1979-11-07<\/td><\/tr><tr><td colspan=\"3\" width=\"153\">\u00a0\u00a0\u00a0\u00a0\u00a0\u00a0\u00a0\u00a0 <strong>1881 \u00a0\u00a0\u00a0\u00a0\u00a0\u00a0\u00a0\u00a0\u00a0\u00a0\u00a0\u00a0\u00a0\u00a0\u00a0 <\/strong><\/td><td width=\"70\">48<\/td><td width=\"48\">54,31<\/td><td width=\"74\">21011265<\/td><td width=\"147\">Rodrigo<\/td><td colspan=\"2\" width=\"119\">Mirazo<\/td><td width=\"76\">1984-10-14<\/td><\/tr><tr><td colspan=\"3\" width=\"153\">\u00a0\u00a0\u00a0\u00a0\u00a0\u00a0\u00a0\u00a0 <strong>1276 \u00a0\u00a0\u00a0\u00a0\u00a0\u00a0\u00a0\u00a0\u00a0\u00a0\u00a0\u00a0\u00a0\u00a0\u00a0 <\/strong><\/td><td width=\"70\">49<\/td><td width=\"48\">55,43<\/td><td width=\"74\">21830035<\/td><td width=\"147\">Jorge Fabian<\/td><td colspan=\"2\" width=\"119\">Brizuela<\/td><td width=\"76\">1971-01-18<\/td><\/tr><tr><td colspan=\"3\" width=\"153\">\u00a0\u00a0\u00a0\u00a0\u00a0\u00a0\u00a0\u00a0 <strong>1507 \u00a0\u00a0\u00a0\u00a0\u00a0\u00a0\u00a0\u00a0\u00a0\u00a0\u00a0\u00a0\u00a0\u00a0\u00a0 <\/strong><\/td><td width=\"70\">50<\/td><td width=\"48\">57,59<\/td><td width=\"74\">12608429<\/td><td width=\"147\">Julio Roberto<\/td><td colspan=\"2\" width=\"119\">Gauna<\/td><td width=\"76\">1959-02-07<\/td><\/tr><tr><td colspan=\"3\" width=\"153\">\u00a0\u00a0\u00a0\u00a0\u00a0\u00a0\u00a0\u00a0 <strong>1457 \u00a0\u00a0\u00a0\u00a0\u00a0\u00a0\u00a0\u00a0\u00a0\u00a0\u00a0\u00a0\u00a0\u00a0\u00a0 <\/strong><\/td><td width=\"70\">51<\/td><td width=\"48\">58,12<\/td><td width=\"74\">14341576<\/td><td width=\"147\">Martin<\/td><td colspan=\"2\" width=\"119\">Carosio<\/td><td width=\"76\">1962-08-20<\/td><\/tr><tr><td colspan=\"3\" width=\"153\">\u00a0\u00a0\u00a0\u00a0\u00a0\u00a0\u00a0\u00a0 <strong>1349 \u00a0\u00a0\u00a0\u00a0\u00a0\u00a0\u00a0\u00a0\u00a0\u00a0\u00a0\u00a0\u00a0\u00a0\u00a0 <\/strong><\/td><td width=\"70\">52<\/td><td width=\"48\">58,13<\/td><td width=\"74\">38552038<\/td><td width=\"147\">Sebasti\u00e1n<\/td><td colspan=\"2\" width=\"119\">Gauna<\/td><td width=\"76\">1994-10-19<\/td><\/tr><tr><td colspan=\"3\" width=\"153\">\u00a0\u00a0\u00a0\u00a0\u00a0\u00a0\u00a0\u00a0 <strong>1218 \u00a0\u00a0\u00a0\u00a0\u00a0\u00a0\u00a0\u00a0\u00a0\u00a0\u00a0\u00a0\u00a0\u00a0\u00a0 <\/strong><\/td><td width=\"70\">53<\/td><td width=\"48\">58,13<\/td><td width=\"74\">17231860<\/td><td width=\"147\">Hugo eduardo<\/td><td colspan=\"2\" width=\"119\">Arana<\/td><td width=\"76\">1965-01-19<\/td><\/tr><tr><td colspan=\"3\" width=\"153\">\u00a0\u00a0\u00a0\u00a0\u00a0\u00a0\u00a0\u00a0 <strong>1467 \u00a0\u00a0\u00a0\u00a0\u00a0\u00a0\u00a0\u00a0\u00a0\u00a0\u00a0\u00a0\u00a0\u00a0\u00a0 <\/strong><\/td><td width=\"70\">54<\/td><td width=\"48\">58,16<\/td><td width=\"74\">24153421<\/td><td width=\"147\">Luis Marcelo<\/td><td colspan=\"2\" width=\"119\">Ignacio<\/td><td width=\"76\">1974-10-19<\/td><\/tr><tr><td colspan=\"3\" width=\"153\">\u00a0\u00a0\u00a0\u00a0\u00a0\u00a0\u00a0\u00a0 <strong>1239 \u00a0\u00a0\u00a0\u00a0\u00a0\u00a0\u00a0\u00a0\u00a0\u00a0\u00a0\u00a0\u00a0\u00a0\u00a0 <\/strong><\/td><td width=\"70\">55<\/td><td width=\"48\">59,40<\/td><td width=\"74\">16622233<\/td><td width=\"147\">Jose Luis<\/td><td colspan=\"2\" width=\"119\">Caione<\/td><td width=\"76\">1963-09-15<\/td><\/tr><tr><td colspan=\"3\" width=\"153\">\u00a0\u00a0\u00a0\u00a0\u00a0\u00a0\u00a0\u00a0 <strong>1257 \u00a0\u00a0\u00a0\u00a0\u00a0\u00a0\u00a0\u00a0\u00a0\u00a0\u00a0\u00a0\u00a0\u00a0\u00a0 <\/strong><\/td><td width=\"70\">56<\/td><td width=\"48\">59,40<\/td><td width=\"74\">21035628<\/td><td width=\"147\">Guillermo<\/td><td colspan=\"2\" width=\"119\">Garro<\/td><td width=\"76\">1969-10-01<\/td><\/tr><tr><td colspan=\"3\" width=\"153\">\u00a0\u00a0\u00a0\u00a0\u00a0\u00a0\u00a0\u00a0 <strong>1558 \u00a0\u00a0\u00a0\u00a0\u00a0\u00a0\u00a0\u00a0\u00a0\u00a0\u00a0\u00a0\u00a0\u00a0\u00a0 <\/strong><\/td><td width=\"70\">57<\/td><td width=\"48\">62,16<\/td><td width=\"74\">24998623<\/td><td width=\"147\">Mauricio Ariel<\/td><td colspan=\"2\" width=\"119\">Onandia<\/td><td width=\"76\">1976-04-14<\/td><\/tr><tr><td colspan=\"3\" width=\"153\">\u00a0\u00a0\u00a0\u00a0\u00a0\u00a0\u00a0\u00a0 <strong>1847 \u00a0\u00a0\u00a0\u00a0\u00a0\u00a0\u00a0\u00a0\u00a0\u00a0\u00a0\u00a0\u00a0\u00a0\u00a0 <\/strong><\/td><td width=\"70\">58<\/td><td width=\"48\">63,01<\/td><td width=\"74\">13840466<\/td><td width=\"147\">Raul Alberto<\/td><td colspan=\"2\" width=\"119\">Gonzalez<\/td><td width=\"76\">1960-02-21<\/td><\/tr><tr><td colspan=\"3\" width=\"153\">\u00a0\u00a0\u00a0\u00a0\u00a0\u00a0\u00a0\u00a0 <strong>1854 \u00a0\u00a0\u00a0\u00a0\u00a0\u00a0\u00a0\u00a0\u00a0\u00a0\u00a0\u00a0\u00a0\u00a0\u00a0 <\/strong><\/td><td width=\"70\">59<\/td><td width=\"48\">63,04<\/td><td width=\"74\">22490095<\/td><td width=\"147\">Miguel<\/td><td colspan=\"2\" width=\"119\">Wurt<\/td><td width=\"76\">1972-10-19<\/td><\/tr><tr><td colspan=\"3\" width=\"153\">\u00a0\u00a0\u00a0\u00a0\u00a0\u00a0\u00a0\u00a0 <strong>1295 \u00a0\u00a0\u00a0\u00a0\u00a0\u00a0\u00a0\u00a0\u00a0\u00a0\u00a0\u00a0\u00a0\u00a0\u00a0 <\/strong><\/td><td width=\"70\">60<\/td><td width=\"48\">63,09<\/td><td width=\"74\">16319128<\/td><td width=\"147\">Juan Adolfo<\/td><td colspan=\"2\" width=\"119\">Serraino<\/td><td width=\"76\">1963-01-25<\/td><\/tr><tr><td colspan=\"3\" width=\"153\">\u00a0\u00a0\u00a0\u00a0\u00a0\u00a0\u00a0\u00a0 <strong>1610 \u00a0\u00a0\u00a0\u00a0\u00a0\u00a0\u00a0\u00a0\u00a0\u00a0\u00a0\u00a0\u00a0\u00a0\u00a0 <\/strong><\/td><td width=\"70\">61<\/td><td width=\"48\">63,16<\/td><td width=\"74\">23972168<\/td><td width=\"147\">Javier Hugo<\/td><td colspan=\"2\" width=\"119\">Diaz<\/td><td width=\"76\">1974-06-02<\/td><\/tr><tr><td width=\"153\"><strong>1840 \u00a0\u00a0\u00a0\u00a0\u00a0\u00a0\u00a0\u00a0\u00a0\u00a0\u00a0\u00a0\u00a0\u00a0\u00a0 <\/strong><\/td><td width=\"70\">62<\/td><td width=\"48\">63,45<\/td><td width=\"74\">13956717<\/td><td width=\"147\">Javier<\/td><td width=\"119\">Dal Bianco<\/td><td width=\"76\">1961-11-22<\/td><\/tr><\/tbody><\/table><table border=\"1\" width=\"616\"><tbody><tr><td width=\"153\">\u00a0\u00a0\u00a0\u00a0\u00a0\u00a0\u00a0\u00a0 <strong>1377 \u00a0\u00a0\u00a0\u00a0\u00a0\u00a0\u00a0\u00a0\u00a0\u00a0\u00a0\u00a0\u00a0\u00a0\u00a0 <\/strong><\/td><td width=\"70\">63<\/td><td width=\"48\">65,20<\/td><td width=\"74\">30016111<\/td><td width=\"147\">Roberto Pablo<\/td><td width=\"119\">Larena<\/td><td width=\"76\">1983-04-13<\/td><\/tr><tr><td width=\"153\">\u00a0\u00a0\u00a0\u00a0\u00a0\u00a0\u00a0\u00a0 <strong>1849 \u00a0\u00a0\u00a0\u00a0\u00a0\u00a0\u00a0\u00a0\u00a0\u00a0\u00a0\u00a0\u00a0\u00a0\u00a0 <\/strong><\/td><td width=\"70\">64<\/td><td width=\"48\">65,49<\/td><td width=\"74\">12608221<\/td><td width=\"147\">Oscar Alfredo<\/td><td width=\"119\">Andrade<\/td><td width=\"76\">1958-09-02<\/td><\/tr><tr><td width=\"153\">\u00a0\u00a0\u00a0\u00a0\u00a0\u00a0\u00a0\u00a0 <strong>1251 \u00a0\u00a0\u00a0\u00a0\u00a0\u00a0\u00a0\u00a0\u00a0\u00a0\u00a0\u00a0\u00a0\u00a0\u00a0 <\/strong><\/td><td width=\"70\">65<\/td><td width=\"48\">67,17<\/td><td width=\"74\">11232587<\/td><td width=\"147\">Martin<\/td><td width=\"119\">Pavez<\/td><td width=\"76\">1954-11-11<\/td><\/tr><tr><td width=\"153\">\u00a0\u00a0\u00a0\u00a0\u00a0\u00a0\u00a0\u00a0 <strong>1879 \u00a0\u00a0\u00a0\u00a0\u00a0\u00a0\u00a0\u00a0\u00a0\u00a0\u00a0\u00a0\u00a0\u00a0\u00a0 <\/strong><\/td><td width=\"70\">66<\/td><td width=\"48\">74,03<\/td><td width=\"74\">10771758<\/td><td width=\"147\">Silvio Alejo<\/td><td width=\"119\">Diaz<\/td><td width=\"76\">1953-03-01<\/td><\/tr><tr><td width=\"153\">\u00a0\u00a0\u00a0\u00a0\u00a0\u00a0\u00a0\u00a0 <strong>1207 \u00a0\u00a0\u00a0\u00a0\u00a0\u00a0\u00a0\u00a0\u00a0\u00a0\u00a0\u00a0\u00a0\u00a0\u00a0 <\/strong><\/td><td width=\"70\">67<\/td><td width=\"48\">84,51<\/td><td width=\"74\">7369199<\/td><td width=\"147\">De Niro<\/td><td width=\"119\">Hugo<\/td><td width=\"76\">1948-02-22<\/td><\/tr><\/tbody><\/table><p><strong>\u00a0<\/strong><\/p><h1>Clasificaci\u00f3n General 15K \u2013 Femenino<\/h1><p><strong>\u00a0<\/strong><\/p><table border=\"1\" width=\"607\"><tbody><tr><td width=\"75\"><strong>N\u00famero <\/strong><\/td><td width=\"68\">Posici\u00f3n<\/td><td colspan=\"2\" width=\"68\">Tiempo<\/td><td width=\"74\"><strong>DNI <\/strong><\/td><td width=\"132\"><strong>Nombre <\/strong><\/td><td width=\"113\"><strong>Apellido <\/strong><\/td><td colspan=\"2\" width=\"78\"><strong>Nacimiento <\/strong><\/td><\/tr><tr><td width=\"75\"><strong>326 <\/strong><\/td><td width=\"68\">1<\/td><td colspan=\"2\" width=\"68\">64,12<\/td><td width=\"74\">26712346<\/td><td width=\"132\">Veronica<\/td><td width=\"113\">De La Nova<\/td><td colspan=\"2\" width=\"78\">1978-09-25<\/td><\/tr><tr><td width=\"75\"><strong>1061 <\/strong><\/td><td width=\"68\">2<\/td><td colspan=\"2\" width=\"68\">67,23<\/td><td width=\"74\">36200547<\/td><td width=\"132\">Vanesa Paola<\/td><td width=\"113\">Tapie<\/td><td colspan=\"2\" width=\"78\">1991-05-09<\/td><\/tr><tr><td width=\"75\"><strong>1103 <\/strong><\/td><td width=\"68\">3<\/td><td colspan=\"2\" width=\"68\">71,41<\/td><td width=\"74\">33242332<\/td><td width=\"132\">Mariana Lis<\/td><td width=\"113\">Hernandez<\/td><td colspan=\"2\" width=\"78\">1987-10-02<\/td><\/tr><tr><td width=\"75\"><strong>1110 <\/strong><\/td><td width=\"68\">4<\/td><td colspan=\"2\" width=\"68\">72,10<\/td><td width=\"74\">34632768<\/td><td width=\"132\">Luana<\/td><td width=\"113\">Garcia<\/td><td colspan=\"2\" width=\"78\">1989-12-10<\/td><\/tr><tr><td width=\"75\"><strong>999 <\/strong><\/td><td width=\"68\">5<\/td><td colspan=\"2\" width=\"68\">81,52<\/td><td width=\"74\">29283477<\/td><td width=\"132\">Mar\u00eda De Los Angeles<\/td><td width=\"113\">Alderete<\/td><td colspan=\"2\" width=\"78\">1982-05-01<\/td><\/tr><tr><td colspan=\"3\" width=\"154\">\u00a0\u00a0\u00a0\u00a0\u00a0\u00a0\u00a0\u00a0\u00a0 <strong>1085 \u00a0\u00a0\u00a0\u00a0\u00a0\u00a0\u00a0\u00a0\u00a0\u00a0\u00a0\u00a0\u00a0\u00a0\u00a0\u00a0\u00a0 <\/strong><\/td><td width=\"70\">6<\/td><td width=\"57\">86,23<\/td><td width=\"74\">33032070<\/td><td width=\"132\">Gimena<\/td><td colspan=\"2\" width=\"115\">Gallinal<\/td><td width=\"76\">1987-05-17<\/td><\/tr><tr><td colspan=\"3\" width=\"154\">\u00a0\u00a0\u00a0\u00a0\u00a0\u00a0\u00a0\u00a0\u00a0\u00a0\u00a0\u00a0 <strong>961 \u00a0\u00a0\u00a0\u00a0\u00a0\u00a0\u00a0\u00a0\u00a0\u00a0\u00a0\u00a0\u00a0\u00a0\u00a0\u00a0\u00a0 <\/strong><\/td><td width=\"70\">7<\/td><td width=\"57\">87,45<\/td><td width=\"74\">18424856<\/td><td width=\"132\">Alicia<\/td><td colspan=\"2\" width=\"115\">Palacios<\/td><td width=\"76\">1967-08-20<\/td><\/tr><tr><td width=\"75\">\u00a0<\/td><td width=\"68\">\u00a0<\/td><td width=\"11\">\u00a0<\/td><td width=\"57\">\u00a0<\/td><td width=\"74\">\u00a0<\/td><td width=\"132\">\u00a0<\/td><td width=\"113\">\u00a0<\/td><td width=\"2\">\u00a0<\/td><td width=\"76\">\u00a0<\/td><\/tr><\/tbody><\/table><p><strong>\u00a0<\/strong><\/p><h1>Clasificaci\u00f3n General 15K \u2013 Masculino<\/h1><p><strong>\u00a0<\/strong><\/p><table border=\"1\" width=\"620\"><tbody><tr><td width=\"72\"><strong>N\u00famero <\/strong><\/td><td width=\"70\">Posici\u00f3n<\/td><td width=\"59\">Tiempo<\/td><td width=\"74\"><strong>DNI <\/strong><\/td><td width=\"147\"><strong>Nombre <\/strong><\/td><td width=\"122\"><strong>Apellido <\/strong><\/td><td width=\"78\"><strong>Nacimiento <\/strong><\/td><\/tr><tr><td width=\"72\"><strong>1066 <\/strong><\/td><td width=\"70\">1<\/td><td width=\"59\">53,42<\/td><td width=\"74\">27829532<\/td><td width=\"147\">Diego Orlando<\/td><td width=\"122\">Suarez<\/td><td width=\"78\">1981-04-28<\/td><\/tr><tr><td width=\"72\"><strong>1094 <\/strong><\/td><td width=\"70\">2<\/td><td width=\"59\">56,12<\/td><td width=\"74\">33793659<\/td><td width=\"147\">Juan Manuel<\/td><td width=\"122\">Alcantara<\/td><td width=\"78\">1988-08-11<\/td><\/tr><tr><td width=\"72\"><strong>1074 <\/strong><\/td><td width=\"70\">3<\/td><td width=\"59\">56,30<\/td><td width=\"74\">31482438<\/td><td width=\"147\">Jose<\/td><td width=\"122\">Peppino<\/td><td width=\"78\">2007-06-09<\/td><\/tr><tr><td width=\"72\"><strong>1116 <\/strong><\/td><td width=\"70\">4<\/td><td width=\"59\">58,32<\/td><td width=\"74\">28009788<\/td><td width=\"147\">Miguel Federico<\/td><td width=\"122\">Lima<\/td><td width=\"78\">1980-07-01<\/td><\/tr><tr><td width=\"72\"><strong>1068 <\/strong><\/td><td width=\"70\">5<\/td><td width=\"59\">58,55<\/td><td width=\"74\">37826504<\/td><td width=\"147\">Jonathan Facundo<\/td><td width=\"122\">Sep\u00falveda<\/td><td width=\"78\">1993-10-03<\/td><\/tr><tr><td width=\"72\"><strong>1104 <\/strong><\/td><td width=\"70\">6<\/td><td width=\"59\">61,35<\/td><td width=\"74\">31482862<\/td><td width=\"147\">Mauricio Fabian<\/td><td width=\"122\">Hernandez<\/td><td width=\"78\">1985-09-05<\/td><\/tr><tr><td width=\"72\"><strong>1096 <\/strong><\/td><td width=\"70\">7<\/td><td width=\"59\">63,13<\/td><td width=\"74\">37086492<\/td><td width=\"147\">Gonzalo Fabi\u00e1n<\/td><td width=\"122\">Rust Dietrich<\/td><td width=\"78\">1993-02-11<\/td><\/tr><tr><td width=\"72\"><strong>1065 <\/strong><\/td><td width=\"70\">8<\/td><td width=\"59\">63,53<\/td><td width=\"74\">33940908<\/td><td width=\"147\">Pablo Eduardo<\/td><td width=\"122\">Bogarin<\/td><td width=\"78\">1988-06-28<\/td><\/tr><tr><td width=\"72\"><strong>1060 <\/strong><\/td><td width=\"70\">9<\/td><td width=\"59\">63,54<\/td><td width=\"74\">24860006<\/td><td width=\"147\">Juan carlos<\/td><td width=\"122\">Vega<\/td><td width=\"78\">1975-09-06<\/td><\/tr><tr><td width=\"72\"><strong>971 <\/strong><\/td><td width=\"70\">10<\/td><td width=\"59\">64,51<\/td><td width=\"74\">23972333<\/td><td width=\"147\">Daniel<\/td><td width=\"122\">Pacual<\/td><td width=\"78\">1974-07-08<\/td><\/tr><tr><td width=\"72\"><strong>384 <\/strong><\/td><td width=\"70\">11<\/td><td width=\"59\">65,12<\/td><td width=\"74\">24451538<\/td><td width=\"147\">Rodolfo Dar\u00edo Ariel<\/td><td width=\"122\">Sandobal<\/td><td width=\"78\">1975-06-14<\/td><\/tr><tr><td width=\"72\"><strong>977 <\/strong><\/td><td width=\"70\">12<\/td><td width=\"59\">65,59<\/td><td width=\"74\">38108814<\/td><td width=\"147\">Manuel<\/td><td width=\"122\">Girardi<\/td><td width=\"78\">1994-04-14<\/td><\/tr><tr><td width=\"72\"><strong>382 <\/strong><\/td><td width=\"70\">13<\/td><td width=\"59\">66,40<\/td><td width=\"74\">35158170<\/td><td width=\"147\">Dar\u00edo<\/td><td width=\"122\">Giardino<\/td><td width=\"78\">1990-06-04<\/td><\/tr><tr><td width=\"72\"><strong>966 <\/strong><\/td><td width=\"70\">14<\/td><td width=\"59\">66,42<\/td><td width=\"74\">24998381<\/td><td width=\"147\">Norberto Abel<\/td><td width=\"122\">Ulrich<\/td><td width=\"78\">1976-02-08<\/td><\/tr><tr><td width=\"72\"><strong>1008 <\/strong><\/td><td width=\"70\">15<\/td><td width=\"59\">67,22<\/td><td width=\"74\">32019410<\/td><td width=\"147\">Miguel \u00c1ngel<\/td><td width=\"122\">Coba<\/td><td width=\"78\">1985-11-20<\/td><\/tr><tr><td width=\"72\"><strong>1111 <\/strong><\/td><td width=\"70\">16<\/td><td width=\"59\">67,33<\/td><td width=\"74\">36220887<\/td><td width=\"147\">Juan Salvador<\/td><td width=\"122\">Escudero<\/td><td width=\"78\">1990-07-10<\/td><\/tr><tr><td width=\"72\"><strong>998 <\/strong><\/td><td width=\"70\">17<\/td><td width=\"59\">68,22<\/td><td width=\"74\">33996947<\/td><td width=\"147\">Walter Javier<\/td><td width=\"122\">Maruelli<\/td><td width=\"78\">1988-10-05<\/td><\/tr><tr><td width=\"72\"><strong>1041 <\/strong><\/td><td width=\"70\">18<\/td><td width=\"59\">69,05<\/td><td width=\"74\">24153330<\/td><td width=\"147\">Nestor Hugo<\/td><td width=\"122\">Otamendi<\/td><td width=\"78\">1974-07-13<\/td><\/tr><tr><td width=\"72\"><strong>1117 <\/strong><\/td><td width=\"70\">19<\/td><td width=\"59\">69,30<\/td><td width=\"74\">37825546<\/td><td width=\"147\">Fernando<\/td><td width=\"122\">Aguirre<\/td><td width=\"78\">1993-09-10<\/td><\/tr><tr><td width=\"72\"><strong>309 <\/strong><\/td><td width=\"70\">20<\/td><td width=\"59\">70,39<\/td><td width=\"74\">35386195<\/td><td width=\"147\">Marcos Gabriel<\/td><td width=\"122\">Schweiker<\/td><td width=\"78\">1991-02-22<\/td><\/tr><tr><td width=\"72\"><strong>1054 <\/strong><\/td><td width=\"70\">21<\/td><td width=\"59\">72,08<\/td><td width=\"74\">27491774<\/td><td width=\"147\">Mario Juan<\/td><td width=\"122\">Cubas<\/td><td width=\"78\">1979-09-11<\/td><\/tr><tr><td width=\"72\"><strong>1078<\/strong><\/td><td width=\"70\">22<\/td><td width=\"59\">72,08<\/td><td width=\"74\">23186760<\/td><td width=\"147\">Dario<\/td><td width=\"122\">Gruber<\/td><td width=\"78\">1974-01-29<\/td><\/tr><tr><td width=\"153\">\u00a0\u00a0\u00a0\u00a0\u00a0\u00a0\u00a0\u00a0 <strong>1105 \u00a0\u00a0\u00a0\u00a0\u00a0\u00a0\u00a0\u00a0\u00a0\u00a0\u00a0\u00a0\u00a0\u00a0\u00a0 <\/strong><\/td><td width=\"70\">23<\/td><td width=\"48\">73,05<\/td><td width=\"74\">13956840<\/td><td width=\"147\">Hugo<\/td><td width=\"124\">Hernandez<\/td><td width=\"76\">1961-11-25<\/td><\/tr><tr><td width=\"153\">\u00a0\u00a0\u00a0\u00a0\u00a0\u00a0\u00a0\u00a0 <strong>1003 \u00a0\u00a0\u00a0\u00a0\u00a0\u00a0\u00a0\u00a0\u00a0\u00a0\u00a0\u00a0\u00a0\u00a0\u00a0 <\/strong><\/td><td width=\"70\">24<\/td><td width=\"48\">73,06<\/td><td width=\"74\">18490630<\/td><td width=\"147\">Aldo Fabian<\/td><td width=\"124\">Espel<\/td><td width=\"76\">1967-09-21<\/td><\/tr><tr><td width=\"153\">\u00a0\u00a0\u00a0\u00a0\u00a0\u00a0\u00a0\u00a0\u00a0\u00a0\u00a0 <strong>398 \u00a0\u00a0\u00a0\u00a0\u00a0\u00a0\u00a0\u00a0\u00a0\u00a0\u00a0\u00a0\u00a0\u00a0\u00a0 <\/strong><\/td><td width=\"70\">25<\/td><td width=\"48\">73,37<\/td><td width=\"74\">17161783<\/td><td width=\"147\">Juan Jose<\/td><td width=\"124\">San Emeterio<\/td><td width=\"76\">1965-05-06<\/td><\/tr><tr><td width=\"153\">\u00a0\u00a0\u00a0\u00a0\u00a0\u00a0\u00a0\u00a0 <strong>1050 \u00a0\u00a0\u00a0\u00a0\u00a0\u00a0\u00a0\u00a0\u00a0\u00a0\u00a0\u00a0\u00a0\u00a0\u00a0 <\/strong><\/td><td width=\"70\">26<\/td><td width=\"48\">75,16<\/td><td width=\"74\">21638252<\/td><td width=\"147\">Hugo Daniel<\/td><td width=\"124\">Zimmerman<\/td><td width=\"76\">1971-07-21<\/td><\/tr><tr><td width=\"153\">\u00a0\u00a0\u00a0\u00a0\u00a0\u00a0\u00a0\u00a0\u00a0\u00a0\u00a0 <strong>960 \u00a0\u00a0\u00a0\u00a0\u00a0\u00a0\u00a0\u00a0\u00a0\u00a0\u00a0\u00a0\u00a0\u00a0\u00a0 <\/strong><\/td><td width=\"70\">27<\/td><td width=\"48\">78,22<\/td><td width=\"74\">31942134<\/td><td width=\"147\">Leonardo Alarcon<\/td><td width=\"124\">Uspallata<\/td><td width=\"76\">1985-11-05<\/td><\/tr><tr><td width=\"153\">\u00a0\u00a0\u00a0\u00a0\u00a0\u00a0\u00a0\u00a0 <strong>1114 \u00a0\u00a0\u00a0\u00a0\u00a0\u00a0\u00a0\u00a0\u00a0\u00a0\u00a0\u00a0\u00a0\u00a0\u00a0 <\/strong><\/td><td width=\"70\">28<\/td><td width=\"48\">80,24<\/td><td width=\"74\">31152502<\/td><td width=\"147\">Miguel<\/td><td width=\"124\">Weinzettel<\/td><td width=\"76\">1984-07-07<\/td><\/tr><tr><td width=\"153\">\u00a0\u00a0\u00a0\u00a0\u00a0\u00a0\u00a0\u00a0 <strong>1072 \u00a0\u00a0\u00a0\u00a0\u00a0\u00a0\u00a0\u00a0\u00a0\u00a0\u00a0\u00a0\u00a0\u00a0\u00a0 <\/strong><\/td><td width=\"70\">29<\/td><td width=\"48\">82,74<\/td><td width=\"74\">21035711<\/td><td width=\"147\">Ernesto Oscar<\/td><td width=\"124\">Blatter<\/td><td width=\"76\">1969-10-19<\/td><\/tr><tr><td width=\"153\">\u00a0\u00a0\u00a0\u00a0\u00a0\u00a0\u00a0\u00a0 <strong>1036 \u00a0\u00a0\u00a0\u00a0\u00a0\u00a0\u00a0\u00a0\u00a0\u00a0\u00a0\u00a0\u00a0\u00a0\u00a0 <\/strong><\/td><td width=\"70\">30<\/td><td width=\"48\">83,58<\/td><td width=\"74\">25093088<\/td><td width=\"147\">Miguel Angel<\/td><td width=\"124\">YA\u00d1EZ<\/td><td width=\"76\">1976-12-01<\/td><\/tr><tr><td width=\"153\">\u00a0\u00a0\u00a0\u00a0\u00a0\u00a0\u00a0\u00a0 <strong>1048 \u00a0\u00a0\u00a0\u00a0\u00a0\u00a0\u00a0\u00a0\u00a0\u00a0\u00a0\u00a0\u00a0\u00a0\u00a0 <\/strong><\/td><td width=\"70\">31<\/td><td width=\"48\">84,45<\/td><td width=\"74\">31134436<\/td><td width=\"147\">Maximiliano Jos\u00e9<\/td><td width=\"124\">Barbagallo<\/td><td width=\"76\">1984-10-31<\/td><\/tr><tr><td width=\"153\">\u00a0\u00a0\u00a0\u00a0\u00a0\u00a0\u00a0\u00a0\u00a0\u00a0\u00a0 <strong>976 \u00a0\u00a0\u00a0\u00a0\u00a0\u00a0\u00a0\u00a0\u00a0\u00a0\u00a0\u00a0\u00a0\u00a0\u00a0 <\/strong><\/td><td width=\"70\">32<\/td><td width=\"48\">85,18<\/td><td width=\"74\">39697793<\/td><td width=\"147\">Santiago<\/td><td width=\"124\">Paladino Diaspro<\/td><td width=\"76\">1996-08-23<\/td><\/tr><tr><td width=\"153\">\u00a0\u00a0\u00a0\u00a0\u00a0\u00a0\u00a0\u00a0 <strong>1030 \u00a0\u00a0\u00a0\u00a0\u00a0\u00a0\u00a0\u00a0\u00a0\u00a0\u00a0\u00a0\u00a0\u00a0\u00a0 <\/strong><\/td><td width=\"70\">33<\/td><td width=\"48\">87,10<\/td><td width=\"74\">27828276<\/td><td width=\"147\">Marcos Santiago<\/td><td width=\"124\">Pidone<\/td><td width=\"76\">1981-01-02<\/td><\/tr><tr><td width=\"153\">\u00a0\u00a0\u00a0\u00a0\u00a0\u00a0\u00a0\u00a0 <strong>1007 \u00a0\u00a0\u00a0\u00a0\u00a0\u00a0\u00a0\u00a0\u00a0\u00a0\u00a0\u00a0\u00a0\u00a0\u00a0 <\/strong><\/td><td width=\"70\">34<\/td><td width=\"48\">90,54<\/td><td width=\"74\">30248463<\/td><td width=\"147\">Marcos<\/td><td width=\"124\">Acu\u00f1a<\/td><td width=\"76\">1983-08-23<\/td><\/tr><tr><td width=\"153\">\u00a0\u00a0\u00a0\u00a0\u00a0\u00a0\u00a0\u00a0 <strong>1001 \u00a0\u00a0\u00a0\u00a0\u00a0\u00a0\u00a0\u00a0\u00a0\u00a0\u00a0\u00a0\u00a0\u00a0\u00a0 <\/strong><\/td><td width=\"70\">35<\/td><td width=\"48\">90,55<\/td><td width=\"74\">29546204<\/td><td width=\"147\">Alejandro<\/td><td width=\"124\">Junco<\/td><td width=\"76\">1982-05-20<\/td><\/tr><tr><td width=\"153\">\u00a0\u00a0\u00a0\u00a0\u00a0\u00a0\u00a0\u00a0 <strong>1059 \u00a0\u00a0\u00a0\u00a0\u00a0\u00a0\u00a0\u00a0\u00a0\u00a0\u00a0\u00a0\u00a0\u00a0\u00a0 <\/strong><\/td><td width=\"70\">36<\/td><td width=\"48\">91,24<\/td><td width=\"74\">11137294<\/td><td width=\"147\">Dante Emir<\/td><td width=\"124\">Castro<\/td><td width=\"76\">1954-04-22<\/td><\/tr><tr><td width=\"153\">\u00a0\u00a0\u00a0\u00a0\u00a0\u00a0\u00a0\u00a0 <strong>1032 \u00a0\u00a0\u00a0\u00a0\u00a0\u00a0\u00a0\u00a0\u00a0\u00a0\u00a0\u00a0\u00a0\u00a0\u00a0 <\/strong><\/td><td width=\"70\">37<\/td><td width=\"48\">93,24<\/td><td width=\"74\">29283616<\/td><td width=\"147\">Walter Diego<\/td><td width=\"124\">Beneitez Hern\u00e1ndez<\/td><td width=\"76\">1982-06-13<\/td><\/tr><tr><td width=\"153\">\u00a0\u00a0\u00a0\u00a0\u00a0\u00a0\u00a0\u00a0 <strong>1118 \u00a0\u00a0\u00a0\u00a0\u00a0\u00a0\u00a0\u00a0\u00a0\u00a0\u00a0\u00a0\u00a0\u00a0<\/strong><\/td><td width=\"70\">38<\/td><td width=\"48\">99,46<\/td><td width=\"74\">21360698<\/td><td width=\"147\">Silvio Daniel<\/td><td width=\"124\">Tejada<\/td><td width=\"76\">1970-06-03<\/td><\/tr><\/tbody><\/table>\t\t\t\t\t\t\t\t<\/div>\n\t\t\t\t<\/div>\n\t\t\t\t\t<\/div>\n\t\t\t\t<\/div>\n\t\t<div class=\"elementor-element elementor-element-9973451 e-flex e-con-boxed e-con e-parent\" data-id=\"9973451\" data-element_type=\"container\" data-e-type=\"container\">\n\t\t\t\t\t<div class=\"e-con-inner\">\n\t\t\t\t<div class=\"elementor-element elementor-element-6f6178f elementor-widget elementor-widget-image-gallery\" data-id=\"6f6178f\" data-element_type=\"widget\" data-e-type=\"widget\" data-widget_type=\"image-gallery.default\">\n\t\t\t\t<div class=\"elementor-widget-container\">\n\t\t\t\t\t\t\t<div class=\"elementor-image-gallery\">\n\t\t\t<div id='gallery-1' class='gallery galleryid-55336 gallery-columns-3 gallery-size-full'><figure class='gallery-item'>\n\t\t\t<div class='gallery-icon landscape'>\n\t\t\t\t<a data-elementor-open-lightbox=\"yes\" data-elementor-lightbox-slideshow=\"6f6178f\" data-elementor-lightbox-title=\"Atletismo\" data-e-action-hash=\"#elementor-action%3Aaction%3Dlightbox%26settings%3DeyJpZCI6NTUzNDIsInVybCI6Imh0dHBzOlwvXC9kZXBvcnRlY2FwaXRhbC5jb20uYXJcL3dwLWNvbnRlbnRcL3VwbG9hZHNcLzIwMjZcLzAxXC9BR1JFR1VJLURPUy5qcGciLCJzbGlkZXNob3ciOiI2ZjYxNzhmIn0%3D\" href='https:\/\/deportecapital.com.ar\/wp-content\/uploads\/2026\/01\/AGREGUI-DOS.jpg'><img loading=\"lazy\" width=\"1920\" height=\"1445\" src=\"https:\/\/deportecapital.com.ar\/wp-content\/uploads\/2026\/01\/AGREGUI-DOS.jpg\" class=\"attachment-full size-full\" alt=\"Atletismo\" srcset=\"https:\/\/deportecapital.com.ar\/wp-content\/uploads\/2026\/01\/AGREGUI-DOS.jpg 1920w, https:\/\/deportecapital.com.ar\/wp-content\/uploads\/2026\/01\/AGREGUI-DOS-300x226.jpg 300w, https:\/\/deportecapital.com.ar\/wp-content\/uploads\/2026\/01\/AGREGUI-DOS-1024x771.jpg 1024w, https:\/\/deportecapital.com.ar\/wp-content\/uploads\/2026\/01\/AGREGUI-DOS-768x578.jpg 768w, https:\/\/deportecapital.com.ar\/wp-content\/uploads\/2026\/01\/AGREGUI-DOS-1536x1156.jpg 1536w\" sizes=\"auto, (max-width: 1920px) 100vw, 1920px\" loading=\"lazy\" decoding=\"async\" \/><\/a>\n\t\t\t<\/div><\/figure><figure class='gallery-item'>\n\t\t\t<div class='gallery-icon landscape'>\n\t\t\t\t<a data-elementor-open-lightbox=\"yes\" data-elementor-lightbox-slideshow=\"6f6178f\" data-elementor-lightbox-title=\"Atletismo\" data-e-action-hash=\"#elementor-action%3Aaction%3Dlightbox%26settings%3DeyJpZCI6NTUzNDYsInVybCI6Imh0dHBzOlwvXC9kZXBvcnRlY2FwaXRhbC5jb20uYXJcL3dwLWNvbnRlbnRcL3VwbG9hZHNcLzIwMjZcLzAxXC9TVUJJUi5qcGciLCJzbGlkZXNob3ciOiI2ZjYxNzhmIn0%3D\" href='https:\/\/deportecapital.com.ar\/wp-content\/uploads\/2026\/01\/SUBIR.jpg'><img loading=\"lazy\" width=\"1920\" height=\"1445\" src=\"https:\/\/deportecapital.com.ar\/wp-content\/uploads\/2026\/01\/SUBIR.jpg\" class=\"attachment-full size-full\" alt=\"Atletismo\" srcset=\"https:\/\/deportecapital.com.ar\/wp-content\/uploads\/2026\/01\/SUBIR.jpg 1920w, https:\/\/deportecapital.com.ar\/wp-content\/uploads\/2026\/01\/SUBIR-300x226.jpg 300w, https:\/\/deportecapital.com.ar\/wp-content\/uploads\/2026\/01\/SUBIR-1024x771.jpg 1024w, https:\/\/deportecapital.com.ar\/wp-content\/uploads\/2026\/01\/SUBIR-768x578.jpg 768w, https:\/\/deportecapital.com.ar\/wp-content\/uploads\/2026\/01\/SUBIR-1536x1156.jpg 1536w\" sizes=\"auto, (max-width: 1920px) 100vw, 1920px\" loading=\"lazy\" decoding=\"async\" \/><\/a>\n\t\t\t<\/div><\/figure><figure class='gallery-item'>\n\t\t\t<div class='gallery-icon landscape'>\n\t\t\t\t<a data-elementor-open-lightbox=\"yes\" data-elementor-lightbox-slideshow=\"6f6178f\" data-elementor-lightbox-title=\"Atletismo\" data-e-action-hash=\"#elementor-action%3Aaction%3Dlightbox%26settings%3DeyJpZCI6NTUzNDUsInVybCI6Imh0dHBzOlwvXC9kZXBvcnRlY2FwaXRhbC5jb20uYXJcL3dwLWNvbnRlbnRcL3VwbG9hZHNcLzIwMjZcLzAxXC9TVUJJUi0yLmpwZyIsInNsaWRlc2hvdyI6IjZmNjE3OGYifQ%3D%3D\" href='https:\/\/deportecapital.com.ar\/wp-content\/uploads\/2026\/01\/SUBIR-2.jpg'><img loading=\"lazy\" width=\"1920\" height=\"1445\" src=\"https:\/\/deportecapital.com.ar\/wp-content\/uploads\/2026\/01\/SUBIR-2.jpg\" class=\"attachment-full size-full\" alt=\"Atletismo\" srcset=\"https:\/\/deportecapital.com.ar\/wp-content\/uploads\/2026\/01\/SUBIR-2.jpg 1920w, https:\/\/deportecapital.com.ar\/wp-content\/uploads\/2026\/01\/SUBIR-2-300x226.jpg 300w, https:\/\/deportecapital.com.ar\/wp-content\/uploads\/2026\/01\/SUBIR-2-1024x771.jpg 1024w, https:\/\/deportecapital.com.ar\/wp-content\/uploads\/2026\/01\/SUBIR-2-768x578.jpg 768w, https:\/\/deportecapital.com.ar\/wp-content\/uploads\/2026\/01\/SUBIR-2-1536x1156.jpg 1536w\" sizes=\"auto, (max-width: 1920px) 100vw, 1920px\" loading=\"lazy\" decoding=\"async\" \/><\/a>\n\t\t\t<\/div><\/figure><figure class='gallery-item'>\n\t\t\t<div class='gallery-icon landscape'>\n\t\t\t\t<a data-elementor-open-lightbox=\"yes\" data-elementor-lightbox-slideshow=\"6f6178f\" data-elementor-lightbox-title=\"Atletismo\" data-e-action-hash=\"#elementor-action%3Aaction%3Dlightbox%26settings%3DeyJpZCI6NTUzNDQsInVybCI6Imh0dHBzOlwvXC9kZXBvcnRlY2FwaXRhbC5jb20uYXJcL3dwLWNvbnRlbnRcL3VwbG9hZHNcLzIwMjZcLzAxXC9TVUJJUi0xLmpwZyIsInNsaWRlc2hvdyI6IjZmNjE3OGYifQ%3D%3D\" href='https:\/\/deportecapital.com.ar\/wp-content\/uploads\/2026\/01\/SUBIR-1.jpg'><img loading=\"lazy\" width=\"1920\" height=\"1445\" src=\"https:\/\/deportecapital.com.ar\/wp-content\/uploads\/2026\/01\/SUBIR-1.jpg\" class=\"attachment-full size-full\" alt=\"Atletismo\" srcset=\"https:\/\/deportecapital.com.ar\/wp-content\/uploads\/2026\/01\/SUBIR-1.jpg 1920w, https:\/\/deportecapital.com.ar\/wp-content\/uploads\/2026\/01\/SUBIR-1-300x226.jpg 300w, https:\/\/deportecapital.com.ar\/wp-content\/uploads\/2026\/01\/SUBIR-1-1024x771.jpg 1024w, https:\/\/deportecapital.com.ar\/wp-content\/uploads\/2026\/01\/SUBIR-1-768x578.jpg 768w, https:\/\/deportecapital.com.ar\/wp-content\/uploads\/2026\/01\/SUBIR-1-1536x1156.jpg 1536w\" sizes=\"auto, (max-width: 1920px) 100vw, 1920px\" loading=\"lazy\" decoding=\"async\" \/><\/a>\n\t\t\t<\/div><\/figure><figure class='gallery-item'>\n\t\t\t<div class='gallery-icon landscape'>\n\t\t\t\t<a data-elementor-open-lightbox=\"yes\" data-elementor-lightbox-slideshow=\"6f6178f\" data-elementor-lightbox-title=\"Atletismo\" data-e-action-hash=\"#elementor-action%3Aaction%3Dlightbox%26settings%3DeyJpZCI6NTUzNDMsInVybCI6Imh0dHBzOlwvXC9kZXBvcnRlY2FwaXRhbC5jb20uYXJcL3dwLWNvbnRlbnRcL3VwbG9hZHNcLzIwMjZcLzAxXC9BR1JFR1VJLmpwZyIsInNsaWRlc2hvdyI6IjZmNjE3OGYifQ%3D%3D\" href='https:\/\/deportecapital.com.ar\/wp-content\/uploads\/2026\/01\/AGREGUI.jpg'><img loading=\"lazy\" width=\"1920\" height=\"1445\" src=\"https:\/\/deportecapital.com.ar\/wp-content\/uploads\/2026\/01\/AGREGUI.jpg\" class=\"attachment-full size-full\" alt=\"Atletismo\" srcset=\"https:\/\/deportecapital.com.ar\/wp-content\/uploads\/2026\/01\/AGREGUI.jpg 1920w, https:\/\/deportecapital.com.ar\/wp-content\/uploads\/2026\/01\/AGREGUI-300x226.jpg 300w, https:\/\/deportecapital.com.ar\/wp-content\/uploads\/2026\/01\/AGREGUI-1024x771.jpg 1024w, https:\/\/deportecapital.com.ar\/wp-content\/uploads\/2026\/01\/AGREGUI-768x578.jpg 768w, https:\/\/deportecapital.com.ar\/wp-content\/uploads\/2026\/01\/AGREGUI-1536x1156.jpg 1536w\" sizes=\"auto, (max-width: 1920px) 100vw, 1920px\" loading=\"lazy\" decoding=\"async\" \/><\/a>\n\t\t\t<\/div><\/figure>\n\t\t<\/div>\n\t\t<\/div>\n\t\t\t\t\t\t<\/div>\n\t\t\t\t<\/div>\n\t\t\t\t\t<\/div>\n\t\t\t\t<\/div>\n\t\t\t\t<\/div>\n\t\t","protected":false},"excerpt":{"rendered":"<p>Los atletas Diego Su\u00e1rez y Ver\u00f3nica De la Nava fueron los ganadores de la primera&#8230;<\/p>\n","protected":false},"author":3,"featured_media":55346,"comment_status":"closed","ping_status":"open","sticky":false,"template":"","format":"standard","meta":{"footnotes":""},"categories":[5],"tags":[],"class_list":["post-55336","post","type-post","status-publish","format-standard","has-post-thumbnail","hentry","category-atletismo"],"yoast_head":"<!-- This site is optimized with the Yoast SEO plugin v27.5 - https:\/\/yoast.com\/product\/yoast-seo-wordpress\/ -->\n<title>Su\u00e1rez y De la Nava, en la primera - Deporte Capital<\/title>\n<meta name=\"robots\" content=\"index, follow, max-snippet:-1, max-image-preview:large, max-video-preview:-1\" \/>\n<link rel=\"canonical\" href=\"https:\/\/deportecapital.com.ar\/index.php\/2026\/01\/12\/suarez-y-de-la-nava-en-la-primera\/\" \/>\n<meta property=\"og:locale\" content=\"es_ES\" \/>\n<meta property=\"og:type\" content=\"article\" \/>\n<meta property=\"og:title\" content=\"Su\u00e1rez y De la Nava, en la primera - Deporte Capital\" \/>\n<meta property=\"og:description\" content=\"Los atletas Diego Su\u00e1rez y Ver\u00f3nica De la Nava fueron los ganadores de la primera...\" \/>\n<meta property=\"og:url\" content=\"https:\/\/deportecapital.com.ar\/index.php\/2026\/01\/12\/suarez-y-de-la-nava-en-la-primera\/\" \/>\n<meta property=\"og:site_name\" content=\"Deporte Capital\" \/>\n<meta property=\"article:published_time\" content=\"2026-01-12T00:52:46+00:00\" \/>\n<meta property=\"article:modified_time\" content=\"2026-01-14T01:51:50+00:00\" \/>\n<meta property=\"og:image\" content=\"https:\/\/deportecapital.com.ar\/wp-content\/uploads\/2026\/01\/SUBIR.jpg\" \/>\n\t<meta property=\"og:image:width\" content=\"1920\" \/>\n\t<meta property=\"og:image:height\" content=\"1445\" \/>\n\t<meta property=\"og:image:type\" content=\"image\/jpeg\" \/>\n<meta name=\"author\" content=\"Emilio Manrique\" \/>\n<meta name=\"twitter:card\" content=\"summary_large_image\" \/>\n<meta name=\"twitter:label1\" content=\"Escrito por\" \/>\n\t<meta name=\"twitter:data1\" content=\"Emilio Manrique\" \/>\n\t<meta name=\"twitter:label2\" content=\"Tiempo de lectura\" \/>\n\t<meta name=\"twitter:data2\" content=\"10 minutos\" \/>\n<script type=\"application\/ld+json\" class=\"yoast-schema-graph\">{\"@context\":\"https:\\\/\\\/schema.org\",\"@graph\":[{\"@type\":\"Article\",\"@id\":\"https:\\\/\\\/deportecapital.com.ar\\\/index.php\\\/2026\\\/01\\\/12\\\/suarez-y-de-la-nava-en-la-primera\\\/#article\",\"isPartOf\":{\"@id\":\"https:\\\/\\\/deportecapital.com.ar\\\/index.php\\\/2026\\\/01\\\/12\\\/suarez-y-de-la-nava-en-la-primera\\\/\"},\"author\":{\"name\":\"Emilio Manrique\",\"@id\":\"https:\\\/\\\/deportecapital.com.ar\\\/#\\\/schema\\\/person\\\/9cd40456048dd30733b1d6749eca5de8\"},\"headline\":\"Su\u00e1rez y De la Nava, en la primera\",\"datePublished\":\"2026-01-12T00:52:46+00:00\",\"dateModified\":\"2026-01-14T01:51:50+00:00\",\"mainEntityOfPage\":{\"@id\":\"https:\\\/\\\/deportecapital.com.ar\\\/index.php\\\/2026\\\/01\\\/12\\\/suarez-y-de-la-nava-en-la-primera\\\/\"},\"wordCount\":1510,\"publisher\":{\"@id\":\"https:\\\/\\\/deportecapital.com.ar\\\/#organization\"},\"image\":{\"@id\":\"https:\\\/\\\/deportecapital.com.ar\\\/index.php\\\/2026\\\/01\\\/12\\\/suarez-y-de-la-nava-en-la-primera\\\/#primaryimage\"},\"thumbnailUrl\":\"https:\\\/\\\/deportecapital.com.ar\\\/wp-content\\\/uploads\\\/2026\\\/01\\\/SUBIR.jpg\",\"articleSection\":[\"Atletismo\"],\"inLanguage\":\"es-AR\"},{\"@type\":\"WebPage\",\"@id\":\"https:\\\/\\\/deportecapital.com.ar\\\/index.php\\\/2026\\\/01\\\/12\\\/suarez-y-de-la-nava-en-la-primera\\\/\",\"url\":\"https:\\\/\\\/deportecapital.com.ar\\\/index.php\\\/2026\\\/01\\\/12\\\/suarez-y-de-la-nava-en-la-primera\\\/\",\"name\":\"Su\u00e1rez y De la Nava, en la primera - Deporte Capital\",\"isPartOf\":{\"@id\":\"https:\\\/\\\/deportecapital.com.ar\\\/#website\"},\"primaryImageOfPage\":{\"@id\":\"https:\\\/\\\/deportecapital.com.ar\\\/index.php\\\/2026\\\/01\\\/12\\\/suarez-y-de-la-nava-en-la-primera\\\/#primaryimage\"},\"image\":{\"@id\":\"https:\\\/\\\/deportecapital.com.ar\\\/index.php\\\/2026\\\/01\\\/12\\\/suarez-y-de-la-nava-en-la-primera\\\/#primaryimage\"},\"thumbnailUrl\":\"https:\\\/\\\/deportecapital.com.ar\\\/wp-content\\\/uploads\\\/2026\\\/01\\\/SUBIR.jpg\",\"datePublished\":\"2026-01-12T00:52:46+00:00\",\"dateModified\":\"2026-01-14T01:51:50+00:00\",\"breadcrumb\":{\"@id\":\"https:\\\/\\\/deportecapital.com.ar\\\/index.php\\\/2026\\\/01\\\/12\\\/suarez-y-de-la-nava-en-la-primera\\\/#breadcrumb\"},\"inLanguage\":\"es-AR\",\"potentialAction\":[{\"@type\":\"ReadAction\",\"target\":[\"https:\\\/\\\/deportecapital.com.ar\\\/index.php\\\/2026\\\/01\\\/12\\\/suarez-y-de-la-nava-en-la-primera\\\/\"]}]},{\"@type\":\"ImageObject\",\"inLanguage\":\"es-AR\",\"@id\":\"https:\\\/\\\/deportecapital.com.ar\\\/index.php\\\/2026\\\/01\\\/12\\\/suarez-y-de-la-nava-en-la-primera\\\/#primaryimage\",\"url\":\"https:\\\/\\\/deportecapital.com.ar\\\/wp-content\\\/uploads\\\/2026\\\/01\\\/SUBIR.jpg\",\"contentUrl\":\"https:\\\/\\\/deportecapital.com.ar\\\/wp-content\\\/uploads\\\/2026\\\/01\\\/SUBIR.jpg\",\"width\":1920,\"height\":1445},{\"@type\":\"BreadcrumbList\",\"@id\":\"https:\\\/\\\/deportecapital.com.ar\\\/index.php\\\/2026\\\/01\\\/12\\\/suarez-y-de-la-nava-en-la-primera\\\/#breadcrumb\",\"itemListElement\":[{\"@type\":\"ListItem\",\"position\":1,\"name\":\"Inicio\",\"item\":\"https:\\\/\\\/deportecapital.com.ar\\\/\"},{\"@type\":\"ListItem\",\"position\":2,\"name\":\"Su\u00e1rez y De la Nava, en la primera\"}]},{\"@type\":\"WebSite\",\"@id\":\"https:\\\/\\\/deportecapital.com.ar\\\/#website\",\"url\":\"https:\\\/\\\/deportecapital.com.ar\\\/\",\"name\":\"Deporte Capital\",\"description\":\"Diario digital con todo el deporte de La Pampa y alrededores.\",\"publisher\":{\"@id\":\"https:\\\/\\\/deportecapital.com.ar\\\/#organization\"},\"potentialAction\":[{\"@type\":\"SearchAction\",\"target\":{\"@type\":\"EntryPoint\",\"urlTemplate\":\"https:\\\/\\\/deportecapital.com.ar\\\/?s={search_term_string}\"},\"query-input\":{\"@type\":\"PropertyValueSpecification\",\"valueRequired\":true,\"valueName\":\"search_term_string\"}}],\"inLanguage\":\"es-AR\"},{\"@type\":\"Organization\",\"@id\":\"https:\\\/\\\/deportecapital.com.ar\\\/#organization\",\"name\":\"Deporte Capital\",\"url\":\"https:\\\/\\\/deportecapital.com.ar\\\/\",\"logo\":{\"@type\":\"ImageObject\",\"inLanguage\":\"es-AR\",\"@id\":\"https:\\\/\\\/deportecapital.com.ar\\\/#\\\/schema\\\/logo\\\/image\\\/\",\"url\":\"https:\\\/\\\/deportecapital.com.ar\\\/wp-content\\\/uploads\\\/2025\\\/06\\\/logo-deportecapital_white-1.png\",\"contentUrl\":\"https:\\\/\\\/deportecapital.com.ar\\\/wp-content\\\/uploads\\\/2025\\\/06\\\/logo-deportecapital_white-1.png\",\"width\":243,\"height\":111,\"caption\":\"Deporte Capital\"},\"image\":{\"@id\":\"https:\\\/\\\/deportecapital.com.ar\\\/#\\\/schema\\\/logo\\\/image\\\/\"}},{\"@type\":\"Person\",\"@id\":\"https:\\\/\\\/deportecapital.com.ar\\\/#\\\/schema\\\/person\\\/9cd40456048dd30733b1d6749eca5de8\",\"name\":\"Emilio Manrique\",\"image\":{\"@type\":\"ImageObject\",\"inLanguage\":\"es-AR\",\"@id\":\"https:\\\/\\\/secure.gravatar.com\\\/avatar\\\/005c696496b156e30819f271efdd20348da8f41b5d5653680fd363162bbeb3bb?s=96&d=mm&r=g\",\"url\":\"https:\\\/\\\/secure.gravatar.com\\\/avatar\\\/005c696496b156e30819f271efdd20348da8f41b5d5653680fd363162bbeb3bb?s=96&d=mm&r=g\",\"contentUrl\":\"https:\\\/\\\/secure.gravatar.com\\\/avatar\\\/005c696496b156e30819f271efdd20348da8f41b5d5653680fd363162bbeb3bb?s=96&d=mm&r=g\",\"caption\":\"Emilio Manrique\"},\"url\":\"https:\\\/\\\/deportecapital.com.ar\\\/index.php\\\/author\\\/emilio-manrique\\\/\"}]}<\/script>\n<!-- \/ Yoast SEO plugin. -->","yoast_head_json":{"title":"Su\u00e1rez y De la Nava, en la primera - Deporte Capital","robots":{"index":"index","follow":"follow","max-snippet":"max-snippet:-1","max-image-preview":"max-image-preview:large","max-video-preview":"max-video-preview:-1"},"canonical":"https:\/\/deportecapital.com.ar\/index.php\/2026\/01\/12\/suarez-y-de-la-nava-en-la-primera\/","og_locale":"es_ES","og_type":"article","og_title":"Su\u00e1rez y De la Nava, en la primera - Deporte Capital","og_description":"Los atletas Diego Su\u00e1rez y Ver\u00f3nica De la Nava fueron los ganadores de la primera...","og_url":"https:\/\/deportecapital.com.ar\/index.php\/2026\/01\/12\/suarez-y-de-la-nava-en-la-primera\/","og_site_name":"Deporte Capital","article_published_time":"2026-01-12T00:52:46+00:00","article_modified_time":"2026-01-14T01:51:50+00:00","og_image":[{"width":1920,"height":1445,"url":"https:\/\/deportecapital.com.ar\/wp-content\/uploads\/2026\/01\/SUBIR.jpg","type":"image\/jpeg"}],"author":"Emilio Manrique","twitter_card":"summary_large_image","twitter_misc":{"Escrito por":"Emilio Manrique","Tiempo de lectura":"10 minutos"},"schema":{"@context":"https:\/\/schema.org","@graph":[{"@type":"Article","@id":"https:\/\/deportecapital.com.ar\/index.php\/2026\/01\/12\/suarez-y-de-la-nava-en-la-primera\/#article","isPartOf":{"@id":"https:\/\/deportecapital.com.ar\/index.php\/2026\/01\/12\/suarez-y-de-la-nava-en-la-primera\/"},"author":{"name":"Emilio Manrique","@id":"https:\/\/deportecapital.com.ar\/#\/schema\/person\/9cd40456048dd30733b1d6749eca5de8"},"headline":"Su\u00e1rez y De la Nava, en la primera","datePublished":"2026-01-12T00:52:46+00:00","dateModified":"2026-01-14T01:51:50+00:00","mainEntityOfPage":{"@id":"https:\/\/deportecapital.com.ar\/index.php\/2026\/01\/12\/suarez-y-de-la-nava-en-la-primera\/"},"wordCount":1510,"publisher":{"@id":"https:\/\/deportecapital.com.ar\/#organization"},"image":{"@id":"https:\/\/deportecapital.com.ar\/index.php\/2026\/01\/12\/suarez-y-de-la-nava-en-la-primera\/#primaryimage"},"thumbnailUrl":"https:\/\/deportecapital.com.ar\/wp-content\/uploads\/2026\/01\/SUBIR.jpg","articleSection":["Atletismo"],"inLanguage":"es-AR"},{"@type":"WebPage","@id":"https:\/\/deportecapital.com.ar\/index.php\/2026\/01\/12\/suarez-y-de-la-nava-en-la-primera\/","url":"https:\/\/deportecapital.com.ar\/index.php\/2026\/01\/12\/suarez-y-de-la-nava-en-la-primera\/","name":"Su\u00e1rez y De la Nava, en la primera - Deporte Capital","isPartOf":{"@id":"https:\/\/deportecapital.com.ar\/#website"},"primaryImageOfPage":{"@id":"https:\/\/deportecapital.com.ar\/index.php\/2026\/01\/12\/suarez-y-de-la-nava-en-la-primera\/#primaryimage"},"image":{"@id":"https:\/\/deportecapital.com.ar\/index.php\/2026\/01\/12\/suarez-y-de-la-nava-en-la-primera\/#primaryimage"},"thumbnailUrl":"https:\/\/deportecapital.com.ar\/wp-content\/uploads\/2026\/01\/SUBIR.jpg","datePublished":"2026-01-12T00:52:46+00:00","dateModified":"2026-01-14T01:51:50+00:00","breadcrumb":{"@id":"https:\/\/deportecapital.com.ar\/index.php\/2026\/01\/12\/suarez-y-de-la-nava-en-la-primera\/#breadcrumb"},"inLanguage":"es-AR","potentialAction":[{"@type":"ReadAction","target":["https:\/\/deportecapital.com.ar\/index.php\/2026\/01\/12\/suarez-y-de-la-nava-en-la-primera\/"]}]},{"@type":"ImageObject","inLanguage":"es-AR","@id":"https:\/\/deportecapital.com.ar\/index.php\/2026\/01\/12\/suarez-y-de-la-nava-en-la-primera\/#primaryimage","url":"https:\/\/deportecapital.com.ar\/wp-content\/uploads\/2026\/01\/SUBIR.jpg","contentUrl":"https:\/\/deportecapital.com.ar\/wp-content\/uploads\/2026\/01\/SUBIR.jpg","width":1920,"height":1445},{"@type":"BreadcrumbList","@id":"https:\/\/deportecapital.com.ar\/index.php\/2026\/01\/12\/suarez-y-de-la-nava-en-la-primera\/#breadcrumb","itemListElement":[{"@type":"ListItem","position":1,"name":"Inicio","item":"https:\/\/deportecapital.com.ar\/"},{"@type":"ListItem","position":2,"name":"Su\u00e1rez y De la Nava, en la primera"}]},{"@type":"WebSite","@id":"https:\/\/deportecapital.com.ar\/#website","url":"https:\/\/deportecapital.com.ar\/","name":"Deporte Capital","description":"Diario digital con todo el deporte de La Pampa y alrededores.","publisher":{"@id":"https:\/\/deportecapital.com.ar\/#organization"},"potentialAction":[{"@type":"SearchAction","target":{"@type":"EntryPoint","urlTemplate":"https:\/\/deportecapital.com.ar\/?s={search_term_string}"},"query-input":{"@type":"PropertyValueSpecification","valueRequired":true,"valueName":"search_term_string"}}],"inLanguage":"es-AR"},{"@type":"Organization","@id":"https:\/\/deportecapital.com.ar\/#organization","name":"Deporte Capital","url":"https:\/\/deportecapital.com.ar\/","logo":{"@type":"ImageObject","inLanguage":"es-AR","@id":"https:\/\/deportecapital.com.ar\/#\/schema\/logo\/image\/","url":"https:\/\/deportecapital.com.ar\/wp-content\/uploads\/2025\/06\/logo-deportecapital_white-1.png","contentUrl":"https:\/\/deportecapital.com.ar\/wp-content\/uploads\/2025\/06\/logo-deportecapital_white-1.png","width":243,"height":111,"caption":"Deporte Capital"},"image":{"@id":"https:\/\/deportecapital.com.ar\/#\/schema\/logo\/image\/"}},{"@type":"Person","@id":"https:\/\/deportecapital.com.ar\/#\/schema\/person\/9cd40456048dd30733b1d6749eca5de8","name":"Emilio Manrique","image":{"@type":"ImageObject","inLanguage":"es-AR","@id":"https:\/\/secure.gravatar.com\/avatar\/005c696496b156e30819f271efdd20348da8f41b5d5653680fd363162bbeb3bb?s=96&d=mm&r=g","url":"https:\/\/secure.gravatar.com\/avatar\/005c696496b156e30819f271efdd20348da8f41b5d5653680fd363162bbeb3bb?s=96&d=mm&r=g","contentUrl":"https:\/\/secure.gravatar.com\/avatar\/005c696496b156e30819f271efdd20348da8f41b5d5653680fd363162bbeb3bb?s=96&d=mm&r=g","caption":"Emilio Manrique"},"url":"https:\/\/deportecapital.com.ar\/index.php\/author\/emilio-manrique\/"}]}},"rttpg_featured_image_url":{"full":["https:\/\/deportecapital.com.ar\/wp-content\/uploads\/2026\/01\/SUBIR.jpg",1920,1445,false],"landscape":["https:\/\/deportecapital.com.ar\/wp-content\/uploads\/2026\/01\/SUBIR.jpg",1920,1445,false],"portraits":["https:\/\/deportecapital.com.ar\/wp-content\/uploads\/2026\/01\/SUBIR.jpg",1920,1445,false],"thumbnail":["https:\/\/deportecapital.com.ar\/wp-content\/uploads\/2026\/01\/SUBIR-150x150.jpg",150,150,true],"medium":["https:\/\/deportecapital.com.ar\/wp-content\/uploads\/2026\/01\/SUBIR-300x226.jpg",300,226,true],"large":["https:\/\/deportecapital.com.ar\/wp-content\/uploads\/2026\/01\/SUBIR-1024x771.jpg",640,482,true],"1536x1536":["https:\/\/deportecapital.com.ar\/wp-content\/uploads\/2026\/01\/SUBIR-1536x1156.jpg",1536,1156,true],"2048x2048":["https:\/\/deportecapital.com.ar\/wp-content\/uploads\/2026\/01\/SUBIR.jpg",1920,1445,false],"covernews-slider-full":["https:\/\/deportecapital.com.ar\/wp-content\/uploads\/2026\/01\/SUBIR-1115x715.jpg",1115,715,true],"covernews-slider-center":["https:\/\/deportecapital.com.ar\/wp-content\/uploads\/2026\/01\/SUBIR-800x500.jpg",800,500,true],"covernews-featured":["https:\/\/deportecapital.com.ar\/wp-content\/uploads\/2026\/01\/SUBIR-1024x771.jpg",1024,771,true],"covernews-medium":["https:\/\/deportecapital.com.ar\/wp-content\/uploads\/2026\/01\/SUBIR-540x340.jpg",540,340,true],"covernews-medium-square":["https:\/\/deportecapital.com.ar\/wp-content\/uploads\/2026\/01\/SUBIR-400x250.jpg",400,250,true]},"rttpg_author":{"display_name":"Emilio Manrique","author_link":"https:\/\/deportecapital.com.ar\/index.php\/author\/emilio-manrique\/"},"rttpg_comment":0,"rttpg_category":"<a href=\"https:\/\/deportecapital.com.ar\/index.php\/category\/atletismo\/\" rel=\"category tag\">Atletismo<\/a>","rttpg_excerpt":"Los atletas Diego Su\u00e1rez y Ver\u00f3nica De la Nava fueron los ganadores de la primera...","_links":{"self":[{"href":"https:\/\/deportecapital.com.ar\/index.php\/wp-json\/wp\/v2\/posts\/55336","targetHints":{"allow":["GET"]}}],"collection":[{"href":"https:\/\/deportecapital.com.ar\/index.php\/wp-json\/wp\/v2\/posts"}],"about":[{"href":"https:\/\/deportecapital.com.ar\/index.php\/wp-json\/wp\/v2\/types\/post"}],"author":[{"embeddable":true,"href":"https:\/\/deportecapital.com.ar\/index.php\/wp-json\/wp\/v2\/users\/3"}],"replies":[{"embeddable":true,"href":"https:\/\/deportecapital.com.ar\/index.php\/wp-json\/wp\/v2\/comments?post=55336"}],"version-history":[{"count":9,"href":"https:\/\/deportecapital.com.ar\/index.php\/wp-json\/wp\/v2\/posts\/55336\/revisions"}],"predecessor-version":[{"id":55350,"href":"https:\/\/deportecapital.com.ar\/index.php\/wp-json\/wp\/v2\/posts\/55336\/revisions\/55350"}],"wp:featuredmedia":[{"embeddable":true,"href":"https:\/\/deportecapital.com.ar\/index.php\/wp-json\/wp\/v2\/media\/55346"}],"wp:attachment":[{"href":"https:\/\/deportecapital.com.ar\/index.php\/wp-json\/wp\/v2\/media?parent=55336"}],"wp:term":[{"taxonomy":"category","embeddable":true,"href":"https:\/\/deportecapital.com.ar\/index.php\/wp-json\/wp\/v2\/categories?post=55336"},{"taxonomy":"post_tag","embeddable":true,"href":"https:\/\/deportecapital.com.ar\/index.php\/wp-json\/wp\/v2\/tags?post=55336"}],"curies":[{"name":"wp","href":"https:\/\/api.w.org\/{rel}","templated":true}]}}