{"id":55363,"date":"2026-01-12T23:09:48","date_gmt":"2026-01-12T23:09:48","guid":{"rendered":"https:\/\/deportecapital.com.ar\/?p=55363"},"modified":"2026-01-14T01:51:42","modified_gmt":"2026-01-14T01:51:42","slug":"inicia-el-cross-las-tres-lagunas","status":"publish","type":"post","link":"https:\/\/deportecapital.com.ar\/index.php\/2026\/01\/12\/inicia-el-cross-las-tres-lagunas\/","title":{"rendered":"Inicia el Cross \u201cLas Tres Lagunas\u201d"},"content":{"rendered":"\t\t<div data-elementor-type=\"wp-post\" data-elementor-id=\"55363\" class=\"elementor elementor-55363\">\n\t\t\t\t<div class=\"elementor-element elementor-element-f3a1ad5 e-flex e-con-boxed e-con e-parent\" data-id=\"f3a1ad5\" data-element_type=\"container\" data-e-type=\"container\">\n\t\t\t\t\t<div class=\"e-con-inner\">\n\t\t\t\t<div class=\"elementor-element elementor-element-740ee837 elementor-widget elementor-widget-text-editor\" data-id=\"740ee837\" data-element_type=\"widget\" data-e-type=\"widget\" data-widget_type=\"text-editor.default\">\n\t\t\t\t<div class=\"elementor-widget-container\">\n\t\t\t\t\t\t\t\t\t<p>El d\u00eda domingo 18 de enero se realizar\u00e1 la primera fecha del Mini Campeonato de Cross denominado <strong>\u201cLas Tres Lagunas\u201d<\/strong>.<\/p><p>\u00a0<\/p><p>Las pr\u00f3ximas fechas ser\u00e1n en <strong>Uriburu<\/strong> y luego en <strong>Guatrach\u00e9<\/strong>. Es preparatorio para el <strong>Nacional de Cross Country de M\u00e1ster<\/strong>, que ir\u00e1 en <strong>Mina Clavero<\/strong> el 9 de Mayo.<\/p><p>Esta primera convocatoria es auspiciada por la <strong>Municipalidad de Santa Rosa<\/strong>, la <strong>Subsecretar\u00eda de Desarrollo Social<\/strong>, <strong>Aguas Cimes<\/strong> y <strong>Supermercados Gaby<\/strong> <strong>And<\/strong>.<\/p><p>La prueba se largar\u00e1 desde las instalaciones del Club N\u00e1utico, a las 8 h., para recorrer lugares aleda\u00f1os e ingreso a la Reserva Natural La Malvina para posteriormente regresar al lugar de inicio.<\/p><p>Las distancias establecidas son: 500, 800 y 1200 metros; 5 km. para caminantes y 5 km 10 km. competitivas.<\/p><p>Las inscripciones se realizar\u00e1n \u00fanicamente el d\u00eda Viernes 16 de enero de 9 a 12.30 h., y de 16.30 a 20.30, en Uruguay 926 en el garaje que se ubica al lado de la helader\u00eda.<\/p><p>Los atletas del interior deber\u00e1n registrarse al correo <strong>apav2012@yahoo.com.ar<\/strong> hasta la cero hora del d\u00eda viernes, o al n\u00famero <strong>2954-690116<\/strong>.<\/p><p>Los atletas del interior deber\u00e1n hacer el dep\u00f3sito correspondiente al siguiente <strong>C.B.U.: 0930300110100046931500 (alias APAV2026)<\/strong> a nombre de la <strong>Asociaci\u00f3n Pampeana de Atletas Veteranos<\/strong>.<\/p><p>Los costos de la carrera son $ 25000, socios; $ 23000 caminantes; $ 17000 caminantes socios y ni\u00f1os $ 9000.<\/p><p>Premiaci\u00f3n: habr\u00e1 medallas para los primeros ciento cincuenta que arriben a la meta, y premios a los diez primeros de la general de 5 y 10 kil\u00f3metros, damas y caballeros.<\/p><p><strong>Foto: Villa Adela.<\/strong><\/p>\t\t\t\t\t\t\t\t<\/div>\n\t\t\t\t<\/div>\n\t\t\t\t\t<\/div>\n\t\t\t\t<\/div>\n\t\t<div class=\"elementor-element elementor-element-268fee8 e-flex e-con-boxed e-con e-parent\" data-id=\"268fee8\" data-element_type=\"container\" data-e-type=\"container\">\n\t\t\t\t\t<div class=\"e-con-inner\">\n\t\t\t\t<div class=\"elementor-element elementor-element-4429336 elementor-widget elementor-widget-image-gallery\" data-id=\"4429336\" data-element_type=\"widget\" data-e-type=\"widget\" data-widget_type=\"image-gallery.default\">\n\t\t\t\t<div class=\"elementor-widget-container\">\n\t\t\t\t\t\t\t<div class=\"elementor-image-gallery\">\n\t\t\t<div id='gallery-1' class='gallery galleryid-55363 gallery-columns-1 gallery-size-full'><figure class='gallery-item'>\n\t\t\t<div class='gallery-icon landscape'>\n\t\t\t\t<a data-elementor-open-lightbox=\"yes\" data-elementor-lightbox-slideshow=\"4429336\" data-elementor-lightbox-title=\"Atletismo\" data-e-action-hash=\"#elementor-action%3Aaction%3Dlightbox%26settings%3DeyJpZCI6NTUzNjQsInVybCI6Imh0dHBzOlwvXC9kZXBvcnRlY2FwaXRhbC5jb20uYXJcL3dwLWNvbnRlbnRcL3VwbG9hZHNcLzIwMjZcLzAxXC9BREVMQS5qcGciLCJzbGlkZXNob3ciOiI0NDI5MzM2In0%3D\" href='https:\/\/deportecapital.com.ar\/wp-content\/uploads\/2026\/01\/ADELA.jpg'><img loading=\"lazy\" width=\"500\" height=\"261\" src=\"https:\/\/deportecapital.com.ar\/wp-content\/uploads\/2026\/01\/ADELA.jpg\" class=\"attachment-full size-full\" alt=\"Atletismo\" srcset=\"https:\/\/deportecapital.com.ar\/wp-content\/uploads\/2026\/01\/ADELA.jpg 500w, https:\/\/deportecapital.com.ar\/wp-content\/uploads\/2026\/01\/ADELA-300x157.jpg 300w\" sizes=\"auto, (max-width: 500px) 100vw, 500px\" loading=\"lazy\" decoding=\"async\" \/><\/a>\n\t\t\t<\/div><\/figure>\n\t\t<\/div>\n\t\t<\/div>\n\t\t\t\t\t\t<\/div>\n\t\t\t\t<\/div>\n\t\t\t\t\t<\/div>\n\t\t\t\t<\/div>\n\t\t\t\t<\/div>\n\t\t","protected":false},"excerpt":{"rendered":"<p>El d\u00eda domingo 18 de enero se realizar\u00e1 la primera fecha del Mini Campeonato de&#8230;<\/p>\n","protected":false},"author":3,"featured_media":55364,"comment_status":"closed","ping_status":"open","sticky":false,"template":"","format":"standard","meta":{"footnotes":""},"categories":[5],"tags":[],"class_list":["post-55363","post","type-post","status-publish","format-standard","has-post-thumbnail","hentry","category-atletismo"],"yoast_head":"<!-- This site is optimized with the Yoast SEO plugin v27.5 - https:\/\/yoast.com\/product\/yoast-seo-wordpress\/ -->\n<title>Inicia el Cross \u201cLas Tres Lagunas\u201d - Deporte Capital<\/title>\n<meta name=\"robots\" content=\"index, follow, max-snippet:-1, max-image-preview:large, max-video-preview:-1\" \/>\n<link rel=\"canonical\" href=\"https:\/\/deportecapital.com.ar\/index.php\/2026\/01\/12\/inicia-el-cross-las-tres-lagunas\/\" \/>\n<meta property=\"og:locale\" content=\"es_ES\" \/>\n<meta property=\"og:type\" content=\"article\" \/>\n<meta property=\"og:title\" content=\"Inicia el Cross \u201cLas Tres Lagunas\u201d - Deporte Capital\" \/>\n<meta property=\"og:description\" content=\"El d\u00eda domingo 18 de enero se realizar\u00e1 la primera fecha del Mini Campeonato de...\" \/>\n<meta property=\"og:url\" content=\"https:\/\/deportecapital.com.ar\/index.php\/2026\/01\/12\/inicia-el-cross-las-tres-lagunas\/\" \/>\n<meta property=\"og:site_name\" content=\"Deporte Capital\" \/>\n<meta property=\"article:published_time\" content=\"2026-01-12T23:09:48+00:00\" \/>\n<meta property=\"article:modified_time\" content=\"2026-01-14T01:51:42+00:00\" \/>\n<meta property=\"og:image\" content=\"https:\/\/deportecapital.com.ar\/wp-content\/uploads\/2026\/01\/ADELA.jpg\" \/>\n\t<meta property=\"og:image:width\" content=\"500\" \/>\n\t<meta property=\"og:image:height\" content=\"261\" \/>\n\t<meta property=\"og:image:type\" content=\"image\/jpeg\" \/>\n<meta name=\"author\" content=\"Emilio Manrique\" \/>\n<meta name=\"twitter:card\" content=\"summary_large_image\" \/>\n<meta name=\"twitter:label1\" content=\"Escrito por\" \/>\n\t<meta name=\"twitter:data1\" content=\"Emilio Manrique\" \/>\n\t<meta name=\"twitter:label2\" content=\"Tiempo de lectura\" \/>\n\t<meta name=\"twitter:data2\" content=\"2 minutos\" \/>\n<script type=\"application\/ld+json\" class=\"yoast-schema-graph\">{\"@context\":\"https:\\\/\\\/schema.org\",\"@graph\":[{\"@type\":\"Article\",\"@id\":\"https:\\\/\\\/deportecapital.com.ar\\\/index.php\\\/2026\\\/01\\\/12\\\/inicia-el-cross-las-tres-lagunas\\\/#article\",\"isPartOf\":{\"@id\":\"https:\\\/\\\/deportecapital.com.ar\\\/index.php\\\/2026\\\/01\\\/12\\\/inicia-el-cross-las-tres-lagunas\\\/\"},\"author\":{\"name\":\"Emilio Manrique\",\"@id\":\"https:\\\/\\\/deportecapital.com.ar\\\/#\\\/schema\\\/person\\\/9cd40456048dd30733b1d6749eca5de8\"},\"headline\":\"Inicia el Cross \u201cLas Tres Lagunas\u201d\",\"datePublished\":\"2026-01-12T23:09:48+00:00\",\"dateModified\":\"2026-01-14T01:51:42+00:00\",\"mainEntityOfPage\":{\"@id\":\"https:\\\/\\\/deportecapital.com.ar\\\/index.php\\\/2026\\\/01\\\/12\\\/inicia-el-cross-las-tres-lagunas\\\/\"},\"wordCount\":259,\"publisher\":{\"@id\":\"https:\\\/\\\/deportecapital.com.ar\\\/#organization\"},\"image\":{\"@id\":\"https:\\\/\\\/deportecapital.com.ar\\\/index.php\\\/2026\\\/01\\\/12\\\/inicia-el-cross-las-tres-lagunas\\\/#primaryimage\"},\"thumbnailUrl\":\"https:\\\/\\\/deportecapital.com.ar\\\/wp-content\\\/uploads\\\/2026\\\/01\\\/ADELA.jpg\",\"articleSection\":[\"Atletismo\"],\"inLanguage\":\"es-AR\"},{\"@type\":\"WebPage\",\"@id\":\"https:\\\/\\\/deportecapital.com.ar\\\/index.php\\\/2026\\\/01\\\/12\\\/inicia-el-cross-las-tres-lagunas\\\/\",\"url\":\"https:\\\/\\\/deportecapital.com.ar\\\/index.php\\\/2026\\\/01\\\/12\\\/inicia-el-cross-las-tres-lagunas\\\/\",\"name\":\"Inicia el Cross \u201cLas Tres Lagunas\u201d - Deporte Capital\",\"isPartOf\":{\"@id\":\"https:\\\/\\\/deportecapital.com.ar\\\/#website\"},\"primaryImageOfPage\":{\"@id\":\"https:\\\/\\\/deportecapital.com.ar\\\/index.php\\\/2026\\\/01\\\/12\\\/inicia-el-cross-las-tres-lagunas\\\/#primaryimage\"},\"image\":{\"@id\":\"https:\\\/\\\/deportecapital.com.ar\\\/index.php\\\/2026\\\/01\\\/12\\\/inicia-el-cross-las-tres-lagunas\\\/#primaryimage\"},\"thumbnailUrl\":\"https:\\\/\\\/deportecapital.com.ar\\\/wp-content\\\/uploads\\\/2026\\\/01\\\/ADELA.jpg\",\"datePublished\":\"2026-01-12T23:09:48+00:00\",\"dateModified\":\"2026-01-14T01:51:42+00:00\",\"breadcrumb\":{\"@id\":\"https:\\\/\\\/deportecapital.com.ar\\\/index.php\\\/2026\\\/01\\\/12\\\/inicia-el-cross-las-tres-lagunas\\\/#breadcrumb\"},\"inLanguage\":\"es-AR\",\"potentialAction\":[{\"@type\":\"ReadAction\",\"target\":[\"https:\\\/\\\/deportecapital.com.ar\\\/index.php\\\/2026\\\/01\\\/12\\\/inicia-el-cross-las-tres-lagunas\\\/\"]}]},{\"@type\":\"ImageObject\",\"inLanguage\":\"es-AR\",\"@id\":\"https:\\\/\\\/deportecapital.com.ar\\\/index.php\\\/2026\\\/01\\\/12\\\/inicia-el-cross-las-tres-lagunas\\\/#primaryimage\",\"url\":\"https:\\\/\\\/deportecapital.com.ar\\\/wp-content\\\/uploads\\\/2026\\\/01\\\/ADELA.jpg\",\"contentUrl\":\"https:\\\/\\\/deportecapital.com.ar\\\/wp-content\\\/uploads\\\/2026\\\/01\\\/ADELA.jpg\",\"width\":500,\"height\":261},{\"@type\":\"BreadcrumbList\",\"@id\":\"https:\\\/\\\/deportecapital.com.ar\\\/index.php\\\/2026\\\/01\\\/12\\\/inicia-el-cross-las-tres-lagunas\\\/#breadcrumb\",\"itemListElement\":[{\"@type\":\"ListItem\",\"position\":1,\"name\":\"Inicio\",\"item\":\"https:\\\/\\\/deportecapital.com.ar\\\/\"},{\"@type\":\"ListItem\",\"position\":2,\"name\":\"Inicia el Cross \u201cLas Tres Lagunas\u201d\"}]},{\"@type\":\"WebSite\",\"@id\":\"https:\\\/\\\/deportecapital.com.ar\\\/#website\",\"url\":\"https:\\\/\\\/deportecapital.com.ar\\\/\",\"name\":\"Deporte Capital\",\"description\":\"Diario digital con todo el deporte de La Pampa y alrededores.\",\"publisher\":{\"@id\":\"https:\\\/\\\/deportecapital.com.ar\\\/#organization\"},\"potentialAction\":[{\"@type\":\"SearchAction\",\"target\":{\"@type\":\"EntryPoint\",\"urlTemplate\":\"https:\\\/\\\/deportecapital.com.ar\\\/?s={search_term_string}\"},\"query-input\":{\"@type\":\"PropertyValueSpecification\",\"valueRequired\":true,\"valueName\":\"search_term_string\"}}],\"inLanguage\":\"es-AR\"},{\"@type\":\"Organization\",\"@id\":\"https:\\\/\\\/deportecapital.com.ar\\\/#organization\",\"name\":\"Deporte Capital\",\"url\":\"https:\\\/\\\/deportecapital.com.ar\\\/\",\"logo\":{\"@type\":\"ImageObject\",\"inLanguage\":\"es-AR\",\"@id\":\"https:\\\/\\\/deportecapital.com.ar\\\/#\\\/schema\\\/logo\\\/image\\\/\",\"url\":\"https:\\\/\\\/deportecapital.com.ar\\\/wp-content\\\/uploads\\\/2025\\\/06\\\/logo-deportecapital_white-1.png\",\"contentUrl\":\"https:\\\/\\\/deportecapital.com.ar\\\/wp-content\\\/uploads\\\/2025\\\/06\\\/logo-deportecapital_white-1.png\",\"width\":243,\"height\":111,\"caption\":\"Deporte Capital\"},\"image\":{\"@id\":\"https:\\\/\\\/deportecapital.com.ar\\\/#\\\/schema\\\/logo\\\/image\\\/\"}},{\"@type\":\"Person\",\"@id\":\"https:\\\/\\\/deportecapital.com.ar\\\/#\\\/schema\\\/person\\\/9cd40456048dd30733b1d6749eca5de8\",\"name\":\"Emilio Manrique\",\"image\":{\"@type\":\"ImageObject\",\"inLanguage\":\"es-AR\",\"@id\":\"https:\\\/\\\/secure.gravatar.com\\\/avatar\\\/005c696496b156e30819f271efdd20348da8f41b5d5653680fd363162bbeb3bb?s=96&d=mm&r=g\",\"url\":\"https:\\\/\\\/secure.gravatar.com\\\/avatar\\\/005c696496b156e30819f271efdd20348da8f41b5d5653680fd363162bbeb3bb?s=96&d=mm&r=g\",\"contentUrl\":\"https:\\\/\\\/secure.gravatar.com\\\/avatar\\\/005c696496b156e30819f271efdd20348da8f41b5d5653680fd363162bbeb3bb?s=96&d=mm&r=g\",\"caption\":\"Emilio Manrique\"},\"url\":\"https:\\\/\\\/deportecapital.com.ar\\\/index.php\\\/author\\\/emilio-manrique\\\/\"}]}<\/script>\n<!-- \/ Yoast SEO plugin. -->","yoast_head_json":{"title":"Inicia el Cross \u201cLas Tres Lagunas\u201d - Deporte Capital","robots":{"index":"index","follow":"follow","max-snippet":"max-snippet:-1","max-image-preview":"max-image-preview:large","max-video-preview":"max-video-preview:-1"},"canonical":"https:\/\/deportecapital.com.ar\/index.php\/2026\/01\/12\/inicia-el-cross-las-tres-lagunas\/","og_locale":"es_ES","og_type":"article","og_title":"Inicia el Cross \u201cLas Tres Lagunas\u201d - Deporte Capital","og_description":"El d\u00eda domingo 18 de enero se realizar\u00e1 la primera fecha del Mini Campeonato de...","og_url":"https:\/\/deportecapital.com.ar\/index.php\/2026\/01\/12\/inicia-el-cross-las-tres-lagunas\/","og_site_name":"Deporte Capital","article_published_time":"2026-01-12T23:09:48+00:00","article_modified_time":"2026-01-14T01:51:42+00:00","og_image":[{"width":500,"height":261,"url":"https:\/\/deportecapital.com.ar\/wp-content\/uploads\/2026\/01\/ADELA.jpg","type":"image\/jpeg"}],"author":"Emilio Manrique","twitter_card":"summary_large_image","twitter_misc":{"Escrito por":"Emilio Manrique","Tiempo de lectura":"2 minutos"},"schema":{"@context":"https:\/\/schema.org","@graph":[{"@type":"Article","@id":"https:\/\/deportecapital.com.ar\/index.php\/2026\/01\/12\/inicia-el-cross-las-tres-lagunas\/#article","isPartOf":{"@id":"https:\/\/deportecapital.com.ar\/index.php\/2026\/01\/12\/inicia-el-cross-las-tres-lagunas\/"},"author":{"name":"Emilio Manrique","@id":"https:\/\/deportecapital.com.ar\/#\/schema\/person\/9cd40456048dd30733b1d6749eca5de8"},"headline":"Inicia el Cross \u201cLas Tres Lagunas\u201d","datePublished":"2026-01-12T23:09:48+00:00","dateModified":"2026-01-14T01:51:42+00:00","mainEntityOfPage":{"@id":"https:\/\/deportecapital.com.ar\/index.php\/2026\/01\/12\/inicia-el-cross-las-tres-lagunas\/"},"wordCount":259,"publisher":{"@id":"https:\/\/deportecapital.com.ar\/#organization"},"image":{"@id":"https:\/\/deportecapital.com.ar\/index.php\/2026\/01\/12\/inicia-el-cross-las-tres-lagunas\/#primaryimage"},"thumbnailUrl":"https:\/\/deportecapital.com.ar\/wp-content\/uploads\/2026\/01\/ADELA.jpg","articleSection":["Atletismo"],"inLanguage":"es-AR"},{"@type":"WebPage","@id":"https:\/\/deportecapital.com.ar\/index.php\/2026\/01\/12\/inicia-el-cross-las-tres-lagunas\/","url":"https:\/\/deportecapital.com.ar\/index.php\/2026\/01\/12\/inicia-el-cross-las-tres-lagunas\/","name":"Inicia el Cross \u201cLas Tres Lagunas\u201d - Deporte Capital","isPartOf":{"@id":"https:\/\/deportecapital.com.ar\/#website"},"primaryImageOfPage":{"@id":"https:\/\/deportecapital.com.ar\/index.php\/2026\/01\/12\/inicia-el-cross-las-tres-lagunas\/#primaryimage"},"image":{"@id":"https:\/\/deportecapital.com.ar\/index.php\/2026\/01\/12\/inicia-el-cross-las-tres-lagunas\/#primaryimage"},"thumbnailUrl":"https:\/\/deportecapital.com.ar\/wp-content\/uploads\/2026\/01\/ADELA.jpg","datePublished":"2026-01-12T23:09:48+00:00","dateModified":"2026-01-14T01:51:42+00:00","breadcrumb":{"@id":"https:\/\/deportecapital.com.ar\/index.php\/2026\/01\/12\/inicia-el-cross-las-tres-lagunas\/#breadcrumb"},"inLanguage":"es-AR","potentialAction":[{"@type":"ReadAction","target":["https:\/\/deportecapital.com.ar\/index.php\/2026\/01\/12\/inicia-el-cross-las-tres-lagunas\/"]}]},{"@type":"ImageObject","inLanguage":"es-AR","@id":"https:\/\/deportecapital.com.ar\/index.php\/2026\/01\/12\/inicia-el-cross-las-tres-lagunas\/#primaryimage","url":"https:\/\/deportecapital.com.ar\/wp-content\/uploads\/2026\/01\/ADELA.jpg","contentUrl":"https:\/\/deportecapital.com.ar\/wp-content\/uploads\/2026\/01\/ADELA.jpg","width":500,"height":261},{"@type":"BreadcrumbList","@id":"https:\/\/deportecapital.com.ar\/index.php\/2026\/01\/12\/inicia-el-cross-las-tres-lagunas\/#breadcrumb","itemListElement":[{"@type":"ListItem","position":1,"name":"Inicio","item":"https:\/\/deportecapital.com.ar\/"},{"@type":"ListItem","position":2,"name":"Inicia el Cross \u201cLas Tres Lagunas\u201d"}]},{"@type":"WebSite","@id":"https:\/\/deportecapital.com.ar\/#website","url":"https:\/\/deportecapital.com.ar\/","name":"Deporte Capital","description":"Diario digital con todo el deporte de La Pampa y alrededores.","publisher":{"@id":"https:\/\/deportecapital.com.ar\/#organization"},"potentialAction":[{"@type":"SearchAction","target":{"@type":"EntryPoint","urlTemplate":"https:\/\/deportecapital.com.ar\/?s={search_term_string}"},"query-input":{"@type":"PropertyValueSpecification","valueRequired":true,"valueName":"search_term_string"}}],"inLanguage":"es-AR"},{"@type":"Organization","@id":"https:\/\/deportecapital.com.ar\/#organization","name":"Deporte Capital","url":"https:\/\/deportecapital.com.ar\/","logo":{"@type":"ImageObject","inLanguage":"es-AR","@id":"https:\/\/deportecapital.com.ar\/#\/schema\/logo\/image\/","url":"https:\/\/deportecapital.com.ar\/wp-content\/uploads\/2025\/06\/logo-deportecapital_white-1.png","contentUrl":"https:\/\/deportecapital.com.ar\/wp-content\/uploads\/2025\/06\/logo-deportecapital_white-1.png","width":243,"height":111,"caption":"Deporte Capital"},"image":{"@id":"https:\/\/deportecapital.com.ar\/#\/schema\/logo\/image\/"}},{"@type":"Person","@id":"https:\/\/deportecapital.com.ar\/#\/schema\/person\/9cd40456048dd30733b1d6749eca5de8","name":"Emilio Manrique","image":{"@type":"ImageObject","inLanguage":"es-AR","@id":"https:\/\/secure.gravatar.com\/avatar\/005c696496b156e30819f271efdd20348da8f41b5d5653680fd363162bbeb3bb?s=96&d=mm&r=g","url":"https:\/\/secure.gravatar.com\/avatar\/005c696496b156e30819f271efdd20348da8f41b5d5653680fd363162bbeb3bb?s=96&d=mm&r=g","contentUrl":"https:\/\/secure.gravatar.com\/avatar\/005c696496b156e30819f271efdd20348da8f41b5d5653680fd363162bbeb3bb?s=96&d=mm&r=g","caption":"Emilio Manrique"},"url":"https:\/\/deportecapital.com.ar\/index.php\/author\/emilio-manrique\/"}]}},"rttpg_featured_image_url":{"full":["https:\/\/deportecapital.com.ar\/wp-content\/uploads\/2026\/01\/ADELA.jpg",500,261,false],"landscape":["https:\/\/deportecapital.com.ar\/wp-content\/uploads\/2026\/01\/ADELA.jpg",500,261,false],"portraits":["https:\/\/deportecapital.com.ar\/wp-content\/uploads\/2026\/01\/ADELA.jpg",500,261,false],"thumbnail":["https:\/\/deportecapital.com.ar\/wp-content\/uploads\/2026\/01\/ADELA-150x150.jpg",150,150,true],"medium":["https:\/\/deportecapital.com.ar\/wp-content\/uploads\/2026\/01\/ADELA-300x157.jpg",300,157,true],"large":["https:\/\/deportecapital.com.ar\/wp-content\/uploads\/2026\/01\/ADELA.jpg",500,261,false],"1536x1536":["https:\/\/deportecapital.com.ar\/wp-content\/uploads\/2026\/01\/ADELA.jpg",500,261,false],"2048x2048":["https:\/\/deportecapital.com.ar\/wp-content\/uploads\/2026\/01\/ADELA.jpg",500,261,false],"covernews-slider-full":["https:\/\/deportecapital.com.ar\/wp-content\/uploads\/2026\/01\/ADELA.jpg",500,261,false],"covernews-slider-center":["https:\/\/deportecapital.com.ar\/wp-content\/uploads\/2026\/01\/ADELA.jpg",500,261,false],"covernews-featured":["https:\/\/deportecapital.com.ar\/wp-content\/uploads\/2026\/01\/ADELA.jpg",500,261,false],"covernews-medium":["https:\/\/deportecapital.com.ar\/wp-content\/uploads\/2026\/01\/ADELA.jpg",500,261,false],"covernews-medium-square":["https:\/\/deportecapital.com.ar\/wp-content\/uploads\/2026\/01\/ADELA-400x250.jpg",400,250,true]},"rttpg_author":{"display_name":"Emilio Manrique","author_link":"https:\/\/deportecapital.com.ar\/index.php\/author\/emilio-manrique\/"},"rttpg_comment":0,"rttpg_category":"<a href=\"https:\/\/deportecapital.com.ar\/index.php\/category\/atletismo\/\" rel=\"category tag\">Atletismo<\/a>","rttpg_excerpt":"El d\u00eda domingo 18 de enero se realizar\u00e1 la primera fecha del Mini Campeonato de...","_links":{"self":[{"href":"https:\/\/deportecapital.com.ar\/index.php\/wp-json\/wp\/v2\/posts\/55363","targetHints":{"allow":["GET"]}}],"collection":[{"href":"https:\/\/deportecapital.com.ar\/index.php\/wp-json\/wp\/v2\/posts"}],"about":[{"href":"https:\/\/deportecapital.com.ar\/index.php\/wp-json\/wp\/v2\/types\/post"}],"author":[{"embeddable":true,"href":"https:\/\/deportecapital.com.ar\/index.php\/wp-json\/wp\/v2\/users\/3"}],"replies":[{"embeddable":true,"href":"https:\/\/deportecapital.com.ar\/index.php\/wp-json\/wp\/v2\/comments?post=55363"}],"version-history":[{"count":5,"href":"https:\/\/deportecapital.com.ar\/index.php\/wp-json\/wp\/v2\/posts\/55363\/revisions"}],"predecessor-version":[{"id":55369,"href":"https:\/\/deportecapital.com.ar\/index.php\/wp-json\/wp\/v2\/posts\/55363\/revisions\/55369"}],"wp:featuredmedia":[{"embeddable":true,"href":"https:\/\/deportecapital.com.ar\/index.php\/wp-json\/wp\/v2\/media\/55364"}],"wp:attachment":[{"href":"https:\/\/deportecapital.com.ar\/index.php\/wp-json\/wp\/v2\/media?parent=55363"}],"wp:term":[{"taxonomy":"category","embeddable":true,"href":"https:\/\/deportecapital.com.ar\/index.php\/wp-json\/wp\/v2\/categories?post=55363"},{"taxonomy":"post_tag","embeddable":true,"href":"https:\/\/deportecapital.com.ar\/index.php\/wp-json\/wp\/v2\/tags?post=55363"}],"curies":[{"name":"wp","href":"https:\/\/api.w.org\/{rel}","templated":true}]}}