{"id":55373,"date":"2026-01-14T01:48:30","date_gmt":"2026-01-14T01:48:30","guid":{"rendered":"https:\/\/deportecapital.com.ar\/?p=55373"},"modified":"2026-01-16T02:32:22","modified_gmt":"2026-01-16T02:32:22","slug":"los-premios-calden-el-viernes-23","status":"publish","type":"post","link":"https:\/\/deportecapital.com.ar\/index.php\/2026\/01\/14\/los-premios-calden-el-viernes-23\/","title":{"rendered":"Los Premios Cald\u00e9n, el viernes 23"},"content":{"rendered":"\t\t<div data-elementor-type=\"wp-post\" data-elementor-id=\"55373\" class=\"elementor elementor-55373\">\n\t\t\t\t<div class=\"elementor-element elementor-element-358b1d83 e-flex e-con-boxed e-con e-parent\" data-id=\"358b1d83\" data-element_type=\"container\" data-e-type=\"container\">\n\t\t\t\t\t<div class=\"e-con-inner\">\n\t\t\t\t<div class=\"elementor-element elementor-element-69df9fee elementor-widget elementor-widget-text-editor\" data-id=\"69df9fee\" data-element_type=\"widget\" data-e-type=\"widget\" data-widget_type=\"text-editor.default\">\n\t\t\t\t<div class=\"elementor-widget-container\">\n\t\t\t\t\t\t\t\t\t<p>En la sede de Utedyc se llev\u00f3 adelante esta ma\u00f1ana la ronda de prensa del C\u00edrculo de Periodistas Deportivos, con el anuncio de la entrega de los Premios Cald\u00e9n 2025.<\/p><p>\u00a0<\/p><p>La cita es para el viernes 23 del corriente mes, a partir de las 20 h. en el Centro Cultural Provincial Medasur.<\/p><p>La conferencia estuvo encabezada por el titular del C\u00edrculo, Juan Carlos Vega, acompa\u00f1ado por Javier Urban vicepresidente, Marcelo Bedeski secretario y Julio Jamad vocal.<\/p><p>Vega destac\u00f3 que en esta oportunidad la tradicional Fiesta de los Premios Cald\u00e9n iba sin cena, por los inconvenientes financieros del gobierno provincial por todos conocidos (siempre aport\u00f3 el costo de las tarjetas para los deportistas nominados) y por esa cuesti\u00f3n fue que se determin\u00f3 esta realizaci\u00f3n sin el acostumbrado servicio de catering.<\/p><p>A la vez, cada uno del resto de la comisi\u00f3n entreg\u00f3 sus consideraciones desde diferentes aspectos inherentes a la consabida fiesta.<\/p><p><b>TERNAS PREMIOS CALDEN 2025<\/b><\/p><p><b>Ajedrez: <\/b>Joaqu\u00edn Llanos, Diego de Marzi, Sof\u00eda Ponce.<\/p><p><b>Atletismo: <\/b>Juan Salvador Olivera, Nadia Otero, Juana Checovich.<\/p><p><b>Automovilismo: <\/b>Esteban Rojo, Andr\u00e9s Motta, Valent\u00edn Conte.<\/p><p><b>B\u00e1squetbol: <\/b>Agust\u00edn Barbera, Nerina Chirino, Franco Zalabardo.<\/p><p><b>Bicicross: <\/b>Oriana Brigada, Rocco Orozco, Juan Brigada.<\/p><p><b>Bochas: <\/b>Omar Valquinta, Rub\u00e9n Daniel Valle, Marcelo Valle.<\/p><p><b>Boxeo: <\/b>Aixa Adema, Joaqu\u00edn Pintos, Axel Maldonado.<\/p><p><b>Cestoball: <\/b>Ail\u00e9n Ambroggio, Franco Gerbaudo, Ailen Mayer.<\/p><p><b>Ciclismo: <\/b>Mateo Olgu\u00edn, Jackelina Pansa, Juli\u00e1n Barrientos.<\/p><p><b>Colombofilia: <\/b>Diego y Fabio Moreno, Gustavo Garro, Marcelo Grosetti.<\/p><p><b>Equitaci\u00f3n: <\/b>Florencia Taramarca, Yanina Reale, Melina Boeris.<\/p><p><b>F\u00fatbol: <\/b>Axel Bertaina, Agustina Maldonado, Jer\u00f3nimo Guti\u00e9rrez.<\/p><p><b>Gimnasia Art\u00edstica: <\/b>Malena Bondergham, B\u00e1rbara Monta\u00f1o Ulrich, Justina Dedino.<\/p><p><b>Golf: <\/b>Nicol\u00e1s Segovia, Agust\u00edn Garro, Santiago Dalla V\u00eda.<\/p><p><b>Hockey: <\/b>Martina Amado, Sof\u00eda Naiara Fern\u00e1ndez, Lucio Fuentes.<\/p><p><b>Handball: <\/b>Bautista Ca\u00f1ete, Mateo Valente, Eugenia Castro.<\/p><p><b>Judo: <\/b>Shasha Biondo, Tom\u00e1s Quinteros, Ignacio G\u00f3mez.<\/p><p><b>Karting: <\/b>Allen Rinaldi, Mat\u00edas Hern\u00e1ndez, Sebasti\u00e1n Conte.<\/p><p><b>Karate: <\/b>M\u00eda Figueroa, Valent\u00edn Cangas, Isabella Calbelo.<\/p><p><b>Motociclismo: <\/b>Jorge De Luca, Juan Carlos Sz\u00e9liga, Joaqu\u00edn Urrutia.<\/p><p><b>Mountain Bike: <\/b>Juli\u00e1n Barrientos, Jackelina Pansa, Joaqu\u00edn Gim\u00e9nez.<\/p><p><b>Nataci\u00f3n: <\/b>Jos\u00e9 Gramajo, Pedro Garc\u00eda, Melina D\u00edaz.<\/p><p><b>P\u00e1del: <\/b>Mat\u00edas Jubete, Santino Ru\u00edz Haponiuk, Roc\u00edo Jubete.<\/p><p><b>Pat\u00edn Art\u00edstico: <\/b>Ignacio Guti\u00e9rrez, Matilda Abraham, Eugenia Dans.<\/p><p><b>Pelota a Paleta: <\/b>Santiago D\u00edaz, Ian Pugener, Laura Garay.<\/p><p><b>Levantamiento de Potencia: <\/b>Nehu\u00e9n Troncoso, Franco P\u00e9rez, Maribel Ben\u00edtez.<\/p><p><b>Rugby: <\/b>Manuel Ort\u00edz, Benjam\u00edn Lang, Nicol\u00e1s Lamberti.<\/p><p><b>Safari: <\/b>Marcos Prescher, Javier Rocca, Mauricio M\u00fcller.<\/p><p><b>S\u00f3ftbol: <\/b>Chiara D\u2019 Ambrosio, Juli\u00e1n Fern\u00e1ndez, Valent\u00edn Mata.<\/p><p><b>Taekwondo: <\/b>Fausto Toledo, Alvaro Jancovich, Francisco Labriola.<\/p><p><b>Tenis: <\/b>Valent\u00edn Fl\u00f3rez, Abel Bergonzi, Leonardo Loza.<\/p><p><b>Tenis de Mesa: <\/b>Esteban Pessi, Ulises Holgado, Ariel G\u00f3mez.<b>\u00a0<\/b><\/p><p><b>Turf: <\/b>Juan Larrategui, Gustavo Calvente, Mat\u00edas Techera.<\/p><p><b>V\u00f3ley: <\/b>Juan Ortegui, Mauro Soncini, Martina Costoya.<\/p><p><b>Pat\u00edn Carrera: <\/b>Santiago Roumec, Jokin Ziaurriz, Maia Berau.<\/p><p><b>PREMIOS HISTORICOS<\/b><\/p><ul><li aria-level=\"1\"><b>Revelaci\u00f3n Deportiva \u201cCarlos Reynaldo Jaeckel\u201d. 2) M\u00e9rito Deportivo \u201cLito Maldonado\u201d. 3) Trayectoria Deportiva \u201cJuan Carlos Vega\u201d. 4) Mejor Veterano \u201cAlfredo Dalmiro Ot\u00e1lora\u201d. 5) Premio Internacional \u201cRa\u00fal Isidoro Arballo\u201d.\u00a0<\/b><\/li><\/ul><p><b>RANQUELES: de los ganadores de las ternas, saldr\u00e1n los cinco Ranqueles y de \u00e9stos, el Cald\u00e9n de Oro.<\/b><\/p><p>\u00a0<\/p><p><b>Adem\u00e1s de los ternados, ser\u00e1n especialmente reconocidos los siguientes deportistas:<\/b><\/p><p><b>1 \u2013 Gustavo Torello (Trail).<\/b><\/p><p><b>2 \u2013 Edgardo Fiorda (Endurance).<\/b><\/p><p><b>3 \u2013 Leonardo Andrada (F\u00edsico Culturismo).<\/b><\/p><p><b>4 \u2013 Roberto Distel (F\u00edsico Culturismo).<\/b><\/p><p><b>5 \u2013 Valent\u00edn Arocena (Rugby).<\/b><\/p><p><b>6 \u2013 Federico Salvetti (Arquer\u00eda).<\/b><\/p><p><b>7 \u2013 Paulina Barreiro (Canotaje).<\/b><\/p><p><b>8 \u2013 Felipe Gonz\u00e1lez (Tenis).<\/b><\/p><p><b>9 &#8211;\u00a0 Agustina Maldonado (Futbol).<\/b><\/p><p><b>10 \u2013 Constanza Pacheco (F\u00fatbol).<\/b><\/p><p><b>11 \u2013 Catalina Arrigone (Voleibol).<\/b><\/p><p><b>12 \u2013 Deportivo Alpachiri (F\u00fatbol).<\/b><\/p><p><b>13 \u2013 Martina Rovito (Pat\u00edn Art\u00edstico).<\/b><\/p><p><b>14 \u2013 Cristian Baldissoni (F\u00fatbol).<\/b><\/p><p><b>15) \u2013 Enrique Luis Moreno (Colombofilia).<\/b><\/p><p><b>16) \u2013 Juan Alberto \u201cTito\u201d Sueldo (Ultramarat\u00f3n).<\/b><\/p><p><b>17) \u2013 Marcelo Mill\u00e1n (Ultramarat\u00f3n).<\/b><\/p><p><b>18) \u2013 Omar Coria (ciclismo).<\/b><\/p><p><b>19) \u2013 Guillermina Corrales (f\u00fatbol para ciegos).<\/b><\/p><p><b>20) \u2013 Santiago Gonz\u00e1lez (Boccia y nataci\u00f3n adaptada, categor\u00eda S1).<\/b><\/p><p><b>21) \u2013 Fausto Barrientos (Tenis de Mesa PCD).<\/b><\/p>\t\t\t\t\t\t\t\t<\/div>\n\t\t\t\t<\/div>\n\t\t\t\t\t<\/div>\n\t\t\t\t<\/div>\n\t\t\t\t<\/div>\n\t\t","protected":false},"excerpt":{"rendered":"<p>En la sede de Utedyc se llev\u00f3 adelante esta ma\u00f1ana la ronda de prensa del&#8230;<\/p>\n","protected":false},"author":3,"featured_media":55374,"comment_status":"closed","ping_status":"open","sticky":false,"template":"","format":"standard","meta":{"footnotes":""},"categories":[33],"tags":[],"class_list":["post-55373","post","type-post","status-publish","format-standard","has-post-thumbnail","hentry","category-otros"],"yoast_head":"<!-- This site is optimized with the Yoast SEO plugin v27.5 - https:\/\/yoast.com\/product\/yoast-seo-wordpress\/ -->\n<title>Los Premios Cald\u00e9n, el viernes 23 - Deporte Capital<\/title>\n<meta name=\"robots\" content=\"index, follow, max-snippet:-1, max-image-preview:large, max-video-preview:-1\" \/>\n<link rel=\"canonical\" href=\"https:\/\/deportecapital.com.ar\/index.php\/2026\/01\/14\/los-premios-calden-el-viernes-23\/\" \/>\n<meta property=\"og:locale\" content=\"es_ES\" \/>\n<meta property=\"og:type\" content=\"article\" \/>\n<meta property=\"og:title\" content=\"Los Premios Cald\u00e9n, el viernes 23 - Deporte Capital\" \/>\n<meta property=\"og:description\" content=\"En la sede de Utedyc se llev\u00f3 adelante esta ma\u00f1ana la ronda de prensa del...\" \/>\n<meta property=\"og:url\" content=\"https:\/\/deportecapital.com.ar\/index.php\/2026\/01\/14\/los-premios-calden-el-viernes-23\/\" \/>\n<meta property=\"og:site_name\" content=\"Deporte Capital\" \/>\n<meta property=\"article:published_time\" content=\"2026-01-14T01:48:30+00:00\" \/>\n<meta property=\"article:modified_time\" content=\"2026-01-16T02:32:22+00:00\" \/>\n<meta property=\"og:image\" content=\"https:\/\/deportecapital.com.ar\/wp-content\/uploads\/2026\/01\/1.jpg\" \/>\n\t<meta property=\"og:image:width\" content=\"1280\" \/>\n\t<meta property=\"og:image:height\" content=\"963\" \/>\n\t<meta property=\"og:image:type\" content=\"image\/jpeg\" \/>\n<meta name=\"author\" content=\"Emilio Manrique\" \/>\n<meta name=\"twitter:card\" content=\"summary_large_image\" \/>\n<meta name=\"twitter:label1\" content=\"Escrito por\" \/>\n\t<meta name=\"twitter:data1\" content=\"Emilio Manrique\" \/>\n\t<meta name=\"twitter:label2\" content=\"Tiempo de lectura\" \/>\n\t<meta name=\"twitter:data2\" content=\"3 minutos\" \/>\n<script type=\"application\/ld+json\" class=\"yoast-schema-graph\">{\"@context\":\"https:\\\/\\\/schema.org\",\"@graph\":[{\"@type\":\"Article\",\"@id\":\"https:\\\/\\\/deportecapital.com.ar\\\/index.php\\\/2026\\\/01\\\/14\\\/los-premios-calden-el-viernes-23\\\/#article\",\"isPartOf\":{\"@id\":\"https:\\\/\\\/deportecapital.com.ar\\\/index.php\\\/2026\\\/01\\\/14\\\/los-premios-calden-el-viernes-23\\\/\"},\"author\":{\"name\":\"Emilio Manrique\",\"@id\":\"https:\\\/\\\/deportecapital.com.ar\\\/#\\\/schema\\\/person\\\/9cd40456048dd30733b1d6749eca5de8\"},\"headline\":\"Los Premios Cald\u00e9n, el viernes 23\",\"datePublished\":\"2026-01-14T01:48:30+00:00\",\"dateModified\":\"2026-01-16T02:32:22+00:00\",\"mainEntityOfPage\":{\"@id\":\"https:\\\/\\\/deportecapital.com.ar\\\/index.php\\\/2026\\\/01\\\/14\\\/los-premios-calden-el-viernes-23\\\/\"},\"wordCount\":655,\"publisher\":{\"@id\":\"https:\\\/\\\/deportecapital.com.ar\\\/#organization\"},\"image\":{\"@id\":\"https:\\\/\\\/deportecapital.com.ar\\\/index.php\\\/2026\\\/01\\\/14\\\/los-premios-calden-el-viernes-23\\\/#primaryimage\"},\"thumbnailUrl\":\"https:\\\/\\\/deportecapital.com.ar\\\/wp-content\\\/uploads\\\/2026\\\/01\\\/1.jpg\",\"articleSection\":[\"Otros\"],\"inLanguage\":\"es-AR\"},{\"@type\":\"WebPage\",\"@id\":\"https:\\\/\\\/deportecapital.com.ar\\\/index.php\\\/2026\\\/01\\\/14\\\/los-premios-calden-el-viernes-23\\\/\",\"url\":\"https:\\\/\\\/deportecapital.com.ar\\\/index.php\\\/2026\\\/01\\\/14\\\/los-premios-calden-el-viernes-23\\\/\",\"name\":\"Los Premios Cald\u00e9n, el viernes 23 - Deporte Capital\",\"isPartOf\":{\"@id\":\"https:\\\/\\\/deportecapital.com.ar\\\/#website\"},\"primaryImageOfPage\":{\"@id\":\"https:\\\/\\\/deportecapital.com.ar\\\/index.php\\\/2026\\\/01\\\/14\\\/los-premios-calden-el-viernes-23\\\/#primaryimage\"},\"image\":{\"@id\":\"https:\\\/\\\/deportecapital.com.ar\\\/index.php\\\/2026\\\/01\\\/14\\\/los-premios-calden-el-viernes-23\\\/#primaryimage\"},\"thumbnailUrl\":\"https:\\\/\\\/deportecapital.com.ar\\\/wp-content\\\/uploads\\\/2026\\\/01\\\/1.jpg\",\"datePublished\":\"2026-01-14T01:48:30+00:00\",\"dateModified\":\"2026-01-16T02:32:22+00:00\",\"breadcrumb\":{\"@id\":\"https:\\\/\\\/deportecapital.com.ar\\\/index.php\\\/2026\\\/01\\\/14\\\/los-premios-calden-el-viernes-23\\\/#breadcrumb\"},\"inLanguage\":\"es-AR\",\"potentialAction\":[{\"@type\":\"ReadAction\",\"target\":[\"https:\\\/\\\/deportecapital.com.ar\\\/index.php\\\/2026\\\/01\\\/14\\\/los-premios-calden-el-viernes-23\\\/\"]}]},{\"@type\":\"ImageObject\",\"inLanguage\":\"es-AR\",\"@id\":\"https:\\\/\\\/deportecapital.com.ar\\\/index.php\\\/2026\\\/01\\\/14\\\/los-premios-calden-el-viernes-23\\\/#primaryimage\",\"url\":\"https:\\\/\\\/deportecapital.com.ar\\\/wp-content\\\/uploads\\\/2026\\\/01\\\/1.jpg\",\"contentUrl\":\"https:\\\/\\\/deportecapital.com.ar\\\/wp-content\\\/uploads\\\/2026\\\/01\\\/1.jpg\",\"width\":1280,\"height\":963},{\"@type\":\"BreadcrumbList\",\"@id\":\"https:\\\/\\\/deportecapital.com.ar\\\/index.php\\\/2026\\\/01\\\/14\\\/los-premios-calden-el-viernes-23\\\/#breadcrumb\",\"itemListElement\":[{\"@type\":\"ListItem\",\"position\":1,\"name\":\"Inicio\",\"item\":\"https:\\\/\\\/deportecapital.com.ar\\\/\"},{\"@type\":\"ListItem\",\"position\":2,\"name\":\"Los Premios Cald\u00e9n, el viernes 23\"}]},{\"@type\":\"WebSite\",\"@id\":\"https:\\\/\\\/deportecapital.com.ar\\\/#website\",\"url\":\"https:\\\/\\\/deportecapital.com.ar\\\/\",\"name\":\"Deporte Capital\",\"description\":\"Diario digital con todo el deporte de La Pampa y alrededores.\",\"publisher\":{\"@id\":\"https:\\\/\\\/deportecapital.com.ar\\\/#organization\"},\"potentialAction\":[{\"@type\":\"SearchAction\",\"target\":{\"@type\":\"EntryPoint\",\"urlTemplate\":\"https:\\\/\\\/deportecapital.com.ar\\\/?s={search_term_string}\"},\"query-input\":{\"@type\":\"PropertyValueSpecification\",\"valueRequired\":true,\"valueName\":\"search_term_string\"}}],\"inLanguage\":\"es-AR\"},{\"@type\":\"Organization\",\"@id\":\"https:\\\/\\\/deportecapital.com.ar\\\/#organization\",\"name\":\"Deporte Capital\",\"url\":\"https:\\\/\\\/deportecapital.com.ar\\\/\",\"logo\":{\"@type\":\"ImageObject\",\"inLanguage\":\"es-AR\",\"@id\":\"https:\\\/\\\/deportecapital.com.ar\\\/#\\\/schema\\\/logo\\\/image\\\/\",\"url\":\"https:\\\/\\\/deportecapital.com.ar\\\/wp-content\\\/uploads\\\/2025\\\/06\\\/logo-deportecapital_white-1.png\",\"contentUrl\":\"https:\\\/\\\/deportecapital.com.ar\\\/wp-content\\\/uploads\\\/2025\\\/06\\\/logo-deportecapital_white-1.png\",\"width\":243,\"height\":111,\"caption\":\"Deporte Capital\"},\"image\":{\"@id\":\"https:\\\/\\\/deportecapital.com.ar\\\/#\\\/schema\\\/logo\\\/image\\\/\"}},{\"@type\":\"Person\",\"@id\":\"https:\\\/\\\/deportecapital.com.ar\\\/#\\\/schema\\\/person\\\/9cd40456048dd30733b1d6749eca5de8\",\"name\":\"Emilio Manrique\",\"image\":{\"@type\":\"ImageObject\",\"inLanguage\":\"es-AR\",\"@id\":\"https:\\\/\\\/secure.gravatar.com\\\/avatar\\\/005c696496b156e30819f271efdd20348da8f41b5d5653680fd363162bbeb3bb?s=96&d=mm&r=g\",\"url\":\"https:\\\/\\\/secure.gravatar.com\\\/avatar\\\/005c696496b156e30819f271efdd20348da8f41b5d5653680fd363162bbeb3bb?s=96&d=mm&r=g\",\"contentUrl\":\"https:\\\/\\\/secure.gravatar.com\\\/avatar\\\/005c696496b156e30819f271efdd20348da8f41b5d5653680fd363162bbeb3bb?s=96&d=mm&r=g\",\"caption\":\"Emilio Manrique\"},\"url\":\"https:\\\/\\\/deportecapital.com.ar\\\/index.php\\\/author\\\/emilio-manrique\\\/\"}]}<\/script>\n<!-- \/ Yoast SEO plugin. -->","yoast_head_json":{"title":"Los Premios Cald\u00e9n, el viernes 23 - Deporte Capital","robots":{"index":"index","follow":"follow","max-snippet":"max-snippet:-1","max-image-preview":"max-image-preview:large","max-video-preview":"max-video-preview:-1"},"canonical":"https:\/\/deportecapital.com.ar\/index.php\/2026\/01\/14\/los-premios-calden-el-viernes-23\/","og_locale":"es_ES","og_type":"article","og_title":"Los Premios Cald\u00e9n, el viernes 23 - Deporte Capital","og_description":"En la sede de Utedyc se llev\u00f3 adelante esta ma\u00f1ana la ronda de prensa del...","og_url":"https:\/\/deportecapital.com.ar\/index.php\/2026\/01\/14\/los-premios-calden-el-viernes-23\/","og_site_name":"Deporte Capital","article_published_time":"2026-01-14T01:48:30+00:00","article_modified_time":"2026-01-16T02:32:22+00:00","og_image":[{"width":1280,"height":963,"url":"https:\/\/deportecapital.com.ar\/wp-content\/uploads\/2026\/01\/1.jpg","type":"image\/jpeg"}],"author":"Emilio Manrique","twitter_card":"summary_large_image","twitter_misc":{"Escrito por":"Emilio Manrique","Tiempo de lectura":"3 minutos"},"schema":{"@context":"https:\/\/schema.org","@graph":[{"@type":"Article","@id":"https:\/\/deportecapital.com.ar\/index.php\/2026\/01\/14\/los-premios-calden-el-viernes-23\/#article","isPartOf":{"@id":"https:\/\/deportecapital.com.ar\/index.php\/2026\/01\/14\/los-premios-calden-el-viernes-23\/"},"author":{"name":"Emilio Manrique","@id":"https:\/\/deportecapital.com.ar\/#\/schema\/person\/9cd40456048dd30733b1d6749eca5de8"},"headline":"Los Premios Cald\u00e9n, el viernes 23","datePublished":"2026-01-14T01:48:30+00:00","dateModified":"2026-01-16T02:32:22+00:00","mainEntityOfPage":{"@id":"https:\/\/deportecapital.com.ar\/index.php\/2026\/01\/14\/los-premios-calden-el-viernes-23\/"},"wordCount":655,"publisher":{"@id":"https:\/\/deportecapital.com.ar\/#organization"},"image":{"@id":"https:\/\/deportecapital.com.ar\/index.php\/2026\/01\/14\/los-premios-calden-el-viernes-23\/#primaryimage"},"thumbnailUrl":"https:\/\/deportecapital.com.ar\/wp-content\/uploads\/2026\/01\/1.jpg","articleSection":["Otros"],"inLanguage":"es-AR"},{"@type":"WebPage","@id":"https:\/\/deportecapital.com.ar\/index.php\/2026\/01\/14\/los-premios-calden-el-viernes-23\/","url":"https:\/\/deportecapital.com.ar\/index.php\/2026\/01\/14\/los-premios-calden-el-viernes-23\/","name":"Los Premios Cald\u00e9n, el viernes 23 - Deporte Capital","isPartOf":{"@id":"https:\/\/deportecapital.com.ar\/#website"},"primaryImageOfPage":{"@id":"https:\/\/deportecapital.com.ar\/index.php\/2026\/01\/14\/los-premios-calden-el-viernes-23\/#primaryimage"},"image":{"@id":"https:\/\/deportecapital.com.ar\/index.php\/2026\/01\/14\/los-premios-calden-el-viernes-23\/#primaryimage"},"thumbnailUrl":"https:\/\/deportecapital.com.ar\/wp-content\/uploads\/2026\/01\/1.jpg","datePublished":"2026-01-14T01:48:30+00:00","dateModified":"2026-01-16T02:32:22+00:00","breadcrumb":{"@id":"https:\/\/deportecapital.com.ar\/index.php\/2026\/01\/14\/los-premios-calden-el-viernes-23\/#breadcrumb"},"inLanguage":"es-AR","potentialAction":[{"@type":"ReadAction","target":["https:\/\/deportecapital.com.ar\/index.php\/2026\/01\/14\/los-premios-calden-el-viernes-23\/"]}]},{"@type":"ImageObject","inLanguage":"es-AR","@id":"https:\/\/deportecapital.com.ar\/index.php\/2026\/01\/14\/los-premios-calden-el-viernes-23\/#primaryimage","url":"https:\/\/deportecapital.com.ar\/wp-content\/uploads\/2026\/01\/1.jpg","contentUrl":"https:\/\/deportecapital.com.ar\/wp-content\/uploads\/2026\/01\/1.jpg","width":1280,"height":963},{"@type":"BreadcrumbList","@id":"https:\/\/deportecapital.com.ar\/index.php\/2026\/01\/14\/los-premios-calden-el-viernes-23\/#breadcrumb","itemListElement":[{"@type":"ListItem","position":1,"name":"Inicio","item":"https:\/\/deportecapital.com.ar\/"},{"@type":"ListItem","position":2,"name":"Los Premios Cald\u00e9n, el viernes 23"}]},{"@type":"WebSite","@id":"https:\/\/deportecapital.com.ar\/#website","url":"https:\/\/deportecapital.com.ar\/","name":"Deporte Capital","description":"Diario digital con todo el deporte de La Pampa y alrededores.","publisher":{"@id":"https:\/\/deportecapital.com.ar\/#organization"},"potentialAction":[{"@type":"SearchAction","target":{"@type":"EntryPoint","urlTemplate":"https:\/\/deportecapital.com.ar\/?s={search_term_string}"},"query-input":{"@type":"PropertyValueSpecification","valueRequired":true,"valueName":"search_term_string"}}],"inLanguage":"es-AR"},{"@type":"Organization","@id":"https:\/\/deportecapital.com.ar\/#organization","name":"Deporte Capital","url":"https:\/\/deportecapital.com.ar\/","logo":{"@type":"ImageObject","inLanguage":"es-AR","@id":"https:\/\/deportecapital.com.ar\/#\/schema\/logo\/image\/","url":"https:\/\/deportecapital.com.ar\/wp-content\/uploads\/2025\/06\/logo-deportecapital_white-1.png","contentUrl":"https:\/\/deportecapital.com.ar\/wp-content\/uploads\/2025\/06\/logo-deportecapital_white-1.png","width":243,"height":111,"caption":"Deporte Capital"},"image":{"@id":"https:\/\/deportecapital.com.ar\/#\/schema\/logo\/image\/"}},{"@type":"Person","@id":"https:\/\/deportecapital.com.ar\/#\/schema\/person\/9cd40456048dd30733b1d6749eca5de8","name":"Emilio Manrique","image":{"@type":"ImageObject","inLanguage":"es-AR","@id":"https:\/\/secure.gravatar.com\/avatar\/005c696496b156e30819f271efdd20348da8f41b5d5653680fd363162bbeb3bb?s=96&d=mm&r=g","url":"https:\/\/secure.gravatar.com\/avatar\/005c696496b156e30819f271efdd20348da8f41b5d5653680fd363162bbeb3bb?s=96&d=mm&r=g","contentUrl":"https:\/\/secure.gravatar.com\/avatar\/005c696496b156e30819f271efdd20348da8f41b5d5653680fd363162bbeb3bb?s=96&d=mm&r=g","caption":"Emilio Manrique"},"url":"https:\/\/deportecapital.com.ar\/index.php\/author\/emilio-manrique\/"}]}},"rttpg_featured_image_url":{"full":["https:\/\/deportecapital.com.ar\/wp-content\/uploads\/2026\/01\/1.jpg",1280,963,false],"landscape":["https:\/\/deportecapital.com.ar\/wp-content\/uploads\/2026\/01\/1.jpg",1280,963,false],"portraits":["https:\/\/deportecapital.com.ar\/wp-content\/uploads\/2026\/01\/1.jpg",1280,963,false],"thumbnail":["https:\/\/deportecapital.com.ar\/wp-content\/uploads\/2026\/01\/1-150x150.jpg",150,150,true],"medium":["https:\/\/deportecapital.com.ar\/wp-content\/uploads\/2026\/01\/1-300x226.jpg",300,226,true],"large":["https:\/\/deportecapital.com.ar\/wp-content\/uploads\/2026\/01\/1-1024x770.jpg",640,481,true],"1536x1536":["https:\/\/deportecapital.com.ar\/wp-content\/uploads\/2026\/01\/1.jpg",1280,963,false],"2048x2048":["https:\/\/deportecapital.com.ar\/wp-content\/uploads\/2026\/01\/1.jpg",1280,963,false],"covernews-slider-full":["https:\/\/deportecapital.com.ar\/wp-content\/uploads\/2026\/01\/1-1115x715.jpg",1115,715,true],"covernews-slider-center":["https:\/\/deportecapital.com.ar\/wp-content\/uploads\/2026\/01\/1-800x500.jpg",800,500,true],"covernews-featured":["https:\/\/deportecapital.com.ar\/wp-content\/uploads\/2026\/01\/1-1024x770.jpg",1024,770,true],"covernews-medium":["https:\/\/deportecapital.com.ar\/wp-content\/uploads\/2026\/01\/1-540x340.jpg",540,340,true],"covernews-medium-square":["https:\/\/deportecapital.com.ar\/wp-content\/uploads\/2026\/01\/1-400x250.jpg",400,250,true]},"rttpg_author":{"display_name":"Emilio Manrique","author_link":"https:\/\/deportecapital.com.ar\/index.php\/author\/emilio-manrique\/"},"rttpg_comment":0,"rttpg_category":"<a href=\"https:\/\/deportecapital.com.ar\/index.php\/category\/otros\/\" rel=\"category tag\">Otros<\/a>","rttpg_excerpt":"En la sede de Utedyc se llev\u00f3 adelante esta ma\u00f1ana la ronda de prensa del...","_links":{"self":[{"href":"https:\/\/deportecapital.com.ar\/index.php\/wp-json\/wp\/v2\/posts\/55373","targetHints":{"allow":["GET"]}}],"collection":[{"href":"https:\/\/deportecapital.com.ar\/index.php\/wp-json\/wp\/v2\/posts"}],"about":[{"href":"https:\/\/deportecapital.com.ar\/index.php\/wp-json\/wp\/v2\/types\/post"}],"author":[{"embeddable":true,"href":"https:\/\/deportecapital.com.ar\/index.php\/wp-json\/wp\/v2\/users\/3"}],"replies":[{"embeddable":true,"href":"https:\/\/deportecapital.com.ar\/index.php\/wp-json\/wp\/v2\/comments?post=55373"}],"version-history":[{"count":4,"href":"https:\/\/deportecapital.com.ar\/index.php\/wp-json\/wp\/v2\/posts\/55373\/revisions"}],"predecessor-version":[{"id":55378,"href":"https:\/\/deportecapital.com.ar\/index.php\/wp-json\/wp\/v2\/posts\/55373\/revisions\/55378"}],"wp:featuredmedia":[{"embeddable":true,"href":"https:\/\/deportecapital.com.ar\/index.php\/wp-json\/wp\/v2\/media\/55374"}],"wp:attachment":[{"href":"https:\/\/deportecapital.com.ar\/index.php\/wp-json\/wp\/v2\/media?parent=55373"}],"wp:term":[{"taxonomy":"category","embeddable":true,"href":"https:\/\/deportecapital.com.ar\/index.php\/wp-json\/wp\/v2\/categories?post=55373"},{"taxonomy":"post_tag","embeddable":true,"href":"https:\/\/deportecapital.com.ar\/index.php\/wp-json\/wp\/v2\/tags?post=55373"}],"curies":[{"name":"wp","href":"https:\/\/api.w.org\/{rel}","templated":true}]}}