{"id":55618,"date":"2026-02-08T15:35:16","date_gmt":"2026-02-08T15:35:16","guid":{"rendered":"https:\/\/deportecapital.com.ar\/?p=55618"},"modified":"2026-02-20T02:04:41","modified_gmt":"2026-02-20T02:04:41","slug":"de-marzi-en-las-semirrapidas","status":"publish","type":"post","link":"https:\/\/deportecapital.com.ar\/index.php\/2026\/02\/08\/de-marzi-en-las-semirrapidas\/","title":{"rendered":"De Marzi, en las semirr\u00e1pidas"},"content":{"rendered":"\t\t<div data-elementor-type=\"wp-post\" data-elementor-id=\"55618\" class=\"elementor elementor-55618\">\n\t\t\t\t<div class=\"elementor-element elementor-element-2a7db13f e-flex e-con-boxed e-con e-parent\" data-id=\"2a7db13f\" data-element_type=\"container\" data-e-type=\"container\">\n\t\t\t\t\t<div class=\"e-con-inner\">\n\t\t\t\t<div class=\"elementor-element elementor-element-2e33f71e elementor-widget elementor-widget-text-editor\" data-id=\"2e33f71e\" data-element_type=\"widget\" data-e-type=\"widget\" data-widget_type=\"text-editor.default\">\n\t\t\t\t<div class=\"elementor-widget-container\">\n\t\t\t\t\t\t\t\t\t<p><em>Diego De Marzi<\/em> fue el ganador de la segunda fecha de partidas semirr\u00e1pidas que se disput\u00f3 en el <strong>Club Social El C\u00ecrculo<\/strong>.<\/p><p>\u00a0<\/p><p>La cita fue el viernes pasado y cont\u00f3 con una excelente convocatoria de 32 ajedrecistas de diversos niveles y edades. El torneo se desarroll\u00f3 a lo largo de siete rondas bajo el sistema suizo, con un ritmo de juego de 12 minutos m\u00e1s un incremento de 3 segundos por movimiento.<\/p><p>En la categor\u00eda general, <em>Diego De Marzi<\/em> se alz\u00f3 con la victoria tras una actuaci\u00f3n destacada en la que cosech\u00f3 6 puntos sobre los 7 en juego. La lucha por los puestos restantes del podio fue sumamente re\u00f1ida, con un grupo de seis jugadores igualados en 5 unidades; finalmente, el sistema de desempate determin\u00f3 que <em>Lautaro Lugones<\/em> y <em>Juan Rossi<\/em>, completaron el cuadro de honor.<\/p><p>La categor\u00eda cadetes tambi\u00e9n ofreci\u00f3 grandes desempe\u00f1os. El primer puesto fue para <em>Tahiel<\/em> <em>Alarc\u00f3n<\/em>, seguido de <em>Tom\u00e1s Gerassi<\/em> y <em>Valentino<\/em> <em>Bengolea<\/em>, todos con 4 puntos.<\/p><p>En la categor\u00eda Infantiles, los hermanos <em>Gauna<\/em> fueron los protagonistas: <em>Emiliano<\/em> se adjudic\u00f3 el primer lugar, mientras que <em>Bianca<\/em> se qued\u00f3 con la segunda posici\u00f3n.<\/p><p><em>Julieta Tieri<\/em> fue distinguida como mejor femenina tras alcanzar los 4 puntos, rendimiento que le permiti\u00f3 situarse en el d\u00e9cimo escalaf\u00f3n de la clasificaci\u00f3n general.<\/p><p>El premio al mejor supra 60 qued\u00f3 en manos de Antonio Fern\u00e1ndez, con un total de 4,5 unidades, quedando en el noveno lugar en la tabla general.<\/p><p>El correcto desarrollo del certamen estuvo garantizado por el AN <em>Nelson Flores<\/em> y el AR <em>Kevin<\/em> <em>Garc\u00eda<\/em>.<\/p>\t\t\t\t\t\t\t\t<\/div>\n\t\t\t\t<\/div>\n\t\t\t\t\t<\/div>\n\t\t\t\t<\/div>\n\t\t<div class=\"elementor-element elementor-element-b99cdc9 e-flex e-con-boxed e-con e-parent\" data-id=\"b99cdc9\" data-element_type=\"container\" data-e-type=\"container\">\n\t\t\t\t\t<div class=\"e-con-inner\">\n\t\t\t\t<div class=\"elementor-element elementor-element-b80fbb9 elementor-widget elementor-widget-image-gallery\" data-id=\"b80fbb9\" data-element_type=\"widget\" data-e-type=\"widget\" data-widget_type=\"image-gallery.default\">\n\t\t\t\t<div class=\"elementor-widget-container\">\n\t\t\t\t\t\t\t<div class=\"elementor-image-gallery\">\n\t\t\t<div id='gallery-1' class='gallery galleryid-55618 gallery-columns-3 gallery-size-full'><figure class='gallery-item'>\n\t\t\t<div class='gallery-icon portrait'>\n\t\t\t\t<a data-elementor-open-lightbox=\"yes\" data-elementor-lightbox-slideshow=\"b80fbb9\" data-elementor-lightbox-title=\"Ajedrez\" data-e-action-hash=\"#elementor-action%3Aaction%3Dlightbox%26settings%3DeyJpZCI6NTU2MTksInVybCI6Imh0dHBzOlwvXC9kZXBvcnRlY2FwaXRhbC5jb20uYXJcL3dwLWNvbnRlbnRcL3VwbG9hZHNcLzIwMjZcLzAyXC9NQVJaSS0xLmpwZyIsInNsaWRlc2hvdyI6ImI4MGZiYjkifQ%3D%3D\" href='https:\/\/deportecapital.com.ar\/wp-content\/uploads\/2026\/02\/MARZI-1.jpg'><img loading=\"lazy\" width=\"960\" height=\"1200\" src=\"https:\/\/deportecapital.com.ar\/wp-content\/uploads\/2026\/02\/MARZI-1.jpg\" class=\"attachment-full size-full\" alt=\"Ajedrez\" srcset=\"https:\/\/deportecapital.com.ar\/wp-content\/uploads\/2026\/02\/MARZI-1.jpg 960w, https:\/\/deportecapital.com.ar\/wp-content\/uploads\/2026\/02\/MARZI-1-240x300.jpg 240w, https:\/\/deportecapital.com.ar\/wp-content\/uploads\/2026\/02\/MARZI-1-819x1024.jpg 819w, https:\/\/deportecapital.com.ar\/wp-content\/uploads\/2026\/02\/MARZI-1-768x960.jpg 768w\" sizes=\"auto, (max-width: 960px) 100vw, 960px\" loading=\"lazy\" decoding=\"async\" \/><\/a>\n\t\t\t<\/div><\/figure><figure class='gallery-item'>\n\t\t\t<div class='gallery-icon landscape'>\n\t\t\t\t<a data-elementor-open-lightbox=\"yes\" data-elementor-lightbox-slideshow=\"b80fbb9\" data-elementor-lightbox-title=\"Ajedrez\" data-e-action-hash=\"#elementor-action%3Aaction%3Dlightbox%26settings%3DeyJpZCI6NTU2MjQsInVybCI6Imh0dHBzOlwvXC9kZXBvcnRlY2FwaXRhbC5jb20uYXJcL3dwLWNvbnRlbnRcL3VwbG9hZHNcLzIwMjZcLzAyXC9NQVJaSS02LmpwZyIsInNsaWRlc2hvdyI6ImI4MGZiYjkifQ%3D%3D\" href='https:\/\/deportecapital.com.ar\/wp-content\/uploads\/2026\/02\/MARZI-6.jpg'><img loading=\"lazy\" width=\"960\" height=\"960\" src=\"https:\/\/deportecapital.com.ar\/wp-content\/uploads\/2026\/02\/MARZI-6.jpg\" class=\"attachment-full size-full\" alt=\"Ajedrez\" srcset=\"https:\/\/deportecapital.com.ar\/wp-content\/uploads\/2026\/02\/MARZI-6.jpg 960w, https:\/\/deportecapital.com.ar\/wp-content\/uploads\/2026\/02\/MARZI-6-300x300.jpg 300w, https:\/\/deportecapital.com.ar\/wp-content\/uploads\/2026\/02\/MARZI-6-150x150.jpg 150w, https:\/\/deportecapital.com.ar\/wp-content\/uploads\/2026\/02\/MARZI-6-768x768.jpg 768w\" sizes=\"auto, (max-width: 960px) 100vw, 960px\" loading=\"lazy\" decoding=\"async\" \/><\/a>\n\t\t\t<\/div><\/figure><figure class='gallery-item'>\n\t\t\t<div class='gallery-icon portrait'>\n\t\t\t\t<a data-elementor-open-lightbox=\"yes\" data-elementor-lightbox-slideshow=\"b80fbb9\" data-elementor-lightbox-title=\"Ajedrez\" data-e-action-hash=\"#elementor-action%3Aaction%3Dlightbox%26settings%3DeyJpZCI6NTU2MjMsInVybCI6Imh0dHBzOlwvXC9kZXBvcnRlY2FwaXRhbC5jb20uYXJcL3dwLWNvbnRlbnRcL3VwbG9hZHNcLzIwMjZcLzAyXC9NQVJaSS01LmpwZyIsInNsaWRlc2hvdyI6ImI4MGZiYjkifQ%3D%3D\" href='https:\/\/deportecapital.com.ar\/wp-content\/uploads\/2026\/02\/MARZI-5.jpg'><img loading=\"lazy\" width=\"960\" height=\"1200\" src=\"https:\/\/deportecapital.com.ar\/wp-content\/uploads\/2026\/02\/MARZI-5.jpg\" class=\"attachment-full size-full\" alt=\"Ajedrez\" srcset=\"https:\/\/deportecapital.com.ar\/wp-content\/uploads\/2026\/02\/MARZI-5.jpg 960w, https:\/\/deportecapital.com.ar\/wp-content\/uploads\/2026\/02\/MARZI-5-240x300.jpg 240w, https:\/\/deportecapital.com.ar\/wp-content\/uploads\/2026\/02\/MARZI-5-819x1024.jpg 819w, https:\/\/deportecapital.com.ar\/wp-content\/uploads\/2026\/02\/MARZI-5-768x960.jpg 768w\" sizes=\"auto, (max-width: 960px) 100vw, 960px\" loading=\"lazy\" decoding=\"async\" \/><\/a>\n\t\t\t<\/div><\/figure><figure class='gallery-item'>\n\t\t\t<div class='gallery-icon portrait'>\n\t\t\t\t<a data-elementor-open-lightbox=\"yes\" data-elementor-lightbox-slideshow=\"b80fbb9\" data-elementor-lightbox-title=\"Ajedrez\" data-e-action-hash=\"#elementor-action%3Aaction%3Dlightbox%26settings%3DeyJpZCI6NTU2MjIsInVybCI6Imh0dHBzOlwvXC9kZXBvcnRlY2FwaXRhbC5jb20uYXJcL3dwLWNvbnRlbnRcL3VwbG9hZHNcLzIwMjZcLzAyXC9NQVJaSS00LmpwZyIsInNsaWRlc2hvdyI6ImI4MGZiYjkifQ%3D%3D\" href='https:\/\/deportecapital.com.ar\/wp-content\/uploads\/2026\/02\/MARZI-4.jpg'><img loading=\"lazy\" width=\"960\" height=\"1200\" src=\"https:\/\/deportecapital.com.ar\/wp-content\/uploads\/2026\/02\/MARZI-4.jpg\" class=\"attachment-full size-full\" alt=\"Ajedrez\" srcset=\"https:\/\/deportecapital.com.ar\/wp-content\/uploads\/2026\/02\/MARZI-4.jpg 960w, https:\/\/deportecapital.com.ar\/wp-content\/uploads\/2026\/02\/MARZI-4-240x300.jpg 240w, https:\/\/deportecapital.com.ar\/wp-content\/uploads\/2026\/02\/MARZI-4-819x1024.jpg 819w, https:\/\/deportecapital.com.ar\/wp-content\/uploads\/2026\/02\/MARZI-4-768x960.jpg 768w\" sizes=\"auto, (max-width: 960px) 100vw, 960px\" loading=\"lazy\" decoding=\"async\" \/><\/a>\n\t\t\t<\/div><\/figure><figure class='gallery-item'>\n\t\t\t<div class='gallery-icon landscape'>\n\t\t\t\t<a data-elementor-open-lightbox=\"yes\" data-elementor-lightbox-slideshow=\"b80fbb9\" data-elementor-lightbox-title=\"Ajedrez\" data-e-action-hash=\"#elementor-action%3Aaction%3Dlightbox%26settings%3DeyJpZCI6NTU2MjEsInVybCI6Imh0dHBzOlwvXC9kZXBvcnRlY2FwaXRhbC5jb20uYXJcL3dwLWNvbnRlbnRcL3VwbG9hZHNcLzIwMjZcLzAyXC9NQVJaSS0zLmpwZyIsInNsaWRlc2hvdyI6ImI4MGZiYjkifQ%3D%3D\" href='https:\/\/deportecapital.com.ar\/wp-content\/uploads\/2026\/02\/MARZI-3.jpg'><img loading=\"lazy\" width=\"960\" height=\"960\" src=\"https:\/\/deportecapital.com.ar\/wp-content\/uploads\/2026\/02\/MARZI-3.jpg\" class=\"attachment-full size-full\" alt=\"Ajedrez\" srcset=\"https:\/\/deportecapital.com.ar\/wp-content\/uploads\/2026\/02\/MARZI-3.jpg 960w, https:\/\/deportecapital.com.ar\/wp-content\/uploads\/2026\/02\/MARZI-3-300x300.jpg 300w, https:\/\/deportecapital.com.ar\/wp-content\/uploads\/2026\/02\/MARZI-3-150x150.jpg 150w, https:\/\/deportecapital.com.ar\/wp-content\/uploads\/2026\/02\/MARZI-3-768x768.jpg 768w\" sizes=\"auto, (max-width: 960px) 100vw, 960px\" loading=\"lazy\" decoding=\"async\" \/><\/a>\n\t\t\t<\/div><\/figure><figure class='gallery-item'>\n\t\t\t<div class='gallery-icon portrait'>\n\t\t\t\t<a data-elementor-open-lightbox=\"yes\" data-elementor-lightbox-slideshow=\"b80fbb9\" data-elementor-lightbox-title=\"Ajedrez\" data-e-action-hash=\"#elementor-action%3Aaction%3Dlightbox%26settings%3DeyJpZCI6NTU2MjAsInVybCI6Imh0dHBzOlwvXC9kZXBvcnRlY2FwaXRhbC5jb20uYXJcL3dwLWNvbnRlbnRcL3VwbG9hZHNcLzIwMjZcLzAyXC9NQVJaSS0yLmpwZyIsInNsaWRlc2hvdyI6ImI4MGZiYjkifQ%3D%3D\" href='https:\/\/deportecapital.com.ar\/wp-content\/uploads\/2026\/02\/MARZI-2.jpg'><img loading=\"lazy\" width=\"960\" height=\"1200\" src=\"https:\/\/deportecapital.com.ar\/wp-content\/uploads\/2026\/02\/MARZI-2.jpg\" class=\"attachment-full size-full\" alt=\"Ajedrez\" srcset=\"https:\/\/deportecapital.com.ar\/wp-content\/uploads\/2026\/02\/MARZI-2.jpg 960w, https:\/\/deportecapital.com.ar\/wp-content\/uploads\/2026\/02\/MARZI-2-240x300.jpg 240w, https:\/\/deportecapital.com.ar\/wp-content\/uploads\/2026\/02\/MARZI-2-819x1024.jpg 819w, https:\/\/deportecapital.com.ar\/wp-content\/uploads\/2026\/02\/MARZI-2-768x960.jpg 768w\" sizes=\"auto, (max-width: 960px) 100vw, 960px\" loading=\"lazy\" decoding=\"async\" \/><\/a>\n\t\t\t<\/div><\/figure>\n\t\t<\/div>\n\t\t<\/div>\n\t\t\t\t\t\t<\/div>\n\t\t\t\t<\/div>\n\t\t\t\t\t<\/div>\n\t\t\t\t<\/div>\n\t\t\t\t<\/div>\n\t\t","protected":false},"excerpt":{"rendered":"<p>Diego De Marzi fue el ganador de la segunda fecha de partidas semirr\u00e1pidas que se&#8230;<\/p>\n","protected":false},"author":3,"featured_media":55621,"comment_status":"closed","ping_status":"open","sticky":false,"template":"","format":"standard","meta":{"footnotes":""},"categories":[3],"tags":[],"class_list":["post-55618","post","type-post","status-publish","format-standard","has-post-thumbnail","hentry","category-ajedrez"],"yoast_head":"<!-- This site is optimized with the Yoast SEO plugin v27.5 - https:\/\/yoast.com\/product\/yoast-seo-wordpress\/ -->\n<title>De Marzi, en las semirr\u00e1pidas - Deporte Capital<\/title>\n<meta name=\"robots\" content=\"index, follow, max-snippet:-1, max-image-preview:large, max-video-preview:-1\" \/>\n<link rel=\"canonical\" href=\"https:\/\/deportecapital.com.ar\/index.php\/2026\/02\/08\/de-marzi-en-las-semirrapidas\/\" \/>\n<meta property=\"og:locale\" content=\"es_ES\" \/>\n<meta property=\"og:type\" content=\"article\" \/>\n<meta property=\"og:title\" content=\"De Marzi, en las semirr\u00e1pidas - Deporte Capital\" \/>\n<meta property=\"og:description\" content=\"Diego De Marzi fue el ganador de la segunda fecha de partidas semirr\u00e1pidas que se...\" \/>\n<meta property=\"og:url\" content=\"https:\/\/deportecapital.com.ar\/index.php\/2026\/02\/08\/de-marzi-en-las-semirrapidas\/\" \/>\n<meta property=\"og:site_name\" content=\"Deporte Capital\" \/>\n<meta property=\"article:published_time\" content=\"2026-02-08T15:35:16+00:00\" \/>\n<meta property=\"article:modified_time\" content=\"2026-02-20T02:04:41+00:00\" \/>\n<meta property=\"og:image\" content=\"https:\/\/deportecapital.com.ar\/wp-content\/uploads\/2026\/02\/MARZI-3.jpg\" \/>\n\t<meta property=\"og:image:width\" content=\"960\" \/>\n\t<meta property=\"og:image:height\" content=\"960\" \/>\n\t<meta property=\"og:image:type\" content=\"image\/jpeg\" \/>\n<meta name=\"author\" content=\"Emilio Manrique\" \/>\n<meta name=\"twitter:card\" content=\"summary_large_image\" \/>\n<meta name=\"twitter:label1\" content=\"Escrito por\" \/>\n\t<meta name=\"twitter:data1\" content=\"Emilio Manrique\" \/>\n\t<meta name=\"twitter:label2\" content=\"Tiempo de lectura\" \/>\n\t<meta name=\"twitter:data2\" content=\"3 minutos\" \/>\n<script type=\"application\/ld+json\" class=\"yoast-schema-graph\">{\"@context\":\"https:\\\/\\\/schema.org\",\"@graph\":[{\"@type\":\"Article\",\"@id\":\"https:\\\/\\\/deportecapital.com.ar\\\/index.php\\\/2026\\\/02\\\/08\\\/de-marzi-en-las-semirrapidas\\\/#article\",\"isPartOf\":{\"@id\":\"https:\\\/\\\/deportecapital.com.ar\\\/index.php\\\/2026\\\/02\\\/08\\\/de-marzi-en-las-semirrapidas\\\/\"},\"author\":{\"name\":\"Emilio Manrique\",\"@id\":\"https:\\\/\\\/deportecapital.com.ar\\\/#\\\/schema\\\/person\\\/9cd40456048dd30733b1d6749eca5de8\"},\"headline\":\"De Marzi, en las semirr\u00e1pidas\",\"datePublished\":\"2026-02-08T15:35:16+00:00\",\"dateModified\":\"2026-02-20T02:04:41+00:00\",\"mainEntityOfPage\":{\"@id\":\"https:\\\/\\\/deportecapital.com.ar\\\/index.php\\\/2026\\\/02\\\/08\\\/de-marzi-en-las-semirrapidas\\\/\"},\"wordCount\":270,\"publisher\":{\"@id\":\"https:\\\/\\\/deportecapital.com.ar\\\/#organization\"},\"image\":{\"@id\":\"https:\\\/\\\/deportecapital.com.ar\\\/index.php\\\/2026\\\/02\\\/08\\\/de-marzi-en-las-semirrapidas\\\/#primaryimage\"},\"thumbnailUrl\":\"https:\\\/\\\/deportecapital.com.ar\\\/wp-content\\\/uploads\\\/2026\\\/02\\\/MARZI-3.jpg\",\"articleSection\":[\"Ajedrez\"],\"inLanguage\":\"es-AR\"},{\"@type\":\"WebPage\",\"@id\":\"https:\\\/\\\/deportecapital.com.ar\\\/index.php\\\/2026\\\/02\\\/08\\\/de-marzi-en-las-semirrapidas\\\/\",\"url\":\"https:\\\/\\\/deportecapital.com.ar\\\/index.php\\\/2026\\\/02\\\/08\\\/de-marzi-en-las-semirrapidas\\\/\",\"name\":\"De Marzi, en las semirr\u00e1pidas - Deporte Capital\",\"isPartOf\":{\"@id\":\"https:\\\/\\\/deportecapital.com.ar\\\/#website\"},\"primaryImageOfPage\":{\"@id\":\"https:\\\/\\\/deportecapital.com.ar\\\/index.php\\\/2026\\\/02\\\/08\\\/de-marzi-en-las-semirrapidas\\\/#primaryimage\"},\"image\":{\"@id\":\"https:\\\/\\\/deportecapital.com.ar\\\/index.php\\\/2026\\\/02\\\/08\\\/de-marzi-en-las-semirrapidas\\\/#primaryimage\"},\"thumbnailUrl\":\"https:\\\/\\\/deportecapital.com.ar\\\/wp-content\\\/uploads\\\/2026\\\/02\\\/MARZI-3.jpg\",\"datePublished\":\"2026-02-08T15:35:16+00:00\",\"dateModified\":\"2026-02-20T02:04:41+00:00\",\"breadcrumb\":{\"@id\":\"https:\\\/\\\/deportecapital.com.ar\\\/index.php\\\/2026\\\/02\\\/08\\\/de-marzi-en-las-semirrapidas\\\/#breadcrumb\"},\"inLanguage\":\"es-AR\",\"potentialAction\":[{\"@type\":\"ReadAction\",\"target\":[\"https:\\\/\\\/deportecapital.com.ar\\\/index.php\\\/2026\\\/02\\\/08\\\/de-marzi-en-las-semirrapidas\\\/\"]}]},{\"@type\":\"ImageObject\",\"inLanguage\":\"es-AR\",\"@id\":\"https:\\\/\\\/deportecapital.com.ar\\\/index.php\\\/2026\\\/02\\\/08\\\/de-marzi-en-las-semirrapidas\\\/#primaryimage\",\"url\":\"https:\\\/\\\/deportecapital.com.ar\\\/wp-content\\\/uploads\\\/2026\\\/02\\\/MARZI-3.jpg\",\"contentUrl\":\"https:\\\/\\\/deportecapital.com.ar\\\/wp-content\\\/uploads\\\/2026\\\/02\\\/MARZI-3.jpg\",\"width\":960,\"height\":960},{\"@type\":\"BreadcrumbList\",\"@id\":\"https:\\\/\\\/deportecapital.com.ar\\\/index.php\\\/2026\\\/02\\\/08\\\/de-marzi-en-las-semirrapidas\\\/#breadcrumb\",\"itemListElement\":[{\"@type\":\"ListItem\",\"position\":1,\"name\":\"Inicio\",\"item\":\"https:\\\/\\\/deportecapital.com.ar\\\/\"},{\"@type\":\"ListItem\",\"position\":2,\"name\":\"De Marzi, en las semirr\u00e1pidas\"}]},{\"@type\":\"WebSite\",\"@id\":\"https:\\\/\\\/deportecapital.com.ar\\\/#website\",\"url\":\"https:\\\/\\\/deportecapital.com.ar\\\/\",\"name\":\"Deporte Capital\",\"description\":\"Diario digital con todo el deporte de La Pampa y alrededores.\",\"publisher\":{\"@id\":\"https:\\\/\\\/deportecapital.com.ar\\\/#organization\"},\"potentialAction\":[{\"@type\":\"SearchAction\",\"target\":{\"@type\":\"EntryPoint\",\"urlTemplate\":\"https:\\\/\\\/deportecapital.com.ar\\\/?s={search_term_string}\"},\"query-input\":{\"@type\":\"PropertyValueSpecification\",\"valueRequired\":true,\"valueName\":\"search_term_string\"}}],\"inLanguage\":\"es-AR\"},{\"@type\":\"Organization\",\"@id\":\"https:\\\/\\\/deportecapital.com.ar\\\/#organization\",\"name\":\"Deporte Capital\",\"url\":\"https:\\\/\\\/deportecapital.com.ar\\\/\",\"logo\":{\"@type\":\"ImageObject\",\"inLanguage\":\"es-AR\",\"@id\":\"https:\\\/\\\/deportecapital.com.ar\\\/#\\\/schema\\\/logo\\\/image\\\/\",\"url\":\"https:\\\/\\\/deportecapital.com.ar\\\/wp-content\\\/uploads\\\/2025\\\/06\\\/logo-deportecapital_white-1.png\",\"contentUrl\":\"https:\\\/\\\/deportecapital.com.ar\\\/wp-content\\\/uploads\\\/2025\\\/06\\\/logo-deportecapital_white-1.png\",\"width\":243,\"height\":111,\"caption\":\"Deporte Capital\"},\"image\":{\"@id\":\"https:\\\/\\\/deportecapital.com.ar\\\/#\\\/schema\\\/logo\\\/image\\\/\"}},{\"@type\":\"Person\",\"@id\":\"https:\\\/\\\/deportecapital.com.ar\\\/#\\\/schema\\\/person\\\/9cd40456048dd30733b1d6749eca5de8\",\"name\":\"Emilio Manrique\",\"image\":{\"@type\":\"ImageObject\",\"inLanguage\":\"es-AR\",\"@id\":\"https:\\\/\\\/secure.gravatar.com\\\/avatar\\\/005c696496b156e30819f271efdd20348da8f41b5d5653680fd363162bbeb3bb?s=96&d=mm&r=g\",\"url\":\"https:\\\/\\\/secure.gravatar.com\\\/avatar\\\/005c696496b156e30819f271efdd20348da8f41b5d5653680fd363162bbeb3bb?s=96&d=mm&r=g\",\"contentUrl\":\"https:\\\/\\\/secure.gravatar.com\\\/avatar\\\/005c696496b156e30819f271efdd20348da8f41b5d5653680fd363162bbeb3bb?s=96&d=mm&r=g\",\"caption\":\"Emilio Manrique\"},\"url\":\"https:\\\/\\\/deportecapital.com.ar\\\/index.php\\\/author\\\/emilio-manrique\\\/\"}]}<\/script>\n<!-- \/ Yoast SEO plugin. -->","yoast_head_json":{"title":"De Marzi, en las semirr\u00e1pidas - Deporte Capital","robots":{"index":"index","follow":"follow","max-snippet":"max-snippet:-1","max-image-preview":"max-image-preview:large","max-video-preview":"max-video-preview:-1"},"canonical":"https:\/\/deportecapital.com.ar\/index.php\/2026\/02\/08\/de-marzi-en-las-semirrapidas\/","og_locale":"es_ES","og_type":"article","og_title":"De Marzi, en las semirr\u00e1pidas - Deporte Capital","og_description":"Diego De Marzi fue el ganador de la segunda fecha de partidas semirr\u00e1pidas que se...","og_url":"https:\/\/deportecapital.com.ar\/index.php\/2026\/02\/08\/de-marzi-en-las-semirrapidas\/","og_site_name":"Deporte Capital","article_published_time":"2026-02-08T15:35:16+00:00","article_modified_time":"2026-02-20T02:04:41+00:00","og_image":[{"width":960,"height":960,"url":"https:\/\/deportecapital.com.ar\/wp-content\/uploads\/2026\/02\/MARZI-3.jpg","type":"image\/jpeg"}],"author":"Emilio Manrique","twitter_card":"summary_large_image","twitter_misc":{"Escrito por":"Emilio Manrique","Tiempo de lectura":"3 minutos"},"schema":{"@context":"https:\/\/schema.org","@graph":[{"@type":"Article","@id":"https:\/\/deportecapital.com.ar\/index.php\/2026\/02\/08\/de-marzi-en-las-semirrapidas\/#article","isPartOf":{"@id":"https:\/\/deportecapital.com.ar\/index.php\/2026\/02\/08\/de-marzi-en-las-semirrapidas\/"},"author":{"name":"Emilio Manrique","@id":"https:\/\/deportecapital.com.ar\/#\/schema\/person\/9cd40456048dd30733b1d6749eca5de8"},"headline":"De Marzi, en las semirr\u00e1pidas","datePublished":"2026-02-08T15:35:16+00:00","dateModified":"2026-02-20T02:04:41+00:00","mainEntityOfPage":{"@id":"https:\/\/deportecapital.com.ar\/index.php\/2026\/02\/08\/de-marzi-en-las-semirrapidas\/"},"wordCount":270,"publisher":{"@id":"https:\/\/deportecapital.com.ar\/#organization"},"image":{"@id":"https:\/\/deportecapital.com.ar\/index.php\/2026\/02\/08\/de-marzi-en-las-semirrapidas\/#primaryimage"},"thumbnailUrl":"https:\/\/deportecapital.com.ar\/wp-content\/uploads\/2026\/02\/MARZI-3.jpg","articleSection":["Ajedrez"],"inLanguage":"es-AR"},{"@type":"WebPage","@id":"https:\/\/deportecapital.com.ar\/index.php\/2026\/02\/08\/de-marzi-en-las-semirrapidas\/","url":"https:\/\/deportecapital.com.ar\/index.php\/2026\/02\/08\/de-marzi-en-las-semirrapidas\/","name":"De Marzi, en las semirr\u00e1pidas - Deporte Capital","isPartOf":{"@id":"https:\/\/deportecapital.com.ar\/#website"},"primaryImageOfPage":{"@id":"https:\/\/deportecapital.com.ar\/index.php\/2026\/02\/08\/de-marzi-en-las-semirrapidas\/#primaryimage"},"image":{"@id":"https:\/\/deportecapital.com.ar\/index.php\/2026\/02\/08\/de-marzi-en-las-semirrapidas\/#primaryimage"},"thumbnailUrl":"https:\/\/deportecapital.com.ar\/wp-content\/uploads\/2026\/02\/MARZI-3.jpg","datePublished":"2026-02-08T15:35:16+00:00","dateModified":"2026-02-20T02:04:41+00:00","breadcrumb":{"@id":"https:\/\/deportecapital.com.ar\/index.php\/2026\/02\/08\/de-marzi-en-las-semirrapidas\/#breadcrumb"},"inLanguage":"es-AR","potentialAction":[{"@type":"ReadAction","target":["https:\/\/deportecapital.com.ar\/index.php\/2026\/02\/08\/de-marzi-en-las-semirrapidas\/"]}]},{"@type":"ImageObject","inLanguage":"es-AR","@id":"https:\/\/deportecapital.com.ar\/index.php\/2026\/02\/08\/de-marzi-en-las-semirrapidas\/#primaryimage","url":"https:\/\/deportecapital.com.ar\/wp-content\/uploads\/2026\/02\/MARZI-3.jpg","contentUrl":"https:\/\/deportecapital.com.ar\/wp-content\/uploads\/2026\/02\/MARZI-3.jpg","width":960,"height":960},{"@type":"BreadcrumbList","@id":"https:\/\/deportecapital.com.ar\/index.php\/2026\/02\/08\/de-marzi-en-las-semirrapidas\/#breadcrumb","itemListElement":[{"@type":"ListItem","position":1,"name":"Inicio","item":"https:\/\/deportecapital.com.ar\/"},{"@type":"ListItem","position":2,"name":"De Marzi, en las semirr\u00e1pidas"}]},{"@type":"WebSite","@id":"https:\/\/deportecapital.com.ar\/#website","url":"https:\/\/deportecapital.com.ar\/","name":"Deporte Capital","description":"Diario digital con todo el deporte de La Pampa y alrededores.","publisher":{"@id":"https:\/\/deportecapital.com.ar\/#organization"},"potentialAction":[{"@type":"SearchAction","target":{"@type":"EntryPoint","urlTemplate":"https:\/\/deportecapital.com.ar\/?s={search_term_string}"},"query-input":{"@type":"PropertyValueSpecification","valueRequired":true,"valueName":"search_term_string"}}],"inLanguage":"es-AR"},{"@type":"Organization","@id":"https:\/\/deportecapital.com.ar\/#organization","name":"Deporte Capital","url":"https:\/\/deportecapital.com.ar\/","logo":{"@type":"ImageObject","inLanguage":"es-AR","@id":"https:\/\/deportecapital.com.ar\/#\/schema\/logo\/image\/","url":"https:\/\/deportecapital.com.ar\/wp-content\/uploads\/2025\/06\/logo-deportecapital_white-1.png","contentUrl":"https:\/\/deportecapital.com.ar\/wp-content\/uploads\/2025\/06\/logo-deportecapital_white-1.png","width":243,"height":111,"caption":"Deporte Capital"},"image":{"@id":"https:\/\/deportecapital.com.ar\/#\/schema\/logo\/image\/"}},{"@type":"Person","@id":"https:\/\/deportecapital.com.ar\/#\/schema\/person\/9cd40456048dd30733b1d6749eca5de8","name":"Emilio Manrique","image":{"@type":"ImageObject","inLanguage":"es-AR","@id":"https:\/\/secure.gravatar.com\/avatar\/005c696496b156e30819f271efdd20348da8f41b5d5653680fd363162bbeb3bb?s=96&d=mm&r=g","url":"https:\/\/secure.gravatar.com\/avatar\/005c696496b156e30819f271efdd20348da8f41b5d5653680fd363162bbeb3bb?s=96&d=mm&r=g","contentUrl":"https:\/\/secure.gravatar.com\/avatar\/005c696496b156e30819f271efdd20348da8f41b5d5653680fd363162bbeb3bb?s=96&d=mm&r=g","caption":"Emilio Manrique"},"url":"https:\/\/deportecapital.com.ar\/index.php\/author\/emilio-manrique\/"}]}},"rttpg_featured_image_url":{"full":["https:\/\/deportecapital.com.ar\/wp-content\/uploads\/2026\/02\/MARZI-3.jpg",960,960,false],"landscape":["https:\/\/deportecapital.com.ar\/wp-content\/uploads\/2026\/02\/MARZI-3.jpg",960,960,false],"portraits":["https:\/\/deportecapital.com.ar\/wp-content\/uploads\/2026\/02\/MARZI-3.jpg",960,960,false],"thumbnail":["https:\/\/deportecapital.com.ar\/wp-content\/uploads\/2026\/02\/MARZI-3-150x150.jpg",150,150,true],"medium":["https:\/\/deportecapital.com.ar\/wp-content\/uploads\/2026\/02\/MARZI-3-300x300.jpg",300,300,true],"large":["https:\/\/deportecapital.com.ar\/wp-content\/uploads\/2026\/02\/MARZI-3.jpg",640,640,false],"1536x1536":["https:\/\/deportecapital.com.ar\/wp-content\/uploads\/2026\/02\/MARZI-3.jpg",960,960,false],"2048x2048":["https:\/\/deportecapital.com.ar\/wp-content\/uploads\/2026\/02\/MARZI-3.jpg",960,960,false],"covernews-slider-full":["https:\/\/deportecapital.com.ar\/wp-content\/uploads\/2026\/02\/MARZI-3-960x715.jpg",960,715,true],"covernews-slider-center":["https:\/\/deportecapital.com.ar\/wp-content\/uploads\/2026\/02\/MARZI-3-800x500.jpg",800,500,true],"covernews-featured":["https:\/\/deportecapital.com.ar\/wp-content\/uploads\/2026\/02\/MARZI-3.jpg",960,960,false],"covernews-medium":["https:\/\/deportecapital.com.ar\/wp-content\/uploads\/2026\/02\/MARZI-3-540x340.jpg",540,340,true],"covernews-medium-square":["https:\/\/deportecapital.com.ar\/wp-content\/uploads\/2026\/02\/MARZI-3-400x250.jpg",400,250,true]},"rttpg_author":{"display_name":"Emilio Manrique","author_link":"https:\/\/deportecapital.com.ar\/index.php\/author\/emilio-manrique\/"},"rttpg_comment":0,"rttpg_category":"<a href=\"https:\/\/deportecapital.com.ar\/index.php\/category\/ajedrez\/\" rel=\"category tag\">Ajedrez<\/a>","rttpg_excerpt":"Diego De Marzi fue el ganador de la segunda fecha de partidas semirr\u00e1pidas que se...","_links":{"self":[{"href":"https:\/\/deportecapital.com.ar\/index.php\/wp-json\/wp\/v2\/posts\/55618","targetHints":{"allow":["GET"]}}],"collection":[{"href":"https:\/\/deportecapital.com.ar\/index.php\/wp-json\/wp\/v2\/posts"}],"about":[{"href":"https:\/\/deportecapital.com.ar\/index.php\/wp-json\/wp\/v2\/types\/post"}],"author":[{"embeddable":true,"href":"https:\/\/deportecapital.com.ar\/index.php\/wp-json\/wp\/v2\/users\/3"}],"replies":[{"embeddable":true,"href":"https:\/\/deportecapital.com.ar\/index.php\/wp-json\/wp\/v2\/comments?post=55618"}],"version-history":[{"count":4,"href":"https:\/\/deportecapital.com.ar\/index.php\/wp-json\/wp\/v2\/posts\/55618\/revisions"}],"predecessor-version":[{"id":55628,"href":"https:\/\/deportecapital.com.ar\/index.php\/wp-json\/wp\/v2\/posts\/55618\/revisions\/55628"}],"wp:featuredmedia":[{"embeddable":true,"href":"https:\/\/deportecapital.com.ar\/index.php\/wp-json\/wp\/v2\/media\/55621"}],"wp:attachment":[{"href":"https:\/\/deportecapital.com.ar\/index.php\/wp-json\/wp\/v2\/media?parent=55618"}],"wp:term":[{"taxonomy":"category","embeddable":true,"href":"https:\/\/deportecapital.com.ar\/index.php\/wp-json\/wp\/v2\/categories?post=55618"},{"taxonomy":"post_tag","embeddable":true,"href":"https:\/\/deportecapital.com.ar\/index.php\/wp-json\/wp\/v2\/tags?post=55618"}],"curies":[{"name":"wp","href":"https:\/\/api.w.org\/{rel}","templated":true}]}}