{"id":55715,"date":"2026-02-19T23:52:32","date_gmt":"2026-02-19T23:52:32","guid":{"rendered":"https:\/\/deportecapital.com.ar\/?p=55715"},"modified":"2026-02-24T00:44:41","modified_gmt":"2026-02-24T00:44:41","slug":"una-gran-predisposicion","status":"publish","type":"post","link":"https:\/\/deportecapital.com.ar\/index.php\/2026\/02\/19\/una-gran-predisposicion\/","title":{"rendered":"\u201cUna gran predisposici\u00f3n\u201d"},"content":{"rendered":"\t\t<div data-elementor-type=\"wp-post\" data-elementor-id=\"55715\" class=\"elementor elementor-55715\">\n\t\t\t\t<div class=\"elementor-element elementor-element-21632087 e-flex e-con-boxed e-con e-parent\" data-id=\"21632087\" data-element_type=\"container\" data-e-type=\"container\">\n\t\t\t\t\t<div class=\"e-con-inner\">\n\t\t\t\t<div class=\"elementor-element elementor-element-d30262a elementor-widget elementor-widget-text-editor\" data-id=\"d30262a\" data-element_type=\"widget\" data-e-type=\"widget\" data-widget_type=\"text-editor.default\">\n\t\t\t\t<div class=\"elementor-widget-container\">\n\t\t\t\t\t\t\t\t\t<p><em>Alejandra Martig<\/em> lleva adelante una capacitaci\u00f3n de pat\u00edn art\u00edstico destinado a entrenadores, jueces y patinadoras.<\/p><p>\u00a0<\/p><p>La cita es en el sal\u00f3n del <strong>C\u00edrculo de Suboficiales y Agentes de la polic\u00eda de La Pampa<\/strong>, en la calle Luther King 2245.<\/p><p><em>Alejandra<\/em> es t\u00e9cnica Internacional e integrante del cuerpo t\u00e9cnico nacional, adem\u00e1s de acreditar un post grado en Neurociencia aplicada al deporte.<\/p><p>En breve di\u00e1logo con esta hoja digital, admiti\u00f3 que \u201cme encontr\u00e9 con un grupo s\u00faper dispuesto a trabajar, que es muy importante, y\u00a0 una gran apertura de entrenadores, jueces y atletas, dispuestos a trabajar en equipo, lo que me permite correr un poco el l\u00edmite para desarrollar la tarea y seguir avanzando\u201d.<\/p><p>Destac\u00f3 que \u201clas patinadoras est\u00e1n en un momento muy especial, terminando la pretemporada y comenzando la etapa competitiva, con muchas ganas de trabajar. T\u00e9cnicamente est\u00e1n bien con puntos importantes a favor, logrados, y con detalles a mejorar\u201d.<\/p><p>Volvi\u00f3 a remarcar \u201cla gran predisposici\u00f3n puesta de manifiesto, lo que es fundamental para el crecimiento de cualquier atleta, y no solamente abordamos la t\u00e9cnica en s\u00ed, sino en puntos neurocognitivos durante el entrenamiento; as\u00ed que s\u00faper bien\u201d.<\/p><p>Finalmente, dijo que \u201csiempre que haya una federaci\u00f3n abierta a las capacitaciones de todos los actores, el aporte que se haga en cada jornada, mucho o poco en los entrenamientos, conduce a la mejora general del grupo y eso es muy valorable. Que el grupo tenga un crecimiento en conjunto\u201d, complet\u00f3.<\/p>\t\t\t\t\t\t\t\t<\/div>\n\t\t\t\t<\/div>\n\t\t\t\t\t<\/div>\n\t\t\t\t<\/div>\n\t\t<div class=\"elementor-element elementor-element-29888c9 e-flex e-con-boxed e-con e-parent\" data-id=\"29888c9\" data-element_type=\"container\" data-e-type=\"container\">\n\t\t\t\t\t<div class=\"e-con-inner\">\n\t\t\t\t<div class=\"elementor-element elementor-element-ac519c7 elementor-widget elementor-widget-image-gallery\" data-id=\"ac519c7\" data-element_type=\"widget\" data-e-type=\"widget\" data-widget_type=\"image-gallery.default\">\n\t\t\t\t<div class=\"elementor-widget-container\">\n\t\t\t\t\t\t\t<div class=\"elementor-image-gallery\">\n\t\t\t<div id='gallery-1' class='gallery galleryid-55715 gallery-columns-2 gallery-size-full'><figure class='gallery-item'>\n\t\t\t<div class='gallery-icon landscape'>\n\t\t\t\t<a data-elementor-open-lightbox=\"yes\" data-elementor-lightbox-slideshow=\"ac519c7\" data-elementor-lightbox-title=\"Patin Artistico\" data-e-action-hash=\"#elementor-action%3Aaction%3Dlightbox%26settings%3DeyJpZCI6NTU3MTYsInVybCI6Imh0dHBzOlwvXC9kZXBvcnRlY2FwaXRhbC5jb20uYXJcL3dwLWNvbnRlbnRcL3VwbG9hZHNcLzIwMjZcLzAyXC9MQVJHTy0xLmpwZyIsInNsaWRlc2hvdyI6ImFjNTE5YzcifQ%3D%3D\" href='https:\/\/deportecapital.com.ar\/wp-content\/uploads\/2026\/02\/LARGO-1.jpg'><img loading=\"lazy\" width=\"1920\" height=\"1085\" src=\"https:\/\/deportecapital.com.ar\/wp-content\/uploads\/2026\/02\/LARGO-1.jpg\" class=\"attachment-full size-full\" alt=\"Patin Artistico\" srcset=\"https:\/\/deportecapital.com.ar\/wp-content\/uploads\/2026\/02\/LARGO-1.jpg 1920w, https:\/\/deportecapital.com.ar\/wp-content\/uploads\/2026\/02\/LARGO-1-300x170.jpg 300w, https:\/\/deportecapital.com.ar\/wp-content\/uploads\/2026\/02\/LARGO-1-1024x579.jpg 1024w, https:\/\/deportecapital.com.ar\/wp-content\/uploads\/2026\/02\/LARGO-1-768x434.jpg 768w, https:\/\/deportecapital.com.ar\/wp-content\/uploads\/2026\/02\/LARGO-1-1536x868.jpg 1536w\" sizes=\"auto, (max-width: 1920px) 100vw, 1920px\" loading=\"lazy\" decoding=\"async\" \/><\/a>\n\t\t\t<\/div><\/figure><figure class='gallery-item'>\n\t\t\t<div class='gallery-icon landscape'>\n\t\t\t\t<a data-elementor-open-lightbox=\"yes\" data-elementor-lightbox-slideshow=\"ac519c7\" data-elementor-lightbox-title=\"Patin Artistico\" data-e-action-hash=\"#elementor-action%3Aaction%3Dlightbox%26settings%3DeyJpZCI6NTU3MTcsInVybCI6Imh0dHBzOlwvXC9kZXBvcnRlY2FwaXRhbC5jb20uYXJcL3dwLWNvbnRlbnRcL3VwbG9hZHNcLzIwMjZcLzAyXC9MQVJHTy1IT01FLmpwZyIsInNsaWRlc2hvdyI6ImFjNTE5YzcifQ%3D%3D\" href='https:\/\/deportecapital.com.ar\/wp-content\/uploads\/2026\/02\/LARGO-HOME.jpg'><img loading=\"lazy\" width=\"1920\" height=\"880\" src=\"https:\/\/deportecapital.com.ar\/wp-content\/uploads\/2026\/02\/LARGO-HOME.jpg\" class=\"attachment-full size-full\" alt=\"Patin Artistico\" srcset=\"https:\/\/deportecapital.com.ar\/wp-content\/uploads\/2026\/02\/LARGO-HOME.jpg 1920w, https:\/\/deportecapital.com.ar\/wp-content\/uploads\/2026\/02\/LARGO-HOME-300x138.jpg 300w, https:\/\/deportecapital.com.ar\/wp-content\/uploads\/2026\/02\/LARGO-HOME-1024x469.jpg 1024w, https:\/\/deportecapital.com.ar\/wp-content\/uploads\/2026\/02\/LARGO-HOME-768x352.jpg 768w, https:\/\/deportecapital.com.ar\/wp-content\/uploads\/2026\/02\/LARGO-HOME-1536x704.jpg 1536w\" sizes=\"auto, (max-width: 1920px) 100vw, 1920px\" loading=\"lazy\" decoding=\"async\" \/><\/a>\n\t\t\t<\/div><\/figure>\n\t\t<\/div>\n\t\t<\/div>\n\t\t\t\t\t\t<\/div>\n\t\t\t\t<\/div>\n\t\t\t\t\t<\/div>\n\t\t\t\t<\/div>\n\t\t\t\t<\/div>\n\t\t","protected":false},"excerpt":{"rendered":"<p>Alejandra Martig lleva adelante una capacitaci\u00f3n de pat\u00edn art\u00edstico destinado a entrenadores, jueces y patinadoras&#8230;.<\/p>\n","protected":false},"author":3,"featured_media":55717,"comment_status":"closed","ping_status":"open","sticky":false,"template":"","format":"standard","meta":{"footnotes":""},"categories":[36],"tags":[],"class_list":["post-55715","post","type-post","status-publish","format-standard","has-post-thumbnail","hentry","category-patin-artistico"],"yoast_head":"<!-- This site is optimized with the Yoast SEO plugin v27.5 - https:\/\/yoast.com\/product\/yoast-seo-wordpress\/ -->\n<title>\u201cUna gran predisposici\u00f3n\u201d - Deporte Capital<\/title>\n<meta name=\"robots\" content=\"index, follow, max-snippet:-1, max-image-preview:large, max-video-preview:-1\" \/>\n<link rel=\"canonical\" href=\"https:\/\/deportecapital.com.ar\/index.php\/2026\/02\/19\/una-gran-predisposicion\/\" \/>\n<meta property=\"og:locale\" content=\"es_ES\" \/>\n<meta property=\"og:type\" content=\"article\" \/>\n<meta property=\"og:title\" content=\"\u201cUna gran predisposici\u00f3n\u201d - Deporte Capital\" \/>\n<meta property=\"og:description\" content=\"Alejandra Martig lleva adelante una capacitaci\u00f3n de pat\u00edn art\u00edstico destinado a entrenadores, jueces y patinadoras....\" \/>\n<meta property=\"og:url\" content=\"https:\/\/deportecapital.com.ar\/index.php\/2026\/02\/19\/una-gran-predisposicion\/\" \/>\n<meta property=\"og:site_name\" content=\"Deporte Capital\" \/>\n<meta property=\"article:published_time\" content=\"2026-02-19T23:52:32+00:00\" \/>\n<meta property=\"article:modified_time\" content=\"2026-02-24T00:44:41+00:00\" \/>\n<meta property=\"og:image\" content=\"https:\/\/deportecapital.com.ar\/wp-content\/uploads\/2026\/02\/LARGO-HOME.jpg\" \/>\n\t<meta property=\"og:image:width\" content=\"1920\" \/>\n\t<meta property=\"og:image:height\" content=\"880\" \/>\n\t<meta property=\"og:image:type\" content=\"image\/jpeg\" \/>\n<meta name=\"author\" content=\"Emilio Manrique\" \/>\n<meta name=\"twitter:card\" content=\"summary_large_image\" \/>\n<meta name=\"twitter:label1\" content=\"Escrito por\" \/>\n\t<meta name=\"twitter:data1\" content=\"Emilio Manrique\" \/>\n\t<meta name=\"twitter:label2\" content=\"Tiempo de lectura\" \/>\n\t<meta name=\"twitter:data2\" content=\"2 minutos\" \/>\n<script type=\"application\/ld+json\" class=\"yoast-schema-graph\">{\"@context\":\"https:\\\/\\\/schema.org\",\"@graph\":[{\"@type\":\"Article\",\"@id\":\"https:\\\/\\\/deportecapital.com.ar\\\/index.php\\\/2026\\\/02\\\/19\\\/una-gran-predisposicion\\\/#article\",\"isPartOf\":{\"@id\":\"https:\\\/\\\/deportecapital.com.ar\\\/index.php\\\/2026\\\/02\\\/19\\\/una-gran-predisposicion\\\/\"},\"author\":{\"name\":\"Emilio Manrique\",\"@id\":\"https:\\\/\\\/deportecapital.com.ar\\\/#\\\/schema\\\/person\\\/9cd40456048dd30733b1d6749eca5de8\"},\"headline\":\"\u201cUna gran predisposici\u00f3n\u201d\",\"datePublished\":\"2026-02-19T23:52:32+00:00\",\"dateModified\":\"2026-02-24T00:44:41+00:00\",\"mainEntityOfPage\":{\"@id\":\"https:\\\/\\\/deportecapital.com.ar\\\/index.php\\\/2026\\\/02\\\/19\\\/una-gran-predisposicion\\\/\"},\"wordCount\":260,\"publisher\":{\"@id\":\"https:\\\/\\\/deportecapital.com.ar\\\/#organization\"},\"image\":{\"@id\":\"https:\\\/\\\/deportecapital.com.ar\\\/index.php\\\/2026\\\/02\\\/19\\\/una-gran-predisposicion\\\/#primaryimage\"},\"thumbnailUrl\":\"https:\\\/\\\/deportecapital.com.ar\\\/wp-content\\\/uploads\\\/2026\\\/02\\\/LARGO-HOME.jpg\",\"articleSection\":[\"Patin Artistico\"],\"inLanguage\":\"es-AR\"},{\"@type\":\"WebPage\",\"@id\":\"https:\\\/\\\/deportecapital.com.ar\\\/index.php\\\/2026\\\/02\\\/19\\\/una-gran-predisposicion\\\/\",\"url\":\"https:\\\/\\\/deportecapital.com.ar\\\/index.php\\\/2026\\\/02\\\/19\\\/una-gran-predisposicion\\\/\",\"name\":\"\u201cUna gran predisposici\u00f3n\u201d - Deporte Capital\",\"isPartOf\":{\"@id\":\"https:\\\/\\\/deportecapital.com.ar\\\/#website\"},\"primaryImageOfPage\":{\"@id\":\"https:\\\/\\\/deportecapital.com.ar\\\/index.php\\\/2026\\\/02\\\/19\\\/una-gran-predisposicion\\\/#primaryimage\"},\"image\":{\"@id\":\"https:\\\/\\\/deportecapital.com.ar\\\/index.php\\\/2026\\\/02\\\/19\\\/una-gran-predisposicion\\\/#primaryimage\"},\"thumbnailUrl\":\"https:\\\/\\\/deportecapital.com.ar\\\/wp-content\\\/uploads\\\/2026\\\/02\\\/LARGO-HOME.jpg\",\"datePublished\":\"2026-02-19T23:52:32+00:00\",\"dateModified\":\"2026-02-24T00:44:41+00:00\",\"breadcrumb\":{\"@id\":\"https:\\\/\\\/deportecapital.com.ar\\\/index.php\\\/2026\\\/02\\\/19\\\/una-gran-predisposicion\\\/#breadcrumb\"},\"inLanguage\":\"es-AR\",\"potentialAction\":[{\"@type\":\"ReadAction\",\"target\":[\"https:\\\/\\\/deportecapital.com.ar\\\/index.php\\\/2026\\\/02\\\/19\\\/una-gran-predisposicion\\\/\"]}]},{\"@type\":\"ImageObject\",\"inLanguage\":\"es-AR\",\"@id\":\"https:\\\/\\\/deportecapital.com.ar\\\/index.php\\\/2026\\\/02\\\/19\\\/una-gran-predisposicion\\\/#primaryimage\",\"url\":\"https:\\\/\\\/deportecapital.com.ar\\\/wp-content\\\/uploads\\\/2026\\\/02\\\/LARGO-HOME.jpg\",\"contentUrl\":\"https:\\\/\\\/deportecapital.com.ar\\\/wp-content\\\/uploads\\\/2026\\\/02\\\/LARGO-HOME.jpg\",\"width\":1920,\"height\":880},{\"@type\":\"BreadcrumbList\",\"@id\":\"https:\\\/\\\/deportecapital.com.ar\\\/index.php\\\/2026\\\/02\\\/19\\\/una-gran-predisposicion\\\/#breadcrumb\",\"itemListElement\":[{\"@type\":\"ListItem\",\"position\":1,\"name\":\"Inicio\",\"item\":\"https:\\\/\\\/deportecapital.com.ar\\\/\"},{\"@type\":\"ListItem\",\"position\":2,\"name\":\"\u201cUna gran predisposici\u00f3n\u201d\"}]},{\"@type\":\"WebSite\",\"@id\":\"https:\\\/\\\/deportecapital.com.ar\\\/#website\",\"url\":\"https:\\\/\\\/deportecapital.com.ar\\\/\",\"name\":\"Deporte Capital\",\"description\":\"Diario digital con todo el deporte de La Pampa y alrededores.\",\"publisher\":{\"@id\":\"https:\\\/\\\/deportecapital.com.ar\\\/#organization\"},\"potentialAction\":[{\"@type\":\"SearchAction\",\"target\":{\"@type\":\"EntryPoint\",\"urlTemplate\":\"https:\\\/\\\/deportecapital.com.ar\\\/?s={search_term_string}\"},\"query-input\":{\"@type\":\"PropertyValueSpecification\",\"valueRequired\":true,\"valueName\":\"search_term_string\"}}],\"inLanguage\":\"es-AR\"},{\"@type\":\"Organization\",\"@id\":\"https:\\\/\\\/deportecapital.com.ar\\\/#organization\",\"name\":\"Deporte Capital\",\"url\":\"https:\\\/\\\/deportecapital.com.ar\\\/\",\"logo\":{\"@type\":\"ImageObject\",\"inLanguage\":\"es-AR\",\"@id\":\"https:\\\/\\\/deportecapital.com.ar\\\/#\\\/schema\\\/logo\\\/image\\\/\",\"url\":\"https:\\\/\\\/deportecapital.com.ar\\\/wp-content\\\/uploads\\\/2025\\\/06\\\/logo-deportecapital_white-1.png\",\"contentUrl\":\"https:\\\/\\\/deportecapital.com.ar\\\/wp-content\\\/uploads\\\/2025\\\/06\\\/logo-deportecapital_white-1.png\",\"width\":243,\"height\":111,\"caption\":\"Deporte Capital\"},\"image\":{\"@id\":\"https:\\\/\\\/deportecapital.com.ar\\\/#\\\/schema\\\/logo\\\/image\\\/\"}},{\"@type\":\"Person\",\"@id\":\"https:\\\/\\\/deportecapital.com.ar\\\/#\\\/schema\\\/person\\\/9cd40456048dd30733b1d6749eca5de8\",\"name\":\"Emilio Manrique\",\"image\":{\"@type\":\"ImageObject\",\"inLanguage\":\"es-AR\",\"@id\":\"https:\\\/\\\/secure.gravatar.com\\\/avatar\\\/005c696496b156e30819f271efdd20348da8f41b5d5653680fd363162bbeb3bb?s=96&d=mm&r=g\",\"url\":\"https:\\\/\\\/secure.gravatar.com\\\/avatar\\\/005c696496b156e30819f271efdd20348da8f41b5d5653680fd363162bbeb3bb?s=96&d=mm&r=g\",\"contentUrl\":\"https:\\\/\\\/secure.gravatar.com\\\/avatar\\\/005c696496b156e30819f271efdd20348da8f41b5d5653680fd363162bbeb3bb?s=96&d=mm&r=g\",\"caption\":\"Emilio Manrique\"},\"url\":\"https:\\\/\\\/deportecapital.com.ar\\\/index.php\\\/author\\\/emilio-manrique\\\/\"}]}<\/script>\n<!-- \/ Yoast SEO plugin. -->","yoast_head_json":{"title":"\u201cUna gran predisposici\u00f3n\u201d - Deporte Capital","robots":{"index":"index","follow":"follow","max-snippet":"max-snippet:-1","max-image-preview":"max-image-preview:large","max-video-preview":"max-video-preview:-1"},"canonical":"https:\/\/deportecapital.com.ar\/index.php\/2026\/02\/19\/una-gran-predisposicion\/","og_locale":"es_ES","og_type":"article","og_title":"\u201cUna gran predisposici\u00f3n\u201d - Deporte Capital","og_description":"Alejandra Martig lleva adelante una capacitaci\u00f3n de pat\u00edn art\u00edstico destinado a entrenadores, jueces y patinadoras....","og_url":"https:\/\/deportecapital.com.ar\/index.php\/2026\/02\/19\/una-gran-predisposicion\/","og_site_name":"Deporte Capital","article_published_time":"2026-02-19T23:52:32+00:00","article_modified_time":"2026-02-24T00:44:41+00:00","og_image":[{"width":1920,"height":880,"url":"https:\/\/deportecapital.com.ar\/wp-content\/uploads\/2026\/02\/LARGO-HOME.jpg","type":"image\/jpeg"}],"author":"Emilio Manrique","twitter_card":"summary_large_image","twitter_misc":{"Escrito por":"Emilio Manrique","Tiempo de lectura":"2 minutos"},"schema":{"@context":"https:\/\/schema.org","@graph":[{"@type":"Article","@id":"https:\/\/deportecapital.com.ar\/index.php\/2026\/02\/19\/una-gran-predisposicion\/#article","isPartOf":{"@id":"https:\/\/deportecapital.com.ar\/index.php\/2026\/02\/19\/una-gran-predisposicion\/"},"author":{"name":"Emilio Manrique","@id":"https:\/\/deportecapital.com.ar\/#\/schema\/person\/9cd40456048dd30733b1d6749eca5de8"},"headline":"\u201cUna gran predisposici\u00f3n\u201d","datePublished":"2026-02-19T23:52:32+00:00","dateModified":"2026-02-24T00:44:41+00:00","mainEntityOfPage":{"@id":"https:\/\/deportecapital.com.ar\/index.php\/2026\/02\/19\/una-gran-predisposicion\/"},"wordCount":260,"publisher":{"@id":"https:\/\/deportecapital.com.ar\/#organization"},"image":{"@id":"https:\/\/deportecapital.com.ar\/index.php\/2026\/02\/19\/una-gran-predisposicion\/#primaryimage"},"thumbnailUrl":"https:\/\/deportecapital.com.ar\/wp-content\/uploads\/2026\/02\/LARGO-HOME.jpg","articleSection":["Patin Artistico"],"inLanguage":"es-AR"},{"@type":"WebPage","@id":"https:\/\/deportecapital.com.ar\/index.php\/2026\/02\/19\/una-gran-predisposicion\/","url":"https:\/\/deportecapital.com.ar\/index.php\/2026\/02\/19\/una-gran-predisposicion\/","name":"\u201cUna gran predisposici\u00f3n\u201d - Deporte Capital","isPartOf":{"@id":"https:\/\/deportecapital.com.ar\/#website"},"primaryImageOfPage":{"@id":"https:\/\/deportecapital.com.ar\/index.php\/2026\/02\/19\/una-gran-predisposicion\/#primaryimage"},"image":{"@id":"https:\/\/deportecapital.com.ar\/index.php\/2026\/02\/19\/una-gran-predisposicion\/#primaryimage"},"thumbnailUrl":"https:\/\/deportecapital.com.ar\/wp-content\/uploads\/2026\/02\/LARGO-HOME.jpg","datePublished":"2026-02-19T23:52:32+00:00","dateModified":"2026-02-24T00:44:41+00:00","breadcrumb":{"@id":"https:\/\/deportecapital.com.ar\/index.php\/2026\/02\/19\/una-gran-predisposicion\/#breadcrumb"},"inLanguage":"es-AR","potentialAction":[{"@type":"ReadAction","target":["https:\/\/deportecapital.com.ar\/index.php\/2026\/02\/19\/una-gran-predisposicion\/"]}]},{"@type":"ImageObject","inLanguage":"es-AR","@id":"https:\/\/deportecapital.com.ar\/index.php\/2026\/02\/19\/una-gran-predisposicion\/#primaryimage","url":"https:\/\/deportecapital.com.ar\/wp-content\/uploads\/2026\/02\/LARGO-HOME.jpg","contentUrl":"https:\/\/deportecapital.com.ar\/wp-content\/uploads\/2026\/02\/LARGO-HOME.jpg","width":1920,"height":880},{"@type":"BreadcrumbList","@id":"https:\/\/deportecapital.com.ar\/index.php\/2026\/02\/19\/una-gran-predisposicion\/#breadcrumb","itemListElement":[{"@type":"ListItem","position":1,"name":"Inicio","item":"https:\/\/deportecapital.com.ar\/"},{"@type":"ListItem","position":2,"name":"\u201cUna gran predisposici\u00f3n\u201d"}]},{"@type":"WebSite","@id":"https:\/\/deportecapital.com.ar\/#website","url":"https:\/\/deportecapital.com.ar\/","name":"Deporte Capital","description":"Diario digital con todo el deporte de La Pampa y alrededores.","publisher":{"@id":"https:\/\/deportecapital.com.ar\/#organization"},"potentialAction":[{"@type":"SearchAction","target":{"@type":"EntryPoint","urlTemplate":"https:\/\/deportecapital.com.ar\/?s={search_term_string}"},"query-input":{"@type":"PropertyValueSpecification","valueRequired":true,"valueName":"search_term_string"}}],"inLanguage":"es-AR"},{"@type":"Organization","@id":"https:\/\/deportecapital.com.ar\/#organization","name":"Deporte Capital","url":"https:\/\/deportecapital.com.ar\/","logo":{"@type":"ImageObject","inLanguage":"es-AR","@id":"https:\/\/deportecapital.com.ar\/#\/schema\/logo\/image\/","url":"https:\/\/deportecapital.com.ar\/wp-content\/uploads\/2025\/06\/logo-deportecapital_white-1.png","contentUrl":"https:\/\/deportecapital.com.ar\/wp-content\/uploads\/2025\/06\/logo-deportecapital_white-1.png","width":243,"height":111,"caption":"Deporte Capital"},"image":{"@id":"https:\/\/deportecapital.com.ar\/#\/schema\/logo\/image\/"}},{"@type":"Person","@id":"https:\/\/deportecapital.com.ar\/#\/schema\/person\/9cd40456048dd30733b1d6749eca5de8","name":"Emilio Manrique","image":{"@type":"ImageObject","inLanguage":"es-AR","@id":"https:\/\/secure.gravatar.com\/avatar\/005c696496b156e30819f271efdd20348da8f41b5d5653680fd363162bbeb3bb?s=96&d=mm&r=g","url":"https:\/\/secure.gravatar.com\/avatar\/005c696496b156e30819f271efdd20348da8f41b5d5653680fd363162bbeb3bb?s=96&d=mm&r=g","contentUrl":"https:\/\/secure.gravatar.com\/avatar\/005c696496b156e30819f271efdd20348da8f41b5d5653680fd363162bbeb3bb?s=96&d=mm&r=g","caption":"Emilio Manrique"},"url":"https:\/\/deportecapital.com.ar\/index.php\/author\/emilio-manrique\/"}]}},"rttpg_featured_image_url":{"full":["https:\/\/deportecapital.com.ar\/wp-content\/uploads\/2026\/02\/LARGO-HOME.jpg",1920,880,false],"landscape":["https:\/\/deportecapital.com.ar\/wp-content\/uploads\/2026\/02\/LARGO-HOME.jpg",1920,880,false],"portraits":["https:\/\/deportecapital.com.ar\/wp-content\/uploads\/2026\/02\/LARGO-HOME.jpg",1920,880,false],"thumbnail":["https:\/\/deportecapital.com.ar\/wp-content\/uploads\/2026\/02\/LARGO-HOME-150x150.jpg",150,150,true],"medium":["https:\/\/deportecapital.com.ar\/wp-content\/uploads\/2026\/02\/LARGO-HOME-300x138.jpg",300,138,true],"large":["https:\/\/deportecapital.com.ar\/wp-content\/uploads\/2026\/02\/LARGO-HOME-1024x469.jpg",640,293,true],"1536x1536":["https:\/\/deportecapital.com.ar\/wp-content\/uploads\/2026\/02\/LARGO-HOME-1536x704.jpg",1536,704,true],"2048x2048":["https:\/\/deportecapital.com.ar\/wp-content\/uploads\/2026\/02\/LARGO-HOME.jpg",1920,880,false],"covernews-slider-full":["https:\/\/deportecapital.com.ar\/wp-content\/uploads\/2026\/02\/LARGO-HOME-1115x715.jpg",1115,715,true],"covernews-slider-center":["https:\/\/deportecapital.com.ar\/wp-content\/uploads\/2026\/02\/LARGO-HOME-800x500.jpg",800,500,true],"covernews-featured":["https:\/\/deportecapital.com.ar\/wp-content\/uploads\/2026\/02\/LARGO-HOME-1024x469.jpg",1024,469,true],"covernews-medium":["https:\/\/deportecapital.com.ar\/wp-content\/uploads\/2026\/02\/LARGO-HOME-540x340.jpg",540,340,true],"covernews-medium-square":["https:\/\/deportecapital.com.ar\/wp-content\/uploads\/2026\/02\/LARGO-HOME-400x250.jpg",400,250,true]},"rttpg_author":{"display_name":"Emilio Manrique","author_link":"https:\/\/deportecapital.com.ar\/index.php\/author\/emilio-manrique\/"},"rttpg_comment":0,"rttpg_category":"<a href=\"https:\/\/deportecapital.com.ar\/index.php\/category\/patin-artistico\/\" rel=\"category tag\">Patin Artistico<\/a>","rttpg_excerpt":"Alejandra Martig lleva adelante una capacitaci\u00f3n de pat\u00edn art\u00edstico destinado a entrenadores, jueces y patinadoras....","_links":{"self":[{"href":"https:\/\/deportecapital.com.ar\/index.php\/wp-json\/wp\/v2\/posts\/55715","targetHints":{"allow":["GET"]}}],"collection":[{"href":"https:\/\/deportecapital.com.ar\/index.php\/wp-json\/wp\/v2\/posts"}],"about":[{"href":"https:\/\/deportecapital.com.ar\/index.php\/wp-json\/wp\/v2\/types\/post"}],"author":[{"embeddable":true,"href":"https:\/\/deportecapital.com.ar\/index.php\/wp-json\/wp\/v2\/users\/3"}],"replies":[{"embeddable":true,"href":"https:\/\/deportecapital.com.ar\/index.php\/wp-json\/wp\/v2\/comments?post=55715"}],"version-history":[{"count":5,"href":"https:\/\/deportecapital.com.ar\/index.php\/wp-json\/wp\/v2\/posts\/55715\/revisions"}],"predecessor-version":[{"id":55722,"href":"https:\/\/deportecapital.com.ar\/index.php\/wp-json\/wp\/v2\/posts\/55715\/revisions\/55722"}],"wp:featuredmedia":[{"embeddable":true,"href":"https:\/\/deportecapital.com.ar\/index.php\/wp-json\/wp\/v2\/media\/55717"}],"wp:attachment":[{"href":"https:\/\/deportecapital.com.ar\/index.php\/wp-json\/wp\/v2\/media?parent=55715"}],"wp:term":[{"taxonomy":"category","embeddable":true,"href":"https:\/\/deportecapital.com.ar\/index.php\/wp-json\/wp\/v2\/categories?post=55715"},{"taxonomy":"post_tag","embeddable":true,"href":"https:\/\/deportecapital.com.ar\/index.php\/wp-json\/wp\/v2\/tags?post=55715"}],"curies":[{"name":"wp","href":"https:\/\/api.w.org\/{rel}","templated":true}]}}