{"id":55930,"date":"2026-03-06T01:53:32","date_gmt":"2026-03-06T01:53:32","guid":{"rendered":"https:\/\/deportecapital.com.ar\/?p=55930"},"modified":"2026-03-09T00:11:36","modified_gmt":"2026-03-09T00:11:36","slug":"el-cestoball-a-la-copa-interamericana","status":"publish","type":"post","link":"https:\/\/deportecapital.com.ar\/index.php\/2026\/03\/06\/el-cestoball-a-la-copa-interamericana\/","title":{"rendered":"El Cestoball a la Copa Interamericana"},"content":{"rendered":"\t\t<div data-elementor-type=\"wp-post\" data-elementor-id=\"55930\" class=\"elementor elementor-55930\">\n\t\t\t\t<div class=\"elementor-element elementor-element-23807acf e-flex e-con-boxed e-con e-parent\" data-id=\"23807acf\" data-element_type=\"container\" data-e-type=\"container\">\n\t\t\t\t\t<div class=\"e-con-inner\">\n\t\t\t\t<div class=\"elementor-element elementor-element-593e8a0a elementor-widget elementor-widget-text-editor\" data-id=\"593e8a0a\" data-element_type=\"widget\" data-e-type=\"widget\" data-widget_type=\"text-editor.default\">\n\t\t\t\t<div class=\"elementor-widget-container\">\n\t\t\t\t\t\t\t\t\t<p>Del 1 al 3 de marzo en la <strong>ciudad Aut\u00f3noma de Buenos Aires<\/strong> se concentr\u00f3 la <strong>Selecci\u00f3n Argentina<\/strong> femenina de cestoball.<\/p><p>\u00a0<\/p><p>Inici\u00f3 as\u00ed su preparaci\u00f3n para la disputa de la <strong>Copa Interamericana<\/strong> ante <strong>Rep\u00fablica<\/strong> <strong>Dominicana<\/strong>, en el mes de mayo.<\/p><p>Las jugadoras a cargo de la entrenadora <em>Manu Ledo<\/em> y del preparador f\u00edsico <em>Garc\u00eda Bayer<\/em> realizaron trabajos t\u00e1cticos, estrat\u00e9gicos y f\u00edsicos.<\/p><p>Adem\u00e1s, se llev\u00f3 a cabo el cl\u00e1sico partido de cada ventana de entrenamiento entre los equipos de <strong>Argentina Negro<\/strong> y <strong>Argentina<\/strong> <strong>Celeste<\/strong>, con victoria de 68 a 60 para el conjunto de camiseta celeste.<\/p><p><strong>Argentina<\/strong> es el vigente <strong>Campe\u00f3n del Mundo<\/strong>, tanto en la rama femenina como masculina, tras ganar las finales del Mundial 2023 en India ante los seleccionados locales.<\/p><p>Este deporte argentino creado por <em>Enrique Romero Brest<\/em> -padre de la Educaci\u00f3n F\u00edsica en nuestro pa\u00eds- cuenta cada vez con m\u00e1s pa\u00edses que lo practican a nivel mundial, siendo las potencias Argentina, India, Francia, Sri Lanka y Rep\u00fablica Dominicana, sum\u00e1ndose en el siguiente escal\u00f3n <strong>Bangladesh, Kenia, Camer\u00fan, Zimbabue, Om\u00e1n, Emiratos \u00c1rabes, Espa\u00f1a<\/strong> y adem\u00e1s con la novedad de los contactos realizados con <strong>Brasil<\/strong> para empezar formalmente su pr\u00e1ctica.<\/p><p>En cuanto al Seleccionado masculino, se concentrar\u00e1 los d\u00edas 21, 22 y 23 de Marzo en <strong>Santiago del Estero<\/strong>, tambi\u00e9n con el objetivo de jugar la Copa Interamericana, y se prev\u00e9 la realizaci\u00f3n de un test match entre <strong>Argentina<\/strong> y la <strong>Selecci\u00f3n de Santiago del Estero<\/strong>, adem\u00e1s de jugarse la versi\u00f3n masculina de <strong>Argentina Negro<\/strong> vs <strong>Argentina<\/strong> <strong>Celeste<\/strong>.<\/p><p><strong>Info: Juan Payllalef<\/strong><\/p><p><strong>Im\u00e1genes: maxo.fotos<\/strong><\/p>\t\t\t\t\t\t\t\t<\/div>\n\t\t\t\t<\/div>\n\t\t\t\t\t<\/div>\n\t\t\t\t<\/div>\n\t\t<div class=\"elementor-element elementor-element-5173ff9 e-flex e-con-boxed e-con e-parent\" data-id=\"5173ff9\" data-element_type=\"container\" data-e-type=\"container\">\n\t\t\t\t\t<div class=\"e-con-inner\">\n\t\t\t\t<div class=\"elementor-element elementor-element-5ef67f5 elementor-widget elementor-widget-image-gallery\" data-id=\"5ef67f5\" data-element_type=\"widget\" data-e-type=\"widget\" data-widget_type=\"image-gallery.default\">\n\t\t\t\t<div class=\"elementor-widget-container\">\n\t\t\t\t\t\t\t<div class=\"elementor-image-gallery\">\n\t\t\t\n<a data-elementor-open-lightbox=\"yes\" data-elementor-lightbox-slideshow=\"5ef67f5\" data-elementor-lightbox-title=\"Cesto\" data-e-action-hash=\"#elementor-action%3Aaction%3Dlightbox%26settings%3DeyJpZCI6NTU5MzIsInVybCI6Imh0dHBzOlwvXC9kZXBvcnRlY2FwaXRhbC5jb20uYXJcL3dwLWNvbnRlbnRcL3VwbG9hZHNcLzIwMjZcLzAzXC9TZWxlY2Npb24tQXJnZW50aW5hLWRlLUNlc3RvYmFsbC0wMS5qcGciLCJzbGlkZXNob3ciOiI1ZWY2N2Y1In0%3D\" href='https:\/\/deportecapital.com.ar\/wp-content\/uploads\/2026\/03\/Seleccion-Argentina-de-Cestoball-01.jpg'><img loading=\"lazy\" width=\"1314\" height=\"875\" src=\"https:\/\/deportecapital.com.ar\/wp-content\/uploads\/2026\/03\/Seleccion-Argentina-de-Cestoball-01.jpg\" class=\"attachment-full size-full\" alt=\"Cesto\" srcset=\"https:\/\/deportecapital.com.ar\/wp-content\/uploads\/2026\/03\/Seleccion-Argentina-de-Cestoball-01.jpg 1314w, https:\/\/deportecapital.com.ar\/wp-content\/uploads\/2026\/03\/Seleccion-Argentina-de-Cestoball-01-300x200.jpg 300w, https:\/\/deportecapital.com.ar\/wp-content\/uploads\/2026\/03\/Seleccion-Argentina-de-Cestoball-01-1024x682.jpg 1024w, https:\/\/deportecapital.com.ar\/wp-content\/uploads\/2026\/03\/Seleccion-Argentina-de-Cestoball-01-768x511.jpg 768w\" sizes=\"auto, (max-width: 1314px) 100vw, 1314px\" loading=\"lazy\" decoding=\"async\" \/><\/a>\n<a data-elementor-open-lightbox=\"yes\" data-elementor-lightbox-slideshow=\"5ef67f5\" data-elementor-lightbox-title=\"Cesto\" data-e-action-hash=\"#elementor-action%3Aaction%3Dlightbox%26settings%3DeyJpZCI6NTU5MzUsInVybCI6Imh0dHBzOlwvXC9kZXBvcnRlY2FwaXRhbC5jb20uYXJcL3dwLWNvbnRlbnRcL3VwbG9hZHNcLzIwMjZcLzAzXC9TZWxlY2Npb24tQXJnZW50aW5hLWRlLUNlc3RvYmFsbC0wNC5qcGciLCJzbGlkZXNob3ciOiI1ZWY2N2Y1In0%3D\" href='https:\/\/deportecapital.com.ar\/wp-content\/uploads\/2026\/03\/Seleccion-Argentina-de-Cestoball-04.jpg'><img loading=\"lazy\" width=\"1314\" height=\"877\" src=\"https:\/\/deportecapital.com.ar\/wp-content\/uploads\/2026\/03\/Seleccion-Argentina-de-Cestoball-04.jpg\" class=\"attachment-full size-full\" alt=\"Cesto\" srcset=\"https:\/\/deportecapital.com.ar\/wp-content\/uploads\/2026\/03\/Seleccion-Argentina-de-Cestoball-04.jpg 1314w, https:\/\/deportecapital.com.ar\/wp-content\/uploads\/2026\/03\/Seleccion-Argentina-de-Cestoball-04-300x200.jpg 300w, https:\/\/deportecapital.com.ar\/wp-content\/uploads\/2026\/03\/Seleccion-Argentina-de-Cestoball-04-1024x683.jpg 1024w, https:\/\/deportecapital.com.ar\/wp-content\/uploads\/2026\/03\/Seleccion-Argentina-de-Cestoball-04-768x513.jpg 768w\" sizes=\"auto, (max-width: 1314px) 100vw, 1314px\" loading=\"lazy\" decoding=\"async\" \/><\/a>\n<a data-elementor-open-lightbox=\"yes\" data-elementor-lightbox-slideshow=\"5ef67f5\" data-elementor-lightbox-title=\"Cesto\" data-e-action-hash=\"#elementor-action%3Aaction%3Dlightbox%26settings%3DeyJpZCI6NTU5MzQsInVybCI6Imh0dHBzOlwvXC9kZXBvcnRlY2FwaXRhbC5jb20uYXJcL3dwLWNvbnRlbnRcL3VwbG9hZHNcLzIwMjZcLzAzXC9TZWxlY2Npb24tQXJnZW50aW5hLWRlLUNlc3RvYmFsbC0wMy5qcGciLCJzbGlkZXNob3ciOiI1ZWY2N2Y1In0%3D\" href='https:\/\/deportecapital.com.ar\/wp-content\/uploads\/2026\/03\/Seleccion-Argentina-de-Cestoball-03.jpg'><img loading=\"lazy\" width=\"1313\" height=\"873\" src=\"https:\/\/deportecapital.com.ar\/wp-content\/uploads\/2026\/03\/Seleccion-Argentina-de-Cestoball-03.jpg\" class=\"attachment-full size-full\" alt=\"Cesto\" srcset=\"https:\/\/deportecapital.com.ar\/wp-content\/uploads\/2026\/03\/Seleccion-Argentina-de-Cestoball-03.jpg 1313w, https:\/\/deportecapital.com.ar\/wp-content\/uploads\/2026\/03\/Seleccion-Argentina-de-Cestoball-03-300x199.jpg 300w, https:\/\/deportecapital.com.ar\/wp-content\/uploads\/2026\/03\/Seleccion-Argentina-de-Cestoball-03-1024x681.jpg 1024w, https:\/\/deportecapital.com.ar\/wp-content\/uploads\/2026\/03\/Seleccion-Argentina-de-Cestoball-03-768x511.jpg 768w\" sizes=\"auto, (max-width: 1313px) 100vw, 1313px\" loading=\"lazy\" decoding=\"async\" \/><\/a>\n<a data-elementor-open-lightbox=\"yes\" data-elementor-lightbox-slideshow=\"5ef67f5\" data-elementor-lightbox-title=\"Cesto\" data-e-action-hash=\"#elementor-action%3Aaction%3Dlightbox%26settings%3DeyJpZCI6NTU5MzMsInVybCI6Imh0dHBzOlwvXC9kZXBvcnRlY2FwaXRhbC5jb20uYXJcL3dwLWNvbnRlbnRcL3VwbG9hZHNcLzIwMjZcLzAzXC9TZWxlY2Npb24tQXJnZW50aW5hLWRlLUNlc3RvYmFsbC0wMi5qcGciLCJzbGlkZXNob3ciOiI1ZWY2N2Y1In0%3D\" href='https:\/\/deportecapital.com.ar\/wp-content\/uploads\/2026\/03\/Seleccion-Argentina-de-Cestoball-02.jpg'><img loading=\"lazy\" width=\"1313\" height=\"873\" src=\"https:\/\/deportecapital.com.ar\/wp-content\/uploads\/2026\/03\/Seleccion-Argentina-de-Cestoball-02.jpg\" class=\"attachment-full size-full\" alt=\"Cesto\" srcset=\"https:\/\/deportecapital.com.ar\/wp-content\/uploads\/2026\/03\/Seleccion-Argentina-de-Cestoball-02.jpg 1313w, https:\/\/deportecapital.com.ar\/wp-content\/uploads\/2026\/03\/Seleccion-Argentina-de-Cestoball-02-300x199.jpg 300w, https:\/\/deportecapital.com.ar\/wp-content\/uploads\/2026\/03\/Seleccion-Argentina-de-Cestoball-02-1024x681.jpg 1024w, https:\/\/deportecapital.com.ar\/wp-content\/uploads\/2026\/03\/Seleccion-Argentina-de-Cestoball-02-768x511.jpg 768w\" sizes=\"auto, (max-width: 1313px) 100vw, 1313px\" loading=\"lazy\" decoding=\"async\" \/><\/a>\n\t\t<\/div>\n\t\t\t\t\t\t<\/div>\n\t\t\t\t<\/div>\n\t\t\t\t\t<\/div>\n\t\t\t\t<\/div>\n\t\t\t\t<\/div>\n\t\t","protected":false},"excerpt":{"rendered":"<p>Del 1 al 3 de marzo en la ciudad Aut\u00f3noma de Buenos Aires se concentr\u00f3&#8230;<\/p>\n","protected":false},"author":3,"featured_media":55932,"comment_status":"closed","ping_status":"open","sticky":false,"template":"","format":"standard","meta":{"footnotes":""},"categories":[13],"tags":[],"class_list":["post-55930","post","type-post","status-publish","format-standard","has-post-thumbnail","hentry","category-cesto"],"yoast_head":"<!-- This site is optimized with the Yoast SEO plugin v27.5 - https:\/\/yoast.com\/product\/yoast-seo-wordpress\/ -->\n<title>El Cestoball a la Copa Interamericana - Deporte Capital<\/title>\n<meta name=\"robots\" content=\"index, follow, max-snippet:-1, max-image-preview:large, max-video-preview:-1\" \/>\n<link rel=\"canonical\" href=\"https:\/\/deportecapital.com.ar\/index.php\/2026\/03\/06\/el-cestoball-a-la-copa-interamericana\/\" \/>\n<meta property=\"og:locale\" content=\"es_ES\" \/>\n<meta property=\"og:type\" content=\"article\" \/>\n<meta property=\"og:title\" content=\"El Cestoball a la Copa Interamericana - Deporte Capital\" \/>\n<meta property=\"og:description\" content=\"Del 1 al 3 de marzo en la ciudad Aut\u00f3noma de Buenos Aires se concentr\u00f3...\" \/>\n<meta property=\"og:url\" content=\"https:\/\/deportecapital.com.ar\/index.php\/2026\/03\/06\/el-cestoball-a-la-copa-interamericana\/\" \/>\n<meta property=\"og:site_name\" content=\"Deporte Capital\" \/>\n<meta property=\"article:published_time\" content=\"2026-03-06T01:53:32+00:00\" \/>\n<meta property=\"article:modified_time\" content=\"2026-03-09T00:11:36+00:00\" \/>\n<meta property=\"og:image\" content=\"https:\/\/deportecapital.com.ar\/wp-content\/uploads\/2026\/03\/Seleccion-Argentina-de-Cestoball-01.jpg\" \/>\n\t<meta property=\"og:image:width\" content=\"1314\" \/>\n\t<meta property=\"og:image:height\" content=\"875\" \/>\n\t<meta property=\"og:image:type\" content=\"image\/jpeg\" \/>\n<meta name=\"author\" content=\"Emilio Manrique\" \/>\n<meta name=\"twitter:card\" content=\"summary_large_image\" \/>\n<meta name=\"twitter:label1\" content=\"Escrito por\" \/>\n\t<meta name=\"twitter:data1\" content=\"Emilio Manrique\" \/>\n\t<meta name=\"twitter:label2\" content=\"Tiempo de lectura\" \/>\n\t<meta name=\"twitter:data2\" content=\"2 minutos\" \/>\n<script type=\"application\/ld+json\" class=\"yoast-schema-graph\">{\"@context\":\"https:\\\/\\\/schema.org\",\"@graph\":[{\"@type\":\"Article\",\"@id\":\"https:\\\/\\\/deportecapital.com.ar\\\/index.php\\\/2026\\\/03\\\/06\\\/el-cestoball-a-la-copa-interamericana\\\/#article\",\"isPartOf\":{\"@id\":\"https:\\\/\\\/deportecapital.com.ar\\\/index.php\\\/2026\\\/03\\\/06\\\/el-cestoball-a-la-copa-interamericana\\\/\"},\"author\":{\"name\":\"Emilio Manrique\",\"@id\":\"https:\\\/\\\/deportecapital.com.ar\\\/#\\\/schema\\\/person\\\/9cd40456048dd30733b1d6749eca5de8\"},\"headline\":\"El Cestoball a la Copa Interamericana\",\"datePublished\":\"2026-03-06T01:53:32+00:00\",\"dateModified\":\"2026-03-09T00:11:36+00:00\",\"mainEntityOfPage\":{\"@id\":\"https:\\\/\\\/deportecapital.com.ar\\\/index.php\\\/2026\\\/03\\\/06\\\/el-cestoball-a-la-copa-interamericana\\\/\"},\"wordCount\":284,\"publisher\":{\"@id\":\"https:\\\/\\\/deportecapital.com.ar\\\/#organization\"},\"image\":{\"@id\":\"https:\\\/\\\/deportecapital.com.ar\\\/index.php\\\/2026\\\/03\\\/06\\\/el-cestoball-a-la-copa-interamericana\\\/#primaryimage\"},\"thumbnailUrl\":\"https:\\\/\\\/deportecapital.com.ar\\\/wp-content\\\/uploads\\\/2026\\\/03\\\/Seleccion-Argentina-de-Cestoball-01.jpg\",\"articleSection\":[\"Cesto\"],\"inLanguage\":\"es-AR\"},{\"@type\":\"WebPage\",\"@id\":\"https:\\\/\\\/deportecapital.com.ar\\\/index.php\\\/2026\\\/03\\\/06\\\/el-cestoball-a-la-copa-interamericana\\\/\",\"url\":\"https:\\\/\\\/deportecapital.com.ar\\\/index.php\\\/2026\\\/03\\\/06\\\/el-cestoball-a-la-copa-interamericana\\\/\",\"name\":\"El Cestoball a la Copa Interamericana - Deporte Capital\",\"isPartOf\":{\"@id\":\"https:\\\/\\\/deportecapital.com.ar\\\/#website\"},\"primaryImageOfPage\":{\"@id\":\"https:\\\/\\\/deportecapital.com.ar\\\/index.php\\\/2026\\\/03\\\/06\\\/el-cestoball-a-la-copa-interamericana\\\/#primaryimage\"},\"image\":{\"@id\":\"https:\\\/\\\/deportecapital.com.ar\\\/index.php\\\/2026\\\/03\\\/06\\\/el-cestoball-a-la-copa-interamericana\\\/#primaryimage\"},\"thumbnailUrl\":\"https:\\\/\\\/deportecapital.com.ar\\\/wp-content\\\/uploads\\\/2026\\\/03\\\/Seleccion-Argentina-de-Cestoball-01.jpg\",\"datePublished\":\"2026-03-06T01:53:32+00:00\",\"dateModified\":\"2026-03-09T00:11:36+00:00\",\"breadcrumb\":{\"@id\":\"https:\\\/\\\/deportecapital.com.ar\\\/index.php\\\/2026\\\/03\\\/06\\\/el-cestoball-a-la-copa-interamericana\\\/#breadcrumb\"},\"inLanguage\":\"es-AR\",\"potentialAction\":[{\"@type\":\"ReadAction\",\"target\":[\"https:\\\/\\\/deportecapital.com.ar\\\/index.php\\\/2026\\\/03\\\/06\\\/el-cestoball-a-la-copa-interamericana\\\/\"]}]},{\"@type\":\"ImageObject\",\"inLanguage\":\"es-AR\",\"@id\":\"https:\\\/\\\/deportecapital.com.ar\\\/index.php\\\/2026\\\/03\\\/06\\\/el-cestoball-a-la-copa-interamericana\\\/#primaryimage\",\"url\":\"https:\\\/\\\/deportecapital.com.ar\\\/wp-content\\\/uploads\\\/2026\\\/03\\\/Seleccion-Argentina-de-Cestoball-01.jpg\",\"contentUrl\":\"https:\\\/\\\/deportecapital.com.ar\\\/wp-content\\\/uploads\\\/2026\\\/03\\\/Seleccion-Argentina-de-Cestoball-01.jpg\",\"width\":1314,\"height\":875},{\"@type\":\"BreadcrumbList\",\"@id\":\"https:\\\/\\\/deportecapital.com.ar\\\/index.php\\\/2026\\\/03\\\/06\\\/el-cestoball-a-la-copa-interamericana\\\/#breadcrumb\",\"itemListElement\":[{\"@type\":\"ListItem\",\"position\":1,\"name\":\"Inicio\",\"item\":\"https:\\\/\\\/deportecapital.com.ar\\\/\"},{\"@type\":\"ListItem\",\"position\":2,\"name\":\"El Cestoball a la Copa Interamericana\"}]},{\"@type\":\"WebSite\",\"@id\":\"https:\\\/\\\/deportecapital.com.ar\\\/#website\",\"url\":\"https:\\\/\\\/deportecapital.com.ar\\\/\",\"name\":\"Deporte Capital\",\"description\":\"Diario digital con todo el deporte de La Pampa y alrededores.\",\"publisher\":{\"@id\":\"https:\\\/\\\/deportecapital.com.ar\\\/#organization\"},\"potentialAction\":[{\"@type\":\"SearchAction\",\"target\":{\"@type\":\"EntryPoint\",\"urlTemplate\":\"https:\\\/\\\/deportecapital.com.ar\\\/?s={search_term_string}\"},\"query-input\":{\"@type\":\"PropertyValueSpecification\",\"valueRequired\":true,\"valueName\":\"search_term_string\"}}],\"inLanguage\":\"es-AR\"},{\"@type\":\"Organization\",\"@id\":\"https:\\\/\\\/deportecapital.com.ar\\\/#organization\",\"name\":\"Deporte Capital\",\"url\":\"https:\\\/\\\/deportecapital.com.ar\\\/\",\"logo\":{\"@type\":\"ImageObject\",\"inLanguage\":\"es-AR\",\"@id\":\"https:\\\/\\\/deportecapital.com.ar\\\/#\\\/schema\\\/logo\\\/image\\\/\",\"url\":\"https:\\\/\\\/deportecapital.com.ar\\\/wp-content\\\/uploads\\\/2025\\\/06\\\/logo-deportecapital_white-1.png\",\"contentUrl\":\"https:\\\/\\\/deportecapital.com.ar\\\/wp-content\\\/uploads\\\/2025\\\/06\\\/logo-deportecapital_white-1.png\",\"width\":243,\"height\":111,\"caption\":\"Deporte Capital\"},\"image\":{\"@id\":\"https:\\\/\\\/deportecapital.com.ar\\\/#\\\/schema\\\/logo\\\/image\\\/\"}},{\"@type\":\"Person\",\"@id\":\"https:\\\/\\\/deportecapital.com.ar\\\/#\\\/schema\\\/person\\\/9cd40456048dd30733b1d6749eca5de8\",\"name\":\"Emilio Manrique\",\"image\":{\"@type\":\"ImageObject\",\"inLanguage\":\"es-AR\",\"@id\":\"https:\\\/\\\/secure.gravatar.com\\\/avatar\\\/005c696496b156e30819f271efdd20348da8f41b5d5653680fd363162bbeb3bb?s=96&d=mm&r=g\",\"url\":\"https:\\\/\\\/secure.gravatar.com\\\/avatar\\\/005c696496b156e30819f271efdd20348da8f41b5d5653680fd363162bbeb3bb?s=96&d=mm&r=g\",\"contentUrl\":\"https:\\\/\\\/secure.gravatar.com\\\/avatar\\\/005c696496b156e30819f271efdd20348da8f41b5d5653680fd363162bbeb3bb?s=96&d=mm&r=g\",\"caption\":\"Emilio Manrique\"},\"url\":\"https:\\\/\\\/deportecapital.com.ar\\\/index.php\\\/author\\\/emilio-manrique\\\/\"}]}<\/script>\n<!-- \/ Yoast SEO plugin. -->","yoast_head_json":{"title":"El Cestoball a la Copa Interamericana - Deporte Capital","robots":{"index":"index","follow":"follow","max-snippet":"max-snippet:-1","max-image-preview":"max-image-preview:large","max-video-preview":"max-video-preview:-1"},"canonical":"https:\/\/deportecapital.com.ar\/index.php\/2026\/03\/06\/el-cestoball-a-la-copa-interamericana\/","og_locale":"es_ES","og_type":"article","og_title":"El Cestoball a la Copa Interamericana - Deporte Capital","og_description":"Del 1 al 3 de marzo en la ciudad Aut\u00f3noma de Buenos Aires se concentr\u00f3...","og_url":"https:\/\/deportecapital.com.ar\/index.php\/2026\/03\/06\/el-cestoball-a-la-copa-interamericana\/","og_site_name":"Deporte Capital","article_published_time":"2026-03-06T01:53:32+00:00","article_modified_time":"2026-03-09T00:11:36+00:00","og_image":[{"width":1314,"height":875,"url":"https:\/\/deportecapital.com.ar\/wp-content\/uploads\/2026\/03\/Seleccion-Argentina-de-Cestoball-01.jpg","type":"image\/jpeg"}],"author":"Emilio Manrique","twitter_card":"summary_large_image","twitter_misc":{"Escrito por":"Emilio Manrique","Tiempo de lectura":"2 minutos"},"schema":{"@context":"https:\/\/schema.org","@graph":[{"@type":"Article","@id":"https:\/\/deportecapital.com.ar\/index.php\/2026\/03\/06\/el-cestoball-a-la-copa-interamericana\/#article","isPartOf":{"@id":"https:\/\/deportecapital.com.ar\/index.php\/2026\/03\/06\/el-cestoball-a-la-copa-interamericana\/"},"author":{"name":"Emilio Manrique","@id":"https:\/\/deportecapital.com.ar\/#\/schema\/person\/9cd40456048dd30733b1d6749eca5de8"},"headline":"El Cestoball a la Copa Interamericana","datePublished":"2026-03-06T01:53:32+00:00","dateModified":"2026-03-09T00:11:36+00:00","mainEntityOfPage":{"@id":"https:\/\/deportecapital.com.ar\/index.php\/2026\/03\/06\/el-cestoball-a-la-copa-interamericana\/"},"wordCount":284,"publisher":{"@id":"https:\/\/deportecapital.com.ar\/#organization"},"image":{"@id":"https:\/\/deportecapital.com.ar\/index.php\/2026\/03\/06\/el-cestoball-a-la-copa-interamericana\/#primaryimage"},"thumbnailUrl":"https:\/\/deportecapital.com.ar\/wp-content\/uploads\/2026\/03\/Seleccion-Argentina-de-Cestoball-01.jpg","articleSection":["Cesto"],"inLanguage":"es-AR"},{"@type":"WebPage","@id":"https:\/\/deportecapital.com.ar\/index.php\/2026\/03\/06\/el-cestoball-a-la-copa-interamericana\/","url":"https:\/\/deportecapital.com.ar\/index.php\/2026\/03\/06\/el-cestoball-a-la-copa-interamericana\/","name":"El Cestoball a la Copa Interamericana - Deporte Capital","isPartOf":{"@id":"https:\/\/deportecapital.com.ar\/#website"},"primaryImageOfPage":{"@id":"https:\/\/deportecapital.com.ar\/index.php\/2026\/03\/06\/el-cestoball-a-la-copa-interamericana\/#primaryimage"},"image":{"@id":"https:\/\/deportecapital.com.ar\/index.php\/2026\/03\/06\/el-cestoball-a-la-copa-interamericana\/#primaryimage"},"thumbnailUrl":"https:\/\/deportecapital.com.ar\/wp-content\/uploads\/2026\/03\/Seleccion-Argentina-de-Cestoball-01.jpg","datePublished":"2026-03-06T01:53:32+00:00","dateModified":"2026-03-09T00:11:36+00:00","breadcrumb":{"@id":"https:\/\/deportecapital.com.ar\/index.php\/2026\/03\/06\/el-cestoball-a-la-copa-interamericana\/#breadcrumb"},"inLanguage":"es-AR","potentialAction":[{"@type":"ReadAction","target":["https:\/\/deportecapital.com.ar\/index.php\/2026\/03\/06\/el-cestoball-a-la-copa-interamericana\/"]}]},{"@type":"ImageObject","inLanguage":"es-AR","@id":"https:\/\/deportecapital.com.ar\/index.php\/2026\/03\/06\/el-cestoball-a-la-copa-interamericana\/#primaryimage","url":"https:\/\/deportecapital.com.ar\/wp-content\/uploads\/2026\/03\/Seleccion-Argentina-de-Cestoball-01.jpg","contentUrl":"https:\/\/deportecapital.com.ar\/wp-content\/uploads\/2026\/03\/Seleccion-Argentina-de-Cestoball-01.jpg","width":1314,"height":875},{"@type":"BreadcrumbList","@id":"https:\/\/deportecapital.com.ar\/index.php\/2026\/03\/06\/el-cestoball-a-la-copa-interamericana\/#breadcrumb","itemListElement":[{"@type":"ListItem","position":1,"name":"Inicio","item":"https:\/\/deportecapital.com.ar\/"},{"@type":"ListItem","position":2,"name":"El Cestoball a la Copa Interamericana"}]},{"@type":"WebSite","@id":"https:\/\/deportecapital.com.ar\/#website","url":"https:\/\/deportecapital.com.ar\/","name":"Deporte Capital","description":"Diario digital con todo el deporte de La Pampa y alrededores.","publisher":{"@id":"https:\/\/deportecapital.com.ar\/#organization"},"potentialAction":[{"@type":"SearchAction","target":{"@type":"EntryPoint","urlTemplate":"https:\/\/deportecapital.com.ar\/?s={search_term_string}"},"query-input":{"@type":"PropertyValueSpecification","valueRequired":true,"valueName":"search_term_string"}}],"inLanguage":"es-AR"},{"@type":"Organization","@id":"https:\/\/deportecapital.com.ar\/#organization","name":"Deporte Capital","url":"https:\/\/deportecapital.com.ar\/","logo":{"@type":"ImageObject","inLanguage":"es-AR","@id":"https:\/\/deportecapital.com.ar\/#\/schema\/logo\/image\/","url":"https:\/\/deportecapital.com.ar\/wp-content\/uploads\/2025\/06\/logo-deportecapital_white-1.png","contentUrl":"https:\/\/deportecapital.com.ar\/wp-content\/uploads\/2025\/06\/logo-deportecapital_white-1.png","width":243,"height":111,"caption":"Deporte Capital"},"image":{"@id":"https:\/\/deportecapital.com.ar\/#\/schema\/logo\/image\/"}},{"@type":"Person","@id":"https:\/\/deportecapital.com.ar\/#\/schema\/person\/9cd40456048dd30733b1d6749eca5de8","name":"Emilio Manrique","image":{"@type":"ImageObject","inLanguage":"es-AR","@id":"https:\/\/secure.gravatar.com\/avatar\/005c696496b156e30819f271efdd20348da8f41b5d5653680fd363162bbeb3bb?s=96&d=mm&r=g","url":"https:\/\/secure.gravatar.com\/avatar\/005c696496b156e30819f271efdd20348da8f41b5d5653680fd363162bbeb3bb?s=96&d=mm&r=g","contentUrl":"https:\/\/secure.gravatar.com\/avatar\/005c696496b156e30819f271efdd20348da8f41b5d5653680fd363162bbeb3bb?s=96&d=mm&r=g","caption":"Emilio Manrique"},"url":"https:\/\/deportecapital.com.ar\/index.php\/author\/emilio-manrique\/"}]}},"rttpg_featured_image_url":{"full":["https:\/\/deportecapital.com.ar\/wp-content\/uploads\/2026\/03\/Seleccion-Argentina-de-Cestoball-01.jpg",1314,875,false],"landscape":["https:\/\/deportecapital.com.ar\/wp-content\/uploads\/2026\/03\/Seleccion-Argentina-de-Cestoball-01.jpg",1314,875,false],"portraits":["https:\/\/deportecapital.com.ar\/wp-content\/uploads\/2026\/03\/Seleccion-Argentina-de-Cestoball-01.jpg",1314,875,false],"thumbnail":["https:\/\/deportecapital.com.ar\/wp-content\/uploads\/2026\/03\/Seleccion-Argentina-de-Cestoball-01-150x150.jpg",150,150,true],"medium":["https:\/\/deportecapital.com.ar\/wp-content\/uploads\/2026\/03\/Seleccion-Argentina-de-Cestoball-01-300x200.jpg",300,200,true],"large":["https:\/\/deportecapital.com.ar\/wp-content\/uploads\/2026\/03\/Seleccion-Argentina-de-Cestoball-01-1024x682.jpg",640,426,true],"1536x1536":["https:\/\/deportecapital.com.ar\/wp-content\/uploads\/2026\/03\/Seleccion-Argentina-de-Cestoball-01.jpg",1314,875,false],"2048x2048":["https:\/\/deportecapital.com.ar\/wp-content\/uploads\/2026\/03\/Seleccion-Argentina-de-Cestoball-01.jpg",1314,875,false],"covernews-slider-full":["https:\/\/deportecapital.com.ar\/wp-content\/uploads\/2026\/03\/Seleccion-Argentina-de-Cestoball-01-1115x715.jpg",1115,715,true],"covernews-slider-center":["https:\/\/deportecapital.com.ar\/wp-content\/uploads\/2026\/03\/Seleccion-Argentina-de-Cestoball-01-800x500.jpg",800,500,true],"covernews-featured":["https:\/\/deportecapital.com.ar\/wp-content\/uploads\/2026\/03\/Seleccion-Argentina-de-Cestoball-01-1024x682.jpg",1024,682,true],"covernews-medium":["https:\/\/deportecapital.com.ar\/wp-content\/uploads\/2026\/03\/Seleccion-Argentina-de-Cestoball-01-540x340.jpg",540,340,true],"covernews-medium-square":["https:\/\/deportecapital.com.ar\/wp-content\/uploads\/2026\/03\/Seleccion-Argentina-de-Cestoball-01-400x250.jpg",400,250,true]},"rttpg_author":{"display_name":"Emilio Manrique","author_link":"https:\/\/deportecapital.com.ar\/index.php\/author\/emilio-manrique\/"},"rttpg_comment":0,"rttpg_category":"<a href=\"https:\/\/deportecapital.com.ar\/index.php\/category\/cesto\/\" rel=\"category tag\">Cesto<\/a>","rttpg_excerpt":"Del 1 al 3 de marzo en la ciudad Aut\u00f3noma de Buenos Aires se concentr\u00f3...","_links":{"self":[{"href":"https:\/\/deportecapital.com.ar\/index.php\/wp-json\/wp\/v2\/posts\/55930","targetHints":{"allow":["GET"]}}],"collection":[{"href":"https:\/\/deportecapital.com.ar\/index.php\/wp-json\/wp\/v2\/posts"}],"about":[{"href":"https:\/\/deportecapital.com.ar\/index.php\/wp-json\/wp\/v2\/types\/post"}],"author":[{"embeddable":true,"href":"https:\/\/deportecapital.com.ar\/index.php\/wp-json\/wp\/v2\/users\/3"}],"replies":[{"embeddable":true,"href":"https:\/\/deportecapital.com.ar\/index.php\/wp-json\/wp\/v2\/comments?post=55930"}],"version-history":[{"count":7,"href":"https:\/\/deportecapital.com.ar\/index.php\/wp-json\/wp\/v2\/posts\/55930\/revisions"}],"predecessor-version":[{"id":55941,"href":"https:\/\/deportecapital.com.ar\/index.php\/wp-json\/wp\/v2\/posts\/55930\/revisions\/55941"}],"wp:featuredmedia":[{"embeddable":true,"href":"https:\/\/deportecapital.com.ar\/index.php\/wp-json\/wp\/v2\/media\/55932"}],"wp:attachment":[{"href":"https:\/\/deportecapital.com.ar\/index.php\/wp-json\/wp\/v2\/media?parent=55930"}],"wp:term":[{"taxonomy":"category","embeddable":true,"href":"https:\/\/deportecapital.com.ar\/index.php\/wp-json\/wp\/v2\/categories?post=55930"},{"taxonomy":"post_tag","embeddable":true,"href":"https:\/\/deportecapital.com.ar\/index.php\/wp-json\/wp\/v2\/tags?post=55930"}],"curies":[{"name":"wp","href":"https:\/\/api.w.org\/{rel}","templated":true}]}}