{"id":56010,"date":"2026-03-09T00:01:29","date_gmt":"2026-03-09T00:01:29","guid":{"rendered":"https:\/\/deportecapital.com.ar\/?p=56010"},"modified":"2026-03-11T02:28:25","modified_gmt":"2026-03-11T02:28:25","slug":"festejo-rocio-olguin","status":"publish","type":"post","link":"https:\/\/deportecapital.com.ar\/index.php\/2026\/03\/09\/festejo-rocio-olguin\/","title":{"rendered":"Festej\u00f3 Roc\u00edo Olgu\u00edn"},"content":{"rendered":"\t\t<div data-elementor-type=\"wp-post\" data-elementor-id=\"56010\" class=\"elementor elementor-56010\">\n\t\t\t\t<div class=\"elementor-element elementor-element-5e801a59 e-flex e-con-boxed e-con e-parent\" data-id=\"5e801a59\" data-element_type=\"container\" data-e-type=\"container\">\n\t\t\t\t\t<div class=\"e-con-inner\">\n\t\t\t\t<div class=\"elementor-element elementor-element-14034f01 elementor-widget elementor-widget-text-editor\" data-id=\"14034f01\" data-element_type=\"widget\" data-e-type=\"widget\" data-widget_type=\"text-editor.default\">\n\t\t\t\t<div class=\"elementor-widget-container\">\n\t\t\t\t\t\t\t\t\t<p>El<strong> Club Social El C\u00edrculo<\/strong> celebr\u00f3 el <strong>D\u00eda de la Mujer<\/strong> con un certamen que consagr\u00f3 a <em>Roc\u00edo<\/em> <em>Olgu\u00edn<\/em>.<\/p><p>\u00a0<\/p><p>Con motivo del <strong>D\u00eda Internacional de la Mujer<\/strong>, el <strong>Club Social El C\u00edrculo<\/strong> organiz\u00f3 este domingo un torneo de ajedrez que reuni\u00f3 a ocho jugadoras de <strong>Santa Rosa<\/strong> en una jornada de competencia, aprendizaje y camarader\u00eda. El certamen comenz\u00f3 puntualmente a las 10 horas en la sede de la instituci\u00f3n, convocando a ajedrecistas de diversas edades y niveles de juego.<\/p><p>La competencia, disputada bajo el sistema suizo a cinco rondas, mantuvo la incertidumbre hasta el \u00faltimo momento. Al finalizar las partidas, tres jugadoras empataron en lo m\u00e1s alto de la tabla con 4 puntos cada una, lo que oblig\u00f3 a recurrir al sistema de desempate t\u00e9cnico previsto por el reglamento para definir las posiciones del podio.<\/p><p>Tras la aplicaci\u00f3n de los desempates, el primer puesto qued\u00f3 en manos de <em>Roc\u00edo<\/em> <em>Olgu\u00edn<\/em>, actual presidenta de la instituci\u00f3n. El segundo lugar fue para <em>Jeremy<\/em> <em>Zanin<\/em>, mientras que el podio lo complet\u00f3 <em>Sof\u00eda<\/em> <em>Ponce<\/em>.<\/p><p>La tabla de posiciones general se conform\u00f3 de la siguiente manera:<\/p><p>1) <em>Roc\u00edo Olgu\u00edn<\/em> 4 pts.; 2) <em>Jeremy Zan\u00edn<\/em> 4 pts.; 3) <em>Sof\u00eda Ponce<\/em> 4 pts.; 4) <em>Emma Cluster<\/em> 3 pts.; 5) <em>Yanina Cluster<\/em> 2 pts.; 6) <em>Luana Raful<\/em> 2 pts.; 7) <em>Luc\u00eda Zambrano<\/em> 1 pto.; 8) <em>Mabel Seibel,<\/em> sin unidades.<\/p><p>El certamen se jug\u00f3 a un ritmo de 12 minutos por jugadora, con un incremento de 3 segundos por movimiento. Esta modalidad permiti\u00f3 un desarrollo din\u00e1mico de la jornada en la sede del club santarrose\u00f1o, integrando a las ajedrecistas en un ambiente donde predomin\u00f3 el respeto y la integraci\u00f3n.<\/p><p>Al finalizar la competencia, se llev\u00f3 a cabo la entrega de trofeos, medallas y premios aportados por los sponsors del evento, quienes se sumaron para agasajar a las participantes en esta fecha especial.<\/p><p>Desde la organizaci\u00f3n destacaron que, m\u00e1s all\u00e1 de los resultados, el objetivo principal fue fortalecer los v\u00ednculos entre las jugadoras de la ciudad y brindar un espacio de encuentro para la comunidad femenina del ajedrez local.<\/p><p><strong>Club Social El C\u00edrculo<\/strong><\/p>\t\t\t\t\t\t\t\t<\/div>\n\t\t\t\t<\/div>\n\t\t\t\t\t<\/div>\n\t\t\t\t<\/div>\n\t\t\t\t<\/div>\n\t\t","protected":false},"excerpt":{"rendered":"<p>El Club Social El C\u00edrculo celebr\u00f3 el D\u00eda de la Mujer con un certamen que&#8230;<\/p>\n","protected":false},"author":3,"featured_media":56011,"comment_status":"closed","ping_status":"open","sticky":false,"template":"","format":"standard","meta":{"footnotes":""},"categories":[3],"tags":[],"class_list":["post-56010","post","type-post","status-publish","format-standard","has-post-thumbnail","hentry","category-ajedrez"],"yoast_head":"<!-- This site is optimized with the Yoast SEO plugin v27.5 - https:\/\/yoast.com\/product\/yoast-seo-wordpress\/ -->\n<title>Festej\u00f3 Roc\u00edo Olgu\u00edn - Deporte Capital<\/title>\n<meta name=\"robots\" content=\"index, follow, max-snippet:-1, max-image-preview:large, max-video-preview:-1\" \/>\n<link rel=\"canonical\" href=\"https:\/\/deportecapital.com.ar\/index.php\/2026\/03\/09\/festejo-rocio-olguin\/\" \/>\n<meta property=\"og:locale\" content=\"es_ES\" \/>\n<meta property=\"og:type\" content=\"article\" \/>\n<meta property=\"og:title\" content=\"Festej\u00f3 Roc\u00edo Olgu\u00edn - Deporte Capital\" \/>\n<meta property=\"og:description\" content=\"El Club Social El C\u00edrculo celebr\u00f3 el D\u00eda de la Mujer con un certamen que...\" \/>\n<meta property=\"og:url\" content=\"https:\/\/deportecapital.com.ar\/index.php\/2026\/03\/09\/festejo-rocio-olguin\/\" \/>\n<meta property=\"og:site_name\" content=\"Deporte Capital\" \/>\n<meta property=\"article:published_time\" content=\"2026-03-09T00:01:29+00:00\" \/>\n<meta property=\"article:modified_time\" content=\"2026-03-11T02:28:25+00:00\" \/>\n<meta property=\"og:image\" content=\"https:\/\/deportecapital.com.ar\/wp-content\/uploads\/2026\/03\/1.jpg\" \/>\n\t<meta property=\"og:image:width\" content=\"1600\" \/>\n\t<meta property=\"og:image:height\" content=\"1200\" \/>\n\t<meta property=\"og:image:type\" content=\"image\/jpeg\" \/>\n<meta name=\"author\" content=\"Emilio Manrique\" \/>\n<meta name=\"twitter:card\" content=\"summary_large_image\" \/>\n<meta name=\"twitter:label1\" content=\"Escrito por\" \/>\n\t<meta name=\"twitter:data1\" content=\"Emilio Manrique\" \/>\n\t<meta name=\"twitter:label2\" content=\"Tiempo de lectura\" \/>\n\t<meta name=\"twitter:data2\" content=\"2 minutos\" \/>\n<script type=\"application\/ld+json\" class=\"yoast-schema-graph\">{\"@context\":\"https:\\\/\\\/schema.org\",\"@graph\":[{\"@type\":\"Article\",\"@id\":\"https:\\\/\\\/deportecapital.com.ar\\\/index.php\\\/2026\\\/03\\\/09\\\/festejo-rocio-olguin\\\/#article\",\"isPartOf\":{\"@id\":\"https:\\\/\\\/deportecapital.com.ar\\\/index.php\\\/2026\\\/03\\\/09\\\/festejo-rocio-olguin\\\/\"},\"author\":{\"name\":\"Emilio Manrique\",\"@id\":\"https:\\\/\\\/deportecapital.com.ar\\\/#\\\/schema\\\/person\\\/9cd40456048dd30733b1d6749eca5de8\"},\"headline\":\"Festej\u00f3 Roc\u00edo Olgu\u00edn\",\"datePublished\":\"2026-03-09T00:01:29+00:00\",\"dateModified\":\"2026-03-11T02:28:25+00:00\",\"mainEntityOfPage\":{\"@id\":\"https:\\\/\\\/deportecapital.com.ar\\\/index.php\\\/2026\\\/03\\\/09\\\/festejo-rocio-olguin\\\/\"},\"wordCount\":356,\"publisher\":{\"@id\":\"https:\\\/\\\/deportecapital.com.ar\\\/#organization\"},\"image\":{\"@id\":\"https:\\\/\\\/deportecapital.com.ar\\\/index.php\\\/2026\\\/03\\\/09\\\/festejo-rocio-olguin\\\/#primaryimage\"},\"thumbnailUrl\":\"https:\\\/\\\/deportecapital.com.ar\\\/wp-content\\\/uploads\\\/2026\\\/03\\\/1.jpg\",\"articleSection\":[\"Ajedrez\"],\"inLanguage\":\"es-AR\"},{\"@type\":\"WebPage\",\"@id\":\"https:\\\/\\\/deportecapital.com.ar\\\/index.php\\\/2026\\\/03\\\/09\\\/festejo-rocio-olguin\\\/\",\"url\":\"https:\\\/\\\/deportecapital.com.ar\\\/index.php\\\/2026\\\/03\\\/09\\\/festejo-rocio-olguin\\\/\",\"name\":\"Festej\u00f3 Roc\u00edo Olgu\u00edn - Deporte Capital\",\"isPartOf\":{\"@id\":\"https:\\\/\\\/deportecapital.com.ar\\\/#website\"},\"primaryImageOfPage\":{\"@id\":\"https:\\\/\\\/deportecapital.com.ar\\\/index.php\\\/2026\\\/03\\\/09\\\/festejo-rocio-olguin\\\/#primaryimage\"},\"image\":{\"@id\":\"https:\\\/\\\/deportecapital.com.ar\\\/index.php\\\/2026\\\/03\\\/09\\\/festejo-rocio-olguin\\\/#primaryimage\"},\"thumbnailUrl\":\"https:\\\/\\\/deportecapital.com.ar\\\/wp-content\\\/uploads\\\/2026\\\/03\\\/1.jpg\",\"datePublished\":\"2026-03-09T00:01:29+00:00\",\"dateModified\":\"2026-03-11T02:28:25+00:00\",\"breadcrumb\":{\"@id\":\"https:\\\/\\\/deportecapital.com.ar\\\/index.php\\\/2026\\\/03\\\/09\\\/festejo-rocio-olguin\\\/#breadcrumb\"},\"inLanguage\":\"es-AR\",\"potentialAction\":[{\"@type\":\"ReadAction\",\"target\":[\"https:\\\/\\\/deportecapital.com.ar\\\/index.php\\\/2026\\\/03\\\/09\\\/festejo-rocio-olguin\\\/\"]}]},{\"@type\":\"ImageObject\",\"inLanguage\":\"es-AR\",\"@id\":\"https:\\\/\\\/deportecapital.com.ar\\\/index.php\\\/2026\\\/03\\\/09\\\/festejo-rocio-olguin\\\/#primaryimage\",\"url\":\"https:\\\/\\\/deportecapital.com.ar\\\/wp-content\\\/uploads\\\/2026\\\/03\\\/1.jpg\",\"contentUrl\":\"https:\\\/\\\/deportecapital.com.ar\\\/wp-content\\\/uploads\\\/2026\\\/03\\\/1.jpg\",\"width\":1600,\"height\":1200},{\"@type\":\"BreadcrumbList\",\"@id\":\"https:\\\/\\\/deportecapital.com.ar\\\/index.php\\\/2026\\\/03\\\/09\\\/festejo-rocio-olguin\\\/#breadcrumb\",\"itemListElement\":[{\"@type\":\"ListItem\",\"position\":1,\"name\":\"Inicio\",\"item\":\"https:\\\/\\\/deportecapital.com.ar\\\/\"},{\"@type\":\"ListItem\",\"position\":2,\"name\":\"Festej\u00f3 Roc\u00edo Olgu\u00edn\"}]},{\"@type\":\"WebSite\",\"@id\":\"https:\\\/\\\/deportecapital.com.ar\\\/#website\",\"url\":\"https:\\\/\\\/deportecapital.com.ar\\\/\",\"name\":\"Deporte Capital\",\"description\":\"Diario digital con todo el deporte de La Pampa y alrededores.\",\"publisher\":{\"@id\":\"https:\\\/\\\/deportecapital.com.ar\\\/#organization\"},\"potentialAction\":[{\"@type\":\"SearchAction\",\"target\":{\"@type\":\"EntryPoint\",\"urlTemplate\":\"https:\\\/\\\/deportecapital.com.ar\\\/?s={search_term_string}\"},\"query-input\":{\"@type\":\"PropertyValueSpecification\",\"valueRequired\":true,\"valueName\":\"search_term_string\"}}],\"inLanguage\":\"es-AR\"},{\"@type\":\"Organization\",\"@id\":\"https:\\\/\\\/deportecapital.com.ar\\\/#organization\",\"name\":\"Deporte Capital\",\"url\":\"https:\\\/\\\/deportecapital.com.ar\\\/\",\"logo\":{\"@type\":\"ImageObject\",\"inLanguage\":\"es-AR\",\"@id\":\"https:\\\/\\\/deportecapital.com.ar\\\/#\\\/schema\\\/logo\\\/image\\\/\",\"url\":\"https:\\\/\\\/deportecapital.com.ar\\\/wp-content\\\/uploads\\\/2025\\\/06\\\/logo-deportecapital_white-1.png\",\"contentUrl\":\"https:\\\/\\\/deportecapital.com.ar\\\/wp-content\\\/uploads\\\/2025\\\/06\\\/logo-deportecapital_white-1.png\",\"width\":243,\"height\":111,\"caption\":\"Deporte Capital\"},\"image\":{\"@id\":\"https:\\\/\\\/deportecapital.com.ar\\\/#\\\/schema\\\/logo\\\/image\\\/\"}},{\"@type\":\"Person\",\"@id\":\"https:\\\/\\\/deportecapital.com.ar\\\/#\\\/schema\\\/person\\\/9cd40456048dd30733b1d6749eca5de8\",\"name\":\"Emilio Manrique\",\"image\":{\"@type\":\"ImageObject\",\"inLanguage\":\"es-AR\",\"@id\":\"https:\\\/\\\/secure.gravatar.com\\\/avatar\\\/005c696496b156e30819f271efdd20348da8f41b5d5653680fd363162bbeb3bb?s=96&d=mm&r=g\",\"url\":\"https:\\\/\\\/secure.gravatar.com\\\/avatar\\\/005c696496b156e30819f271efdd20348da8f41b5d5653680fd363162bbeb3bb?s=96&d=mm&r=g\",\"contentUrl\":\"https:\\\/\\\/secure.gravatar.com\\\/avatar\\\/005c696496b156e30819f271efdd20348da8f41b5d5653680fd363162bbeb3bb?s=96&d=mm&r=g\",\"caption\":\"Emilio Manrique\"},\"url\":\"https:\\\/\\\/deportecapital.com.ar\\\/index.php\\\/author\\\/emilio-manrique\\\/\"}]}<\/script>\n<!-- \/ Yoast SEO plugin. -->","yoast_head_json":{"title":"Festej\u00f3 Roc\u00edo Olgu\u00edn - Deporte Capital","robots":{"index":"index","follow":"follow","max-snippet":"max-snippet:-1","max-image-preview":"max-image-preview:large","max-video-preview":"max-video-preview:-1"},"canonical":"https:\/\/deportecapital.com.ar\/index.php\/2026\/03\/09\/festejo-rocio-olguin\/","og_locale":"es_ES","og_type":"article","og_title":"Festej\u00f3 Roc\u00edo Olgu\u00edn - Deporte Capital","og_description":"El Club Social El C\u00edrculo celebr\u00f3 el D\u00eda de la Mujer con un certamen que...","og_url":"https:\/\/deportecapital.com.ar\/index.php\/2026\/03\/09\/festejo-rocio-olguin\/","og_site_name":"Deporte Capital","article_published_time":"2026-03-09T00:01:29+00:00","article_modified_time":"2026-03-11T02:28:25+00:00","og_image":[{"width":1600,"height":1200,"url":"https:\/\/deportecapital.com.ar\/wp-content\/uploads\/2026\/03\/1.jpg","type":"image\/jpeg"}],"author":"Emilio Manrique","twitter_card":"summary_large_image","twitter_misc":{"Escrito por":"Emilio Manrique","Tiempo de lectura":"2 minutos"},"schema":{"@context":"https:\/\/schema.org","@graph":[{"@type":"Article","@id":"https:\/\/deportecapital.com.ar\/index.php\/2026\/03\/09\/festejo-rocio-olguin\/#article","isPartOf":{"@id":"https:\/\/deportecapital.com.ar\/index.php\/2026\/03\/09\/festejo-rocio-olguin\/"},"author":{"name":"Emilio Manrique","@id":"https:\/\/deportecapital.com.ar\/#\/schema\/person\/9cd40456048dd30733b1d6749eca5de8"},"headline":"Festej\u00f3 Roc\u00edo Olgu\u00edn","datePublished":"2026-03-09T00:01:29+00:00","dateModified":"2026-03-11T02:28:25+00:00","mainEntityOfPage":{"@id":"https:\/\/deportecapital.com.ar\/index.php\/2026\/03\/09\/festejo-rocio-olguin\/"},"wordCount":356,"publisher":{"@id":"https:\/\/deportecapital.com.ar\/#organization"},"image":{"@id":"https:\/\/deportecapital.com.ar\/index.php\/2026\/03\/09\/festejo-rocio-olguin\/#primaryimage"},"thumbnailUrl":"https:\/\/deportecapital.com.ar\/wp-content\/uploads\/2026\/03\/1.jpg","articleSection":["Ajedrez"],"inLanguage":"es-AR"},{"@type":"WebPage","@id":"https:\/\/deportecapital.com.ar\/index.php\/2026\/03\/09\/festejo-rocio-olguin\/","url":"https:\/\/deportecapital.com.ar\/index.php\/2026\/03\/09\/festejo-rocio-olguin\/","name":"Festej\u00f3 Roc\u00edo Olgu\u00edn - Deporte Capital","isPartOf":{"@id":"https:\/\/deportecapital.com.ar\/#website"},"primaryImageOfPage":{"@id":"https:\/\/deportecapital.com.ar\/index.php\/2026\/03\/09\/festejo-rocio-olguin\/#primaryimage"},"image":{"@id":"https:\/\/deportecapital.com.ar\/index.php\/2026\/03\/09\/festejo-rocio-olguin\/#primaryimage"},"thumbnailUrl":"https:\/\/deportecapital.com.ar\/wp-content\/uploads\/2026\/03\/1.jpg","datePublished":"2026-03-09T00:01:29+00:00","dateModified":"2026-03-11T02:28:25+00:00","breadcrumb":{"@id":"https:\/\/deportecapital.com.ar\/index.php\/2026\/03\/09\/festejo-rocio-olguin\/#breadcrumb"},"inLanguage":"es-AR","potentialAction":[{"@type":"ReadAction","target":["https:\/\/deportecapital.com.ar\/index.php\/2026\/03\/09\/festejo-rocio-olguin\/"]}]},{"@type":"ImageObject","inLanguage":"es-AR","@id":"https:\/\/deportecapital.com.ar\/index.php\/2026\/03\/09\/festejo-rocio-olguin\/#primaryimage","url":"https:\/\/deportecapital.com.ar\/wp-content\/uploads\/2026\/03\/1.jpg","contentUrl":"https:\/\/deportecapital.com.ar\/wp-content\/uploads\/2026\/03\/1.jpg","width":1600,"height":1200},{"@type":"BreadcrumbList","@id":"https:\/\/deportecapital.com.ar\/index.php\/2026\/03\/09\/festejo-rocio-olguin\/#breadcrumb","itemListElement":[{"@type":"ListItem","position":1,"name":"Inicio","item":"https:\/\/deportecapital.com.ar\/"},{"@type":"ListItem","position":2,"name":"Festej\u00f3 Roc\u00edo Olgu\u00edn"}]},{"@type":"WebSite","@id":"https:\/\/deportecapital.com.ar\/#website","url":"https:\/\/deportecapital.com.ar\/","name":"Deporte Capital","description":"Diario digital con todo el deporte de La Pampa y alrededores.","publisher":{"@id":"https:\/\/deportecapital.com.ar\/#organization"},"potentialAction":[{"@type":"SearchAction","target":{"@type":"EntryPoint","urlTemplate":"https:\/\/deportecapital.com.ar\/?s={search_term_string}"},"query-input":{"@type":"PropertyValueSpecification","valueRequired":true,"valueName":"search_term_string"}}],"inLanguage":"es-AR"},{"@type":"Organization","@id":"https:\/\/deportecapital.com.ar\/#organization","name":"Deporte Capital","url":"https:\/\/deportecapital.com.ar\/","logo":{"@type":"ImageObject","inLanguage":"es-AR","@id":"https:\/\/deportecapital.com.ar\/#\/schema\/logo\/image\/","url":"https:\/\/deportecapital.com.ar\/wp-content\/uploads\/2025\/06\/logo-deportecapital_white-1.png","contentUrl":"https:\/\/deportecapital.com.ar\/wp-content\/uploads\/2025\/06\/logo-deportecapital_white-1.png","width":243,"height":111,"caption":"Deporte Capital"},"image":{"@id":"https:\/\/deportecapital.com.ar\/#\/schema\/logo\/image\/"}},{"@type":"Person","@id":"https:\/\/deportecapital.com.ar\/#\/schema\/person\/9cd40456048dd30733b1d6749eca5de8","name":"Emilio Manrique","image":{"@type":"ImageObject","inLanguage":"es-AR","@id":"https:\/\/secure.gravatar.com\/avatar\/005c696496b156e30819f271efdd20348da8f41b5d5653680fd363162bbeb3bb?s=96&d=mm&r=g","url":"https:\/\/secure.gravatar.com\/avatar\/005c696496b156e30819f271efdd20348da8f41b5d5653680fd363162bbeb3bb?s=96&d=mm&r=g","contentUrl":"https:\/\/secure.gravatar.com\/avatar\/005c696496b156e30819f271efdd20348da8f41b5d5653680fd363162bbeb3bb?s=96&d=mm&r=g","caption":"Emilio Manrique"},"url":"https:\/\/deportecapital.com.ar\/index.php\/author\/emilio-manrique\/"}]}},"rttpg_featured_image_url":{"full":["https:\/\/deportecapital.com.ar\/wp-content\/uploads\/2026\/03\/1.jpg",1600,1200,false],"landscape":["https:\/\/deportecapital.com.ar\/wp-content\/uploads\/2026\/03\/1.jpg",1600,1200,false],"portraits":["https:\/\/deportecapital.com.ar\/wp-content\/uploads\/2026\/03\/1.jpg",1600,1200,false],"thumbnail":["https:\/\/deportecapital.com.ar\/wp-content\/uploads\/2026\/03\/1-150x150.jpg",150,150,true],"medium":["https:\/\/deportecapital.com.ar\/wp-content\/uploads\/2026\/03\/1-300x225.jpg",300,225,true],"large":["https:\/\/deportecapital.com.ar\/wp-content\/uploads\/2026\/03\/1-1024x768.jpg",640,480,true],"1536x1536":["https:\/\/deportecapital.com.ar\/wp-content\/uploads\/2026\/03\/1-1536x1152.jpg",1536,1152,true],"2048x2048":["https:\/\/deportecapital.com.ar\/wp-content\/uploads\/2026\/03\/1.jpg",1600,1200,false],"covernews-slider-full":["https:\/\/deportecapital.com.ar\/wp-content\/uploads\/2026\/03\/1-1115x715.jpg",1115,715,true],"covernews-slider-center":["https:\/\/deportecapital.com.ar\/wp-content\/uploads\/2026\/03\/1-800x500.jpg",800,500,true],"covernews-featured":["https:\/\/deportecapital.com.ar\/wp-content\/uploads\/2026\/03\/1-1024x768.jpg",1024,768,true],"covernews-medium":["https:\/\/deportecapital.com.ar\/wp-content\/uploads\/2026\/03\/1-540x340.jpg",540,340,true],"covernews-medium-square":["https:\/\/deportecapital.com.ar\/wp-content\/uploads\/2026\/03\/1-400x250.jpg",400,250,true]},"rttpg_author":{"display_name":"Emilio Manrique","author_link":"https:\/\/deportecapital.com.ar\/index.php\/author\/emilio-manrique\/"},"rttpg_comment":0,"rttpg_category":"<a href=\"https:\/\/deportecapital.com.ar\/index.php\/category\/ajedrez\/\" rel=\"category tag\">Ajedrez<\/a>","rttpg_excerpt":"El Club Social El C\u00edrculo celebr\u00f3 el D\u00eda de la Mujer con un certamen que...","_links":{"self":[{"href":"https:\/\/deportecapital.com.ar\/index.php\/wp-json\/wp\/v2\/posts\/56010","targetHints":{"allow":["GET"]}}],"collection":[{"href":"https:\/\/deportecapital.com.ar\/index.php\/wp-json\/wp\/v2\/posts"}],"about":[{"href":"https:\/\/deportecapital.com.ar\/index.php\/wp-json\/wp\/v2\/types\/post"}],"author":[{"embeddable":true,"href":"https:\/\/deportecapital.com.ar\/index.php\/wp-json\/wp\/v2\/users\/3"}],"replies":[{"embeddable":true,"href":"https:\/\/deportecapital.com.ar\/index.php\/wp-json\/wp\/v2\/comments?post=56010"}],"version-history":[{"count":4,"href":"https:\/\/deportecapital.com.ar\/index.php\/wp-json\/wp\/v2\/posts\/56010\/revisions"}],"predecessor-version":[{"id":56015,"href":"https:\/\/deportecapital.com.ar\/index.php\/wp-json\/wp\/v2\/posts\/56010\/revisions\/56015"}],"wp:featuredmedia":[{"embeddable":true,"href":"https:\/\/deportecapital.com.ar\/index.php\/wp-json\/wp\/v2\/media\/56011"}],"wp:attachment":[{"href":"https:\/\/deportecapital.com.ar\/index.php\/wp-json\/wp\/v2\/media?parent=56010"}],"wp:term":[{"taxonomy":"category","embeddable":true,"href":"https:\/\/deportecapital.com.ar\/index.php\/wp-json\/wp\/v2\/categories?post=56010"},{"taxonomy":"post_tag","embeddable":true,"href":"https:\/\/deportecapital.com.ar\/index.php\/wp-json\/wp\/v2\/tags?post=56010"}],"curies":[{"name":"wp","href":"https:\/\/api.w.org\/{rel}","templated":true}]}}