{"id":56942,"date":"2026-04-27T00:45:54","date_gmt":"2026-04-27T00:45:54","guid":{"rendered":"https:\/\/deportecapital.com.ar\/?p=56942"},"modified":"2026-04-27T00:46:17","modified_gmt":"2026-04-27T00:46:17","slug":"comenzo-la-liga-social-de-hockey-2","status":"publish","type":"post","link":"https:\/\/deportecapital.com.ar\/index.php\/2026\/04\/27\/comenzo-la-liga-social-de-hockey-2\/","title":{"rendered":"Comenz\u00f3 la Liga Social de hockey"},"content":{"rendered":"\t\t<div data-elementor-type=\"wp-post\" data-elementor-id=\"56942\" class=\"elementor elementor-56942\">\n\t\t\t\t<div class=\"elementor-element elementor-element-55a5fa4a e-flex e-con-boxed e-con e-parent\" data-id=\"55a5fa4a\" data-element_type=\"container\" data-e-type=\"container\">\n\t\t\t\t\t<div class=\"e-con-inner\">\n\t\t\t\t<div class=\"elementor-element elementor-element-2152dbe3 elementor-widget elementor-widget-text-editor\" data-id=\"2152dbe3\" data-element_type=\"widget\" data-e-type=\"widget\" data-widget_type=\"text-editor.default\">\n\t\t\t\t<div class=\"elementor-widget-container\">\n\t\t\t\t\t\t\t\t\t<p>El s\u00e1bado se puso en marcha la <strong>Liga Social de hockey<\/strong>, en las categor\u00edas sub 16 y Primera divisi\u00f3n.<\/p><p>\u00a0<\/p><p>Los resultados que se registraron en la oportunidad, fueron los siguientes: Primera: <strong>La Bandurria<\/strong> 3 \u2013 <strong>Las Chester<\/strong> 1; <strong>Ferro de Realic\u00f3<\/strong> 2 \u2013 <strong>Grupo Red<\/strong> <strong>B<\/strong> 2; <strong>Hockey Macach\u00edn<\/strong> 4 \u2013 <strong>Legi\u00f3n<\/strong> <strong>2019<\/strong> 1; <strong>Deportivo Villa Maza<\/strong> 1 \u2013 <strong>Grupo Red<\/strong> <strong>B<\/strong> 2; <strong>Miguel Riglos<\/strong> 2 \u2013 <strong>Vikingas<\/strong> 3; <strong>Deportivo Alpachiri<\/strong> 2 &#8211;\u00a0 <strong>Escuela Municipal<\/strong> 3; <strong>Ferro de Realic\u00f3<\/strong> 1 \u2013 <strong>Legi\u00f3n 2019<\/strong> 3; <strong>Hockey Anguil<\/strong> 0 \u2013 <strong>CCICB<\/strong> 3; <strong>All Boys de Trenel<\/strong> 2 \u2013 <strong>Grupo Red<\/strong> <strong>A<\/strong> 3.<\/p><p>En sub 16, <strong>Miguel Riglos<\/strong> cay\u00f3 ante <strong>CCICB<\/strong> por 2 a 0; <strong>Atl\u00e9tico Macach\u00edn<\/strong> gole\u00f3 a <strong>La Bandurria<\/strong> por 6-1, y \u00e9ste hizo lo propio con <strong>Villa Maza<\/strong> por 7-0. En esta divisional tuvieron libre <strong>Cultura Integral de Colonia Bar\u00f3n<\/strong> y <strong>Escuela<\/strong> <strong>Municipal<\/strong>.<\/p><p>Esta jornada inicial tuvo car\u00e1cter de solidaria. Lo recibido fue entregado al <strong>Merendero Nelson Mandela<\/strong> de esta ciudad capital.<\/p>\t\t\t\t\t\t\t\t<\/div>\n\t\t\t\t<\/div>\n\t\t\t\t\t<\/div>\n\t\t\t\t<\/div>\n\t\t<div class=\"elementor-element elementor-element-3bf315d e-flex e-con-boxed e-con e-parent\" data-id=\"3bf315d\" data-element_type=\"container\" data-e-type=\"container\">\n\t\t\t\t\t<div class=\"e-con-inner\">\n\t\t\t\t<div class=\"elementor-element elementor-element-8eba2eb elementor-widget elementor-widget-image-gallery\" data-id=\"8eba2eb\" data-element_type=\"widget\" data-e-type=\"widget\" data-widget_type=\"image-gallery.default\">\n\t\t\t\t<div class=\"elementor-widget-container\">\n\t\t\t\t\t\t\t<div class=\"elementor-image-gallery\">\n\t\t\t<div id='gallery-1' class='gallery galleryid-56942 gallery-columns-3 gallery-size-full'><figure class='gallery-item'>\n\t\t\t<div class='gallery-icon landscape'>\n\t\t\t\t<a data-elementor-open-lightbox=\"yes\" data-elementor-lightbox-slideshow=\"8eba2eb\" data-elementor-lightbox-title=\"Hockey\" data-e-action-hash=\"#elementor-action%3Aaction%3Dlightbox%26settings%3DeyJpZCI6NTY5NDMsInVybCI6Imh0dHBzOlwvXC9kZXBvcnRlY2FwaXRhbC5jb20uYXJcL3dwLWNvbnRlbnRcL3VwbG9hZHNcLzIwMjZcLzA0XC9CRUxBTkEuanBnIiwic2xpZGVzaG93IjoiOGViYTJlYiJ9\" href='https:\/\/deportecapital.com.ar\/wp-content\/uploads\/2026\/04\/BELANA.jpg'><img loading=\"lazy\" width=\"1920\" height=\"1201\" src=\"https:\/\/deportecapital.com.ar\/wp-content\/uploads\/2026\/04\/BELANA.jpg\" class=\"attachment-full size-full\" alt=\"Hockey\" srcset=\"https:\/\/deportecapital.com.ar\/wp-content\/uploads\/2026\/04\/BELANA.jpg 1920w, https:\/\/deportecapital.com.ar\/wp-content\/uploads\/2026\/04\/BELANA-300x188.jpg 300w, https:\/\/deportecapital.com.ar\/wp-content\/uploads\/2026\/04\/BELANA-1024x641.jpg 1024w, https:\/\/deportecapital.com.ar\/wp-content\/uploads\/2026\/04\/BELANA-768x480.jpg 768w, https:\/\/deportecapital.com.ar\/wp-content\/uploads\/2026\/04\/BELANA-1536x961.jpg 1536w, https:\/\/deportecapital.com.ar\/wp-content\/uploads\/2026\/04\/BELANA-800x500.jpg 800w, https:\/\/deportecapital.com.ar\/wp-content\/uploads\/2026\/04\/BELANA-400x250.jpg 400w\" sizes=\"auto, (max-width: 1920px) 100vw, 1920px\" loading=\"lazy\" decoding=\"async\" \/><\/a>\n\t\t\t<\/div><\/figure><figure class='gallery-item'>\n\t\t\t<div class='gallery-icon landscape'>\n\t\t\t\t<a data-elementor-open-lightbox=\"yes\" data-elementor-lightbox-slideshow=\"8eba2eb\" data-elementor-lightbox-title=\"Hockey\" data-e-action-hash=\"#elementor-action%3Aaction%3Dlightbox%26settings%3DeyJpZCI6NTY5NTEsInVybCI6Imh0dHBzOlwvXC9kZXBvcnRlY2FwaXRhbC5jb20uYXJcL3dwLWNvbnRlbnRcL3VwbG9hZHNcLzIwMjZcLzA0XC9WVUVMLmpwZyIsInNsaWRlc2hvdyI6IjhlYmEyZWIifQ%3D%3D\" href='https:\/\/deportecapital.com.ar\/wp-content\/uploads\/2026\/04\/VUEL.jpg'><img loading=\"lazy\" width=\"1920\" height=\"1254\" src=\"https:\/\/deportecapital.com.ar\/wp-content\/uploads\/2026\/04\/VUEL.jpg\" class=\"attachment-full size-full\" alt=\"Hockey\" srcset=\"https:\/\/deportecapital.com.ar\/wp-content\/uploads\/2026\/04\/VUEL.jpg 1920w, https:\/\/deportecapital.com.ar\/wp-content\/uploads\/2026\/04\/VUEL-300x196.jpg 300w, https:\/\/deportecapital.com.ar\/wp-content\/uploads\/2026\/04\/VUEL-1024x669.jpg 1024w, https:\/\/deportecapital.com.ar\/wp-content\/uploads\/2026\/04\/VUEL-768x502.jpg 768w, https:\/\/deportecapital.com.ar\/wp-content\/uploads\/2026\/04\/VUEL-1536x1003.jpg 1536w\" sizes=\"auto, (max-width: 1920px) 100vw, 1920px\" loading=\"lazy\" decoding=\"async\" \/><\/a>\n\t\t\t<\/div><\/figure><figure class='gallery-item'>\n\t\t\t<div class='gallery-icon landscape'>\n\t\t\t\t<a data-elementor-open-lightbox=\"yes\" data-elementor-lightbox-slideshow=\"8eba2eb\" data-elementor-lightbox-title=\"Hockey\" data-e-action-hash=\"#elementor-action%3Aaction%3Dlightbox%26settings%3DeyJpZCI6NTY5NTAsInVybCI6Imh0dHBzOlwvXC9kZXBvcnRlY2FwaXRhbC5jb20uYXJcL3dwLWNvbnRlbnRcL3VwbG9hZHNcLzIwMjZcLzA0XC9WVUVMLTcuanBnIiwic2xpZGVzaG93IjoiOGViYTJlYiJ9\" href='https:\/\/deportecapital.com.ar\/wp-content\/uploads\/2026\/04\/VUEL-7.jpg'><img loading=\"lazy\" width=\"1920\" height=\"1197\" src=\"https:\/\/deportecapital.com.ar\/wp-content\/uploads\/2026\/04\/VUEL-7.jpg\" class=\"attachment-full size-full\" alt=\"Hockey\" srcset=\"https:\/\/deportecapital.com.ar\/wp-content\/uploads\/2026\/04\/VUEL-7.jpg 1920w, https:\/\/deportecapital.com.ar\/wp-content\/uploads\/2026\/04\/VUEL-7-300x187.jpg 300w, https:\/\/deportecapital.com.ar\/wp-content\/uploads\/2026\/04\/VUEL-7-1024x638.jpg 1024w, https:\/\/deportecapital.com.ar\/wp-content\/uploads\/2026\/04\/VUEL-7-768x479.jpg 768w, https:\/\/deportecapital.com.ar\/wp-content\/uploads\/2026\/04\/VUEL-7-1536x958.jpg 1536w, https:\/\/deportecapital.com.ar\/wp-content\/uploads\/2026\/04\/VUEL-7-800x500.jpg 800w, https:\/\/deportecapital.com.ar\/wp-content\/uploads\/2026\/04\/VUEL-7-400x250.jpg 400w\" sizes=\"auto, (max-width: 1920px) 100vw, 1920px\" loading=\"lazy\" decoding=\"async\" \/><\/a>\n\t\t\t<\/div><\/figure><figure class='gallery-item'>\n\t\t\t<div class='gallery-icon landscape'>\n\t\t\t\t<a data-elementor-open-lightbox=\"yes\" data-elementor-lightbox-slideshow=\"8eba2eb\" data-elementor-lightbox-title=\"Hockey\" data-e-action-hash=\"#elementor-action%3Aaction%3Dlightbox%26settings%3DeyJpZCI6NTY5NDksInVybCI6Imh0dHBzOlwvXC9kZXBvcnRlY2FwaXRhbC5jb20uYXJcL3dwLWNvbnRlbnRcL3VwbG9hZHNcLzIwMjZcLzA0XC9WVUVMLTYuanBnIiwic2xpZGVzaG93IjoiOGViYTJlYiJ9\" href='https:\/\/deportecapital.com.ar\/wp-content\/uploads\/2026\/04\/VUEL-6.jpg'><img loading=\"lazy\" width=\"1920\" height=\"1419\" src=\"https:\/\/deportecapital.com.ar\/wp-content\/uploads\/2026\/04\/VUEL-6.jpg\" class=\"attachment-full size-full\" alt=\"Hockey\" srcset=\"https:\/\/deportecapital.com.ar\/wp-content\/uploads\/2026\/04\/VUEL-6.jpg 1920w, https:\/\/deportecapital.com.ar\/wp-content\/uploads\/2026\/04\/VUEL-6-300x222.jpg 300w, https:\/\/deportecapital.com.ar\/wp-content\/uploads\/2026\/04\/VUEL-6-1024x757.jpg 1024w, https:\/\/deportecapital.com.ar\/wp-content\/uploads\/2026\/04\/VUEL-6-768x568.jpg 768w, https:\/\/deportecapital.com.ar\/wp-content\/uploads\/2026\/04\/VUEL-6-1536x1135.jpg 1536w\" sizes=\"auto, (max-width: 1920px) 100vw, 1920px\" loading=\"lazy\" decoding=\"async\" \/><\/a>\n\t\t\t<\/div><\/figure><figure class='gallery-item'>\n\t\t\t<div class='gallery-icon landscape'>\n\t\t\t\t<a data-elementor-open-lightbox=\"yes\" data-elementor-lightbox-slideshow=\"8eba2eb\" data-elementor-lightbox-title=\"Hockey\" data-e-action-hash=\"#elementor-action%3Aaction%3Dlightbox%26settings%3DeyJpZCI6NTY5NDgsInVybCI6Imh0dHBzOlwvXC9kZXBvcnRlY2FwaXRhbC5jb20uYXJcL3dwLWNvbnRlbnRcL3VwbG9hZHNcLzIwMjZcLzA0XC9WVUVMLTUuanBnIiwic2xpZGVzaG93IjoiOGViYTJlYiJ9\" href='https:\/\/deportecapital.com.ar\/wp-content\/uploads\/2026\/04\/VUEL-5.jpg'><img loading=\"lazy\" width=\"1920\" height=\"1309\" src=\"https:\/\/deportecapital.com.ar\/wp-content\/uploads\/2026\/04\/VUEL-5.jpg\" class=\"attachment-full size-full\" alt=\"Hockey\" srcset=\"https:\/\/deportecapital.com.ar\/wp-content\/uploads\/2026\/04\/VUEL-5.jpg 1920w, https:\/\/deportecapital.com.ar\/wp-content\/uploads\/2026\/04\/VUEL-5-300x205.jpg 300w, https:\/\/deportecapital.com.ar\/wp-content\/uploads\/2026\/04\/VUEL-5-1024x698.jpg 1024w, https:\/\/deportecapital.com.ar\/wp-content\/uploads\/2026\/04\/VUEL-5-768x524.jpg 768w, https:\/\/deportecapital.com.ar\/wp-content\/uploads\/2026\/04\/VUEL-5-1536x1047.jpg 1536w\" sizes=\"auto, (max-width: 1920px) 100vw, 1920px\" loading=\"lazy\" decoding=\"async\" \/><\/a>\n\t\t\t<\/div><\/figure><figure class='gallery-item'>\n\t\t\t<div class='gallery-icon landscape'>\n\t\t\t\t<a data-elementor-open-lightbox=\"yes\" data-elementor-lightbox-slideshow=\"8eba2eb\" data-elementor-lightbox-title=\"Hockey\" data-e-action-hash=\"#elementor-action%3Aaction%3Dlightbox%26settings%3DeyJpZCI6NTY5NDcsInVybCI6Imh0dHBzOlwvXC9kZXBvcnRlY2FwaXRhbC5jb20uYXJcL3dwLWNvbnRlbnRcL3VwbG9hZHNcLzIwMjZcLzA0XC9WVUVMLTQuanBnIiwic2xpZGVzaG93IjoiOGViYTJlYiJ9\" href='https:\/\/deportecapital.com.ar\/wp-content\/uploads\/2026\/04\/VUEL-4.jpg'><img loading=\"lazy\" width=\"1920\" height=\"1297\" src=\"https:\/\/deportecapital.com.ar\/wp-content\/uploads\/2026\/04\/VUEL-4.jpg\" class=\"attachment-full size-full\" alt=\"Hockey\" srcset=\"https:\/\/deportecapital.com.ar\/wp-content\/uploads\/2026\/04\/VUEL-4.jpg 1920w, https:\/\/deportecapital.com.ar\/wp-content\/uploads\/2026\/04\/VUEL-4-300x203.jpg 300w, https:\/\/deportecapital.com.ar\/wp-content\/uploads\/2026\/04\/VUEL-4-1024x692.jpg 1024w, https:\/\/deportecapital.com.ar\/wp-content\/uploads\/2026\/04\/VUEL-4-768x519.jpg 768w, https:\/\/deportecapital.com.ar\/wp-content\/uploads\/2026\/04\/VUEL-4-1536x1038.jpg 1536w\" sizes=\"auto, (max-width: 1920px) 100vw, 1920px\" loading=\"lazy\" decoding=\"async\" \/><\/a>\n\t\t\t<\/div><\/figure><figure class='gallery-item'>\n\t\t\t<div class='gallery-icon landscape'>\n\t\t\t\t<a data-elementor-open-lightbox=\"yes\" data-elementor-lightbox-slideshow=\"8eba2eb\" data-elementor-lightbox-title=\"Hockey\" data-e-action-hash=\"#elementor-action%3Aaction%3Dlightbox%26settings%3DeyJpZCI6NTY5NDYsInVybCI6Imh0dHBzOlwvXC9kZXBvcnRlY2FwaXRhbC5jb20uYXJcL3dwLWNvbnRlbnRcL3VwbG9hZHNcLzIwMjZcLzA0XC9WVUVMLTMuanBnIiwic2xpZGVzaG93IjoiOGViYTJlYiJ9\" href='https:\/\/deportecapital.com.ar\/wp-content\/uploads\/2026\/04\/VUEL-3.jpg'><img loading=\"lazy\" width=\"1920\" height=\"1390\" src=\"https:\/\/deportecapital.com.ar\/wp-content\/uploads\/2026\/04\/VUEL-3.jpg\" class=\"attachment-full size-full\" alt=\"Hockey\" srcset=\"https:\/\/deportecapital.com.ar\/wp-content\/uploads\/2026\/04\/VUEL-3.jpg 1920w, https:\/\/deportecapital.com.ar\/wp-content\/uploads\/2026\/04\/VUEL-3-300x217.jpg 300w, https:\/\/deportecapital.com.ar\/wp-content\/uploads\/2026\/04\/VUEL-3-1024x741.jpg 1024w, https:\/\/deportecapital.com.ar\/wp-content\/uploads\/2026\/04\/VUEL-3-768x556.jpg 768w, https:\/\/deportecapital.com.ar\/wp-content\/uploads\/2026\/04\/VUEL-3-1536x1112.jpg 1536w\" sizes=\"auto, (max-width: 1920px) 100vw, 1920px\" loading=\"lazy\" decoding=\"async\" \/><\/a>\n\t\t\t<\/div><\/figure><figure class='gallery-item'>\n\t\t\t<div class='gallery-icon landscape'>\n\t\t\t\t<a data-elementor-open-lightbox=\"yes\" data-elementor-lightbox-slideshow=\"8eba2eb\" data-elementor-lightbox-title=\"Hockey\" data-e-action-hash=\"#elementor-action%3Aaction%3Dlightbox%26settings%3DeyJpZCI6NTY5NDUsInVybCI6Imh0dHBzOlwvXC9kZXBvcnRlY2FwaXRhbC5jb20uYXJcL3dwLWNvbnRlbnRcL3VwbG9hZHNcLzIwMjZcLzA0XC9WVUVMLTIuanBnIiwic2xpZGVzaG93IjoiOGViYTJlYiJ9\" href='https:\/\/deportecapital.com.ar\/wp-content\/uploads\/2026\/04\/VUEL-2.jpg'><img loading=\"lazy\" width=\"1920\" height=\"1217\" src=\"https:\/\/deportecapital.com.ar\/wp-content\/uploads\/2026\/04\/VUEL-2.jpg\" class=\"attachment-full size-full\" alt=\"Hockey\" srcset=\"https:\/\/deportecapital.com.ar\/wp-content\/uploads\/2026\/04\/VUEL-2.jpg 1920w, https:\/\/deportecapital.com.ar\/wp-content\/uploads\/2026\/04\/VUEL-2-300x190.jpg 300w, https:\/\/deportecapital.com.ar\/wp-content\/uploads\/2026\/04\/VUEL-2-1024x649.jpg 1024w, https:\/\/deportecapital.com.ar\/wp-content\/uploads\/2026\/04\/VUEL-2-768x487.jpg 768w, https:\/\/deportecapital.com.ar\/wp-content\/uploads\/2026\/04\/VUEL-2-1536x974.jpg 1536w\" sizes=\"auto, (max-width: 1920px) 100vw, 1920px\" loading=\"lazy\" decoding=\"async\" \/><\/a>\n\t\t\t<\/div><\/figure><figure class='gallery-item'>\n\t\t\t<div class='gallery-icon landscape'>\n\t\t\t\t<a data-elementor-open-lightbox=\"yes\" data-elementor-lightbox-slideshow=\"8eba2eb\" data-elementor-lightbox-title=\"Hockey\" data-e-action-hash=\"#elementor-action%3Aaction%3Dlightbox%26settings%3DeyJpZCI6NTY5NDQsInVybCI6Imh0dHBzOlwvXC9kZXBvcnRlY2FwaXRhbC5jb20uYXJcL3dwLWNvbnRlbnRcL3VwbG9hZHNcLzIwMjZcLzA0XC9WVUVMLTEuanBnIiwic2xpZGVzaG93IjoiOGViYTJlYiJ9\" href='https:\/\/deportecapital.com.ar\/wp-content\/uploads\/2026\/04\/VUEL-1.jpg'><img loading=\"lazy\" width=\"1920\" height=\"968\" src=\"https:\/\/deportecapital.com.ar\/wp-content\/uploads\/2026\/04\/VUEL-1.jpg\" class=\"attachment-full size-full\" alt=\"Hockey\" srcset=\"https:\/\/deportecapital.com.ar\/wp-content\/uploads\/2026\/04\/VUEL-1.jpg 1920w, https:\/\/deportecapital.com.ar\/wp-content\/uploads\/2026\/04\/VUEL-1-300x151.jpg 300w, https:\/\/deportecapital.com.ar\/wp-content\/uploads\/2026\/04\/VUEL-1-1024x516.jpg 1024w, https:\/\/deportecapital.com.ar\/wp-content\/uploads\/2026\/04\/VUEL-1-768x387.jpg 768w, https:\/\/deportecapital.com.ar\/wp-content\/uploads\/2026\/04\/VUEL-1-1536x774.jpg 1536w\" sizes=\"auto, (max-width: 1920px) 100vw, 1920px\" loading=\"lazy\" decoding=\"async\" \/><\/a>\n\t\t\t<\/div><\/figure>\n\t\t<\/div>\n\t\t<\/div>\n\t\t\t\t\t\t<\/div>\n\t\t\t\t<\/div>\n\t\t\t\t\t<\/div>\n\t\t\t\t<\/div>\n\t\t\t\t<\/div>\n\t\t","protected":false},"excerpt":{"rendered":"<p>El s\u00e1bado se puso en marcha la Liga Social de hockey, en las categor\u00edas sub&#8230;<\/p>\n","protected":false},"author":3,"featured_media":56943,"comment_status":"closed","ping_status":"open","sticky":false,"template":"","format":"standard","meta":{"footnotes":""},"categories":[64,24],"tags":[],"class_list":["post-56942","post","type-post","status-publish","format-standard","has-post-thumbnail","hentry","category-destacadas3","category-hockey"],"yoast_head":"<!-- This site is optimized with the Yoast SEO plugin v27.4 - https:\/\/yoast.com\/product\/yoast-seo-wordpress\/ -->\n<title>Comenz\u00f3 la Liga Social de hockey - Deporte Capital<\/title>\n<meta name=\"robots\" content=\"index, follow, max-snippet:-1, max-image-preview:large, max-video-preview:-1\" \/>\n<link rel=\"canonical\" href=\"https:\/\/deportecapital.com.ar\/index.php\/2026\/04\/27\/comenzo-la-liga-social-de-hockey-2\/\" \/>\n<meta property=\"og:locale\" content=\"es_ES\" \/>\n<meta property=\"og:type\" content=\"article\" \/>\n<meta property=\"og:title\" content=\"Comenz\u00f3 la Liga Social de hockey - Deporte Capital\" \/>\n<meta property=\"og:description\" content=\"El s\u00e1bado se puso en marcha la Liga Social de hockey, en las categor\u00edas sub...\" \/>\n<meta property=\"og:url\" content=\"https:\/\/deportecapital.com.ar\/index.php\/2026\/04\/27\/comenzo-la-liga-social-de-hockey-2\/\" \/>\n<meta property=\"og:site_name\" content=\"Deporte Capital\" \/>\n<meta property=\"article:published_time\" content=\"2026-04-27T00:45:54+00:00\" \/>\n<meta property=\"article:modified_time\" content=\"2026-04-27T00:46:17+00:00\" \/>\n<meta property=\"og:image\" content=\"https:\/\/deportecapital.com.ar\/wp-content\/uploads\/2026\/04\/BELANA.jpg\" \/>\n\t<meta property=\"og:image:width\" content=\"1920\" \/>\n\t<meta property=\"og:image:height\" content=\"1201\" \/>\n\t<meta property=\"og:image:type\" content=\"image\/jpeg\" \/>\n<meta name=\"author\" content=\"Emilio Manrique\" \/>\n<meta name=\"twitter:card\" content=\"summary_large_image\" \/>\n<meta name=\"twitter:label1\" content=\"Escrito por\" \/>\n\t<meta name=\"twitter:data1\" content=\"Emilio Manrique\" \/>\n\t<meta name=\"twitter:label2\" content=\"Tiempo de lectura\" \/>\n\t<meta name=\"twitter:data2\" content=\"3 minutos\" \/>\n<script type=\"application\/ld+json\" class=\"yoast-schema-graph\">{\"@context\":\"https:\\\/\\\/schema.org\",\"@graph\":[{\"@type\":\"Article\",\"@id\":\"https:\\\/\\\/deportecapital.com.ar\\\/index.php\\\/2026\\\/04\\\/27\\\/comenzo-la-liga-social-de-hockey-2\\\/#article\",\"isPartOf\":{\"@id\":\"https:\\\/\\\/deportecapital.com.ar\\\/index.php\\\/2026\\\/04\\\/27\\\/comenzo-la-liga-social-de-hockey-2\\\/\"},\"author\":{\"name\":\"Emilio Manrique\",\"@id\":\"https:\\\/\\\/deportecapital.com.ar\\\/#\\\/schema\\\/person\\\/9cd40456048dd30733b1d6749eca5de8\"},\"headline\":\"Comenz\u00f3 la Liga Social de hockey\",\"datePublished\":\"2026-04-27T00:45:54+00:00\",\"dateModified\":\"2026-04-27T00:46:17+00:00\",\"mainEntityOfPage\":{\"@id\":\"https:\\\/\\\/deportecapital.com.ar\\\/index.php\\\/2026\\\/04\\\/27\\\/comenzo-la-liga-social-de-hockey-2\\\/\"},\"wordCount\":146,\"publisher\":{\"@id\":\"https:\\\/\\\/deportecapital.com.ar\\\/#organization\"},\"image\":{\"@id\":\"https:\\\/\\\/deportecapital.com.ar\\\/index.php\\\/2026\\\/04\\\/27\\\/comenzo-la-liga-social-de-hockey-2\\\/#primaryimage\"},\"thumbnailUrl\":\"https:\\\/\\\/deportecapital.com.ar\\\/wp-content\\\/uploads\\\/2026\\\/04\\\/BELANA.jpg\",\"articleSection\":[\"Destacadas3\",\"Hockey\"],\"inLanguage\":\"es-AR\"},{\"@type\":\"WebPage\",\"@id\":\"https:\\\/\\\/deportecapital.com.ar\\\/index.php\\\/2026\\\/04\\\/27\\\/comenzo-la-liga-social-de-hockey-2\\\/\",\"url\":\"https:\\\/\\\/deportecapital.com.ar\\\/index.php\\\/2026\\\/04\\\/27\\\/comenzo-la-liga-social-de-hockey-2\\\/\",\"name\":\"Comenz\u00f3 la Liga Social de hockey - Deporte Capital\",\"isPartOf\":{\"@id\":\"https:\\\/\\\/deportecapital.com.ar\\\/#website\"},\"primaryImageOfPage\":{\"@id\":\"https:\\\/\\\/deportecapital.com.ar\\\/index.php\\\/2026\\\/04\\\/27\\\/comenzo-la-liga-social-de-hockey-2\\\/#primaryimage\"},\"image\":{\"@id\":\"https:\\\/\\\/deportecapital.com.ar\\\/index.php\\\/2026\\\/04\\\/27\\\/comenzo-la-liga-social-de-hockey-2\\\/#primaryimage\"},\"thumbnailUrl\":\"https:\\\/\\\/deportecapital.com.ar\\\/wp-content\\\/uploads\\\/2026\\\/04\\\/BELANA.jpg\",\"datePublished\":\"2026-04-27T00:45:54+00:00\",\"dateModified\":\"2026-04-27T00:46:17+00:00\",\"breadcrumb\":{\"@id\":\"https:\\\/\\\/deportecapital.com.ar\\\/index.php\\\/2026\\\/04\\\/27\\\/comenzo-la-liga-social-de-hockey-2\\\/#breadcrumb\"},\"inLanguage\":\"es-AR\",\"potentialAction\":[{\"@type\":\"ReadAction\",\"target\":[\"https:\\\/\\\/deportecapital.com.ar\\\/index.php\\\/2026\\\/04\\\/27\\\/comenzo-la-liga-social-de-hockey-2\\\/\"]}]},{\"@type\":\"ImageObject\",\"inLanguage\":\"es-AR\",\"@id\":\"https:\\\/\\\/deportecapital.com.ar\\\/index.php\\\/2026\\\/04\\\/27\\\/comenzo-la-liga-social-de-hockey-2\\\/#primaryimage\",\"url\":\"https:\\\/\\\/deportecapital.com.ar\\\/wp-content\\\/uploads\\\/2026\\\/04\\\/BELANA.jpg\",\"contentUrl\":\"https:\\\/\\\/deportecapital.com.ar\\\/wp-content\\\/uploads\\\/2026\\\/04\\\/BELANA.jpg\",\"width\":1920,\"height\":1201},{\"@type\":\"BreadcrumbList\",\"@id\":\"https:\\\/\\\/deportecapital.com.ar\\\/index.php\\\/2026\\\/04\\\/27\\\/comenzo-la-liga-social-de-hockey-2\\\/#breadcrumb\",\"itemListElement\":[{\"@type\":\"ListItem\",\"position\":1,\"name\":\"Inicio\",\"item\":\"https:\\\/\\\/deportecapital.com.ar\\\/\"},{\"@type\":\"ListItem\",\"position\":2,\"name\":\"Comenz\u00f3 la Liga Social de hockey\"}]},{\"@type\":\"WebSite\",\"@id\":\"https:\\\/\\\/deportecapital.com.ar\\\/#website\",\"url\":\"https:\\\/\\\/deportecapital.com.ar\\\/\",\"name\":\"Deporte Capital\",\"description\":\"Diario digital con todo el deporte de La Pampa y alrededores.\",\"publisher\":{\"@id\":\"https:\\\/\\\/deportecapital.com.ar\\\/#organization\"},\"potentialAction\":[{\"@type\":\"SearchAction\",\"target\":{\"@type\":\"EntryPoint\",\"urlTemplate\":\"https:\\\/\\\/deportecapital.com.ar\\\/?s={search_term_string}\"},\"query-input\":{\"@type\":\"PropertyValueSpecification\",\"valueRequired\":true,\"valueName\":\"search_term_string\"}}],\"inLanguage\":\"es-AR\"},{\"@type\":\"Organization\",\"@id\":\"https:\\\/\\\/deportecapital.com.ar\\\/#organization\",\"name\":\"Deporte Capital\",\"url\":\"https:\\\/\\\/deportecapital.com.ar\\\/\",\"logo\":{\"@type\":\"ImageObject\",\"inLanguage\":\"es-AR\",\"@id\":\"https:\\\/\\\/deportecapital.com.ar\\\/#\\\/schema\\\/logo\\\/image\\\/\",\"url\":\"https:\\\/\\\/deportecapital.com.ar\\\/wp-content\\\/uploads\\\/2025\\\/06\\\/logo-deportecapital_white-1.png\",\"contentUrl\":\"https:\\\/\\\/deportecapital.com.ar\\\/wp-content\\\/uploads\\\/2025\\\/06\\\/logo-deportecapital_white-1.png\",\"width\":243,\"height\":111,\"caption\":\"Deporte Capital\"},\"image\":{\"@id\":\"https:\\\/\\\/deportecapital.com.ar\\\/#\\\/schema\\\/logo\\\/image\\\/\"}},{\"@type\":\"Person\",\"@id\":\"https:\\\/\\\/deportecapital.com.ar\\\/#\\\/schema\\\/person\\\/9cd40456048dd30733b1d6749eca5de8\",\"name\":\"Emilio Manrique\",\"image\":{\"@type\":\"ImageObject\",\"inLanguage\":\"es-AR\",\"@id\":\"https:\\\/\\\/secure.gravatar.com\\\/avatar\\\/005c696496b156e30819f271efdd20348da8f41b5d5653680fd363162bbeb3bb?s=96&d=mm&r=g\",\"url\":\"https:\\\/\\\/secure.gravatar.com\\\/avatar\\\/005c696496b156e30819f271efdd20348da8f41b5d5653680fd363162bbeb3bb?s=96&d=mm&r=g\",\"contentUrl\":\"https:\\\/\\\/secure.gravatar.com\\\/avatar\\\/005c696496b156e30819f271efdd20348da8f41b5d5653680fd363162bbeb3bb?s=96&d=mm&r=g\",\"caption\":\"Emilio Manrique\"},\"url\":\"https:\\\/\\\/deportecapital.com.ar\\\/index.php\\\/author\\\/emilio-manrique\\\/\"}]}<\/script>\n<!-- \/ Yoast SEO plugin. -->","yoast_head_json":{"title":"Comenz\u00f3 la Liga Social de hockey - Deporte Capital","robots":{"index":"index","follow":"follow","max-snippet":"max-snippet:-1","max-image-preview":"max-image-preview:large","max-video-preview":"max-video-preview:-1"},"canonical":"https:\/\/deportecapital.com.ar\/index.php\/2026\/04\/27\/comenzo-la-liga-social-de-hockey-2\/","og_locale":"es_ES","og_type":"article","og_title":"Comenz\u00f3 la Liga Social de hockey - Deporte Capital","og_description":"El s\u00e1bado se puso en marcha la Liga Social de hockey, en las categor\u00edas sub...","og_url":"https:\/\/deportecapital.com.ar\/index.php\/2026\/04\/27\/comenzo-la-liga-social-de-hockey-2\/","og_site_name":"Deporte Capital","article_published_time":"2026-04-27T00:45:54+00:00","article_modified_time":"2026-04-27T00:46:17+00:00","og_image":[{"width":1920,"height":1201,"url":"https:\/\/deportecapital.com.ar\/wp-content\/uploads\/2026\/04\/BELANA.jpg","type":"image\/jpeg"}],"author":"Emilio Manrique","twitter_card":"summary_large_image","twitter_misc":{"Escrito por":"Emilio Manrique","Tiempo de lectura":"3 minutos"},"schema":{"@context":"https:\/\/schema.org","@graph":[{"@type":"Article","@id":"https:\/\/deportecapital.com.ar\/index.php\/2026\/04\/27\/comenzo-la-liga-social-de-hockey-2\/#article","isPartOf":{"@id":"https:\/\/deportecapital.com.ar\/index.php\/2026\/04\/27\/comenzo-la-liga-social-de-hockey-2\/"},"author":{"name":"Emilio Manrique","@id":"https:\/\/deportecapital.com.ar\/#\/schema\/person\/9cd40456048dd30733b1d6749eca5de8"},"headline":"Comenz\u00f3 la Liga Social de hockey","datePublished":"2026-04-27T00:45:54+00:00","dateModified":"2026-04-27T00:46:17+00:00","mainEntityOfPage":{"@id":"https:\/\/deportecapital.com.ar\/index.php\/2026\/04\/27\/comenzo-la-liga-social-de-hockey-2\/"},"wordCount":146,"publisher":{"@id":"https:\/\/deportecapital.com.ar\/#organization"},"image":{"@id":"https:\/\/deportecapital.com.ar\/index.php\/2026\/04\/27\/comenzo-la-liga-social-de-hockey-2\/#primaryimage"},"thumbnailUrl":"https:\/\/deportecapital.com.ar\/wp-content\/uploads\/2026\/04\/BELANA.jpg","articleSection":["Destacadas3","Hockey"],"inLanguage":"es-AR"},{"@type":"WebPage","@id":"https:\/\/deportecapital.com.ar\/index.php\/2026\/04\/27\/comenzo-la-liga-social-de-hockey-2\/","url":"https:\/\/deportecapital.com.ar\/index.php\/2026\/04\/27\/comenzo-la-liga-social-de-hockey-2\/","name":"Comenz\u00f3 la Liga Social de hockey - Deporte Capital","isPartOf":{"@id":"https:\/\/deportecapital.com.ar\/#website"},"primaryImageOfPage":{"@id":"https:\/\/deportecapital.com.ar\/index.php\/2026\/04\/27\/comenzo-la-liga-social-de-hockey-2\/#primaryimage"},"image":{"@id":"https:\/\/deportecapital.com.ar\/index.php\/2026\/04\/27\/comenzo-la-liga-social-de-hockey-2\/#primaryimage"},"thumbnailUrl":"https:\/\/deportecapital.com.ar\/wp-content\/uploads\/2026\/04\/BELANA.jpg","datePublished":"2026-04-27T00:45:54+00:00","dateModified":"2026-04-27T00:46:17+00:00","breadcrumb":{"@id":"https:\/\/deportecapital.com.ar\/index.php\/2026\/04\/27\/comenzo-la-liga-social-de-hockey-2\/#breadcrumb"},"inLanguage":"es-AR","potentialAction":[{"@type":"ReadAction","target":["https:\/\/deportecapital.com.ar\/index.php\/2026\/04\/27\/comenzo-la-liga-social-de-hockey-2\/"]}]},{"@type":"ImageObject","inLanguage":"es-AR","@id":"https:\/\/deportecapital.com.ar\/index.php\/2026\/04\/27\/comenzo-la-liga-social-de-hockey-2\/#primaryimage","url":"https:\/\/deportecapital.com.ar\/wp-content\/uploads\/2026\/04\/BELANA.jpg","contentUrl":"https:\/\/deportecapital.com.ar\/wp-content\/uploads\/2026\/04\/BELANA.jpg","width":1920,"height":1201},{"@type":"BreadcrumbList","@id":"https:\/\/deportecapital.com.ar\/index.php\/2026\/04\/27\/comenzo-la-liga-social-de-hockey-2\/#breadcrumb","itemListElement":[{"@type":"ListItem","position":1,"name":"Inicio","item":"https:\/\/deportecapital.com.ar\/"},{"@type":"ListItem","position":2,"name":"Comenz\u00f3 la Liga Social de hockey"}]},{"@type":"WebSite","@id":"https:\/\/deportecapital.com.ar\/#website","url":"https:\/\/deportecapital.com.ar\/","name":"Deporte Capital","description":"Diario digital con todo el deporte de La Pampa y alrededores.","publisher":{"@id":"https:\/\/deportecapital.com.ar\/#organization"},"potentialAction":[{"@type":"SearchAction","target":{"@type":"EntryPoint","urlTemplate":"https:\/\/deportecapital.com.ar\/?s={search_term_string}"},"query-input":{"@type":"PropertyValueSpecification","valueRequired":true,"valueName":"search_term_string"}}],"inLanguage":"es-AR"},{"@type":"Organization","@id":"https:\/\/deportecapital.com.ar\/#organization","name":"Deporte Capital","url":"https:\/\/deportecapital.com.ar\/","logo":{"@type":"ImageObject","inLanguage":"es-AR","@id":"https:\/\/deportecapital.com.ar\/#\/schema\/logo\/image\/","url":"https:\/\/deportecapital.com.ar\/wp-content\/uploads\/2025\/06\/logo-deportecapital_white-1.png","contentUrl":"https:\/\/deportecapital.com.ar\/wp-content\/uploads\/2025\/06\/logo-deportecapital_white-1.png","width":243,"height":111,"caption":"Deporte Capital"},"image":{"@id":"https:\/\/deportecapital.com.ar\/#\/schema\/logo\/image\/"}},{"@type":"Person","@id":"https:\/\/deportecapital.com.ar\/#\/schema\/person\/9cd40456048dd30733b1d6749eca5de8","name":"Emilio Manrique","image":{"@type":"ImageObject","inLanguage":"es-AR","@id":"https:\/\/secure.gravatar.com\/avatar\/005c696496b156e30819f271efdd20348da8f41b5d5653680fd363162bbeb3bb?s=96&d=mm&r=g","url":"https:\/\/secure.gravatar.com\/avatar\/005c696496b156e30819f271efdd20348da8f41b5d5653680fd363162bbeb3bb?s=96&d=mm&r=g","contentUrl":"https:\/\/secure.gravatar.com\/avatar\/005c696496b156e30819f271efdd20348da8f41b5d5653680fd363162bbeb3bb?s=96&d=mm&r=g","caption":"Emilio Manrique"},"url":"https:\/\/deportecapital.com.ar\/index.php\/author\/emilio-manrique\/"}]}},"rttpg_featured_image_url":{"full":["https:\/\/deportecapital.com.ar\/wp-content\/uploads\/2026\/04\/BELANA.jpg",1920,1201,false],"landscape":["https:\/\/deportecapital.com.ar\/wp-content\/uploads\/2026\/04\/BELANA.jpg",1920,1201,false],"portraits":["https:\/\/deportecapital.com.ar\/wp-content\/uploads\/2026\/04\/BELANA.jpg",1920,1201,false],"thumbnail":["https:\/\/deportecapital.com.ar\/wp-content\/uploads\/2026\/04\/BELANA-150x150.jpg",150,150,true],"medium":["https:\/\/deportecapital.com.ar\/wp-content\/uploads\/2026\/04\/BELANA-300x188.jpg",300,188,true],"large":["https:\/\/deportecapital.com.ar\/wp-content\/uploads\/2026\/04\/BELANA-1024x641.jpg",640,401,true],"1536x1536":["https:\/\/deportecapital.com.ar\/wp-content\/uploads\/2026\/04\/BELANA-1536x961.jpg",1536,961,true],"2048x2048":["https:\/\/deportecapital.com.ar\/wp-content\/uploads\/2026\/04\/BELANA.jpg",1920,1201,false],"covernews-slider-full":["https:\/\/deportecapital.com.ar\/wp-content\/uploads\/2026\/04\/BELANA-1115x715.jpg",1115,715,true],"covernews-slider-center":["https:\/\/deportecapital.com.ar\/wp-content\/uploads\/2026\/04\/BELANA-800x500.jpg",800,500,true],"covernews-featured":["https:\/\/deportecapital.com.ar\/wp-content\/uploads\/2026\/04\/BELANA-1024x641.jpg",1024,641,true],"covernews-medium":["https:\/\/deportecapital.com.ar\/wp-content\/uploads\/2026\/04\/BELANA-540x340.jpg",540,340,true],"covernews-medium-square":["https:\/\/deportecapital.com.ar\/wp-content\/uploads\/2026\/04\/BELANA-400x250.jpg",400,250,true]},"rttpg_author":{"display_name":"Emilio Manrique","author_link":"https:\/\/deportecapital.com.ar\/index.php\/author\/emilio-manrique\/"},"rttpg_comment":0,"rttpg_category":"<a href=\"https:\/\/deportecapital.com.ar\/index.php\/category\/destacadas3\/\" rel=\"category tag\">Destacadas3<\/a> <a href=\"https:\/\/deportecapital.com.ar\/index.php\/category\/hockey\/\" rel=\"category tag\">Hockey<\/a>","rttpg_excerpt":"El s\u00e1bado se puso en marcha la Liga Social de hockey, en las categor\u00edas sub...","_links":{"self":[{"href":"https:\/\/deportecapital.com.ar\/index.php\/wp-json\/wp\/v2\/posts\/56942","targetHints":{"allow":["GET"]}}],"collection":[{"href":"https:\/\/deportecapital.com.ar\/index.php\/wp-json\/wp\/v2\/posts"}],"about":[{"href":"https:\/\/deportecapital.com.ar\/index.php\/wp-json\/wp\/v2\/types\/post"}],"author":[{"embeddable":true,"href":"https:\/\/deportecapital.com.ar\/index.php\/wp-json\/wp\/v2\/users\/3"}],"replies":[{"embeddable":true,"href":"https:\/\/deportecapital.com.ar\/index.php\/wp-json\/wp\/v2\/comments?post=56942"}],"version-history":[{"count":5,"href":"https:\/\/deportecapital.com.ar\/index.php\/wp-json\/wp\/v2\/posts\/56942\/revisions"}],"predecessor-version":[{"id":56956,"href":"https:\/\/deportecapital.com.ar\/index.php\/wp-json\/wp\/v2\/posts\/56942\/revisions\/56956"}],"wp:featuredmedia":[{"embeddable":true,"href":"https:\/\/deportecapital.com.ar\/index.php\/wp-json\/wp\/v2\/media\/56943"}],"wp:attachment":[{"href":"https:\/\/deportecapital.com.ar\/index.php\/wp-json\/wp\/v2\/media?parent=56942"}],"wp:term":[{"taxonomy":"category","embeddable":true,"href":"https:\/\/deportecapital.com.ar\/index.php\/wp-json\/wp\/v2\/categories?post=56942"},{"taxonomy":"post_tag","embeddable":true,"href":"https:\/\/deportecapital.com.ar\/index.php\/wp-json\/wp\/v2\/tags?post=56942"}],"curies":[{"name":"wp","href":"https:\/\/api.w.org\/{rel}","templated":true}]}}