{"id":56964,"date":"2026-04-27T01:03:46","date_gmt":"2026-04-27T01:03:46","guid":{"rendered":"https:\/\/deportecapital.com.ar\/?p=56964"},"modified":"2026-04-27T01:06:24","modified_gmt":"2026-04-27T01:06:24","slug":"gana-y-se-despega","status":"publish","type":"post","link":"https:\/\/deportecapital.com.ar\/index.php\/2026\/04\/27\/gana-y-se-despega\/","title":{"rendered":"Gana y se despega"},"content":{"rendered":"\t\t<div data-elementor-type=\"wp-post\" data-elementor-id=\"56964\" class=\"elementor elementor-56964\">\n\t\t\t\t<div class=\"elementor-element elementor-element-3b2a7230 e-flex e-con-boxed e-con e-parent\" data-id=\"3b2a7230\" data-element_type=\"container\" data-e-type=\"container\">\n\t\t\t\t\t<div class=\"e-con-inner\">\n\t\t\t\t<div class=\"elementor-element elementor-element-10a4e93c elementor-widget elementor-widget-text-editor\" data-id=\"10a4e93c\" data-element_type=\"widget\" data-e-type=\"widget\" data-widget_type=\"text-editor.default\">\n\t\t\t\t<div class=\"elementor-widget-container\">\n\t\t\t\t\t\t\t\t\t<p><strong>All Boy<\/strong> gole\u00f3 a su similar de <strong>Centro Oeste<\/strong> por 7 a 0 y se aleja en la tabla de valores, Zona A.<\/p><p>\u00a0<\/p><p>Fue en el marco de la s\u00e9ptima fecha del Oficial de la Liga Cultural de f\u00fatbol, \u00faltima de la primera ronda, en cancha de <strong>General<\/strong> <strong>Belgrano<\/strong>.<\/p><p>Abri\u00f3 la cuenta <em>Guinchinao<\/em> a los cuatro minutos al capitalizar un tiro de esquina desde la izquierda y adelant\u00e1ndose sobre el primer palo decret\u00f3 la apertura del marcador.<\/p><p><em>Gabriel Soler<\/em> estamp\u00f3 el segundo (20\u2019) luego de un par de rebotes, tambi\u00e9n sobre el primer parante, y el tercero fue obra de <em>Agust\u00edn Servetto<\/em> de penal con impacto alto y al medio. Cerrando la primera parte, nuevamente Soler aprovech\u00f3 un error del arquero para subir el indicador 4-0.<\/p><p>En el complemento se sumaron a los festejos otra vez <em>Servetto<\/em> (14\u2019) y <em>Bruno Cabral<\/em> en dos ocasiones (27\u2019 y 29\u2019), para el final de 7-0 contundente.<\/p><p>En los otros juegos de la Zona A, <strong>Carro Quemado<\/strong> y <strong>Campos de General Acha<\/strong> igualaron 1-1, y <strong>Uni\u00f3n Acha<\/strong> y <strong>Atl\u00e9tico Santa Rosa<\/strong> tambi\u00e9n empataron en un gol.<\/p><p>En la Zona B se sucedieron estos marcadores: <strong>Deportivo Winifreda<\/strong> 2 \u2013 <strong>Uni\u00f3n de Riglos<\/strong> 0; <strong>La Barranca<\/strong> 2 \u2013 <strong>General Belgrano<\/strong> 1; <strong>El Pampero<\/strong> 1 \u2013 <strong>Deportivo Mac Allister<\/strong> 1.<\/p><p>En el Interzonal, <strong>Atl\u00e9tico Macach\u00edn<\/strong> super\u00f3 a <strong>Independiente de Doblas<\/strong> por 2 a 1.<\/p><p><b>Posiciones<\/b><b><br \/><\/b>Las posiciones quedaron as\u00ed: <b>Zona A:<\/b> <strong>1) All Boys<\/strong> 18 unidades; 2) Atl\u00e9tico Santa Rosa 14; 3) Atl\u00e9tico Macach\u00edn 13; 4)\u00a0 Campos y Uni\u00f3n Acha 8; 6) Centro Oeste y Carro Quemado 2 puntos.<\/p><p><b>Zona B:<\/b> <strong>1) Deportivo Winifreda<\/strong> 21 puntos; 2) Uni\u00f3n de Riglos 14; 3) La Barranca 12; 4) El Pampero 11; 5) General Belgrano 7; 6) Mac Allister 5; 7) Independiente de Doblas 3.<\/p>\t\t\t\t\t\t\t\t<\/div>\n\t\t\t\t<\/div>\n\t\t\t\t\t<\/div>\n\t\t\t\t<\/div>\n\t\t<div class=\"elementor-element elementor-element-6018dfe e-flex e-con-boxed e-con e-parent\" data-id=\"6018dfe\" data-element_type=\"container\" data-e-type=\"container\">\n\t\t\t\t\t<div class=\"e-con-inner\">\n\t\t\t\t<div class=\"elementor-element elementor-element-cda7f22 elementor-widget elementor-widget-image-gallery\" data-id=\"cda7f22\" data-element_type=\"widget\" data-e-type=\"widget\" data-widget_type=\"image-gallery.default\">\n\t\t\t\t<div class=\"elementor-widget-container\">\n\t\t\t\t\t\t\t<div class=\"elementor-image-gallery\">\n\t\t\t<div id='gallery-1' class='gallery galleryid-56964 gallery-columns-4 gallery-size-full'><figure class='gallery-item'>\n\t\t\t<div class='gallery-icon landscape'>\n\t\t\t\t<a data-elementor-open-lightbox=\"yes\" data-elementor-lightbox-slideshow=\"cda7f22\" data-elementor-lightbox-title=\"Futbol\" data-e-action-hash=\"#elementor-action%3Aaction%3Dlightbox%26settings%3DeyJpZCI6NTY5NjUsInVybCI6Imh0dHBzOlwvXC9kZXBvcnRlY2FwaXRhbC5jb20uYXJcL3dwLWNvbnRlbnRcL3VwbG9hZHNcLzIwMjZcLzA0XC9DRU5UUklOLTEuanBnIiwic2xpZGVzaG93IjoiY2RhN2YyMiJ9\" href='https:\/\/deportecapital.com.ar\/wp-content\/uploads\/2026\/04\/CENTRIN-1.jpg'><img loading=\"lazy\" width=\"1920\" height=\"1362\" src=\"https:\/\/deportecapital.com.ar\/wp-content\/uploads\/2026\/04\/CENTRIN-1.jpg\" class=\"attachment-full size-full\" alt=\"Futbol\" srcset=\"https:\/\/deportecapital.com.ar\/wp-content\/uploads\/2026\/04\/CENTRIN-1.jpg 1920w, https:\/\/deportecapital.com.ar\/wp-content\/uploads\/2026\/04\/CENTRIN-1-300x213.jpg 300w, https:\/\/deportecapital.com.ar\/wp-content\/uploads\/2026\/04\/CENTRIN-1-1024x726.jpg 1024w, https:\/\/deportecapital.com.ar\/wp-content\/uploads\/2026\/04\/CENTRIN-1-768x545.jpg 768w, https:\/\/deportecapital.com.ar\/wp-content\/uploads\/2026\/04\/CENTRIN-1-1536x1090.jpg 1536w\" sizes=\"auto, (max-width: 1920px) 100vw, 1920px\" loading=\"lazy\" decoding=\"async\" \/><\/a>\n\t\t\t<\/div><\/figure><figure class='gallery-item'>\n\t\t\t<div class='gallery-icon landscape'>\n\t\t\t\t<a data-elementor-open-lightbox=\"yes\" data-elementor-lightbox-slideshow=\"cda7f22\" data-elementor-lightbox-title=\"Futbol\" data-e-action-hash=\"#elementor-action%3Aaction%3Dlightbox%26settings%3DeyJpZCI6NTY5NzIsInVybCI6Imh0dHBzOlwvXC9kZXBvcnRlY2FwaXRhbC5jb20uYXJcL3dwLWNvbnRlbnRcL3VwbG9hZHNcLzIwMjZcLzA0XC9DRU5UUklOLmpwZyIsInNsaWRlc2hvdyI6ImNkYTdmMjIifQ%3D%3D\" href='https:\/\/deportecapital.com.ar\/wp-content\/uploads\/2026\/04\/CENTRIN.jpg'><img loading=\"lazy\" width=\"1920\" height=\"1087\" src=\"https:\/\/deportecapital.com.ar\/wp-content\/uploads\/2026\/04\/CENTRIN.jpg\" class=\"attachment-full size-full\" alt=\"Futbol\" srcset=\"https:\/\/deportecapital.com.ar\/wp-content\/uploads\/2026\/04\/CENTRIN.jpg 1920w, https:\/\/deportecapital.com.ar\/wp-content\/uploads\/2026\/04\/CENTRIN-300x170.jpg 300w, https:\/\/deportecapital.com.ar\/wp-content\/uploads\/2026\/04\/CENTRIN-1024x580.jpg 1024w, https:\/\/deportecapital.com.ar\/wp-content\/uploads\/2026\/04\/CENTRIN-768x435.jpg 768w, https:\/\/deportecapital.com.ar\/wp-content\/uploads\/2026\/04\/CENTRIN-1536x870.jpg 1536w\" sizes=\"auto, (max-width: 1920px) 100vw, 1920px\" loading=\"lazy\" decoding=\"async\" \/><\/a>\n\t\t\t<\/div><\/figure><figure class='gallery-item'>\n\t\t\t<div class='gallery-icon landscape'>\n\t\t\t\t<a data-elementor-open-lightbox=\"yes\" data-elementor-lightbox-slideshow=\"cda7f22\" data-elementor-lightbox-title=\"Futbol\" data-e-action-hash=\"#elementor-action%3Aaction%3Dlightbox%26settings%3DeyJpZCI6NTY5NzEsInVybCI6Imh0dHBzOlwvXC9kZXBvcnRlY2FwaXRhbC5jb20uYXJcL3dwLWNvbnRlbnRcL3VwbG9hZHNcLzIwMjZcLzA0XC9DRU5UUklOLTcuanBnIiwic2xpZGVzaG93IjoiY2RhN2YyMiJ9\" href='https:\/\/deportecapital.com.ar\/wp-content\/uploads\/2026\/04\/CENTRIN-7.jpg'><img loading=\"lazy\" width=\"1920\" height=\"1262\" src=\"https:\/\/deportecapital.com.ar\/wp-content\/uploads\/2026\/04\/CENTRIN-7.jpg\" class=\"attachment-full size-full\" alt=\"Futbol\" srcset=\"https:\/\/deportecapital.com.ar\/wp-content\/uploads\/2026\/04\/CENTRIN-7.jpg 1920w, https:\/\/deportecapital.com.ar\/wp-content\/uploads\/2026\/04\/CENTRIN-7-300x197.jpg 300w, https:\/\/deportecapital.com.ar\/wp-content\/uploads\/2026\/04\/CENTRIN-7-1024x673.jpg 1024w, https:\/\/deportecapital.com.ar\/wp-content\/uploads\/2026\/04\/CENTRIN-7-768x505.jpg 768w, https:\/\/deportecapital.com.ar\/wp-content\/uploads\/2026\/04\/CENTRIN-7-1536x1010.jpg 1536w\" sizes=\"auto, (max-width: 1920px) 100vw, 1920px\" loading=\"lazy\" decoding=\"async\" \/><\/a>\n\t\t\t<\/div><\/figure><figure class='gallery-item'>\n\t\t\t<div class='gallery-icon landscape'>\n\t\t\t\t<a data-elementor-open-lightbox=\"yes\" data-elementor-lightbox-slideshow=\"cda7f22\" data-elementor-lightbox-title=\"Futbol\" data-e-action-hash=\"#elementor-action%3Aaction%3Dlightbox%26settings%3DeyJpZCI6NTY5NzAsInVybCI6Imh0dHBzOlwvXC9kZXBvcnRlY2FwaXRhbC5jb20uYXJcL3dwLWNvbnRlbnRcL3VwbG9hZHNcLzIwMjZcLzA0XC9DRU5UUklOLTYuanBnIiwic2xpZGVzaG93IjoiY2RhN2YyMiJ9\" href='https:\/\/deportecapital.com.ar\/wp-content\/uploads\/2026\/04\/CENTRIN-6.jpg'><img loading=\"lazy\" width=\"1920\" height=\"1228\" src=\"https:\/\/deportecapital.com.ar\/wp-content\/uploads\/2026\/04\/CENTRIN-6.jpg\" class=\"attachment-full size-full\" alt=\"Futbol\" srcset=\"https:\/\/deportecapital.com.ar\/wp-content\/uploads\/2026\/04\/CENTRIN-6.jpg 1920w, https:\/\/deportecapital.com.ar\/wp-content\/uploads\/2026\/04\/CENTRIN-6-300x192.jpg 300w, https:\/\/deportecapital.com.ar\/wp-content\/uploads\/2026\/04\/CENTRIN-6-1024x655.jpg 1024w, https:\/\/deportecapital.com.ar\/wp-content\/uploads\/2026\/04\/CENTRIN-6-768x491.jpg 768w, https:\/\/deportecapital.com.ar\/wp-content\/uploads\/2026\/04\/CENTRIN-6-1536x982.jpg 1536w\" sizes=\"auto, (max-width: 1920px) 100vw, 1920px\" loading=\"lazy\" decoding=\"async\" \/><\/a>\n\t\t\t<\/div><\/figure><figure class='gallery-item'>\n\t\t\t<div class='gallery-icon landscape'>\n\t\t\t\t<a data-elementor-open-lightbox=\"yes\" data-elementor-lightbox-slideshow=\"cda7f22\" data-elementor-lightbox-title=\"Futbol\" data-e-action-hash=\"#elementor-action%3Aaction%3Dlightbox%26settings%3DeyJpZCI6NTY5NjksInVybCI6Imh0dHBzOlwvXC9kZXBvcnRlY2FwaXRhbC5jb20uYXJcL3dwLWNvbnRlbnRcL3VwbG9hZHNcLzIwMjZcLzA0XC9DRU5UUklOLTUuanBnIiwic2xpZGVzaG93IjoiY2RhN2YyMiJ9\" href='https:\/\/deportecapital.com.ar\/wp-content\/uploads\/2026\/04\/CENTRIN-5.jpg'><img loading=\"lazy\" width=\"1920\" height=\"1115\" src=\"https:\/\/deportecapital.com.ar\/wp-content\/uploads\/2026\/04\/CENTRIN-5.jpg\" class=\"attachment-full size-full\" alt=\"Futbol\" srcset=\"https:\/\/deportecapital.com.ar\/wp-content\/uploads\/2026\/04\/CENTRIN-5.jpg 1920w, https:\/\/deportecapital.com.ar\/wp-content\/uploads\/2026\/04\/CENTRIN-5-300x174.jpg 300w, https:\/\/deportecapital.com.ar\/wp-content\/uploads\/2026\/04\/CENTRIN-5-1024x595.jpg 1024w, https:\/\/deportecapital.com.ar\/wp-content\/uploads\/2026\/04\/CENTRIN-5-768x446.jpg 768w, https:\/\/deportecapital.com.ar\/wp-content\/uploads\/2026\/04\/CENTRIN-5-1536x892.jpg 1536w\" sizes=\"auto, (max-width: 1920px) 100vw, 1920px\" loading=\"lazy\" decoding=\"async\" \/><\/a>\n\t\t\t<\/div><\/figure><figure class='gallery-item'>\n\t\t\t<div class='gallery-icon landscape'>\n\t\t\t\t<a data-elementor-open-lightbox=\"yes\" data-elementor-lightbox-slideshow=\"cda7f22\" data-elementor-lightbox-title=\"Futbol\" data-e-action-hash=\"#elementor-action%3Aaction%3Dlightbox%26settings%3DeyJpZCI6NTY5NjgsInVybCI6Imh0dHBzOlwvXC9kZXBvcnRlY2FwaXRhbC5jb20uYXJcL3dwLWNvbnRlbnRcL3VwbG9hZHNcLzIwMjZcLzA0XC9DRU5UUklOLTQuanBnIiwic2xpZGVzaG93IjoiY2RhN2YyMiJ9\" href='https:\/\/deportecapital.com.ar\/wp-content\/uploads\/2026\/04\/CENTRIN-4.jpg'><img loading=\"lazy\" width=\"1920\" height=\"1211\" src=\"https:\/\/deportecapital.com.ar\/wp-content\/uploads\/2026\/04\/CENTRIN-4.jpg\" class=\"attachment-full size-full\" alt=\"Futbol\" srcset=\"https:\/\/deportecapital.com.ar\/wp-content\/uploads\/2026\/04\/CENTRIN-4.jpg 1920w, https:\/\/deportecapital.com.ar\/wp-content\/uploads\/2026\/04\/CENTRIN-4-300x189.jpg 300w, https:\/\/deportecapital.com.ar\/wp-content\/uploads\/2026\/04\/CENTRIN-4-1024x646.jpg 1024w, https:\/\/deportecapital.com.ar\/wp-content\/uploads\/2026\/04\/CENTRIN-4-768x484.jpg 768w, https:\/\/deportecapital.com.ar\/wp-content\/uploads\/2026\/04\/CENTRIN-4-1536x969.jpg 1536w, https:\/\/deportecapital.com.ar\/wp-content\/uploads\/2026\/04\/CENTRIN-4-540x340.jpg 540w\" sizes=\"auto, (max-width: 1920px) 100vw, 1920px\" loading=\"lazy\" decoding=\"async\" \/><\/a>\n\t\t\t<\/div><\/figure><figure class='gallery-item'>\n\t\t\t<div class='gallery-icon landscape'>\n\t\t\t\t<a data-elementor-open-lightbox=\"yes\" data-elementor-lightbox-slideshow=\"cda7f22\" data-elementor-lightbox-title=\"Futbol\" data-e-action-hash=\"#elementor-action%3Aaction%3Dlightbox%26settings%3DeyJpZCI6NTY5NjcsInVybCI6Imh0dHBzOlwvXC9kZXBvcnRlY2FwaXRhbC5jb20uYXJcL3dwLWNvbnRlbnRcL3VwbG9hZHNcLzIwMjZcLzA0XC9DRU5UUklOLTMuanBnIiwic2xpZGVzaG93IjoiY2RhN2YyMiJ9\" href='https:\/\/deportecapital.com.ar\/wp-content\/uploads\/2026\/04\/CENTRIN-3.jpg'><img loading=\"lazy\" width=\"1920\" height=\"1273\" src=\"https:\/\/deportecapital.com.ar\/wp-content\/uploads\/2026\/04\/CENTRIN-3.jpg\" class=\"attachment-full size-full\" alt=\"Futbol\" srcset=\"https:\/\/deportecapital.com.ar\/wp-content\/uploads\/2026\/04\/CENTRIN-3.jpg 1920w, https:\/\/deportecapital.com.ar\/wp-content\/uploads\/2026\/04\/CENTRIN-3-300x199.jpg 300w, https:\/\/deportecapital.com.ar\/wp-content\/uploads\/2026\/04\/CENTRIN-3-1024x679.jpg 1024w, https:\/\/deportecapital.com.ar\/wp-content\/uploads\/2026\/04\/CENTRIN-3-768x509.jpg 768w, https:\/\/deportecapital.com.ar\/wp-content\/uploads\/2026\/04\/CENTRIN-3-1536x1018.jpg 1536w\" sizes=\"auto, (max-width: 1920px) 100vw, 1920px\" loading=\"lazy\" decoding=\"async\" \/><\/a>\n\t\t\t<\/div><\/figure><figure class='gallery-item'>\n\t\t\t<div class='gallery-icon landscape'>\n\t\t\t\t<a data-elementor-open-lightbox=\"yes\" data-elementor-lightbox-slideshow=\"cda7f22\" data-elementor-lightbox-title=\"Futbol\" data-e-action-hash=\"#elementor-action%3Aaction%3Dlightbox%26settings%3DeyJpZCI6NTY5NjYsInVybCI6Imh0dHBzOlwvXC9kZXBvcnRlY2FwaXRhbC5jb20uYXJcL3dwLWNvbnRlbnRcL3VwbG9hZHNcLzIwMjZcLzA0XC9DRU5UUklOLTIuanBnIiwic2xpZGVzaG93IjoiY2RhN2YyMiJ9\" href='https:\/\/deportecapital.com.ar\/wp-content\/uploads\/2026\/04\/CENTRIN-2.jpg'><img loading=\"lazy\" width=\"1920\" height=\"1318\" src=\"https:\/\/deportecapital.com.ar\/wp-content\/uploads\/2026\/04\/CENTRIN-2.jpg\" class=\"attachment-full size-full\" alt=\"Futbol\" srcset=\"https:\/\/deportecapital.com.ar\/wp-content\/uploads\/2026\/04\/CENTRIN-2.jpg 1920w, https:\/\/deportecapital.com.ar\/wp-content\/uploads\/2026\/04\/CENTRIN-2-300x206.jpg 300w, https:\/\/deportecapital.com.ar\/wp-content\/uploads\/2026\/04\/CENTRIN-2-1024x703.jpg 1024w, https:\/\/deportecapital.com.ar\/wp-content\/uploads\/2026\/04\/CENTRIN-2-768x527.jpg 768w, https:\/\/deportecapital.com.ar\/wp-content\/uploads\/2026\/04\/CENTRIN-2-1536x1054.jpg 1536w\" sizes=\"auto, (max-width: 1920px) 100vw, 1920px\" loading=\"lazy\" decoding=\"async\" \/><\/a>\n\t\t\t<\/div><\/figure>\n\t\t<\/div>\n\t\t<\/div>\n\t\t\t\t\t\t<\/div>\n\t\t\t\t<\/div>\n\t\t\t\t\t<\/div>\n\t\t\t\t<\/div>\n\t\t\t\t<\/div>\n\t\t","protected":false},"excerpt":{"rendered":"<p>All Boy gole\u00f3 a su similar de Centro Oeste por 7 a 0 y se&#8230;<\/p>\n","protected":false},"author":3,"featured_media":56971,"comment_status":"closed","ping_status":"open","sticky":false,"template":"","format":"standard","meta":{"footnotes":""},"categories":[58,19],"tags":[],"class_list":["post-56964","post","type-post","status-publish","format-standard","has-post-thumbnail","hentry","category-destacadas2","category-futbol"],"yoast_head":"<!-- This site is optimized with the Yoast SEO plugin v27.4 - https:\/\/yoast.com\/product\/yoast-seo-wordpress\/ -->\n<title>Gana y se despega - Deporte Capital<\/title>\n<meta name=\"robots\" content=\"index, follow, max-snippet:-1, max-image-preview:large, max-video-preview:-1\" \/>\n<link rel=\"canonical\" href=\"https:\/\/deportecapital.com.ar\/index.php\/2026\/04\/27\/gana-y-se-despega\/\" \/>\n<meta property=\"og:locale\" content=\"es_ES\" \/>\n<meta property=\"og:type\" content=\"article\" \/>\n<meta property=\"og:title\" content=\"Gana y se despega - Deporte Capital\" \/>\n<meta property=\"og:description\" content=\"All Boy gole\u00f3 a su similar de Centro Oeste por 7 a 0 y se...\" \/>\n<meta property=\"og:url\" content=\"https:\/\/deportecapital.com.ar\/index.php\/2026\/04\/27\/gana-y-se-despega\/\" \/>\n<meta property=\"og:site_name\" content=\"Deporte Capital\" \/>\n<meta property=\"article:published_time\" content=\"2026-04-27T01:03:46+00:00\" \/>\n<meta property=\"article:modified_time\" content=\"2026-04-27T01:06:24+00:00\" \/>\n<meta property=\"og:image\" content=\"https:\/\/deportecapital.com.ar\/wp-content\/uploads\/2026\/04\/CENTRIN-7.jpg\" \/>\n\t<meta property=\"og:image:width\" content=\"1920\" \/>\n\t<meta property=\"og:image:height\" content=\"1262\" \/>\n\t<meta property=\"og:image:type\" content=\"image\/jpeg\" \/>\n<meta name=\"author\" content=\"Emilio Manrique\" \/>\n<meta name=\"twitter:card\" content=\"summary_large_image\" \/>\n<meta name=\"twitter:label1\" content=\"Escrito por\" \/>\n\t<meta name=\"twitter:data1\" content=\"Emilio Manrique\" \/>\n\t<meta name=\"twitter:label2\" content=\"Tiempo de lectura\" \/>\n\t<meta name=\"twitter:data2\" content=\"3 minutos\" \/>\n<script type=\"application\/ld+json\" class=\"yoast-schema-graph\">{\"@context\":\"https:\\\/\\\/schema.org\",\"@graph\":[{\"@type\":\"Article\",\"@id\":\"https:\\\/\\\/deportecapital.com.ar\\\/index.php\\\/2026\\\/04\\\/27\\\/gana-y-se-despega\\\/#article\",\"isPartOf\":{\"@id\":\"https:\\\/\\\/deportecapital.com.ar\\\/index.php\\\/2026\\\/04\\\/27\\\/gana-y-se-despega\\\/\"},\"author\":{\"name\":\"Emilio Manrique\",\"@id\":\"https:\\\/\\\/deportecapital.com.ar\\\/#\\\/schema\\\/person\\\/9cd40456048dd30733b1d6749eca5de8\"},\"headline\":\"Gana y se despega\",\"datePublished\":\"2026-04-27T01:03:46+00:00\",\"dateModified\":\"2026-04-27T01:06:24+00:00\",\"mainEntityOfPage\":{\"@id\":\"https:\\\/\\\/deportecapital.com.ar\\\/index.php\\\/2026\\\/04\\\/27\\\/gana-y-se-despega\\\/\"},\"wordCount\":274,\"publisher\":{\"@id\":\"https:\\\/\\\/deportecapital.com.ar\\\/#organization\"},\"image\":{\"@id\":\"https:\\\/\\\/deportecapital.com.ar\\\/index.php\\\/2026\\\/04\\\/27\\\/gana-y-se-despega\\\/#primaryimage\"},\"thumbnailUrl\":\"https:\\\/\\\/deportecapital.com.ar\\\/wp-content\\\/uploads\\\/2026\\\/04\\\/CENTRIN-7.jpg\",\"articleSection\":[\"Destacadas2\",\"F\u00fatbol\"],\"inLanguage\":\"es-AR\"},{\"@type\":\"WebPage\",\"@id\":\"https:\\\/\\\/deportecapital.com.ar\\\/index.php\\\/2026\\\/04\\\/27\\\/gana-y-se-despega\\\/\",\"url\":\"https:\\\/\\\/deportecapital.com.ar\\\/index.php\\\/2026\\\/04\\\/27\\\/gana-y-se-despega\\\/\",\"name\":\"Gana y se despega - Deporte Capital\",\"isPartOf\":{\"@id\":\"https:\\\/\\\/deportecapital.com.ar\\\/#website\"},\"primaryImageOfPage\":{\"@id\":\"https:\\\/\\\/deportecapital.com.ar\\\/index.php\\\/2026\\\/04\\\/27\\\/gana-y-se-despega\\\/#primaryimage\"},\"image\":{\"@id\":\"https:\\\/\\\/deportecapital.com.ar\\\/index.php\\\/2026\\\/04\\\/27\\\/gana-y-se-despega\\\/#primaryimage\"},\"thumbnailUrl\":\"https:\\\/\\\/deportecapital.com.ar\\\/wp-content\\\/uploads\\\/2026\\\/04\\\/CENTRIN-7.jpg\",\"datePublished\":\"2026-04-27T01:03:46+00:00\",\"dateModified\":\"2026-04-27T01:06:24+00:00\",\"breadcrumb\":{\"@id\":\"https:\\\/\\\/deportecapital.com.ar\\\/index.php\\\/2026\\\/04\\\/27\\\/gana-y-se-despega\\\/#breadcrumb\"},\"inLanguage\":\"es-AR\",\"potentialAction\":[{\"@type\":\"ReadAction\",\"target\":[\"https:\\\/\\\/deportecapital.com.ar\\\/index.php\\\/2026\\\/04\\\/27\\\/gana-y-se-despega\\\/\"]}]},{\"@type\":\"ImageObject\",\"inLanguage\":\"es-AR\",\"@id\":\"https:\\\/\\\/deportecapital.com.ar\\\/index.php\\\/2026\\\/04\\\/27\\\/gana-y-se-despega\\\/#primaryimage\",\"url\":\"https:\\\/\\\/deportecapital.com.ar\\\/wp-content\\\/uploads\\\/2026\\\/04\\\/CENTRIN-7.jpg\",\"contentUrl\":\"https:\\\/\\\/deportecapital.com.ar\\\/wp-content\\\/uploads\\\/2026\\\/04\\\/CENTRIN-7.jpg\",\"width\":1920,\"height\":1262},{\"@type\":\"BreadcrumbList\",\"@id\":\"https:\\\/\\\/deportecapital.com.ar\\\/index.php\\\/2026\\\/04\\\/27\\\/gana-y-se-despega\\\/#breadcrumb\",\"itemListElement\":[{\"@type\":\"ListItem\",\"position\":1,\"name\":\"Inicio\",\"item\":\"https:\\\/\\\/deportecapital.com.ar\\\/\"},{\"@type\":\"ListItem\",\"position\":2,\"name\":\"Gana y se despega\"}]},{\"@type\":\"WebSite\",\"@id\":\"https:\\\/\\\/deportecapital.com.ar\\\/#website\",\"url\":\"https:\\\/\\\/deportecapital.com.ar\\\/\",\"name\":\"Deporte Capital\",\"description\":\"Diario digital con todo el deporte de La Pampa y alrededores.\",\"publisher\":{\"@id\":\"https:\\\/\\\/deportecapital.com.ar\\\/#organization\"},\"potentialAction\":[{\"@type\":\"SearchAction\",\"target\":{\"@type\":\"EntryPoint\",\"urlTemplate\":\"https:\\\/\\\/deportecapital.com.ar\\\/?s={search_term_string}\"},\"query-input\":{\"@type\":\"PropertyValueSpecification\",\"valueRequired\":true,\"valueName\":\"search_term_string\"}}],\"inLanguage\":\"es-AR\"},{\"@type\":\"Organization\",\"@id\":\"https:\\\/\\\/deportecapital.com.ar\\\/#organization\",\"name\":\"Deporte Capital\",\"url\":\"https:\\\/\\\/deportecapital.com.ar\\\/\",\"logo\":{\"@type\":\"ImageObject\",\"inLanguage\":\"es-AR\",\"@id\":\"https:\\\/\\\/deportecapital.com.ar\\\/#\\\/schema\\\/logo\\\/image\\\/\",\"url\":\"https:\\\/\\\/deportecapital.com.ar\\\/wp-content\\\/uploads\\\/2025\\\/06\\\/logo-deportecapital_white-1.png\",\"contentUrl\":\"https:\\\/\\\/deportecapital.com.ar\\\/wp-content\\\/uploads\\\/2025\\\/06\\\/logo-deportecapital_white-1.png\",\"width\":243,\"height\":111,\"caption\":\"Deporte Capital\"},\"image\":{\"@id\":\"https:\\\/\\\/deportecapital.com.ar\\\/#\\\/schema\\\/logo\\\/image\\\/\"}},{\"@type\":\"Person\",\"@id\":\"https:\\\/\\\/deportecapital.com.ar\\\/#\\\/schema\\\/person\\\/9cd40456048dd30733b1d6749eca5de8\",\"name\":\"Emilio Manrique\",\"image\":{\"@type\":\"ImageObject\",\"inLanguage\":\"es-AR\",\"@id\":\"https:\\\/\\\/secure.gravatar.com\\\/avatar\\\/005c696496b156e30819f271efdd20348da8f41b5d5653680fd363162bbeb3bb?s=96&d=mm&r=g\",\"url\":\"https:\\\/\\\/secure.gravatar.com\\\/avatar\\\/005c696496b156e30819f271efdd20348da8f41b5d5653680fd363162bbeb3bb?s=96&d=mm&r=g\",\"contentUrl\":\"https:\\\/\\\/secure.gravatar.com\\\/avatar\\\/005c696496b156e30819f271efdd20348da8f41b5d5653680fd363162bbeb3bb?s=96&d=mm&r=g\",\"caption\":\"Emilio Manrique\"},\"url\":\"https:\\\/\\\/deportecapital.com.ar\\\/index.php\\\/author\\\/emilio-manrique\\\/\"}]}<\/script>\n<!-- \/ Yoast SEO plugin. -->","yoast_head_json":{"title":"Gana y se despega - Deporte Capital","robots":{"index":"index","follow":"follow","max-snippet":"max-snippet:-1","max-image-preview":"max-image-preview:large","max-video-preview":"max-video-preview:-1"},"canonical":"https:\/\/deportecapital.com.ar\/index.php\/2026\/04\/27\/gana-y-se-despega\/","og_locale":"es_ES","og_type":"article","og_title":"Gana y se despega - Deporte Capital","og_description":"All Boy gole\u00f3 a su similar de Centro Oeste por 7 a 0 y se...","og_url":"https:\/\/deportecapital.com.ar\/index.php\/2026\/04\/27\/gana-y-se-despega\/","og_site_name":"Deporte Capital","article_published_time":"2026-04-27T01:03:46+00:00","article_modified_time":"2026-04-27T01:06:24+00:00","og_image":[{"width":1920,"height":1262,"url":"https:\/\/deportecapital.com.ar\/wp-content\/uploads\/2026\/04\/CENTRIN-7.jpg","type":"image\/jpeg"}],"author":"Emilio Manrique","twitter_card":"summary_large_image","twitter_misc":{"Escrito por":"Emilio Manrique","Tiempo de lectura":"3 minutos"},"schema":{"@context":"https:\/\/schema.org","@graph":[{"@type":"Article","@id":"https:\/\/deportecapital.com.ar\/index.php\/2026\/04\/27\/gana-y-se-despega\/#article","isPartOf":{"@id":"https:\/\/deportecapital.com.ar\/index.php\/2026\/04\/27\/gana-y-se-despega\/"},"author":{"name":"Emilio Manrique","@id":"https:\/\/deportecapital.com.ar\/#\/schema\/person\/9cd40456048dd30733b1d6749eca5de8"},"headline":"Gana y se despega","datePublished":"2026-04-27T01:03:46+00:00","dateModified":"2026-04-27T01:06:24+00:00","mainEntityOfPage":{"@id":"https:\/\/deportecapital.com.ar\/index.php\/2026\/04\/27\/gana-y-se-despega\/"},"wordCount":274,"publisher":{"@id":"https:\/\/deportecapital.com.ar\/#organization"},"image":{"@id":"https:\/\/deportecapital.com.ar\/index.php\/2026\/04\/27\/gana-y-se-despega\/#primaryimage"},"thumbnailUrl":"https:\/\/deportecapital.com.ar\/wp-content\/uploads\/2026\/04\/CENTRIN-7.jpg","articleSection":["Destacadas2","F\u00fatbol"],"inLanguage":"es-AR"},{"@type":"WebPage","@id":"https:\/\/deportecapital.com.ar\/index.php\/2026\/04\/27\/gana-y-se-despega\/","url":"https:\/\/deportecapital.com.ar\/index.php\/2026\/04\/27\/gana-y-se-despega\/","name":"Gana y se despega - Deporte Capital","isPartOf":{"@id":"https:\/\/deportecapital.com.ar\/#website"},"primaryImageOfPage":{"@id":"https:\/\/deportecapital.com.ar\/index.php\/2026\/04\/27\/gana-y-se-despega\/#primaryimage"},"image":{"@id":"https:\/\/deportecapital.com.ar\/index.php\/2026\/04\/27\/gana-y-se-despega\/#primaryimage"},"thumbnailUrl":"https:\/\/deportecapital.com.ar\/wp-content\/uploads\/2026\/04\/CENTRIN-7.jpg","datePublished":"2026-04-27T01:03:46+00:00","dateModified":"2026-04-27T01:06:24+00:00","breadcrumb":{"@id":"https:\/\/deportecapital.com.ar\/index.php\/2026\/04\/27\/gana-y-se-despega\/#breadcrumb"},"inLanguage":"es-AR","potentialAction":[{"@type":"ReadAction","target":["https:\/\/deportecapital.com.ar\/index.php\/2026\/04\/27\/gana-y-se-despega\/"]}]},{"@type":"ImageObject","inLanguage":"es-AR","@id":"https:\/\/deportecapital.com.ar\/index.php\/2026\/04\/27\/gana-y-se-despega\/#primaryimage","url":"https:\/\/deportecapital.com.ar\/wp-content\/uploads\/2026\/04\/CENTRIN-7.jpg","contentUrl":"https:\/\/deportecapital.com.ar\/wp-content\/uploads\/2026\/04\/CENTRIN-7.jpg","width":1920,"height":1262},{"@type":"BreadcrumbList","@id":"https:\/\/deportecapital.com.ar\/index.php\/2026\/04\/27\/gana-y-se-despega\/#breadcrumb","itemListElement":[{"@type":"ListItem","position":1,"name":"Inicio","item":"https:\/\/deportecapital.com.ar\/"},{"@type":"ListItem","position":2,"name":"Gana y se despega"}]},{"@type":"WebSite","@id":"https:\/\/deportecapital.com.ar\/#website","url":"https:\/\/deportecapital.com.ar\/","name":"Deporte Capital","description":"Diario digital con todo el deporte de La Pampa y alrededores.","publisher":{"@id":"https:\/\/deportecapital.com.ar\/#organization"},"potentialAction":[{"@type":"SearchAction","target":{"@type":"EntryPoint","urlTemplate":"https:\/\/deportecapital.com.ar\/?s={search_term_string}"},"query-input":{"@type":"PropertyValueSpecification","valueRequired":true,"valueName":"search_term_string"}}],"inLanguage":"es-AR"},{"@type":"Organization","@id":"https:\/\/deportecapital.com.ar\/#organization","name":"Deporte Capital","url":"https:\/\/deportecapital.com.ar\/","logo":{"@type":"ImageObject","inLanguage":"es-AR","@id":"https:\/\/deportecapital.com.ar\/#\/schema\/logo\/image\/","url":"https:\/\/deportecapital.com.ar\/wp-content\/uploads\/2025\/06\/logo-deportecapital_white-1.png","contentUrl":"https:\/\/deportecapital.com.ar\/wp-content\/uploads\/2025\/06\/logo-deportecapital_white-1.png","width":243,"height":111,"caption":"Deporte Capital"},"image":{"@id":"https:\/\/deportecapital.com.ar\/#\/schema\/logo\/image\/"}},{"@type":"Person","@id":"https:\/\/deportecapital.com.ar\/#\/schema\/person\/9cd40456048dd30733b1d6749eca5de8","name":"Emilio Manrique","image":{"@type":"ImageObject","inLanguage":"es-AR","@id":"https:\/\/secure.gravatar.com\/avatar\/005c696496b156e30819f271efdd20348da8f41b5d5653680fd363162bbeb3bb?s=96&d=mm&r=g","url":"https:\/\/secure.gravatar.com\/avatar\/005c696496b156e30819f271efdd20348da8f41b5d5653680fd363162bbeb3bb?s=96&d=mm&r=g","contentUrl":"https:\/\/secure.gravatar.com\/avatar\/005c696496b156e30819f271efdd20348da8f41b5d5653680fd363162bbeb3bb?s=96&d=mm&r=g","caption":"Emilio Manrique"},"url":"https:\/\/deportecapital.com.ar\/index.php\/author\/emilio-manrique\/"}]}},"rttpg_featured_image_url":{"full":["https:\/\/deportecapital.com.ar\/wp-content\/uploads\/2026\/04\/CENTRIN-7.jpg",1920,1262,false],"landscape":["https:\/\/deportecapital.com.ar\/wp-content\/uploads\/2026\/04\/CENTRIN-7.jpg",1920,1262,false],"portraits":["https:\/\/deportecapital.com.ar\/wp-content\/uploads\/2026\/04\/CENTRIN-7.jpg",1920,1262,false],"thumbnail":["https:\/\/deportecapital.com.ar\/wp-content\/uploads\/2026\/04\/CENTRIN-7-150x150.jpg",150,150,true],"medium":["https:\/\/deportecapital.com.ar\/wp-content\/uploads\/2026\/04\/CENTRIN-7-300x197.jpg",300,197,true],"large":["https:\/\/deportecapital.com.ar\/wp-content\/uploads\/2026\/04\/CENTRIN-7-1024x673.jpg",640,421,true],"1536x1536":["https:\/\/deportecapital.com.ar\/wp-content\/uploads\/2026\/04\/CENTRIN-7-1536x1010.jpg",1536,1010,true],"2048x2048":["https:\/\/deportecapital.com.ar\/wp-content\/uploads\/2026\/04\/CENTRIN-7.jpg",1920,1262,false],"covernews-slider-full":["https:\/\/deportecapital.com.ar\/wp-content\/uploads\/2026\/04\/CENTRIN-7-1115x715.jpg",1115,715,true],"covernews-slider-center":["https:\/\/deportecapital.com.ar\/wp-content\/uploads\/2026\/04\/CENTRIN-7-800x500.jpg",800,500,true],"covernews-featured":["https:\/\/deportecapital.com.ar\/wp-content\/uploads\/2026\/04\/CENTRIN-7-1024x673.jpg",1024,673,true],"covernews-medium":["https:\/\/deportecapital.com.ar\/wp-content\/uploads\/2026\/04\/CENTRIN-7-540x340.jpg",540,340,true],"covernews-medium-square":["https:\/\/deportecapital.com.ar\/wp-content\/uploads\/2026\/04\/CENTRIN-7-400x250.jpg",400,250,true]},"rttpg_author":{"display_name":"Emilio Manrique","author_link":"https:\/\/deportecapital.com.ar\/index.php\/author\/emilio-manrique\/"},"rttpg_comment":0,"rttpg_category":"<a href=\"https:\/\/deportecapital.com.ar\/index.php\/category\/destacadas2\/\" rel=\"category tag\">Destacadas2<\/a> <a href=\"https:\/\/deportecapital.com.ar\/index.php\/category\/futbol\/\" rel=\"category tag\">F\u00fatbol<\/a>","rttpg_excerpt":"All Boy gole\u00f3 a su similar de Centro Oeste por 7 a 0 y se...","_links":{"self":[{"href":"https:\/\/deportecapital.com.ar\/index.php\/wp-json\/wp\/v2\/posts\/56964","targetHints":{"allow":["GET"]}}],"collection":[{"href":"https:\/\/deportecapital.com.ar\/index.php\/wp-json\/wp\/v2\/posts"}],"about":[{"href":"https:\/\/deportecapital.com.ar\/index.php\/wp-json\/wp\/v2\/types\/post"}],"author":[{"embeddable":true,"href":"https:\/\/deportecapital.com.ar\/index.php\/wp-json\/wp\/v2\/users\/3"}],"replies":[{"embeddable":true,"href":"https:\/\/deportecapital.com.ar\/index.php\/wp-json\/wp\/v2\/comments?post=56964"}],"version-history":[{"count":4,"href":"https:\/\/deportecapital.com.ar\/index.php\/wp-json\/wp\/v2\/posts\/56964\/revisions"}],"predecessor-version":[{"id":56976,"href":"https:\/\/deportecapital.com.ar\/index.php\/wp-json\/wp\/v2\/posts\/56964\/revisions\/56976"}],"wp:featuredmedia":[{"embeddable":true,"href":"https:\/\/deportecapital.com.ar\/index.php\/wp-json\/wp\/v2\/media\/56971"}],"wp:attachment":[{"href":"https:\/\/deportecapital.com.ar\/index.php\/wp-json\/wp\/v2\/media?parent=56964"}],"wp:term":[{"taxonomy":"category","embeddable":true,"href":"https:\/\/deportecapital.com.ar\/index.php\/wp-json\/wp\/v2\/categories?post=56964"},{"taxonomy":"post_tag","embeddable":true,"href":"https:\/\/deportecapital.com.ar\/index.php\/wp-json\/wp\/v2\/tags?post=56964"}],"curies":[{"name":"wp","href":"https:\/\/api.w.org\/{rel}","templated":true}]}}