{"id":56977,"date":"2026-04-27T01:09:21","date_gmt":"2026-04-27T01:09:21","guid":{"rendered":"https:\/\/deportecapital.com.ar\/?p=56977"},"modified":"2026-04-27T01:13:29","modified_gmt":"2026-04-27T01:13:29","slug":"matias-carro-en-intermedia-3","status":"publish","type":"post","link":"https:\/\/deportecapital.com.ar\/index.php\/2026\/04\/27\/matias-carro-en-intermedia-3\/","title":{"rendered":"Mat\u00edas Carro en Intermedia"},"content":{"rendered":"\t\t<div data-elementor-type=\"wp-post\" data-elementor-id=\"56977\" class=\"elementor elementor-56977\">\n\t\t\t\t<div class=\"elementor-element elementor-element-28f1bb5b e-flex e-con-boxed e-con e-parent\" data-id=\"28f1bb5b\" data-element_type=\"container\" data-e-type=\"container\">\n\t\t\t\t\t<div class=\"e-con-inner\">\n\t\t\t\t<div class=\"elementor-element elementor-element-43cb2db4 elementor-widget elementor-widget-text-editor\" data-id=\"43cb2db4\" data-element_type=\"widget\" data-e-type=\"widget\" data-widget_type=\"text-editor.default\">\n\t\t\t\t<div class=\"elementor-widget-container\">\n\t\t\t\t\t\t\t\t\t<p>Durante el fin de semana se desarroll\u00f3 en las canchas del <strong>Recreo Mercantil<\/strong> la segunda fecha del <strong>circuito MB Tenis<\/strong>.<\/p><p>\u00a0<\/p><p>Por caso, en la categor\u00eda Intermedia el campe\u00f3n fue <em>Mat\u00edas Carro<\/em> que en la final super\u00f3 a <em>Andr\u00e9s Mossman<\/em> por 7\/5 y 7\/5.<\/p><p>En la divisional Tercera prevaleci\u00f3 <em>Ivan Mart\u00ednez<\/em> que en el juego de desenlace se impuso a <em>Mat\u00edas Ponce<\/em> por 6\/2 y 6\/4.<\/p><p>Finalmente, en el espacio reservado para jugadores de Cuarta, el t\u00edtulo qued\u00f3 en manos de <em>V\u00edctor Anocibar<\/em> que dobleg\u00f3 en el partido de cierre a <em>Juan Ponce<\/em> por 6\/2 y 6\/4.<\/p>\t\t\t\t\t\t\t\t<\/div>\n\t\t\t\t<\/div>\n\t\t\t\t\t<\/div>\n\t\t\t\t<\/div>\n\t\t<div class=\"elementor-element elementor-element-a48be1b e-flex e-con-boxed e-con e-parent\" data-id=\"a48be1b\" data-element_type=\"container\" data-e-type=\"container\">\n\t\t\t\t\t<div class=\"e-con-inner\">\n\t\t\t\t<div class=\"elementor-element elementor-element-e83e74b elementor-widget elementor-widget-image-gallery\" data-id=\"e83e74b\" data-element_type=\"widget\" data-e-type=\"widget\" data-widget_type=\"image-gallery.default\">\n\t\t\t\t<div class=\"elementor-widget-container\">\n\t\t\t\t\t\t\t<div class=\"elementor-image-gallery\">\n\t\t\t<div id='gallery-1' class='gallery galleryid-56977 gallery-columns-3 gallery-size-full'><figure class='gallery-item'>\n\t\t\t<div class='gallery-icon portrait'>\n\t\t\t\t<a data-elementor-open-lightbox=\"yes\" data-elementor-lightbox-slideshow=\"e83e74b\" data-elementor-lightbox-title=\"Tenis\" data-e-action-hash=\"#elementor-action%3Aaction%3Dlightbox%26settings%3DeyJpZCI6NTY5NzgsInVybCI6Imh0dHBzOlwvXC9kZXBvcnRlY2FwaXRhbC5jb20uYXJcL3dwLWNvbnRlbnRcL3VwbG9hZHNcLzIwMjZcLzA0XC8xLTE1LmpwZyIsInNsaWRlc2hvdyI6ImU4M2U3NGIifQ%3D%3D\" href='https:\/\/deportecapital.com.ar\/wp-content\/uploads\/2026\/04\/1-15.jpg'><img loading=\"lazy\" width=\"738\" height=\"1600\" src=\"https:\/\/deportecapital.com.ar\/wp-content\/uploads\/2026\/04\/1-15.jpg\" class=\"attachment-full size-full\" alt=\"Tenis\" srcset=\"https:\/\/deportecapital.com.ar\/wp-content\/uploads\/2026\/04\/1-15.jpg 738w, https:\/\/deportecapital.com.ar\/wp-content\/uploads\/2026\/04\/1-15-138x300.jpg 138w, https:\/\/deportecapital.com.ar\/wp-content\/uploads\/2026\/04\/1-15-472x1024.jpg 472w, https:\/\/deportecapital.com.ar\/wp-content\/uploads\/2026\/04\/1-15-708x1536.jpg 708w\" sizes=\"auto, (max-width: 738px) 100vw, 738px\" loading=\"lazy\" decoding=\"async\" \/><\/a>\n\t\t\t<\/div><\/figure><figure class='gallery-item'>\n\t\t\t<div class='gallery-icon portrait'>\n\t\t\t\t<a data-elementor-open-lightbox=\"yes\" data-elementor-lightbox-slideshow=\"e83e74b\" data-elementor-lightbox-title=\"Tenis\" data-e-action-hash=\"#elementor-action%3Aaction%3Dlightbox%26settings%3DeyJpZCI6NTY5ODIsInVybCI6Imh0dHBzOlwvXC9kZXBvcnRlY2FwaXRhbC5jb20uYXJcL3dwLWNvbnRlbnRcL3VwbG9hZHNcLzIwMjZcLzA0XC81LTYuanBnIiwic2xpZGVzaG93IjoiZTgzZTc0YiJ9\" href='https:\/\/deportecapital.com.ar\/wp-content\/uploads\/2026\/04\/5-6.jpg'><img loading=\"lazy\" width=\"738\" height=\"1600\" src=\"https:\/\/deportecapital.com.ar\/wp-content\/uploads\/2026\/04\/5-6.jpg\" class=\"attachment-full size-full\" alt=\"Tenis\" srcset=\"https:\/\/deportecapital.com.ar\/wp-content\/uploads\/2026\/04\/5-6.jpg 738w, https:\/\/deportecapital.com.ar\/wp-content\/uploads\/2026\/04\/5-6-138x300.jpg 138w, https:\/\/deportecapital.com.ar\/wp-content\/uploads\/2026\/04\/5-6-472x1024.jpg 472w, https:\/\/deportecapital.com.ar\/wp-content\/uploads\/2026\/04\/5-6-708x1536.jpg 708w\" sizes=\"auto, (max-width: 738px) 100vw, 738px\" loading=\"lazy\" decoding=\"async\" \/><\/a>\n\t\t\t<\/div><\/figure><figure class='gallery-item'>\n\t\t\t<div class='gallery-icon portrait'>\n\t\t\t\t<a data-elementor-open-lightbox=\"yes\" data-elementor-lightbox-slideshow=\"e83e74b\" data-elementor-lightbox-title=\"Tenis\" data-e-action-hash=\"#elementor-action%3Aaction%3Dlightbox%26settings%3DeyJpZCI6NTY5ODEsInVybCI6Imh0dHBzOlwvXC9kZXBvcnRlY2FwaXRhbC5jb20uYXJcL3dwLWNvbnRlbnRcL3VwbG9hZHNcLzIwMjZcLzA0XC80LTguanBnIiwic2xpZGVzaG93IjoiZTgzZTc0YiJ9\" href='https:\/\/deportecapital.com.ar\/wp-content\/uploads\/2026\/04\/4-8.jpg'><img loading=\"lazy\" width=\"738\" height=\"1600\" src=\"https:\/\/deportecapital.com.ar\/wp-content\/uploads\/2026\/04\/4-8.jpg\" class=\"attachment-full size-full\" alt=\"Tenis\" srcset=\"https:\/\/deportecapital.com.ar\/wp-content\/uploads\/2026\/04\/4-8.jpg 738w, https:\/\/deportecapital.com.ar\/wp-content\/uploads\/2026\/04\/4-8-138x300.jpg 138w, https:\/\/deportecapital.com.ar\/wp-content\/uploads\/2026\/04\/4-8-472x1024.jpg 472w, https:\/\/deportecapital.com.ar\/wp-content\/uploads\/2026\/04\/4-8-708x1536.jpg 708w\" sizes=\"auto, (max-width: 738px) 100vw, 738px\" loading=\"lazy\" decoding=\"async\" \/><\/a>\n\t\t\t<\/div><\/figure><figure class='gallery-item'>\n\t\t\t<div class='gallery-icon portrait'>\n\t\t\t\t<a data-elementor-open-lightbox=\"yes\" data-elementor-lightbox-slideshow=\"e83e74b\" data-elementor-lightbox-title=\"Tenis\" data-e-action-hash=\"#elementor-action%3Aaction%3Dlightbox%26settings%3DeyJpZCI6NTY5ODAsInVybCI6Imh0dHBzOlwvXC9kZXBvcnRlY2FwaXRhbC5jb20uYXJcL3dwLWNvbnRlbnRcL3VwbG9hZHNcLzIwMjZcLzA0XC8zLTkuanBnIiwic2xpZGVzaG93IjoiZTgzZTc0YiJ9\" href='https:\/\/deportecapital.com.ar\/wp-content\/uploads\/2026\/04\/3-9.jpg'><img loading=\"lazy\" width=\"738\" height=\"1600\" src=\"https:\/\/deportecapital.com.ar\/wp-content\/uploads\/2026\/04\/3-9.jpg\" class=\"attachment-full size-full\" alt=\"Tenis\" srcset=\"https:\/\/deportecapital.com.ar\/wp-content\/uploads\/2026\/04\/3-9.jpg 738w, https:\/\/deportecapital.com.ar\/wp-content\/uploads\/2026\/04\/3-9-138x300.jpg 138w, https:\/\/deportecapital.com.ar\/wp-content\/uploads\/2026\/04\/3-9-472x1024.jpg 472w, https:\/\/deportecapital.com.ar\/wp-content\/uploads\/2026\/04\/3-9-708x1536.jpg 708w\" sizes=\"auto, (max-width: 738px) 100vw, 738px\" loading=\"lazy\" decoding=\"async\" \/><\/a>\n\t\t\t<\/div><\/figure><figure class='gallery-item'>\n\t\t\t<div class='gallery-icon portrait'>\n\t\t\t\t<a data-elementor-open-lightbox=\"yes\" data-elementor-lightbox-slideshow=\"e83e74b\" data-elementor-lightbox-title=\"Tenis\" data-e-action-hash=\"#elementor-action%3Aaction%3Dlightbox%26settings%3DeyJpZCI6NTY5NzksInVybCI6Imh0dHBzOlwvXC9kZXBvcnRlY2FwaXRhbC5jb20uYXJcL3dwLWNvbnRlbnRcL3VwbG9hZHNcLzIwMjZcLzA0XC8yLTEyLmpwZyIsInNsaWRlc2hvdyI6ImU4M2U3NGIifQ%3D%3D\" href='https:\/\/deportecapital.com.ar\/wp-content\/uploads\/2026\/04\/2-12.jpg'><img loading=\"lazy\" width=\"738\" height=\"1600\" src=\"https:\/\/deportecapital.com.ar\/wp-content\/uploads\/2026\/04\/2-12.jpg\" class=\"attachment-full size-full\" alt=\"Tenis\" srcset=\"https:\/\/deportecapital.com.ar\/wp-content\/uploads\/2026\/04\/2-12.jpg 738w, https:\/\/deportecapital.com.ar\/wp-content\/uploads\/2026\/04\/2-12-138x300.jpg 138w, https:\/\/deportecapital.com.ar\/wp-content\/uploads\/2026\/04\/2-12-472x1024.jpg 472w, https:\/\/deportecapital.com.ar\/wp-content\/uploads\/2026\/04\/2-12-708x1536.jpg 708w\" sizes=\"auto, (max-width: 738px) 100vw, 738px\" loading=\"lazy\" decoding=\"async\" \/><\/a>\n\t\t\t<\/div><\/figure>\n\t\t<\/div>\n\t\t<\/div>\n\t\t\t\t\t\t<\/div>\n\t\t\t\t<\/div>\n\t\t\t\t\t<\/div>\n\t\t\t\t<\/div>\n\t\t\t\t<\/div>\n\t\t","protected":false},"excerpt":{"rendered":"<p>Durante el fin de semana se desarroll\u00f3 en las canchas del Recreo Mercantil la segunda&#8230;<\/p>\n","protected":false},"author":3,"featured_media":56981,"comment_status":"closed","ping_status":"open","sticky":false,"template":"","format":"standard","meta":{"footnotes":""},"categories":[58,42],"tags":[],"class_list":["post-56977","post","type-post","status-publish","format-standard","has-post-thumbnail","hentry","category-destacadas2","category-tenis"],"yoast_head":"<!-- This site is optimized with the Yoast SEO plugin v27.4 - https:\/\/yoast.com\/product\/yoast-seo-wordpress\/ -->\n<title>Mat\u00edas Carro en Intermedia - Deporte Capital<\/title>\n<meta name=\"robots\" content=\"index, follow, max-snippet:-1, max-image-preview:large, max-video-preview:-1\" \/>\n<link rel=\"canonical\" href=\"https:\/\/deportecapital.com.ar\/index.php\/2026\/04\/27\/matias-carro-en-intermedia-3\/\" \/>\n<meta property=\"og:locale\" content=\"es_ES\" \/>\n<meta property=\"og:type\" content=\"article\" \/>\n<meta property=\"og:title\" content=\"Mat\u00edas Carro en Intermedia - Deporte Capital\" \/>\n<meta property=\"og:description\" content=\"Durante el fin de semana se desarroll\u00f3 en las canchas del Recreo Mercantil la segunda...\" \/>\n<meta property=\"og:url\" content=\"https:\/\/deportecapital.com.ar\/index.php\/2026\/04\/27\/matias-carro-en-intermedia-3\/\" \/>\n<meta property=\"og:site_name\" content=\"Deporte Capital\" \/>\n<meta property=\"article:published_time\" content=\"2026-04-27T01:09:21+00:00\" \/>\n<meta property=\"article:modified_time\" content=\"2026-04-27T01:13:29+00:00\" \/>\n<meta property=\"og:image\" content=\"https:\/\/deportecapital.com.ar\/wp-content\/uploads\/2026\/04\/4-8.jpg\" \/>\n\t<meta property=\"og:image:width\" content=\"738\" \/>\n\t<meta property=\"og:image:height\" content=\"1600\" \/>\n\t<meta property=\"og:image:type\" content=\"image\/jpeg\" \/>\n<meta name=\"author\" content=\"Emilio Manrique\" \/>\n<meta name=\"twitter:card\" content=\"summary_large_image\" \/>\n<meta name=\"twitter:label1\" content=\"Escrito por\" \/>\n\t<meta name=\"twitter:data1\" content=\"Emilio Manrique\" \/>\n\t<meta name=\"twitter:label2\" content=\"Tiempo de lectura\" \/>\n\t<meta name=\"twitter:data2\" content=\"2 minutos\" \/>\n<script type=\"application\/ld+json\" class=\"yoast-schema-graph\">{\"@context\":\"https:\\\/\\\/schema.org\",\"@graph\":[{\"@type\":\"Article\",\"@id\":\"https:\\\/\\\/deportecapital.com.ar\\\/index.php\\\/2026\\\/04\\\/27\\\/matias-carro-en-intermedia-3\\\/#article\",\"isPartOf\":{\"@id\":\"https:\\\/\\\/deportecapital.com.ar\\\/index.php\\\/2026\\\/04\\\/27\\\/matias-carro-en-intermedia-3\\\/\"},\"author\":{\"name\":\"Emilio Manrique\",\"@id\":\"https:\\\/\\\/deportecapital.com.ar\\\/#\\\/schema\\\/person\\\/9cd40456048dd30733b1d6749eca5de8\"},\"headline\":\"Mat\u00edas Carro en Intermedia\",\"datePublished\":\"2026-04-27T01:09:21+00:00\",\"dateModified\":\"2026-04-27T01:13:29+00:00\",\"mainEntityOfPage\":{\"@id\":\"https:\\\/\\\/deportecapital.com.ar\\\/index.php\\\/2026\\\/04\\\/27\\\/matias-carro-en-intermedia-3\\\/\"},\"wordCount\":103,\"publisher\":{\"@id\":\"https:\\\/\\\/deportecapital.com.ar\\\/#organization\"},\"image\":{\"@id\":\"https:\\\/\\\/deportecapital.com.ar\\\/index.php\\\/2026\\\/04\\\/27\\\/matias-carro-en-intermedia-3\\\/#primaryimage\"},\"thumbnailUrl\":\"https:\\\/\\\/deportecapital.com.ar\\\/wp-content\\\/uploads\\\/2026\\\/04\\\/4-8.jpg\",\"articleSection\":[\"Destacadas2\",\"Tenis\"],\"inLanguage\":\"es-AR\"},{\"@type\":\"WebPage\",\"@id\":\"https:\\\/\\\/deportecapital.com.ar\\\/index.php\\\/2026\\\/04\\\/27\\\/matias-carro-en-intermedia-3\\\/\",\"url\":\"https:\\\/\\\/deportecapital.com.ar\\\/index.php\\\/2026\\\/04\\\/27\\\/matias-carro-en-intermedia-3\\\/\",\"name\":\"Mat\u00edas Carro en Intermedia - Deporte Capital\",\"isPartOf\":{\"@id\":\"https:\\\/\\\/deportecapital.com.ar\\\/#website\"},\"primaryImageOfPage\":{\"@id\":\"https:\\\/\\\/deportecapital.com.ar\\\/index.php\\\/2026\\\/04\\\/27\\\/matias-carro-en-intermedia-3\\\/#primaryimage\"},\"image\":{\"@id\":\"https:\\\/\\\/deportecapital.com.ar\\\/index.php\\\/2026\\\/04\\\/27\\\/matias-carro-en-intermedia-3\\\/#primaryimage\"},\"thumbnailUrl\":\"https:\\\/\\\/deportecapital.com.ar\\\/wp-content\\\/uploads\\\/2026\\\/04\\\/4-8.jpg\",\"datePublished\":\"2026-04-27T01:09:21+00:00\",\"dateModified\":\"2026-04-27T01:13:29+00:00\",\"breadcrumb\":{\"@id\":\"https:\\\/\\\/deportecapital.com.ar\\\/index.php\\\/2026\\\/04\\\/27\\\/matias-carro-en-intermedia-3\\\/#breadcrumb\"},\"inLanguage\":\"es-AR\",\"potentialAction\":[{\"@type\":\"ReadAction\",\"target\":[\"https:\\\/\\\/deportecapital.com.ar\\\/index.php\\\/2026\\\/04\\\/27\\\/matias-carro-en-intermedia-3\\\/\"]}]},{\"@type\":\"ImageObject\",\"inLanguage\":\"es-AR\",\"@id\":\"https:\\\/\\\/deportecapital.com.ar\\\/index.php\\\/2026\\\/04\\\/27\\\/matias-carro-en-intermedia-3\\\/#primaryimage\",\"url\":\"https:\\\/\\\/deportecapital.com.ar\\\/wp-content\\\/uploads\\\/2026\\\/04\\\/4-8.jpg\",\"contentUrl\":\"https:\\\/\\\/deportecapital.com.ar\\\/wp-content\\\/uploads\\\/2026\\\/04\\\/4-8.jpg\",\"width\":738,\"height\":1600},{\"@type\":\"BreadcrumbList\",\"@id\":\"https:\\\/\\\/deportecapital.com.ar\\\/index.php\\\/2026\\\/04\\\/27\\\/matias-carro-en-intermedia-3\\\/#breadcrumb\",\"itemListElement\":[{\"@type\":\"ListItem\",\"position\":1,\"name\":\"Inicio\",\"item\":\"https:\\\/\\\/deportecapital.com.ar\\\/\"},{\"@type\":\"ListItem\",\"position\":2,\"name\":\"Mat\u00edas Carro en Intermedia\"}]},{\"@type\":\"WebSite\",\"@id\":\"https:\\\/\\\/deportecapital.com.ar\\\/#website\",\"url\":\"https:\\\/\\\/deportecapital.com.ar\\\/\",\"name\":\"Deporte Capital\",\"description\":\"Diario digital con todo el deporte de La Pampa y alrededores.\",\"publisher\":{\"@id\":\"https:\\\/\\\/deportecapital.com.ar\\\/#organization\"},\"potentialAction\":[{\"@type\":\"SearchAction\",\"target\":{\"@type\":\"EntryPoint\",\"urlTemplate\":\"https:\\\/\\\/deportecapital.com.ar\\\/?s={search_term_string}\"},\"query-input\":{\"@type\":\"PropertyValueSpecification\",\"valueRequired\":true,\"valueName\":\"search_term_string\"}}],\"inLanguage\":\"es-AR\"},{\"@type\":\"Organization\",\"@id\":\"https:\\\/\\\/deportecapital.com.ar\\\/#organization\",\"name\":\"Deporte Capital\",\"url\":\"https:\\\/\\\/deportecapital.com.ar\\\/\",\"logo\":{\"@type\":\"ImageObject\",\"inLanguage\":\"es-AR\",\"@id\":\"https:\\\/\\\/deportecapital.com.ar\\\/#\\\/schema\\\/logo\\\/image\\\/\",\"url\":\"https:\\\/\\\/deportecapital.com.ar\\\/wp-content\\\/uploads\\\/2025\\\/06\\\/logo-deportecapital_white-1.png\",\"contentUrl\":\"https:\\\/\\\/deportecapital.com.ar\\\/wp-content\\\/uploads\\\/2025\\\/06\\\/logo-deportecapital_white-1.png\",\"width\":243,\"height\":111,\"caption\":\"Deporte Capital\"},\"image\":{\"@id\":\"https:\\\/\\\/deportecapital.com.ar\\\/#\\\/schema\\\/logo\\\/image\\\/\"}},{\"@type\":\"Person\",\"@id\":\"https:\\\/\\\/deportecapital.com.ar\\\/#\\\/schema\\\/person\\\/9cd40456048dd30733b1d6749eca5de8\",\"name\":\"Emilio Manrique\",\"image\":{\"@type\":\"ImageObject\",\"inLanguage\":\"es-AR\",\"@id\":\"https:\\\/\\\/secure.gravatar.com\\\/avatar\\\/005c696496b156e30819f271efdd20348da8f41b5d5653680fd363162bbeb3bb?s=96&d=mm&r=g\",\"url\":\"https:\\\/\\\/secure.gravatar.com\\\/avatar\\\/005c696496b156e30819f271efdd20348da8f41b5d5653680fd363162bbeb3bb?s=96&d=mm&r=g\",\"contentUrl\":\"https:\\\/\\\/secure.gravatar.com\\\/avatar\\\/005c696496b156e30819f271efdd20348da8f41b5d5653680fd363162bbeb3bb?s=96&d=mm&r=g\",\"caption\":\"Emilio Manrique\"},\"url\":\"https:\\\/\\\/deportecapital.com.ar\\\/index.php\\\/author\\\/emilio-manrique\\\/\"}]}<\/script>\n<!-- \/ Yoast SEO plugin. -->","yoast_head_json":{"title":"Mat\u00edas Carro en Intermedia - Deporte Capital","robots":{"index":"index","follow":"follow","max-snippet":"max-snippet:-1","max-image-preview":"max-image-preview:large","max-video-preview":"max-video-preview:-1"},"canonical":"https:\/\/deportecapital.com.ar\/index.php\/2026\/04\/27\/matias-carro-en-intermedia-3\/","og_locale":"es_ES","og_type":"article","og_title":"Mat\u00edas Carro en Intermedia - Deporte Capital","og_description":"Durante el fin de semana se desarroll\u00f3 en las canchas del Recreo Mercantil la segunda...","og_url":"https:\/\/deportecapital.com.ar\/index.php\/2026\/04\/27\/matias-carro-en-intermedia-3\/","og_site_name":"Deporte Capital","article_published_time":"2026-04-27T01:09:21+00:00","article_modified_time":"2026-04-27T01:13:29+00:00","og_image":[{"width":738,"height":1600,"url":"https:\/\/deportecapital.com.ar\/wp-content\/uploads\/2026\/04\/4-8.jpg","type":"image\/jpeg"}],"author":"Emilio Manrique","twitter_card":"summary_large_image","twitter_misc":{"Escrito por":"Emilio Manrique","Tiempo de lectura":"2 minutos"},"schema":{"@context":"https:\/\/schema.org","@graph":[{"@type":"Article","@id":"https:\/\/deportecapital.com.ar\/index.php\/2026\/04\/27\/matias-carro-en-intermedia-3\/#article","isPartOf":{"@id":"https:\/\/deportecapital.com.ar\/index.php\/2026\/04\/27\/matias-carro-en-intermedia-3\/"},"author":{"name":"Emilio Manrique","@id":"https:\/\/deportecapital.com.ar\/#\/schema\/person\/9cd40456048dd30733b1d6749eca5de8"},"headline":"Mat\u00edas Carro en Intermedia","datePublished":"2026-04-27T01:09:21+00:00","dateModified":"2026-04-27T01:13:29+00:00","mainEntityOfPage":{"@id":"https:\/\/deportecapital.com.ar\/index.php\/2026\/04\/27\/matias-carro-en-intermedia-3\/"},"wordCount":103,"publisher":{"@id":"https:\/\/deportecapital.com.ar\/#organization"},"image":{"@id":"https:\/\/deportecapital.com.ar\/index.php\/2026\/04\/27\/matias-carro-en-intermedia-3\/#primaryimage"},"thumbnailUrl":"https:\/\/deportecapital.com.ar\/wp-content\/uploads\/2026\/04\/4-8.jpg","articleSection":["Destacadas2","Tenis"],"inLanguage":"es-AR"},{"@type":"WebPage","@id":"https:\/\/deportecapital.com.ar\/index.php\/2026\/04\/27\/matias-carro-en-intermedia-3\/","url":"https:\/\/deportecapital.com.ar\/index.php\/2026\/04\/27\/matias-carro-en-intermedia-3\/","name":"Mat\u00edas Carro en Intermedia - Deporte Capital","isPartOf":{"@id":"https:\/\/deportecapital.com.ar\/#website"},"primaryImageOfPage":{"@id":"https:\/\/deportecapital.com.ar\/index.php\/2026\/04\/27\/matias-carro-en-intermedia-3\/#primaryimage"},"image":{"@id":"https:\/\/deportecapital.com.ar\/index.php\/2026\/04\/27\/matias-carro-en-intermedia-3\/#primaryimage"},"thumbnailUrl":"https:\/\/deportecapital.com.ar\/wp-content\/uploads\/2026\/04\/4-8.jpg","datePublished":"2026-04-27T01:09:21+00:00","dateModified":"2026-04-27T01:13:29+00:00","breadcrumb":{"@id":"https:\/\/deportecapital.com.ar\/index.php\/2026\/04\/27\/matias-carro-en-intermedia-3\/#breadcrumb"},"inLanguage":"es-AR","potentialAction":[{"@type":"ReadAction","target":["https:\/\/deportecapital.com.ar\/index.php\/2026\/04\/27\/matias-carro-en-intermedia-3\/"]}]},{"@type":"ImageObject","inLanguage":"es-AR","@id":"https:\/\/deportecapital.com.ar\/index.php\/2026\/04\/27\/matias-carro-en-intermedia-3\/#primaryimage","url":"https:\/\/deportecapital.com.ar\/wp-content\/uploads\/2026\/04\/4-8.jpg","contentUrl":"https:\/\/deportecapital.com.ar\/wp-content\/uploads\/2026\/04\/4-8.jpg","width":738,"height":1600},{"@type":"BreadcrumbList","@id":"https:\/\/deportecapital.com.ar\/index.php\/2026\/04\/27\/matias-carro-en-intermedia-3\/#breadcrumb","itemListElement":[{"@type":"ListItem","position":1,"name":"Inicio","item":"https:\/\/deportecapital.com.ar\/"},{"@type":"ListItem","position":2,"name":"Mat\u00edas Carro en Intermedia"}]},{"@type":"WebSite","@id":"https:\/\/deportecapital.com.ar\/#website","url":"https:\/\/deportecapital.com.ar\/","name":"Deporte Capital","description":"Diario digital con todo el deporte de La Pampa y alrededores.","publisher":{"@id":"https:\/\/deportecapital.com.ar\/#organization"},"potentialAction":[{"@type":"SearchAction","target":{"@type":"EntryPoint","urlTemplate":"https:\/\/deportecapital.com.ar\/?s={search_term_string}"},"query-input":{"@type":"PropertyValueSpecification","valueRequired":true,"valueName":"search_term_string"}}],"inLanguage":"es-AR"},{"@type":"Organization","@id":"https:\/\/deportecapital.com.ar\/#organization","name":"Deporte Capital","url":"https:\/\/deportecapital.com.ar\/","logo":{"@type":"ImageObject","inLanguage":"es-AR","@id":"https:\/\/deportecapital.com.ar\/#\/schema\/logo\/image\/","url":"https:\/\/deportecapital.com.ar\/wp-content\/uploads\/2025\/06\/logo-deportecapital_white-1.png","contentUrl":"https:\/\/deportecapital.com.ar\/wp-content\/uploads\/2025\/06\/logo-deportecapital_white-1.png","width":243,"height":111,"caption":"Deporte Capital"},"image":{"@id":"https:\/\/deportecapital.com.ar\/#\/schema\/logo\/image\/"}},{"@type":"Person","@id":"https:\/\/deportecapital.com.ar\/#\/schema\/person\/9cd40456048dd30733b1d6749eca5de8","name":"Emilio Manrique","image":{"@type":"ImageObject","inLanguage":"es-AR","@id":"https:\/\/secure.gravatar.com\/avatar\/005c696496b156e30819f271efdd20348da8f41b5d5653680fd363162bbeb3bb?s=96&d=mm&r=g","url":"https:\/\/secure.gravatar.com\/avatar\/005c696496b156e30819f271efdd20348da8f41b5d5653680fd363162bbeb3bb?s=96&d=mm&r=g","contentUrl":"https:\/\/secure.gravatar.com\/avatar\/005c696496b156e30819f271efdd20348da8f41b5d5653680fd363162bbeb3bb?s=96&d=mm&r=g","caption":"Emilio Manrique"},"url":"https:\/\/deportecapital.com.ar\/index.php\/author\/emilio-manrique\/"}]}},"rttpg_featured_image_url":{"full":["https:\/\/deportecapital.com.ar\/wp-content\/uploads\/2026\/04\/4-8.jpg",738,1600,false],"landscape":["https:\/\/deportecapital.com.ar\/wp-content\/uploads\/2026\/04\/4-8.jpg",738,1600,false],"portraits":["https:\/\/deportecapital.com.ar\/wp-content\/uploads\/2026\/04\/4-8.jpg",738,1600,false],"thumbnail":["https:\/\/deportecapital.com.ar\/wp-content\/uploads\/2026\/04\/4-8-150x150.jpg",150,150,true],"medium":["https:\/\/deportecapital.com.ar\/wp-content\/uploads\/2026\/04\/4-8-138x300.jpg",138,300,true],"large":["https:\/\/deportecapital.com.ar\/wp-content\/uploads\/2026\/04\/4-8-472x1024.jpg",472,1024,true],"1536x1536":["https:\/\/deportecapital.com.ar\/wp-content\/uploads\/2026\/04\/4-8-708x1536.jpg",708,1536,true],"2048x2048":["https:\/\/deportecapital.com.ar\/wp-content\/uploads\/2026\/04\/4-8.jpg",738,1600,false],"covernews-slider-full":["https:\/\/deportecapital.com.ar\/wp-content\/uploads\/2026\/04\/4-8-738x715.jpg",738,715,true],"covernews-slider-center":["https:\/\/deportecapital.com.ar\/wp-content\/uploads\/2026\/04\/4-8-738x500.jpg",738,500,true],"covernews-featured":["https:\/\/deportecapital.com.ar\/wp-content\/uploads\/2026\/04\/4-8.jpg",738,1600,false],"covernews-medium":["https:\/\/deportecapital.com.ar\/wp-content\/uploads\/2026\/04\/4-8-540x340.jpg",540,340,true],"covernews-medium-square":["https:\/\/deportecapital.com.ar\/wp-content\/uploads\/2026\/04\/4-8-400x250.jpg",400,250,true]},"rttpg_author":{"display_name":"Emilio Manrique","author_link":"https:\/\/deportecapital.com.ar\/index.php\/author\/emilio-manrique\/"},"rttpg_comment":0,"rttpg_category":"<a href=\"https:\/\/deportecapital.com.ar\/index.php\/category\/destacadas2\/\" rel=\"category tag\">Destacadas2<\/a> <a href=\"https:\/\/deportecapital.com.ar\/index.php\/category\/tenis\/\" rel=\"category tag\">Tenis<\/a>","rttpg_excerpt":"Durante el fin de semana se desarroll\u00f3 en las canchas del Recreo Mercantil la segunda...","_links":{"self":[{"href":"https:\/\/deportecapital.com.ar\/index.php\/wp-json\/wp\/v2\/posts\/56977","targetHints":{"allow":["GET"]}}],"collection":[{"href":"https:\/\/deportecapital.com.ar\/index.php\/wp-json\/wp\/v2\/posts"}],"about":[{"href":"https:\/\/deportecapital.com.ar\/index.php\/wp-json\/wp\/v2\/types\/post"}],"author":[{"embeddable":true,"href":"https:\/\/deportecapital.com.ar\/index.php\/wp-json\/wp\/v2\/users\/3"}],"replies":[{"embeddable":true,"href":"https:\/\/deportecapital.com.ar\/index.php\/wp-json\/wp\/v2\/comments?post=56977"}],"version-history":[{"count":5,"href":"https:\/\/deportecapital.com.ar\/index.php\/wp-json\/wp\/v2\/posts\/56977\/revisions"}],"predecessor-version":[{"id":56987,"href":"https:\/\/deportecapital.com.ar\/index.php\/wp-json\/wp\/v2\/posts\/56977\/revisions\/56987"}],"wp:featuredmedia":[{"embeddable":true,"href":"https:\/\/deportecapital.com.ar\/index.php\/wp-json\/wp\/v2\/media\/56981"}],"wp:attachment":[{"href":"https:\/\/deportecapital.com.ar\/index.php\/wp-json\/wp\/v2\/media?parent=56977"}],"wp:term":[{"taxonomy":"category","embeddable":true,"href":"https:\/\/deportecapital.com.ar\/index.php\/wp-json\/wp\/v2\/categories?post=56977"},{"taxonomy":"post_tag","embeddable":true,"href":"https:\/\/deportecapital.com.ar\/index.php\/wp-json\/wp\/v2\/tags?post=56977"}],"curies":[{"name":"wp","href":"https:\/\/api.w.org\/{rel}","templated":true}]}}