{"id":56991,"date":"2026-04-27T23:40:38","date_gmt":"2026-04-27T23:40:38","guid":{"rendered":"https:\/\/deportecapital.com.ar\/?p=56991"},"modified":"2026-04-27T23:41:26","modified_gmt":"2026-04-27T23:41:26","slug":"se-larga-el-regional-de-fondo","status":"publish","type":"post","link":"https:\/\/deportecapital.com.ar\/index.php\/2026\/04\/27\/se-larga-el-regional-de-fondo\/","title":{"rendered":"Se larga el Regional de Fondo"},"content":{"rendered":"\t\t<div data-elementor-type=\"wp-post\" data-elementor-id=\"56991\" class=\"elementor elementor-56991\">\n\t\t\t\t<div class=\"elementor-element elementor-element-688b0e24 e-flex e-con-boxed e-con e-parent\" data-id=\"688b0e24\" data-element_type=\"container\" data-e-type=\"container\">\n\t\t\t\t\t<div class=\"e-con-inner\">\n\t\t\t\t<div class=\"elementor-element elementor-element-76fe8f14 elementor-widget elementor-widget-text-editor\" data-id=\"76fe8f14\" data-element_type=\"widget\" data-e-type=\"widget\" data-widget_type=\"text-editor.default\">\n\t\t\t\t<div class=\"elementor-widget-container\">\n\t\t\t\t\t\t\t\t\t<p>El tradicional <strong>Regional de fondo<\/strong> se pondr\u00e1 en marcha el 1\u00ba de Mayo en el <strong>Parque Recreativo Don Tom\u00e1s<\/strong>.<\/p><p>\u00a0<\/p><p>Es el torneo organizado por <strong>APAV<\/strong> y corresponde a la 27\u00ba edici\u00f3n, en este caso con la disputa de la <strong>Copa Gaby And Supermercados<\/strong>.<\/p><p>La competencia llevar\u00e1 los nombres de los atletas homenajeados <em>M\u00f3nica<\/em> <em>Villar<\/em>, de <strong>General<\/strong> <strong>Acha<\/strong>, y <em>Daniel<\/em> <em>Zaldarriaga<\/em>, de <strong>Santa<\/strong> <strong>Rosa<\/strong>.<\/p><p>La primera fecha se desarrollar\u00e1 en el Parque Recreativo Don Tom\u00e1s, con largada desde la pista de solado sint\u00e9tico, a partir de las 9:30 horas. La actividad incluir\u00e1 distancias de 500 metros, 800 metros, 1.200 metros, 5 kil\u00f3metros para caminantes \u2014no competitiva\u2014, 5 kil\u00f3metros y 10 kil\u00f3metros.<\/p><p>El certamen contar\u00e1 con el auspicio de la <strong>Municipalidad de Santa Rosa<\/strong>, la <strong>Subsecretar\u00eda de Desarrollo Social, Agua Cimes, Supermercados Gaby And y la C\u00e1mara de Diputados de La Pampa<\/strong>.<\/p><p>Las inscripciones se realizar\u00e1n los d\u00edas lunes 27 y martes 28 de abril, de 9:00 a 12:30 horas y de 16:30 a 20:30, en avenida Uruguay 926, en el garaje ubicado al lado de la helader\u00eda. Los atletas del interior podr\u00e1n comunicarse a los tel\u00e9fonos 2954-690116 y 2954-392565.<\/p><p>Quienes participen desde el interior deber\u00e1n realizar el dep\u00f3sito correspondiente al <strong>CBU 0930300110100046931500, alias apav2026<\/strong>, a nombre de la <strong>Asociaci\u00f3n Pampeana de Atletas Veteranos<\/strong>.<\/p><p>Los costos de inscripci\u00f3n ser\u00e1n de $25.000 para atletas en general, $23.000 para socios, $17.000 para caminantes, $15.000 para caminantes socios y $9.000 para ni\u00f1os.<\/p><p>La organizaci\u00f3n inform\u00f3 que se entregar\u00e1n 150 remeras a los primeros inscriptos. Las mismas ser\u00e1n otorgadas en la segunda fecha, para poder confeccionar los talles correspondientes.<\/p><p>En cuanto a la premiaci\u00f3n, habr\u00e1 medallas para los primeros 150 atletas que arriben a la meta y premios para los diez primeros de la clasificaci\u00f3n general de 5 y 10 kil\u00f3metros, tanto en damas como en caballeros.<\/p><p>Los participantes deber\u00e1n presentar certificado m\u00e9dico extendido por m\u00e9dico cardi\u00f3logo o deport\u00f3logo. La entrega de n\u00fameros para los atletas del interior se realizar\u00e1 el d\u00eda de la prueba, en el lugar de largada, de 8:00 a 9:00 horas.<\/p><p>Este a\u00f1o, el Regional de Calle tendr\u00e1 cinco fechas. Para acceder al premio de fin de a\u00f1o, los atletas solo podr\u00e1n faltar a una de ellas.<\/p><p><b>Fanesi, campeona<\/b><\/p><p>La atleta de <strong>Trenel<\/strong> <em>Gisela<\/em> <em>Fanesi<\/em>, socia de la<strong> Asociaci\u00f3n Pampeana de Atletas Veteranos<\/strong>, gan\u00f3 las pruebas de 200 y 400 metros llanos en el <strong>Meeting Internacional \u201cSerran\u00edas Puntanas\u201d<\/strong>.<\/p><p><em>Fanesi<\/em> se consagr\u00f3 campeona en la prueba de 200 metros llanos, con un tiempo de 29 segundos 40 cent\u00e9simas.<\/p><p>Luego, volvi\u00f3 a imponerse en la competencia de 400 metros llanos, donde alcanz\u00f3 el primer puesto con una marca de 1 minuto 10 segundos 14 cent\u00e9simas.<\/p><p>De esta manera, la representante pampeana complet\u00f3 una actuaci\u00f3n sobresaliente en pista dentro del certamen internacional.<\/p><p><strong>Prensa APAV<\/strong><\/p>\t\t\t\t\t\t\t\t<\/div>\n\t\t\t\t<\/div>\n\t\t\t\t\t<\/div>\n\t\t\t\t<\/div>\n\t\t\t\t<\/div>\n\t\t","protected":false},"excerpt":{"rendered":"<p>El tradicional Regional de fondo se pondr\u00e1 en marcha el 1\u00ba de Mayo en el&#8230;<\/p>\n","protected":false},"author":3,"featured_media":56992,"comment_status":"closed","ping_status":"open","sticky":false,"template":"","format":"standard","meta":{"footnotes":""},"categories":[5,58],"tags":[],"class_list":["post-56991","post","type-post","status-publish","format-standard","has-post-thumbnail","hentry","category-atletismo","category-destacadas2"],"yoast_head":"<!-- This site is optimized with the Yoast SEO plugin v27.4 - https:\/\/yoast.com\/product\/yoast-seo-wordpress\/ -->\n<title>Se larga el Regional de Fondo - Deporte Capital<\/title>\n<meta name=\"robots\" content=\"index, follow, max-snippet:-1, max-image-preview:large, max-video-preview:-1\" \/>\n<link rel=\"canonical\" href=\"https:\/\/deportecapital.com.ar\/index.php\/2026\/04\/27\/se-larga-el-regional-de-fondo\/\" \/>\n<meta property=\"og:locale\" content=\"es_ES\" \/>\n<meta property=\"og:type\" content=\"article\" \/>\n<meta property=\"og:title\" content=\"Se larga el Regional de Fondo - Deporte Capital\" \/>\n<meta property=\"og:description\" content=\"El tradicional Regional de fondo se pondr\u00e1 en marcha el 1\u00ba de Mayo en el...\" \/>\n<meta property=\"og:url\" content=\"https:\/\/deportecapital.com.ar\/index.php\/2026\/04\/27\/se-larga-el-regional-de-fondo\/\" \/>\n<meta property=\"og:site_name\" content=\"Deporte Capital\" \/>\n<meta property=\"article:published_time\" content=\"2026-04-27T23:40:38+00:00\" \/>\n<meta property=\"article:modified_time\" content=\"2026-04-27T23:41:26+00:00\" \/>\n<meta property=\"og:image\" content=\"https:\/\/deportecapital.com.ar\/wp-content\/uploads\/2026\/04\/ZACCAR.jpg\" \/>\n\t<meta property=\"og:image:width\" content=\"1024\" \/>\n\t<meta property=\"og:image:height\" content=\"677\" \/>\n\t<meta property=\"og:image:type\" content=\"image\/jpeg\" \/>\n<meta name=\"author\" content=\"Emilio Manrique\" \/>\n<meta name=\"twitter:card\" content=\"summary_large_image\" \/>\n<meta name=\"twitter:label1\" content=\"Escrito por\" \/>\n\t<meta name=\"twitter:data1\" content=\"Emilio Manrique\" \/>\n\t<meta name=\"twitter:label2\" content=\"Tiempo de lectura\" \/>\n\t<meta name=\"twitter:data2\" content=\"3 minutos\" \/>\n<script type=\"application\/ld+json\" class=\"yoast-schema-graph\">{\"@context\":\"https:\\\/\\\/schema.org\",\"@graph\":[{\"@type\":\"Article\",\"@id\":\"https:\\\/\\\/deportecapital.com.ar\\\/index.php\\\/2026\\\/04\\\/27\\\/se-larga-el-regional-de-fondo\\\/#article\",\"isPartOf\":{\"@id\":\"https:\\\/\\\/deportecapital.com.ar\\\/index.php\\\/2026\\\/04\\\/27\\\/se-larga-el-regional-de-fondo\\\/\"},\"author\":{\"name\":\"Emilio Manrique\",\"@id\":\"https:\\\/\\\/deportecapital.com.ar\\\/#\\\/schema\\\/person\\\/9cd40456048dd30733b1d6749eca5de8\"},\"headline\":\"Se larga el Regional de Fondo\",\"datePublished\":\"2026-04-27T23:40:38+00:00\",\"dateModified\":\"2026-04-27T23:41:26+00:00\",\"mainEntityOfPage\":{\"@id\":\"https:\\\/\\\/deportecapital.com.ar\\\/index.php\\\/2026\\\/04\\\/27\\\/se-larga-el-regional-de-fondo\\\/\"},\"wordCount\":470,\"publisher\":{\"@id\":\"https:\\\/\\\/deportecapital.com.ar\\\/#organization\"},\"image\":{\"@id\":\"https:\\\/\\\/deportecapital.com.ar\\\/index.php\\\/2026\\\/04\\\/27\\\/se-larga-el-regional-de-fondo\\\/#primaryimage\"},\"thumbnailUrl\":\"https:\\\/\\\/deportecapital.com.ar\\\/wp-content\\\/uploads\\\/2026\\\/04\\\/ZACCAR.jpg\",\"articleSection\":[\"Atletismo\",\"Destacadas2\"],\"inLanguage\":\"es-AR\"},{\"@type\":\"WebPage\",\"@id\":\"https:\\\/\\\/deportecapital.com.ar\\\/index.php\\\/2026\\\/04\\\/27\\\/se-larga-el-regional-de-fondo\\\/\",\"url\":\"https:\\\/\\\/deportecapital.com.ar\\\/index.php\\\/2026\\\/04\\\/27\\\/se-larga-el-regional-de-fondo\\\/\",\"name\":\"Se larga el Regional de Fondo - Deporte Capital\",\"isPartOf\":{\"@id\":\"https:\\\/\\\/deportecapital.com.ar\\\/#website\"},\"primaryImageOfPage\":{\"@id\":\"https:\\\/\\\/deportecapital.com.ar\\\/index.php\\\/2026\\\/04\\\/27\\\/se-larga-el-regional-de-fondo\\\/#primaryimage\"},\"image\":{\"@id\":\"https:\\\/\\\/deportecapital.com.ar\\\/index.php\\\/2026\\\/04\\\/27\\\/se-larga-el-regional-de-fondo\\\/#primaryimage\"},\"thumbnailUrl\":\"https:\\\/\\\/deportecapital.com.ar\\\/wp-content\\\/uploads\\\/2026\\\/04\\\/ZACCAR.jpg\",\"datePublished\":\"2026-04-27T23:40:38+00:00\",\"dateModified\":\"2026-04-27T23:41:26+00:00\",\"breadcrumb\":{\"@id\":\"https:\\\/\\\/deportecapital.com.ar\\\/index.php\\\/2026\\\/04\\\/27\\\/se-larga-el-regional-de-fondo\\\/#breadcrumb\"},\"inLanguage\":\"es-AR\",\"potentialAction\":[{\"@type\":\"ReadAction\",\"target\":[\"https:\\\/\\\/deportecapital.com.ar\\\/index.php\\\/2026\\\/04\\\/27\\\/se-larga-el-regional-de-fondo\\\/\"]}]},{\"@type\":\"ImageObject\",\"inLanguage\":\"es-AR\",\"@id\":\"https:\\\/\\\/deportecapital.com.ar\\\/index.php\\\/2026\\\/04\\\/27\\\/se-larga-el-regional-de-fondo\\\/#primaryimage\",\"url\":\"https:\\\/\\\/deportecapital.com.ar\\\/wp-content\\\/uploads\\\/2026\\\/04\\\/ZACCAR.jpg\",\"contentUrl\":\"https:\\\/\\\/deportecapital.com.ar\\\/wp-content\\\/uploads\\\/2026\\\/04\\\/ZACCAR.jpg\",\"width\":1024,\"height\":677},{\"@type\":\"BreadcrumbList\",\"@id\":\"https:\\\/\\\/deportecapital.com.ar\\\/index.php\\\/2026\\\/04\\\/27\\\/se-larga-el-regional-de-fondo\\\/#breadcrumb\",\"itemListElement\":[{\"@type\":\"ListItem\",\"position\":1,\"name\":\"Inicio\",\"item\":\"https:\\\/\\\/deportecapital.com.ar\\\/\"},{\"@type\":\"ListItem\",\"position\":2,\"name\":\"Se larga el Regional de Fondo\"}]},{\"@type\":\"WebSite\",\"@id\":\"https:\\\/\\\/deportecapital.com.ar\\\/#website\",\"url\":\"https:\\\/\\\/deportecapital.com.ar\\\/\",\"name\":\"Deporte Capital\",\"description\":\"Diario digital con todo el deporte de La Pampa y alrededores.\",\"publisher\":{\"@id\":\"https:\\\/\\\/deportecapital.com.ar\\\/#organization\"},\"potentialAction\":[{\"@type\":\"SearchAction\",\"target\":{\"@type\":\"EntryPoint\",\"urlTemplate\":\"https:\\\/\\\/deportecapital.com.ar\\\/?s={search_term_string}\"},\"query-input\":{\"@type\":\"PropertyValueSpecification\",\"valueRequired\":true,\"valueName\":\"search_term_string\"}}],\"inLanguage\":\"es-AR\"},{\"@type\":\"Organization\",\"@id\":\"https:\\\/\\\/deportecapital.com.ar\\\/#organization\",\"name\":\"Deporte Capital\",\"url\":\"https:\\\/\\\/deportecapital.com.ar\\\/\",\"logo\":{\"@type\":\"ImageObject\",\"inLanguage\":\"es-AR\",\"@id\":\"https:\\\/\\\/deportecapital.com.ar\\\/#\\\/schema\\\/logo\\\/image\\\/\",\"url\":\"https:\\\/\\\/deportecapital.com.ar\\\/wp-content\\\/uploads\\\/2025\\\/06\\\/logo-deportecapital_white-1.png\",\"contentUrl\":\"https:\\\/\\\/deportecapital.com.ar\\\/wp-content\\\/uploads\\\/2025\\\/06\\\/logo-deportecapital_white-1.png\",\"width\":243,\"height\":111,\"caption\":\"Deporte Capital\"},\"image\":{\"@id\":\"https:\\\/\\\/deportecapital.com.ar\\\/#\\\/schema\\\/logo\\\/image\\\/\"}},{\"@type\":\"Person\",\"@id\":\"https:\\\/\\\/deportecapital.com.ar\\\/#\\\/schema\\\/person\\\/9cd40456048dd30733b1d6749eca5de8\",\"name\":\"Emilio Manrique\",\"image\":{\"@type\":\"ImageObject\",\"inLanguage\":\"es-AR\",\"@id\":\"https:\\\/\\\/secure.gravatar.com\\\/avatar\\\/005c696496b156e30819f271efdd20348da8f41b5d5653680fd363162bbeb3bb?s=96&d=mm&r=g\",\"url\":\"https:\\\/\\\/secure.gravatar.com\\\/avatar\\\/005c696496b156e30819f271efdd20348da8f41b5d5653680fd363162bbeb3bb?s=96&d=mm&r=g\",\"contentUrl\":\"https:\\\/\\\/secure.gravatar.com\\\/avatar\\\/005c696496b156e30819f271efdd20348da8f41b5d5653680fd363162bbeb3bb?s=96&d=mm&r=g\",\"caption\":\"Emilio Manrique\"},\"url\":\"https:\\\/\\\/deportecapital.com.ar\\\/index.php\\\/author\\\/emilio-manrique\\\/\"}]}<\/script>\n<!-- \/ Yoast SEO plugin. -->","yoast_head_json":{"title":"Se larga el Regional de Fondo - Deporte Capital","robots":{"index":"index","follow":"follow","max-snippet":"max-snippet:-1","max-image-preview":"max-image-preview:large","max-video-preview":"max-video-preview:-1"},"canonical":"https:\/\/deportecapital.com.ar\/index.php\/2026\/04\/27\/se-larga-el-regional-de-fondo\/","og_locale":"es_ES","og_type":"article","og_title":"Se larga el Regional de Fondo - Deporte Capital","og_description":"El tradicional Regional de fondo se pondr\u00e1 en marcha el 1\u00ba de Mayo en el...","og_url":"https:\/\/deportecapital.com.ar\/index.php\/2026\/04\/27\/se-larga-el-regional-de-fondo\/","og_site_name":"Deporte Capital","article_published_time":"2026-04-27T23:40:38+00:00","article_modified_time":"2026-04-27T23:41:26+00:00","og_image":[{"width":1024,"height":677,"url":"https:\/\/deportecapital.com.ar\/wp-content\/uploads\/2026\/04\/ZACCAR.jpg","type":"image\/jpeg"}],"author":"Emilio Manrique","twitter_card":"summary_large_image","twitter_misc":{"Escrito por":"Emilio Manrique","Tiempo de lectura":"3 minutos"},"schema":{"@context":"https:\/\/schema.org","@graph":[{"@type":"Article","@id":"https:\/\/deportecapital.com.ar\/index.php\/2026\/04\/27\/se-larga-el-regional-de-fondo\/#article","isPartOf":{"@id":"https:\/\/deportecapital.com.ar\/index.php\/2026\/04\/27\/se-larga-el-regional-de-fondo\/"},"author":{"name":"Emilio Manrique","@id":"https:\/\/deportecapital.com.ar\/#\/schema\/person\/9cd40456048dd30733b1d6749eca5de8"},"headline":"Se larga el Regional de Fondo","datePublished":"2026-04-27T23:40:38+00:00","dateModified":"2026-04-27T23:41:26+00:00","mainEntityOfPage":{"@id":"https:\/\/deportecapital.com.ar\/index.php\/2026\/04\/27\/se-larga-el-regional-de-fondo\/"},"wordCount":470,"publisher":{"@id":"https:\/\/deportecapital.com.ar\/#organization"},"image":{"@id":"https:\/\/deportecapital.com.ar\/index.php\/2026\/04\/27\/se-larga-el-regional-de-fondo\/#primaryimage"},"thumbnailUrl":"https:\/\/deportecapital.com.ar\/wp-content\/uploads\/2026\/04\/ZACCAR.jpg","articleSection":["Atletismo","Destacadas2"],"inLanguage":"es-AR"},{"@type":"WebPage","@id":"https:\/\/deportecapital.com.ar\/index.php\/2026\/04\/27\/se-larga-el-regional-de-fondo\/","url":"https:\/\/deportecapital.com.ar\/index.php\/2026\/04\/27\/se-larga-el-regional-de-fondo\/","name":"Se larga el Regional de Fondo - Deporte Capital","isPartOf":{"@id":"https:\/\/deportecapital.com.ar\/#website"},"primaryImageOfPage":{"@id":"https:\/\/deportecapital.com.ar\/index.php\/2026\/04\/27\/se-larga-el-regional-de-fondo\/#primaryimage"},"image":{"@id":"https:\/\/deportecapital.com.ar\/index.php\/2026\/04\/27\/se-larga-el-regional-de-fondo\/#primaryimage"},"thumbnailUrl":"https:\/\/deportecapital.com.ar\/wp-content\/uploads\/2026\/04\/ZACCAR.jpg","datePublished":"2026-04-27T23:40:38+00:00","dateModified":"2026-04-27T23:41:26+00:00","breadcrumb":{"@id":"https:\/\/deportecapital.com.ar\/index.php\/2026\/04\/27\/se-larga-el-regional-de-fondo\/#breadcrumb"},"inLanguage":"es-AR","potentialAction":[{"@type":"ReadAction","target":["https:\/\/deportecapital.com.ar\/index.php\/2026\/04\/27\/se-larga-el-regional-de-fondo\/"]}]},{"@type":"ImageObject","inLanguage":"es-AR","@id":"https:\/\/deportecapital.com.ar\/index.php\/2026\/04\/27\/se-larga-el-regional-de-fondo\/#primaryimage","url":"https:\/\/deportecapital.com.ar\/wp-content\/uploads\/2026\/04\/ZACCAR.jpg","contentUrl":"https:\/\/deportecapital.com.ar\/wp-content\/uploads\/2026\/04\/ZACCAR.jpg","width":1024,"height":677},{"@type":"BreadcrumbList","@id":"https:\/\/deportecapital.com.ar\/index.php\/2026\/04\/27\/se-larga-el-regional-de-fondo\/#breadcrumb","itemListElement":[{"@type":"ListItem","position":1,"name":"Inicio","item":"https:\/\/deportecapital.com.ar\/"},{"@type":"ListItem","position":2,"name":"Se larga el Regional de Fondo"}]},{"@type":"WebSite","@id":"https:\/\/deportecapital.com.ar\/#website","url":"https:\/\/deportecapital.com.ar\/","name":"Deporte Capital","description":"Diario digital con todo el deporte de La Pampa y alrededores.","publisher":{"@id":"https:\/\/deportecapital.com.ar\/#organization"},"potentialAction":[{"@type":"SearchAction","target":{"@type":"EntryPoint","urlTemplate":"https:\/\/deportecapital.com.ar\/?s={search_term_string}"},"query-input":{"@type":"PropertyValueSpecification","valueRequired":true,"valueName":"search_term_string"}}],"inLanguage":"es-AR"},{"@type":"Organization","@id":"https:\/\/deportecapital.com.ar\/#organization","name":"Deporte Capital","url":"https:\/\/deportecapital.com.ar\/","logo":{"@type":"ImageObject","inLanguage":"es-AR","@id":"https:\/\/deportecapital.com.ar\/#\/schema\/logo\/image\/","url":"https:\/\/deportecapital.com.ar\/wp-content\/uploads\/2025\/06\/logo-deportecapital_white-1.png","contentUrl":"https:\/\/deportecapital.com.ar\/wp-content\/uploads\/2025\/06\/logo-deportecapital_white-1.png","width":243,"height":111,"caption":"Deporte Capital"},"image":{"@id":"https:\/\/deportecapital.com.ar\/#\/schema\/logo\/image\/"}},{"@type":"Person","@id":"https:\/\/deportecapital.com.ar\/#\/schema\/person\/9cd40456048dd30733b1d6749eca5de8","name":"Emilio Manrique","image":{"@type":"ImageObject","inLanguage":"es-AR","@id":"https:\/\/secure.gravatar.com\/avatar\/005c696496b156e30819f271efdd20348da8f41b5d5653680fd363162bbeb3bb?s=96&d=mm&r=g","url":"https:\/\/secure.gravatar.com\/avatar\/005c696496b156e30819f271efdd20348da8f41b5d5653680fd363162bbeb3bb?s=96&d=mm&r=g","contentUrl":"https:\/\/secure.gravatar.com\/avatar\/005c696496b156e30819f271efdd20348da8f41b5d5653680fd363162bbeb3bb?s=96&d=mm&r=g","caption":"Emilio Manrique"},"url":"https:\/\/deportecapital.com.ar\/index.php\/author\/emilio-manrique\/"}]}},"rttpg_featured_image_url":{"full":["https:\/\/deportecapital.com.ar\/wp-content\/uploads\/2026\/04\/ZACCAR.jpg",1024,677,false],"landscape":["https:\/\/deportecapital.com.ar\/wp-content\/uploads\/2026\/04\/ZACCAR.jpg",1024,677,false],"portraits":["https:\/\/deportecapital.com.ar\/wp-content\/uploads\/2026\/04\/ZACCAR.jpg",1024,677,false],"thumbnail":["https:\/\/deportecapital.com.ar\/wp-content\/uploads\/2026\/04\/ZACCAR-150x150.jpg",150,150,true],"medium":["https:\/\/deportecapital.com.ar\/wp-content\/uploads\/2026\/04\/ZACCAR-300x198.jpg",300,198,true],"large":["https:\/\/deportecapital.com.ar\/wp-content\/uploads\/2026\/04\/ZACCAR.jpg",640,423,false],"1536x1536":["https:\/\/deportecapital.com.ar\/wp-content\/uploads\/2026\/04\/ZACCAR.jpg",1024,677,false],"2048x2048":["https:\/\/deportecapital.com.ar\/wp-content\/uploads\/2026\/04\/ZACCAR.jpg",1024,677,false],"covernews-slider-full":["https:\/\/deportecapital.com.ar\/wp-content\/uploads\/2026\/04\/ZACCAR.jpg",1024,677,false],"covernews-slider-center":["https:\/\/deportecapital.com.ar\/wp-content\/uploads\/2026\/04\/ZACCAR-800x500.jpg",800,500,true],"covernews-featured":["https:\/\/deportecapital.com.ar\/wp-content\/uploads\/2026\/04\/ZACCAR.jpg",1024,677,false],"covernews-medium":["https:\/\/deportecapital.com.ar\/wp-content\/uploads\/2026\/04\/ZACCAR-540x340.jpg",540,340,true],"covernews-medium-square":["https:\/\/deportecapital.com.ar\/wp-content\/uploads\/2026\/04\/ZACCAR-400x250.jpg",400,250,true]},"rttpg_author":{"display_name":"Emilio Manrique","author_link":"https:\/\/deportecapital.com.ar\/index.php\/author\/emilio-manrique\/"},"rttpg_comment":0,"rttpg_category":"<a href=\"https:\/\/deportecapital.com.ar\/index.php\/category\/atletismo\/\" rel=\"category tag\">Atletismo<\/a> <a href=\"https:\/\/deportecapital.com.ar\/index.php\/category\/destacadas2\/\" rel=\"category tag\">Destacadas2<\/a>","rttpg_excerpt":"El tradicional Regional de fondo se pondr\u00e1 en marcha el 1\u00ba de Mayo en el...","_links":{"self":[{"href":"https:\/\/deportecapital.com.ar\/index.php\/wp-json\/wp\/v2\/posts\/56991","targetHints":{"allow":["GET"]}}],"collection":[{"href":"https:\/\/deportecapital.com.ar\/index.php\/wp-json\/wp\/v2\/posts"}],"about":[{"href":"https:\/\/deportecapital.com.ar\/index.php\/wp-json\/wp\/v2\/types\/post"}],"author":[{"embeddable":true,"href":"https:\/\/deportecapital.com.ar\/index.php\/wp-json\/wp\/v2\/users\/3"}],"replies":[{"embeddable":true,"href":"https:\/\/deportecapital.com.ar\/index.php\/wp-json\/wp\/v2\/comments?post=56991"}],"version-history":[{"count":4,"href":"https:\/\/deportecapital.com.ar\/index.php\/wp-json\/wp\/v2\/posts\/56991\/revisions"}],"predecessor-version":[{"id":56996,"href":"https:\/\/deportecapital.com.ar\/index.php\/wp-json\/wp\/v2\/posts\/56991\/revisions\/56996"}],"wp:featuredmedia":[{"embeddable":true,"href":"https:\/\/deportecapital.com.ar\/index.php\/wp-json\/wp\/v2\/media\/56992"}],"wp:attachment":[{"href":"https:\/\/deportecapital.com.ar\/index.php\/wp-json\/wp\/v2\/media?parent=56991"}],"wp:term":[{"taxonomy":"category","embeddable":true,"href":"https:\/\/deportecapital.com.ar\/index.php\/wp-json\/wp\/v2\/categories?post=56991"},{"taxonomy":"post_tag","embeddable":true,"href":"https:\/\/deportecapital.com.ar\/index.php\/wp-json\/wp\/v2\/tags?post=56991"}],"curies":[{"name":"wp","href":"https:\/\/api.w.org\/{rel}","templated":true}]}}