{"id":57012,"date":"2026-04-29T01:31:56","date_gmt":"2026-04-29T01:31:56","guid":{"rendered":"https:\/\/deportecapital.com.ar\/?p=57012"},"modified":"2026-04-29T01:37:26","modified_gmt":"2026-04-29T01:37:26","slug":"llanos-en-el-abierto-de-dafas","status":"publish","type":"post","link":"https:\/\/deportecapital.com.ar\/index.php\/2026\/04\/29\/llanos-en-el-abierto-de-dafas\/","title":{"rendered":"Llanos, en el Abierto de Dafas"},"content":{"rendered":"\t\t<div data-elementor-type=\"wp-post\" data-elementor-id=\"57012\" class=\"elementor elementor-57012\">\n\t\t\t\t<div class=\"elementor-element elementor-element-789a6a46 e-flex e-con-boxed e-con e-parent\" data-id=\"789a6a46\" data-element_type=\"container\" data-e-type=\"container\">\n\t\t\t\t\t<div class=\"e-con-inner\">\n\t\t\t\t<div class=\"elementor-element elementor-element-239cfe8 elementor-widget elementor-widget-text-editor\" data-id=\"239cfe8\" data-element_type=\"widget\" data-e-type=\"widget\" data-widget_type=\"text-editor.default\">\n\t\t\t\t<div class=\"elementor-widget-container\">\n\t\t\t\t\t\t\t\t\t<p><em>Joaqu\u00edn Llanos<\/em> fue el ganador del <strong>Abierto de Dafas<\/strong> que cont\u00f3 con la participaci\u00f3n de 35 ajedrecistas.<\/p><p>\u00a0<\/p><p>Fueron de la partida jugadores de <strong>Santa Rosa, General Pico, La Gloria, Jacinto Arauz, Toay y Anguil<\/strong>, en una competencia v\u00e1lida para el ranking Elo Internacional.<\/p><p>El torneo se disput\u00f3 bajo el sistema suizo a seis rondas, con un exigente ritmo de juego de 60 minutos m\u00e1s un incremento de 30 segundos por jugada. En el plano deportivo, <em>Joaqu\u00edn Llanos<\/em> logr\u00f3 quedarse con el primer puesto tras obtener el puntaje ideal en sus seis presentaciones, marcando as\u00ed su cuarta conquista en el historial de este Abierto.<\/p><p>La paridad fue la nota dominante en el resto del podio, donde <em>Roberto Ampudia<\/em> y <em>Mauro Llanos<\/em> finalizaron con 4.5 unidades cada uno. La organizaci\u00f3n otorg\u00f3 premios en efectivo por una bolsa total de $ 500.000.- hasta la d\u00e9cima ubicaci\u00f3n, quedando la tabla de posiciones conformada de la siguiente manera: 1) <em>Joaqu\u00edn<\/em> <em>Llanos<\/em>; 2) <em>Roberto<\/em> <em>Ampudia<\/em>; 3) <em>Mauro<\/em> <em>Llanos<\/em>; 4) <em>Kevin<\/em> <em>Garc\u00eda<\/em>; 5) <em>Juan<\/em> <em>Rossi<\/em>; 6) <em>Juan Mart\u00edn<\/em> <em>Falciola<\/em>; 7) <em>Emmanuel<\/em> <em>Ranalli<\/em>; 8) <em>Mario<\/em> <em>Ponce<\/em>; 9) <em>Gabriel<\/em> <em>Cortez<\/em>; 10) <em>Antonio<\/em> <em>Fern\u00e1ndez<\/em>.<\/p><p>Asimismo, se entregaron distinciones especiales a <em>Sof\u00eda Ponce<\/em> (Mejor femenina) y <em>Sergio Baudino<\/em> (Mejor pampeano).<\/p><p>Uno de los pilares del encuentro fue su car\u00e1cter solidario: todos los participantes aportaron alimentos no perecederos como parte de su inscripci\u00f3n, los cuales ser\u00e1n destinados a comedores locales de <strong>Santa<\/strong> <strong>Rosa<\/strong>.<\/p><p>En el tablero, tambi\u00e9n hubo espacio para destacar el desempe\u00f1o de los jugadores m\u00e1s j\u00f3venes. Se resalt\u00f3 la participaci\u00f3n de representantes del <strong>Club Social El C\u00edrculo<\/strong> y de la <strong>Escuela de Ajedrez<\/strong> de <em>Diego De Marzi<\/em>, quienes transitaron su primera experiencia en un torneo de estas caracter\u00edsticas. En este marco, el joven <em>Facundo Santoro<\/em> recibi\u00f3 un reconocimiento especial por disputar su primer torneo de ajedrez. Todos ellos compitieron de igual a igual frente a jugadores de mayor trayectoria y acumularon una valiosa experiencia en partidas que, en algunos casos, demandaron el m\u00e1ximo esfuerzo durante casi tres horas de juego.<\/p><p>Bajo la supervisi\u00f3n t\u00e9cnica del \u00e1rbitro nacional <em>Nelson<\/em> <em>Flores<\/em>, el torneo concluy\u00f3 con un balance altamente positivo. En el acto de cierre, la <strong>presidenta de<\/strong> <strong>El C\u00edrculo<\/strong>, <em>Roc\u00edo<\/em> <em>Olgu\u00edn<\/em>, y el <strong>gerente de DAFAS<\/strong>, <em>Jorge<\/em> <em>Payeras<\/em>, entregaron las distinciones correspondientes en una emotiva jornada que reafirm\u00f3 la jerarqu\u00eda del certamen y su compromiso con la comunidad.<\/p><p><strong>CASR<\/strong><\/p>\t\t\t\t\t\t\t\t<\/div>\n\t\t\t\t<\/div>\n\t\t\t\t\t<\/div>\n\t\t\t\t<\/div>\n\t\t\t\t<\/div>\n\t\t","protected":false},"excerpt":{"rendered":"<p>Joaqu\u00edn Llanos fue el ganador del Abierto de Dafas que cont\u00f3 con la participaci\u00f3n de&#8230;<\/p>\n","protected":false},"author":3,"featured_media":57013,"comment_status":"closed","ping_status":"open","sticky":false,"template":"","format":"standard","meta":{"footnotes":""},"categories":[3,58],"tags":[],"class_list":["post-57012","post","type-post","status-publish","format-standard","has-post-thumbnail","hentry","category-ajedrez","category-destacadas2"],"yoast_head":"<!-- This site is optimized with the Yoast SEO plugin v27.5 - https:\/\/yoast.com\/product\/yoast-seo-wordpress\/ -->\n<title>Llanos, en el Abierto de Dafas - Deporte Capital<\/title>\n<meta name=\"robots\" content=\"index, follow, max-snippet:-1, max-image-preview:large, max-video-preview:-1\" \/>\n<link rel=\"canonical\" href=\"https:\/\/deportecapital.com.ar\/index.php\/2026\/04\/29\/llanos-en-el-abierto-de-dafas\/\" \/>\n<meta property=\"og:locale\" content=\"es_ES\" \/>\n<meta property=\"og:type\" content=\"article\" \/>\n<meta property=\"og:title\" content=\"Llanos, en el Abierto de Dafas - Deporte Capital\" \/>\n<meta property=\"og:description\" content=\"Joaqu\u00edn Llanos fue el ganador del Abierto de Dafas que cont\u00f3 con la participaci\u00f3n de...\" \/>\n<meta property=\"og:url\" content=\"https:\/\/deportecapital.com.ar\/index.php\/2026\/04\/29\/llanos-en-el-abierto-de-dafas\/\" \/>\n<meta property=\"og:site_name\" content=\"Deporte Capital\" \/>\n<meta property=\"article:published_time\" content=\"2026-04-29T01:31:56+00:00\" \/>\n<meta property=\"article:modified_time\" content=\"2026-04-29T01:37:26+00:00\" \/>\n<meta property=\"og:image\" content=\"https:\/\/deportecapital.com.ar\/wp-content\/uploads\/2026\/04\/DAFAS-1.jpg\" \/>\n\t<meta property=\"og:image:width\" content=\"1599\" \/>\n\t<meta property=\"og:image:height\" content=\"1066\" \/>\n\t<meta property=\"og:image:type\" content=\"image\/jpeg\" \/>\n<meta name=\"author\" content=\"Emilio Manrique\" \/>\n<meta name=\"twitter:card\" content=\"summary_large_image\" \/>\n<meta name=\"twitter:label1\" content=\"Escrito por\" \/>\n\t<meta name=\"twitter:data1\" content=\"Emilio Manrique\" \/>\n\t<meta name=\"twitter:label2\" content=\"Tiempo de lectura\" \/>\n\t<meta name=\"twitter:data2\" content=\"2 minutos\" \/>\n<script type=\"application\/ld+json\" class=\"yoast-schema-graph\">{\"@context\":\"https:\\\/\\\/schema.org\",\"@graph\":[{\"@type\":\"Article\",\"@id\":\"https:\\\/\\\/deportecapital.com.ar\\\/index.php\\\/2026\\\/04\\\/29\\\/llanos-en-el-abierto-de-dafas\\\/#article\",\"isPartOf\":{\"@id\":\"https:\\\/\\\/deportecapital.com.ar\\\/index.php\\\/2026\\\/04\\\/29\\\/llanos-en-el-abierto-de-dafas\\\/\"},\"author\":{\"name\":\"Emilio Manrique\",\"@id\":\"https:\\\/\\\/deportecapital.com.ar\\\/#\\\/schema\\\/person\\\/9cd40456048dd30733b1d6749eca5de8\"},\"headline\":\"Llanos, en el Abierto de Dafas\",\"datePublished\":\"2026-04-29T01:31:56+00:00\",\"dateModified\":\"2026-04-29T01:37:26+00:00\",\"mainEntityOfPage\":{\"@id\":\"https:\\\/\\\/deportecapital.com.ar\\\/index.php\\\/2026\\\/04\\\/29\\\/llanos-en-el-abierto-de-dafas\\\/\"},\"wordCount\":408,\"publisher\":{\"@id\":\"https:\\\/\\\/deportecapital.com.ar\\\/#organization\"},\"image\":{\"@id\":\"https:\\\/\\\/deportecapital.com.ar\\\/index.php\\\/2026\\\/04\\\/29\\\/llanos-en-el-abierto-de-dafas\\\/#primaryimage\"},\"thumbnailUrl\":\"https:\\\/\\\/deportecapital.com.ar\\\/wp-content\\\/uploads\\\/2026\\\/04\\\/DAFAS-1.jpg\",\"articleSection\":[\"Ajedrez\",\"Destacadas2\"],\"inLanguage\":\"es-AR\"},{\"@type\":\"WebPage\",\"@id\":\"https:\\\/\\\/deportecapital.com.ar\\\/index.php\\\/2026\\\/04\\\/29\\\/llanos-en-el-abierto-de-dafas\\\/\",\"url\":\"https:\\\/\\\/deportecapital.com.ar\\\/index.php\\\/2026\\\/04\\\/29\\\/llanos-en-el-abierto-de-dafas\\\/\",\"name\":\"Llanos, en el Abierto de Dafas - Deporte Capital\",\"isPartOf\":{\"@id\":\"https:\\\/\\\/deportecapital.com.ar\\\/#website\"},\"primaryImageOfPage\":{\"@id\":\"https:\\\/\\\/deportecapital.com.ar\\\/index.php\\\/2026\\\/04\\\/29\\\/llanos-en-el-abierto-de-dafas\\\/#primaryimage\"},\"image\":{\"@id\":\"https:\\\/\\\/deportecapital.com.ar\\\/index.php\\\/2026\\\/04\\\/29\\\/llanos-en-el-abierto-de-dafas\\\/#primaryimage\"},\"thumbnailUrl\":\"https:\\\/\\\/deportecapital.com.ar\\\/wp-content\\\/uploads\\\/2026\\\/04\\\/DAFAS-1.jpg\",\"datePublished\":\"2026-04-29T01:31:56+00:00\",\"dateModified\":\"2026-04-29T01:37:26+00:00\",\"breadcrumb\":{\"@id\":\"https:\\\/\\\/deportecapital.com.ar\\\/index.php\\\/2026\\\/04\\\/29\\\/llanos-en-el-abierto-de-dafas\\\/#breadcrumb\"},\"inLanguage\":\"es-AR\",\"potentialAction\":[{\"@type\":\"ReadAction\",\"target\":[\"https:\\\/\\\/deportecapital.com.ar\\\/index.php\\\/2026\\\/04\\\/29\\\/llanos-en-el-abierto-de-dafas\\\/\"]}]},{\"@type\":\"ImageObject\",\"inLanguage\":\"es-AR\",\"@id\":\"https:\\\/\\\/deportecapital.com.ar\\\/index.php\\\/2026\\\/04\\\/29\\\/llanos-en-el-abierto-de-dafas\\\/#primaryimage\",\"url\":\"https:\\\/\\\/deportecapital.com.ar\\\/wp-content\\\/uploads\\\/2026\\\/04\\\/DAFAS-1.jpg\",\"contentUrl\":\"https:\\\/\\\/deportecapital.com.ar\\\/wp-content\\\/uploads\\\/2026\\\/04\\\/DAFAS-1.jpg\",\"width\":1599,\"height\":1066},{\"@type\":\"BreadcrumbList\",\"@id\":\"https:\\\/\\\/deportecapital.com.ar\\\/index.php\\\/2026\\\/04\\\/29\\\/llanos-en-el-abierto-de-dafas\\\/#breadcrumb\",\"itemListElement\":[{\"@type\":\"ListItem\",\"position\":1,\"name\":\"Inicio\",\"item\":\"https:\\\/\\\/deportecapital.com.ar\\\/\"},{\"@type\":\"ListItem\",\"position\":2,\"name\":\"Llanos, en el Abierto de Dafas\"}]},{\"@type\":\"WebSite\",\"@id\":\"https:\\\/\\\/deportecapital.com.ar\\\/#website\",\"url\":\"https:\\\/\\\/deportecapital.com.ar\\\/\",\"name\":\"Deporte Capital\",\"description\":\"Diario digital con todo el deporte de La Pampa y alrededores.\",\"publisher\":{\"@id\":\"https:\\\/\\\/deportecapital.com.ar\\\/#organization\"},\"potentialAction\":[{\"@type\":\"SearchAction\",\"target\":{\"@type\":\"EntryPoint\",\"urlTemplate\":\"https:\\\/\\\/deportecapital.com.ar\\\/?s={search_term_string}\"},\"query-input\":{\"@type\":\"PropertyValueSpecification\",\"valueRequired\":true,\"valueName\":\"search_term_string\"}}],\"inLanguage\":\"es-AR\"},{\"@type\":\"Organization\",\"@id\":\"https:\\\/\\\/deportecapital.com.ar\\\/#organization\",\"name\":\"Deporte Capital\",\"url\":\"https:\\\/\\\/deportecapital.com.ar\\\/\",\"logo\":{\"@type\":\"ImageObject\",\"inLanguage\":\"es-AR\",\"@id\":\"https:\\\/\\\/deportecapital.com.ar\\\/#\\\/schema\\\/logo\\\/image\\\/\",\"url\":\"https:\\\/\\\/deportecapital.com.ar\\\/wp-content\\\/uploads\\\/2025\\\/06\\\/logo-deportecapital_white-1.png\",\"contentUrl\":\"https:\\\/\\\/deportecapital.com.ar\\\/wp-content\\\/uploads\\\/2025\\\/06\\\/logo-deportecapital_white-1.png\",\"width\":243,\"height\":111,\"caption\":\"Deporte Capital\"},\"image\":{\"@id\":\"https:\\\/\\\/deportecapital.com.ar\\\/#\\\/schema\\\/logo\\\/image\\\/\"}},{\"@type\":\"Person\",\"@id\":\"https:\\\/\\\/deportecapital.com.ar\\\/#\\\/schema\\\/person\\\/9cd40456048dd30733b1d6749eca5de8\",\"name\":\"Emilio Manrique\",\"image\":{\"@type\":\"ImageObject\",\"inLanguage\":\"es-AR\",\"@id\":\"https:\\\/\\\/secure.gravatar.com\\\/avatar\\\/005c696496b156e30819f271efdd20348da8f41b5d5653680fd363162bbeb3bb?s=96&d=mm&r=g\",\"url\":\"https:\\\/\\\/secure.gravatar.com\\\/avatar\\\/005c696496b156e30819f271efdd20348da8f41b5d5653680fd363162bbeb3bb?s=96&d=mm&r=g\",\"contentUrl\":\"https:\\\/\\\/secure.gravatar.com\\\/avatar\\\/005c696496b156e30819f271efdd20348da8f41b5d5653680fd363162bbeb3bb?s=96&d=mm&r=g\",\"caption\":\"Emilio Manrique\"},\"url\":\"https:\\\/\\\/deportecapital.com.ar\\\/index.php\\\/author\\\/emilio-manrique\\\/\"}]}<\/script>\n<!-- \/ Yoast SEO plugin. -->","yoast_head_json":{"title":"Llanos, en el Abierto de Dafas - Deporte Capital","robots":{"index":"index","follow":"follow","max-snippet":"max-snippet:-1","max-image-preview":"max-image-preview:large","max-video-preview":"max-video-preview:-1"},"canonical":"https:\/\/deportecapital.com.ar\/index.php\/2026\/04\/29\/llanos-en-el-abierto-de-dafas\/","og_locale":"es_ES","og_type":"article","og_title":"Llanos, en el Abierto de Dafas - Deporte Capital","og_description":"Joaqu\u00edn Llanos fue el ganador del Abierto de Dafas que cont\u00f3 con la participaci\u00f3n de...","og_url":"https:\/\/deportecapital.com.ar\/index.php\/2026\/04\/29\/llanos-en-el-abierto-de-dafas\/","og_site_name":"Deporte Capital","article_published_time":"2026-04-29T01:31:56+00:00","article_modified_time":"2026-04-29T01:37:26+00:00","og_image":[{"width":1599,"height":1066,"url":"https:\/\/deportecapital.com.ar\/wp-content\/uploads\/2026\/04\/DAFAS-1.jpg","type":"image\/jpeg"}],"author":"Emilio Manrique","twitter_card":"summary_large_image","twitter_misc":{"Escrito por":"Emilio Manrique","Tiempo de lectura":"2 minutos"},"schema":{"@context":"https:\/\/schema.org","@graph":[{"@type":"Article","@id":"https:\/\/deportecapital.com.ar\/index.php\/2026\/04\/29\/llanos-en-el-abierto-de-dafas\/#article","isPartOf":{"@id":"https:\/\/deportecapital.com.ar\/index.php\/2026\/04\/29\/llanos-en-el-abierto-de-dafas\/"},"author":{"name":"Emilio Manrique","@id":"https:\/\/deportecapital.com.ar\/#\/schema\/person\/9cd40456048dd30733b1d6749eca5de8"},"headline":"Llanos, en el Abierto de Dafas","datePublished":"2026-04-29T01:31:56+00:00","dateModified":"2026-04-29T01:37:26+00:00","mainEntityOfPage":{"@id":"https:\/\/deportecapital.com.ar\/index.php\/2026\/04\/29\/llanos-en-el-abierto-de-dafas\/"},"wordCount":408,"publisher":{"@id":"https:\/\/deportecapital.com.ar\/#organization"},"image":{"@id":"https:\/\/deportecapital.com.ar\/index.php\/2026\/04\/29\/llanos-en-el-abierto-de-dafas\/#primaryimage"},"thumbnailUrl":"https:\/\/deportecapital.com.ar\/wp-content\/uploads\/2026\/04\/DAFAS-1.jpg","articleSection":["Ajedrez","Destacadas2"],"inLanguage":"es-AR"},{"@type":"WebPage","@id":"https:\/\/deportecapital.com.ar\/index.php\/2026\/04\/29\/llanos-en-el-abierto-de-dafas\/","url":"https:\/\/deportecapital.com.ar\/index.php\/2026\/04\/29\/llanos-en-el-abierto-de-dafas\/","name":"Llanos, en el Abierto de Dafas - Deporte Capital","isPartOf":{"@id":"https:\/\/deportecapital.com.ar\/#website"},"primaryImageOfPage":{"@id":"https:\/\/deportecapital.com.ar\/index.php\/2026\/04\/29\/llanos-en-el-abierto-de-dafas\/#primaryimage"},"image":{"@id":"https:\/\/deportecapital.com.ar\/index.php\/2026\/04\/29\/llanos-en-el-abierto-de-dafas\/#primaryimage"},"thumbnailUrl":"https:\/\/deportecapital.com.ar\/wp-content\/uploads\/2026\/04\/DAFAS-1.jpg","datePublished":"2026-04-29T01:31:56+00:00","dateModified":"2026-04-29T01:37:26+00:00","breadcrumb":{"@id":"https:\/\/deportecapital.com.ar\/index.php\/2026\/04\/29\/llanos-en-el-abierto-de-dafas\/#breadcrumb"},"inLanguage":"es-AR","potentialAction":[{"@type":"ReadAction","target":["https:\/\/deportecapital.com.ar\/index.php\/2026\/04\/29\/llanos-en-el-abierto-de-dafas\/"]}]},{"@type":"ImageObject","inLanguage":"es-AR","@id":"https:\/\/deportecapital.com.ar\/index.php\/2026\/04\/29\/llanos-en-el-abierto-de-dafas\/#primaryimage","url":"https:\/\/deportecapital.com.ar\/wp-content\/uploads\/2026\/04\/DAFAS-1.jpg","contentUrl":"https:\/\/deportecapital.com.ar\/wp-content\/uploads\/2026\/04\/DAFAS-1.jpg","width":1599,"height":1066},{"@type":"BreadcrumbList","@id":"https:\/\/deportecapital.com.ar\/index.php\/2026\/04\/29\/llanos-en-el-abierto-de-dafas\/#breadcrumb","itemListElement":[{"@type":"ListItem","position":1,"name":"Inicio","item":"https:\/\/deportecapital.com.ar\/"},{"@type":"ListItem","position":2,"name":"Llanos, en el Abierto de Dafas"}]},{"@type":"WebSite","@id":"https:\/\/deportecapital.com.ar\/#website","url":"https:\/\/deportecapital.com.ar\/","name":"Deporte Capital","description":"Diario digital con todo el deporte de La Pampa y alrededores.","publisher":{"@id":"https:\/\/deportecapital.com.ar\/#organization"},"potentialAction":[{"@type":"SearchAction","target":{"@type":"EntryPoint","urlTemplate":"https:\/\/deportecapital.com.ar\/?s={search_term_string}"},"query-input":{"@type":"PropertyValueSpecification","valueRequired":true,"valueName":"search_term_string"}}],"inLanguage":"es-AR"},{"@type":"Organization","@id":"https:\/\/deportecapital.com.ar\/#organization","name":"Deporte Capital","url":"https:\/\/deportecapital.com.ar\/","logo":{"@type":"ImageObject","inLanguage":"es-AR","@id":"https:\/\/deportecapital.com.ar\/#\/schema\/logo\/image\/","url":"https:\/\/deportecapital.com.ar\/wp-content\/uploads\/2025\/06\/logo-deportecapital_white-1.png","contentUrl":"https:\/\/deportecapital.com.ar\/wp-content\/uploads\/2025\/06\/logo-deportecapital_white-1.png","width":243,"height":111,"caption":"Deporte Capital"},"image":{"@id":"https:\/\/deportecapital.com.ar\/#\/schema\/logo\/image\/"}},{"@type":"Person","@id":"https:\/\/deportecapital.com.ar\/#\/schema\/person\/9cd40456048dd30733b1d6749eca5de8","name":"Emilio Manrique","image":{"@type":"ImageObject","inLanguage":"es-AR","@id":"https:\/\/secure.gravatar.com\/avatar\/005c696496b156e30819f271efdd20348da8f41b5d5653680fd363162bbeb3bb?s=96&d=mm&r=g","url":"https:\/\/secure.gravatar.com\/avatar\/005c696496b156e30819f271efdd20348da8f41b5d5653680fd363162bbeb3bb?s=96&d=mm&r=g","contentUrl":"https:\/\/secure.gravatar.com\/avatar\/005c696496b156e30819f271efdd20348da8f41b5d5653680fd363162bbeb3bb?s=96&d=mm&r=g","caption":"Emilio Manrique"},"url":"https:\/\/deportecapital.com.ar\/index.php\/author\/emilio-manrique\/"}]}},"rttpg_featured_image_url":{"full":["https:\/\/deportecapital.com.ar\/wp-content\/uploads\/2026\/04\/DAFAS-1.jpg",1599,1066,false],"landscape":["https:\/\/deportecapital.com.ar\/wp-content\/uploads\/2026\/04\/DAFAS-1.jpg",1599,1066,false],"portraits":["https:\/\/deportecapital.com.ar\/wp-content\/uploads\/2026\/04\/DAFAS-1.jpg",1599,1066,false],"thumbnail":["https:\/\/deportecapital.com.ar\/wp-content\/uploads\/2026\/04\/DAFAS-1-150x150.jpg",150,150,true],"medium":["https:\/\/deportecapital.com.ar\/wp-content\/uploads\/2026\/04\/DAFAS-1-300x200.jpg",300,200,true],"large":["https:\/\/deportecapital.com.ar\/wp-content\/uploads\/2026\/04\/DAFAS-1-1024x683.jpg",640,427,true],"1536x1536":["https:\/\/deportecapital.com.ar\/wp-content\/uploads\/2026\/04\/DAFAS-1-1536x1024.jpg",1536,1024,true],"2048x2048":["https:\/\/deportecapital.com.ar\/wp-content\/uploads\/2026\/04\/DAFAS-1.jpg",1599,1066,false],"covernews-slider-full":["https:\/\/deportecapital.com.ar\/wp-content\/uploads\/2026\/04\/DAFAS-1-1115x715.jpg",1115,715,true],"covernews-slider-center":["https:\/\/deportecapital.com.ar\/wp-content\/uploads\/2026\/04\/DAFAS-1-800x500.jpg",800,500,true],"covernews-featured":["https:\/\/deportecapital.com.ar\/wp-content\/uploads\/2026\/04\/DAFAS-1-1024x683.jpg",1024,683,true],"covernews-medium":["https:\/\/deportecapital.com.ar\/wp-content\/uploads\/2026\/04\/DAFAS-1-540x340.jpg",540,340,true],"covernews-medium-square":["https:\/\/deportecapital.com.ar\/wp-content\/uploads\/2026\/04\/DAFAS-1-400x250.jpg",400,250,true]},"rttpg_author":{"display_name":"Emilio Manrique","author_link":"https:\/\/deportecapital.com.ar\/index.php\/author\/emilio-manrique\/"},"rttpg_comment":0,"rttpg_category":"<a href=\"https:\/\/deportecapital.com.ar\/index.php\/category\/ajedrez\/\" rel=\"category tag\">Ajedrez<\/a> <a href=\"https:\/\/deportecapital.com.ar\/index.php\/category\/destacadas2\/\" rel=\"category tag\">Destacadas2<\/a>","rttpg_excerpt":"Joaqu\u00edn Llanos fue el ganador del Abierto de Dafas que cont\u00f3 con la participaci\u00f3n de...","_links":{"self":[{"href":"https:\/\/deportecapital.com.ar\/index.php\/wp-json\/wp\/v2\/posts\/57012","targetHints":{"allow":["GET"]}}],"collection":[{"href":"https:\/\/deportecapital.com.ar\/index.php\/wp-json\/wp\/v2\/posts"}],"about":[{"href":"https:\/\/deportecapital.com.ar\/index.php\/wp-json\/wp\/v2\/types\/post"}],"author":[{"embeddable":true,"href":"https:\/\/deportecapital.com.ar\/index.php\/wp-json\/wp\/v2\/users\/3"}],"replies":[{"embeddable":true,"href":"https:\/\/deportecapital.com.ar\/index.php\/wp-json\/wp\/v2\/comments?post=57012"}],"version-history":[{"count":4,"href":"https:\/\/deportecapital.com.ar\/index.php\/wp-json\/wp\/v2\/posts\/57012\/revisions"}],"predecessor-version":[{"id":57017,"href":"https:\/\/deportecapital.com.ar\/index.php\/wp-json\/wp\/v2\/posts\/57012\/revisions\/57017"}],"wp:featuredmedia":[{"embeddable":true,"href":"https:\/\/deportecapital.com.ar\/index.php\/wp-json\/wp\/v2\/media\/57013"}],"wp:attachment":[{"href":"https:\/\/deportecapital.com.ar\/index.php\/wp-json\/wp\/v2\/media?parent=57012"}],"wp:term":[{"taxonomy":"category","embeddable":true,"href":"https:\/\/deportecapital.com.ar\/index.php\/wp-json\/wp\/v2\/categories?post=57012"},{"taxonomy":"post_tag","embeddable":true,"href":"https:\/\/deportecapital.com.ar\/index.php\/wp-json\/wp\/v2\/tags?post=57012"}],"curies":[{"name":"wp","href":"https:\/\/api.w.org\/{rel}","templated":true}]}}