{"id":57021,"date":"2026-04-30T01:33:55","date_gmt":"2026-04-30T01:33:55","guid":{"rendered":"https:\/\/deportecapital.com.ar\/?p=57021"},"modified":"2026-04-30T01:34:53","modified_gmt":"2026-04-30T01:34:53","slug":"se-viene-el-entre-barrios","status":"publish","type":"post","link":"https:\/\/deportecapital.com.ar\/index.php\/2026\/04\/30\/se-viene-el-entre-barrios\/","title":{"rendered":"Se viene el Entre Barrios"},"content":{"rendered":"\t\t<div data-elementor-type=\"wp-post\" data-elementor-id=\"57021\" class=\"elementor elementor-57021\">\n\t\t\t\t<div class=\"elementor-element elementor-element-47c88261 e-flex e-con-boxed e-con e-parent\" data-id=\"47c88261\" data-element_type=\"container\" data-e-type=\"container\">\n\t\t\t\t\t<div class=\"e-con-inner\">\n\t\t\t\t<div class=\"elementor-element elementor-element-b5a214f elementor-widget elementor-widget-text-editor\" data-id=\"b5a214f\" data-element_type=\"widget\" data-e-type=\"widget\" data-widget_type=\"text-editor.default\">\n\t\t\t\t<div class=\"elementor-widget-container\">\n\t\t\t\t\t\t\t\t\t<p>El s\u00e1bado se pondr\u00e1 en marcha el torneo de f\u00fatbol infantil denominado <strong>\u201cEntre Barrios\u201d<\/strong>, con la participaci\u00f3n de 500 ni\u00f1os.<\/p><p>\u00a0<\/p><p>Agrupa a equipos de diferentes escuelas y clubes de barrios de <strong>Santa Rosa<\/strong> y <strong>Anguil<\/strong>. El <strong>\u201cEntre Barrios\u201d<\/strong>, que va por su cuarta temporada, es organizado por la <strong>Subsecretar\u00eda de Deportes, Recreaci\u00f3n y Turismo del Ministerio de Desarrollo Social de La Pampa<\/strong>, con el acompa\u00f1amiento de la <strong>Municipalidad de Santa Rosa<\/strong>.<\/p><p>El primer encuentro 2026 tendr\u00e1 lugar este s\u00e1bado 2 de mayo en las instalaciones del <strong>Estadio Municipal<\/strong> y contar\u00e1 con la participaci\u00f3n de m\u00e1s de 500 futbolistas de entre 6 y 15 a\u00f1os, divididos en cinco categor\u00edas: Sub 15 (mixta), Sub 15 Femenina, Sub 12 (mixta), Sub 10 (mixta) y Sub 8 (mixta). Los partidos comenzar\u00e1n a las 10 de la ma\u00f1ana y se extender\u00e1n hasta las primeras horas de la tarde.<\/p><p>El <strong>Entre Barrios 2026<\/strong> contar\u00e1 con encuentros mensuales, en el <strong>Estadio Municipal<\/strong> y otros espacios de la ciudad, entre los que ya est\u00e1 confirmado el <strong>Club Domingo Faustino<\/strong> <strong>Sarmiento<\/strong>.<\/p><p>El torneo tiene como objetivo ofrecer un lugar de competencia y encuentro para ni\u00f1as y ni\u00f1os de escuelitas barriales a lo largo del a\u00f1o, donde puedan jugar, divertirse y plasmar en cancha todo el esfuerzo que hacen d\u00eda a d\u00eda en sus lugares de entrenamiento bajo la tutela de sus profes.<\/p><p>En esta oportunidad, a las instituciones santarrose\u00f1as que participan ya habitualmente del <strong>Entre Barrios<\/strong>, se sumar\u00e1n equipos de la escuela municipal de <strong>Anguil<\/strong>, que viajar\u00e1n con m\u00e1s de 50 futbolistas a este primer encuentro.<\/p><p>Adem\u00e1s de jugar al f\u00fatbol de manera recreativa, los participantes\u00a0 intercambian vivencias y comparten un almuerzo conjunto.<\/p><p>Las instituciones barriales y escuelas que abrir\u00e1n este <strong>Entre Barrios 2026<\/strong> son <strong>La 12 Junior, Cebollitas, Defensores del Malvinas, General San Mart\u00edn, Santa F\u00fatbol, Sarmiento, Anguil, Los Halcones FC, Despu\u00e9s de Hora del Butal\u00f3, Zona Norte, Los Tranqui, Entretiempo, La Quince, Estadio Municipal, Los Dieguitos y Pampa F\u00fatbol<\/strong>, entre otras.<\/p><p><strong>Prensa Subsecretar\u00eda<\/strong><\/p>\t\t\t\t\t\t\t\t<\/div>\n\t\t\t\t<\/div>\n\t\t\t\t\t<\/div>\n\t\t\t\t<\/div>\n\t\t\t\t<\/div>\n\t\t","protected":false},"excerpt":{"rendered":"<p>El s\u00e1bado se pondr\u00e1 en marcha el torneo de f\u00fatbol infantil denominado \u201cEntre Barrios\u201d, con&#8230;<\/p>\n","protected":false},"author":3,"featured_media":57022,"comment_status":"closed","ping_status":"open","sticky":false,"template":"","format":"standard","meta":{"footnotes":""},"categories":[58,19],"tags":[],"class_list":["post-57021","post","type-post","status-publish","format-standard","has-post-thumbnail","hentry","category-destacadas2","category-futbol"],"yoast_head":"<!-- This site is optimized with the Yoast SEO plugin v27.5 - https:\/\/yoast.com\/product\/yoast-seo-wordpress\/ -->\n<title>Se viene el Entre Barrios - Deporte Capital<\/title>\n<meta name=\"robots\" content=\"index, follow, max-snippet:-1, max-image-preview:large, max-video-preview:-1\" \/>\n<link rel=\"canonical\" href=\"https:\/\/deportecapital.com.ar\/index.php\/2026\/04\/30\/se-viene-el-entre-barrios\/\" \/>\n<meta property=\"og:locale\" content=\"es_ES\" \/>\n<meta property=\"og:type\" content=\"article\" \/>\n<meta property=\"og:title\" content=\"Se viene el Entre Barrios - Deporte Capital\" \/>\n<meta property=\"og:description\" content=\"El s\u00e1bado se pondr\u00e1 en marcha el torneo de f\u00fatbol infantil denominado \u201cEntre Barrios\u201d, con...\" \/>\n<meta property=\"og:url\" content=\"https:\/\/deportecapital.com.ar\/index.php\/2026\/04\/30\/se-viene-el-entre-barrios\/\" \/>\n<meta property=\"og:site_name\" content=\"Deporte Capital\" \/>\n<meta property=\"article:published_time\" content=\"2026-04-30T01:33:55+00:00\" \/>\n<meta property=\"article:modified_time\" content=\"2026-04-30T01:34:53+00:00\" \/>\n<meta property=\"og:image\" content=\"https:\/\/deportecapital.com.ar\/wp-content\/uploads\/2026\/04\/1-17.jpg\" \/>\n\t<meta property=\"og:image:width\" content=\"1600\" \/>\n\t<meta property=\"og:image:height\" content=\"1063\" \/>\n\t<meta property=\"og:image:type\" content=\"image\/jpeg\" \/>\n<meta name=\"author\" content=\"Emilio Manrique\" \/>\n<meta name=\"twitter:card\" content=\"summary_large_image\" \/>\n<meta name=\"twitter:label1\" content=\"Escrito por\" \/>\n\t<meta name=\"twitter:data1\" content=\"Emilio Manrique\" \/>\n\t<meta name=\"twitter:label2\" content=\"Tiempo de lectura\" \/>\n\t<meta name=\"twitter:data2\" content=\"2 minutos\" \/>\n<script type=\"application\/ld+json\" class=\"yoast-schema-graph\">{\"@context\":\"https:\\\/\\\/schema.org\",\"@graph\":[{\"@type\":\"Article\",\"@id\":\"https:\\\/\\\/deportecapital.com.ar\\\/index.php\\\/2026\\\/04\\\/30\\\/se-viene-el-entre-barrios\\\/#article\",\"isPartOf\":{\"@id\":\"https:\\\/\\\/deportecapital.com.ar\\\/index.php\\\/2026\\\/04\\\/30\\\/se-viene-el-entre-barrios\\\/\"},\"author\":{\"name\":\"Emilio Manrique\",\"@id\":\"https:\\\/\\\/deportecapital.com.ar\\\/#\\\/schema\\\/person\\\/9cd40456048dd30733b1d6749eca5de8\"},\"headline\":\"Se viene el Entre Barrios\",\"datePublished\":\"2026-04-30T01:33:55+00:00\",\"dateModified\":\"2026-04-30T01:34:53+00:00\",\"mainEntityOfPage\":{\"@id\":\"https:\\\/\\\/deportecapital.com.ar\\\/index.php\\\/2026\\\/04\\\/30\\\/se-viene-el-entre-barrios\\\/\"},\"wordCount\":347,\"publisher\":{\"@id\":\"https:\\\/\\\/deportecapital.com.ar\\\/#organization\"},\"image\":{\"@id\":\"https:\\\/\\\/deportecapital.com.ar\\\/index.php\\\/2026\\\/04\\\/30\\\/se-viene-el-entre-barrios\\\/#primaryimage\"},\"thumbnailUrl\":\"https:\\\/\\\/deportecapital.com.ar\\\/wp-content\\\/uploads\\\/2026\\\/04\\\/1-17.jpg\",\"articleSection\":[\"Destacadas2\",\"F\u00fatbol\"],\"inLanguage\":\"es-AR\"},{\"@type\":\"WebPage\",\"@id\":\"https:\\\/\\\/deportecapital.com.ar\\\/index.php\\\/2026\\\/04\\\/30\\\/se-viene-el-entre-barrios\\\/\",\"url\":\"https:\\\/\\\/deportecapital.com.ar\\\/index.php\\\/2026\\\/04\\\/30\\\/se-viene-el-entre-barrios\\\/\",\"name\":\"Se viene el Entre Barrios - Deporte Capital\",\"isPartOf\":{\"@id\":\"https:\\\/\\\/deportecapital.com.ar\\\/#website\"},\"primaryImageOfPage\":{\"@id\":\"https:\\\/\\\/deportecapital.com.ar\\\/index.php\\\/2026\\\/04\\\/30\\\/se-viene-el-entre-barrios\\\/#primaryimage\"},\"image\":{\"@id\":\"https:\\\/\\\/deportecapital.com.ar\\\/index.php\\\/2026\\\/04\\\/30\\\/se-viene-el-entre-barrios\\\/#primaryimage\"},\"thumbnailUrl\":\"https:\\\/\\\/deportecapital.com.ar\\\/wp-content\\\/uploads\\\/2026\\\/04\\\/1-17.jpg\",\"datePublished\":\"2026-04-30T01:33:55+00:00\",\"dateModified\":\"2026-04-30T01:34:53+00:00\",\"breadcrumb\":{\"@id\":\"https:\\\/\\\/deportecapital.com.ar\\\/index.php\\\/2026\\\/04\\\/30\\\/se-viene-el-entre-barrios\\\/#breadcrumb\"},\"inLanguage\":\"es-AR\",\"potentialAction\":[{\"@type\":\"ReadAction\",\"target\":[\"https:\\\/\\\/deportecapital.com.ar\\\/index.php\\\/2026\\\/04\\\/30\\\/se-viene-el-entre-barrios\\\/\"]}]},{\"@type\":\"ImageObject\",\"inLanguage\":\"es-AR\",\"@id\":\"https:\\\/\\\/deportecapital.com.ar\\\/index.php\\\/2026\\\/04\\\/30\\\/se-viene-el-entre-barrios\\\/#primaryimage\",\"url\":\"https:\\\/\\\/deportecapital.com.ar\\\/wp-content\\\/uploads\\\/2026\\\/04\\\/1-17.jpg\",\"contentUrl\":\"https:\\\/\\\/deportecapital.com.ar\\\/wp-content\\\/uploads\\\/2026\\\/04\\\/1-17.jpg\",\"width\":1600,\"height\":1063},{\"@type\":\"BreadcrumbList\",\"@id\":\"https:\\\/\\\/deportecapital.com.ar\\\/index.php\\\/2026\\\/04\\\/30\\\/se-viene-el-entre-barrios\\\/#breadcrumb\",\"itemListElement\":[{\"@type\":\"ListItem\",\"position\":1,\"name\":\"Inicio\",\"item\":\"https:\\\/\\\/deportecapital.com.ar\\\/\"},{\"@type\":\"ListItem\",\"position\":2,\"name\":\"Se viene el Entre Barrios\"}]},{\"@type\":\"WebSite\",\"@id\":\"https:\\\/\\\/deportecapital.com.ar\\\/#website\",\"url\":\"https:\\\/\\\/deportecapital.com.ar\\\/\",\"name\":\"Deporte Capital\",\"description\":\"Diario digital con todo el deporte de La Pampa y alrededores.\",\"publisher\":{\"@id\":\"https:\\\/\\\/deportecapital.com.ar\\\/#organization\"},\"potentialAction\":[{\"@type\":\"SearchAction\",\"target\":{\"@type\":\"EntryPoint\",\"urlTemplate\":\"https:\\\/\\\/deportecapital.com.ar\\\/?s={search_term_string}\"},\"query-input\":{\"@type\":\"PropertyValueSpecification\",\"valueRequired\":true,\"valueName\":\"search_term_string\"}}],\"inLanguage\":\"es-AR\"},{\"@type\":\"Organization\",\"@id\":\"https:\\\/\\\/deportecapital.com.ar\\\/#organization\",\"name\":\"Deporte Capital\",\"url\":\"https:\\\/\\\/deportecapital.com.ar\\\/\",\"logo\":{\"@type\":\"ImageObject\",\"inLanguage\":\"es-AR\",\"@id\":\"https:\\\/\\\/deportecapital.com.ar\\\/#\\\/schema\\\/logo\\\/image\\\/\",\"url\":\"https:\\\/\\\/deportecapital.com.ar\\\/wp-content\\\/uploads\\\/2025\\\/06\\\/logo-deportecapital_white-1.png\",\"contentUrl\":\"https:\\\/\\\/deportecapital.com.ar\\\/wp-content\\\/uploads\\\/2025\\\/06\\\/logo-deportecapital_white-1.png\",\"width\":243,\"height\":111,\"caption\":\"Deporte Capital\"},\"image\":{\"@id\":\"https:\\\/\\\/deportecapital.com.ar\\\/#\\\/schema\\\/logo\\\/image\\\/\"}},{\"@type\":\"Person\",\"@id\":\"https:\\\/\\\/deportecapital.com.ar\\\/#\\\/schema\\\/person\\\/9cd40456048dd30733b1d6749eca5de8\",\"name\":\"Emilio Manrique\",\"image\":{\"@type\":\"ImageObject\",\"inLanguage\":\"es-AR\",\"@id\":\"https:\\\/\\\/secure.gravatar.com\\\/avatar\\\/005c696496b156e30819f271efdd20348da8f41b5d5653680fd363162bbeb3bb?s=96&d=mm&r=g\",\"url\":\"https:\\\/\\\/secure.gravatar.com\\\/avatar\\\/005c696496b156e30819f271efdd20348da8f41b5d5653680fd363162bbeb3bb?s=96&d=mm&r=g\",\"contentUrl\":\"https:\\\/\\\/secure.gravatar.com\\\/avatar\\\/005c696496b156e30819f271efdd20348da8f41b5d5653680fd363162bbeb3bb?s=96&d=mm&r=g\",\"caption\":\"Emilio Manrique\"},\"url\":\"https:\\\/\\\/deportecapital.com.ar\\\/index.php\\\/author\\\/emilio-manrique\\\/\"}]}<\/script>\n<!-- \/ Yoast SEO plugin. -->","yoast_head_json":{"title":"Se viene el Entre Barrios - Deporte Capital","robots":{"index":"index","follow":"follow","max-snippet":"max-snippet:-1","max-image-preview":"max-image-preview:large","max-video-preview":"max-video-preview:-1"},"canonical":"https:\/\/deportecapital.com.ar\/index.php\/2026\/04\/30\/se-viene-el-entre-barrios\/","og_locale":"es_ES","og_type":"article","og_title":"Se viene el Entre Barrios - Deporte Capital","og_description":"El s\u00e1bado se pondr\u00e1 en marcha el torneo de f\u00fatbol infantil denominado \u201cEntre Barrios\u201d, con...","og_url":"https:\/\/deportecapital.com.ar\/index.php\/2026\/04\/30\/se-viene-el-entre-barrios\/","og_site_name":"Deporte Capital","article_published_time":"2026-04-30T01:33:55+00:00","article_modified_time":"2026-04-30T01:34:53+00:00","og_image":[{"width":1600,"height":1063,"url":"https:\/\/deportecapital.com.ar\/wp-content\/uploads\/2026\/04\/1-17.jpg","type":"image\/jpeg"}],"author":"Emilio Manrique","twitter_card":"summary_large_image","twitter_misc":{"Escrito por":"Emilio Manrique","Tiempo de lectura":"2 minutos"},"schema":{"@context":"https:\/\/schema.org","@graph":[{"@type":"Article","@id":"https:\/\/deportecapital.com.ar\/index.php\/2026\/04\/30\/se-viene-el-entre-barrios\/#article","isPartOf":{"@id":"https:\/\/deportecapital.com.ar\/index.php\/2026\/04\/30\/se-viene-el-entre-barrios\/"},"author":{"name":"Emilio Manrique","@id":"https:\/\/deportecapital.com.ar\/#\/schema\/person\/9cd40456048dd30733b1d6749eca5de8"},"headline":"Se viene el Entre Barrios","datePublished":"2026-04-30T01:33:55+00:00","dateModified":"2026-04-30T01:34:53+00:00","mainEntityOfPage":{"@id":"https:\/\/deportecapital.com.ar\/index.php\/2026\/04\/30\/se-viene-el-entre-barrios\/"},"wordCount":347,"publisher":{"@id":"https:\/\/deportecapital.com.ar\/#organization"},"image":{"@id":"https:\/\/deportecapital.com.ar\/index.php\/2026\/04\/30\/se-viene-el-entre-barrios\/#primaryimage"},"thumbnailUrl":"https:\/\/deportecapital.com.ar\/wp-content\/uploads\/2026\/04\/1-17.jpg","articleSection":["Destacadas2","F\u00fatbol"],"inLanguage":"es-AR"},{"@type":"WebPage","@id":"https:\/\/deportecapital.com.ar\/index.php\/2026\/04\/30\/se-viene-el-entre-barrios\/","url":"https:\/\/deportecapital.com.ar\/index.php\/2026\/04\/30\/se-viene-el-entre-barrios\/","name":"Se viene el Entre Barrios - Deporte Capital","isPartOf":{"@id":"https:\/\/deportecapital.com.ar\/#website"},"primaryImageOfPage":{"@id":"https:\/\/deportecapital.com.ar\/index.php\/2026\/04\/30\/se-viene-el-entre-barrios\/#primaryimage"},"image":{"@id":"https:\/\/deportecapital.com.ar\/index.php\/2026\/04\/30\/se-viene-el-entre-barrios\/#primaryimage"},"thumbnailUrl":"https:\/\/deportecapital.com.ar\/wp-content\/uploads\/2026\/04\/1-17.jpg","datePublished":"2026-04-30T01:33:55+00:00","dateModified":"2026-04-30T01:34:53+00:00","breadcrumb":{"@id":"https:\/\/deportecapital.com.ar\/index.php\/2026\/04\/30\/se-viene-el-entre-barrios\/#breadcrumb"},"inLanguage":"es-AR","potentialAction":[{"@type":"ReadAction","target":["https:\/\/deportecapital.com.ar\/index.php\/2026\/04\/30\/se-viene-el-entre-barrios\/"]}]},{"@type":"ImageObject","inLanguage":"es-AR","@id":"https:\/\/deportecapital.com.ar\/index.php\/2026\/04\/30\/se-viene-el-entre-barrios\/#primaryimage","url":"https:\/\/deportecapital.com.ar\/wp-content\/uploads\/2026\/04\/1-17.jpg","contentUrl":"https:\/\/deportecapital.com.ar\/wp-content\/uploads\/2026\/04\/1-17.jpg","width":1600,"height":1063},{"@type":"BreadcrumbList","@id":"https:\/\/deportecapital.com.ar\/index.php\/2026\/04\/30\/se-viene-el-entre-barrios\/#breadcrumb","itemListElement":[{"@type":"ListItem","position":1,"name":"Inicio","item":"https:\/\/deportecapital.com.ar\/"},{"@type":"ListItem","position":2,"name":"Se viene el Entre Barrios"}]},{"@type":"WebSite","@id":"https:\/\/deportecapital.com.ar\/#website","url":"https:\/\/deportecapital.com.ar\/","name":"Deporte Capital","description":"Diario digital con todo el deporte de La Pampa y alrededores.","publisher":{"@id":"https:\/\/deportecapital.com.ar\/#organization"},"potentialAction":[{"@type":"SearchAction","target":{"@type":"EntryPoint","urlTemplate":"https:\/\/deportecapital.com.ar\/?s={search_term_string}"},"query-input":{"@type":"PropertyValueSpecification","valueRequired":true,"valueName":"search_term_string"}}],"inLanguage":"es-AR"},{"@type":"Organization","@id":"https:\/\/deportecapital.com.ar\/#organization","name":"Deporte Capital","url":"https:\/\/deportecapital.com.ar\/","logo":{"@type":"ImageObject","inLanguage":"es-AR","@id":"https:\/\/deportecapital.com.ar\/#\/schema\/logo\/image\/","url":"https:\/\/deportecapital.com.ar\/wp-content\/uploads\/2025\/06\/logo-deportecapital_white-1.png","contentUrl":"https:\/\/deportecapital.com.ar\/wp-content\/uploads\/2025\/06\/logo-deportecapital_white-1.png","width":243,"height":111,"caption":"Deporte Capital"},"image":{"@id":"https:\/\/deportecapital.com.ar\/#\/schema\/logo\/image\/"}},{"@type":"Person","@id":"https:\/\/deportecapital.com.ar\/#\/schema\/person\/9cd40456048dd30733b1d6749eca5de8","name":"Emilio Manrique","image":{"@type":"ImageObject","inLanguage":"es-AR","@id":"https:\/\/secure.gravatar.com\/avatar\/005c696496b156e30819f271efdd20348da8f41b5d5653680fd363162bbeb3bb?s=96&d=mm&r=g","url":"https:\/\/secure.gravatar.com\/avatar\/005c696496b156e30819f271efdd20348da8f41b5d5653680fd363162bbeb3bb?s=96&d=mm&r=g","contentUrl":"https:\/\/secure.gravatar.com\/avatar\/005c696496b156e30819f271efdd20348da8f41b5d5653680fd363162bbeb3bb?s=96&d=mm&r=g","caption":"Emilio Manrique"},"url":"https:\/\/deportecapital.com.ar\/index.php\/author\/emilio-manrique\/"}]}},"rttpg_featured_image_url":{"full":["https:\/\/deportecapital.com.ar\/wp-content\/uploads\/2026\/04\/1-17.jpg",1600,1063,false],"landscape":["https:\/\/deportecapital.com.ar\/wp-content\/uploads\/2026\/04\/1-17.jpg",1600,1063,false],"portraits":["https:\/\/deportecapital.com.ar\/wp-content\/uploads\/2026\/04\/1-17.jpg",1600,1063,false],"thumbnail":["https:\/\/deportecapital.com.ar\/wp-content\/uploads\/2026\/04\/1-17-150x150.jpg",150,150,true],"medium":["https:\/\/deportecapital.com.ar\/wp-content\/uploads\/2026\/04\/1-17-300x199.jpg",300,199,true],"large":["https:\/\/deportecapital.com.ar\/wp-content\/uploads\/2026\/04\/1-17-1024x680.jpg",640,425,true],"1536x1536":["https:\/\/deportecapital.com.ar\/wp-content\/uploads\/2026\/04\/1-17-1536x1020.jpg",1536,1020,true],"2048x2048":["https:\/\/deportecapital.com.ar\/wp-content\/uploads\/2026\/04\/1-17.jpg",1600,1063,false],"covernews-slider-full":["https:\/\/deportecapital.com.ar\/wp-content\/uploads\/2026\/04\/1-17-1115x715.jpg",1115,715,true],"covernews-slider-center":["https:\/\/deportecapital.com.ar\/wp-content\/uploads\/2026\/04\/1-17-800x500.jpg",800,500,true],"covernews-featured":["https:\/\/deportecapital.com.ar\/wp-content\/uploads\/2026\/04\/1-17-1024x680.jpg",1024,680,true],"covernews-medium":["https:\/\/deportecapital.com.ar\/wp-content\/uploads\/2026\/04\/1-17-540x340.jpg",540,340,true],"covernews-medium-square":["https:\/\/deportecapital.com.ar\/wp-content\/uploads\/2026\/04\/1-17-400x250.jpg",400,250,true]},"rttpg_author":{"display_name":"Emilio Manrique","author_link":"https:\/\/deportecapital.com.ar\/index.php\/author\/emilio-manrique\/"},"rttpg_comment":0,"rttpg_category":"<a href=\"https:\/\/deportecapital.com.ar\/index.php\/category\/destacadas2\/\" rel=\"category tag\">Destacadas2<\/a> <a href=\"https:\/\/deportecapital.com.ar\/index.php\/category\/futbol\/\" rel=\"category tag\">F\u00fatbol<\/a>","rttpg_excerpt":"El s\u00e1bado se pondr\u00e1 en marcha el torneo de f\u00fatbol infantil denominado \u201cEntre Barrios\u201d, con...","_links":{"self":[{"href":"https:\/\/deportecapital.com.ar\/index.php\/wp-json\/wp\/v2\/posts\/57021","targetHints":{"allow":["GET"]}}],"collection":[{"href":"https:\/\/deportecapital.com.ar\/index.php\/wp-json\/wp\/v2\/posts"}],"about":[{"href":"https:\/\/deportecapital.com.ar\/index.php\/wp-json\/wp\/v2\/types\/post"}],"author":[{"embeddable":true,"href":"https:\/\/deportecapital.com.ar\/index.php\/wp-json\/wp\/v2\/users\/3"}],"replies":[{"embeddable":true,"href":"https:\/\/deportecapital.com.ar\/index.php\/wp-json\/wp\/v2\/comments?post=57021"}],"version-history":[{"count":5,"href":"https:\/\/deportecapital.com.ar\/index.php\/wp-json\/wp\/v2\/posts\/57021\/revisions"}],"predecessor-version":[{"id":57027,"href":"https:\/\/deportecapital.com.ar\/index.php\/wp-json\/wp\/v2\/posts\/57021\/revisions\/57027"}],"wp:featuredmedia":[{"embeddable":true,"href":"https:\/\/deportecapital.com.ar\/index.php\/wp-json\/wp\/v2\/media\/57022"}],"wp:attachment":[{"href":"https:\/\/deportecapital.com.ar\/index.php\/wp-json\/wp\/v2\/media?parent=57021"}],"wp:term":[{"taxonomy":"category","embeddable":true,"href":"https:\/\/deportecapital.com.ar\/index.php\/wp-json\/wp\/v2\/categories?post=57021"},{"taxonomy":"post_tag","embeddable":true,"href":"https:\/\/deportecapital.com.ar\/index.php\/wp-json\/wp\/v2\/tags?post=57021"}],"curies":[{"name":"wp","href":"https:\/\/api.w.org\/{rel}","templated":true}]}}