{"id":57032,"date":"2026-05-01T00:37:56","date_gmt":"2026-05-01T00:37:56","guid":{"rendered":"https:\/\/deportecapital.com.ar\/?p=57032"},"modified":"2026-05-02T02:32:55","modified_gmt":"2026-05-02T02:32:55","slug":"victoria-y-empate-en-el-inicio","status":"publish","type":"post","link":"https:\/\/deportecapital.com.ar\/index.php\/2026\/05\/01\/victoria-y-empate-en-el-inicio\/","title":{"rendered":"Victoria y empate, en el inicio"},"content":{"rendered":"\t\t<div data-elementor-type=\"wp-post\" data-elementor-id=\"57032\" class=\"elementor elementor-57032\">\n\t\t\t\t<div class=\"elementor-element elementor-element-3d4a70a7 e-flex e-con-boxed e-con e-parent\" data-id=\"3d4a70a7\" data-element_type=\"container\" data-e-type=\"container\">\n\t\t\t\t\t<div class=\"e-con-inner\">\n\t\t\t\t<div class=\"elementor-element elementor-element-6b32a2bb elementor-widget elementor-widget-text-editor\" data-id=\"6b32a2bb\" data-element_type=\"widget\" data-e-type=\"widget\" data-widget_type=\"text-editor.default\">\n\t\t\t\t<div class=\"elementor-widget-container\">\n\t\t\t\t\t\t\t\t\t<p>El primer equipo de <strong>La Barranca<\/strong> gan\u00f3 y empat\u00f3 en el inicio del Regional de hockey, clubes damas A que se desarrolla en <strong>Neuqu\u00e9n<\/strong>.<\/p><p>El conjunto capitalino se impuso en su presentaci\u00f3n a su par de <strong>Puerto Madryn<\/strong> por 2 a 1, con goles de <em>Naiara Fern\u00e1ndez<\/em> de penal y <em>Luisina Retcher<\/em> sobre el mismo ep\u00edlogo del juego.<\/p><p>Por la tarde, <strong>La Barranca<\/strong> iba arriba en el indicador por 2-0 con conquistas de <em>Naiara Fern\u00e1ndez<\/em> en las dos oportunidades (10\u2019 y 23\u2019), a la salida de un corto y de jugada, respectivamente.<\/p><p>A los 39\u2019 descont\u00f3 <em>Umma Ort\u00edz<\/em> de jugada, y a los 57\u2019 <em>Rosario<\/em> <em>Campenni<\/em>, de corto, estamp\u00f3 la igualdad en dos.<\/p><p>Este viernes, <strong>La Barranca<\/strong> cerrar\u00e1 la fase clasificatoria desde las 12.20 ante <strong>Roca<\/strong> <strong>RC<\/strong>.<\/p><p>Los varones, mientras tanto, igualaron 2-2 ante <strong>Roca RC<\/strong> y cayeron con <strong>Alta Barda<\/strong> 3-4. Ma\u00f1ana se miden con el <strong>Club<\/strong> <strong>Cauquen<\/strong>, a partir de las 12.20 h.<\/p><p><b>Patagonia Damas B<\/b><\/p><p>En este espacio <strong>Estudiantes<\/strong> gole\u00f3 a <strong>Chenque<\/strong> por 6 a 2 y a la tarde\u00a0se impuso a <strong>Universitario del Comahue<\/strong> por 3 a 2. <em>Malena Vidal<\/em> anot\u00f3 en dos oportunidades y <em>Paulina Susvielles<\/em>\u00a0 los 59\u2019 de penal, registr\u00f3 el tanto victorioso para el alocado festejo.<\/p><p>Para <strong>Universitario<\/strong> <em>Agustina Moyano<\/em> y <em>Merlina Nievas<\/em> (58\u2019) estamparon la igualdad transitoria.<\/p><p>Adem\u00e1s, <strong>Santa Rosa Rugby<\/strong> igual\u00f3 1-1 ante <strong>Bigornia<\/strong>.<\/p>\t\t\t\t\t\t\t\t<\/div>\n\t\t\t\t<\/div>\n\t\t\t\t\t<\/div>\n\t\t\t\t<\/div>\n\t\t\t\t<\/div>\n\t\t","protected":false},"excerpt":{"rendered":"<p>El primer equipo de La Barranca gan\u00f3 y empat\u00f3 en el inicio del Regional de&#8230;<\/p>\n","protected":false},"author":3,"featured_media":57033,"comment_status":"closed","ping_status":"open","sticky":false,"template":"","format":"standard","meta":{"footnotes":""},"categories":[64,24],"tags":[],"class_list":["post-57032","post","type-post","status-publish","format-standard","has-post-thumbnail","hentry","category-destacadas3","category-hockey"],"yoast_head":"<!-- This site is optimized with the Yoast SEO plugin v27.5 - https:\/\/yoast.com\/product\/yoast-seo-wordpress\/ -->\n<title>Victoria y empate, en el inicio - Deporte Capital<\/title>\n<meta name=\"robots\" content=\"index, follow, max-snippet:-1, max-image-preview:large, max-video-preview:-1\" \/>\n<link rel=\"canonical\" href=\"https:\/\/deportecapital.com.ar\/index.php\/2026\/05\/01\/victoria-y-empate-en-el-inicio\/\" \/>\n<meta property=\"og:locale\" content=\"es_ES\" \/>\n<meta property=\"og:type\" content=\"article\" \/>\n<meta property=\"og:title\" content=\"Victoria y empate, en el inicio - Deporte Capital\" \/>\n<meta property=\"og:description\" content=\"El primer equipo de La Barranca gan\u00f3 y empat\u00f3 en el inicio del Regional de...\" \/>\n<meta property=\"og:url\" content=\"https:\/\/deportecapital.com.ar\/index.php\/2026\/05\/01\/victoria-y-empate-en-el-inicio\/\" \/>\n<meta property=\"og:site_name\" content=\"Deporte Capital\" \/>\n<meta property=\"article:published_time\" content=\"2026-05-01T00:37:56+00:00\" \/>\n<meta property=\"article:modified_time\" content=\"2026-05-02T02:32:55+00:00\" \/>\n<meta property=\"og:image\" content=\"https:\/\/deportecapital.com.ar\/wp-content\/uploads\/2026\/05\/IMG-20260430-WA0007.jpg\" \/>\n\t<meta property=\"og:image:width\" content=\"1600\" \/>\n\t<meta property=\"og:image:height\" content=\"1200\" \/>\n\t<meta property=\"og:image:type\" content=\"image\/jpeg\" \/>\n<meta name=\"author\" content=\"Emilio Manrique\" \/>\n<meta name=\"twitter:card\" content=\"summary_large_image\" \/>\n<meta name=\"twitter:label1\" content=\"Escrito por\" \/>\n\t<meta name=\"twitter:data1\" content=\"Emilio Manrique\" \/>\n\t<meta name=\"twitter:label2\" content=\"Tiempo de lectura\" \/>\n\t<meta name=\"twitter:data2\" content=\"2 minutos\" \/>\n<script type=\"application\/ld+json\" class=\"yoast-schema-graph\">{\"@context\":\"https:\\\/\\\/schema.org\",\"@graph\":[{\"@type\":\"Article\",\"@id\":\"https:\\\/\\\/deportecapital.com.ar\\\/index.php\\\/2026\\\/05\\\/01\\\/victoria-y-empate-en-el-inicio\\\/#article\",\"isPartOf\":{\"@id\":\"https:\\\/\\\/deportecapital.com.ar\\\/index.php\\\/2026\\\/05\\\/01\\\/victoria-y-empate-en-el-inicio\\\/\"},\"author\":{\"name\":\"Emilio Manrique\",\"@id\":\"https:\\\/\\\/deportecapital.com.ar\\\/#\\\/schema\\\/person\\\/9cd40456048dd30733b1d6749eca5de8\"},\"headline\":\"Victoria y empate, en el inicio\",\"datePublished\":\"2026-05-01T00:37:56+00:00\",\"dateModified\":\"2026-05-02T02:32:55+00:00\",\"mainEntityOfPage\":{\"@id\":\"https:\\\/\\\/deportecapital.com.ar\\\/index.php\\\/2026\\\/05\\\/01\\\/victoria-y-empate-en-el-inicio\\\/\"},\"wordCount\":224,\"publisher\":{\"@id\":\"https:\\\/\\\/deportecapital.com.ar\\\/#organization\"},\"image\":{\"@id\":\"https:\\\/\\\/deportecapital.com.ar\\\/index.php\\\/2026\\\/05\\\/01\\\/victoria-y-empate-en-el-inicio\\\/#primaryimage\"},\"thumbnailUrl\":\"https:\\\/\\\/deportecapital.com.ar\\\/wp-content\\\/uploads\\\/2026\\\/05\\\/IMG-20260430-WA0007.jpg\",\"articleSection\":[\"Destacadas3\",\"Hockey\"],\"inLanguage\":\"es-AR\"},{\"@type\":\"WebPage\",\"@id\":\"https:\\\/\\\/deportecapital.com.ar\\\/index.php\\\/2026\\\/05\\\/01\\\/victoria-y-empate-en-el-inicio\\\/\",\"url\":\"https:\\\/\\\/deportecapital.com.ar\\\/index.php\\\/2026\\\/05\\\/01\\\/victoria-y-empate-en-el-inicio\\\/\",\"name\":\"Victoria y empate, en el inicio - Deporte Capital\",\"isPartOf\":{\"@id\":\"https:\\\/\\\/deportecapital.com.ar\\\/#website\"},\"primaryImageOfPage\":{\"@id\":\"https:\\\/\\\/deportecapital.com.ar\\\/index.php\\\/2026\\\/05\\\/01\\\/victoria-y-empate-en-el-inicio\\\/#primaryimage\"},\"image\":{\"@id\":\"https:\\\/\\\/deportecapital.com.ar\\\/index.php\\\/2026\\\/05\\\/01\\\/victoria-y-empate-en-el-inicio\\\/#primaryimage\"},\"thumbnailUrl\":\"https:\\\/\\\/deportecapital.com.ar\\\/wp-content\\\/uploads\\\/2026\\\/05\\\/IMG-20260430-WA0007.jpg\",\"datePublished\":\"2026-05-01T00:37:56+00:00\",\"dateModified\":\"2026-05-02T02:32:55+00:00\",\"breadcrumb\":{\"@id\":\"https:\\\/\\\/deportecapital.com.ar\\\/index.php\\\/2026\\\/05\\\/01\\\/victoria-y-empate-en-el-inicio\\\/#breadcrumb\"},\"inLanguage\":\"es-AR\",\"potentialAction\":[{\"@type\":\"ReadAction\",\"target\":[\"https:\\\/\\\/deportecapital.com.ar\\\/index.php\\\/2026\\\/05\\\/01\\\/victoria-y-empate-en-el-inicio\\\/\"]}]},{\"@type\":\"ImageObject\",\"inLanguage\":\"es-AR\",\"@id\":\"https:\\\/\\\/deportecapital.com.ar\\\/index.php\\\/2026\\\/05\\\/01\\\/victoria-y-empate-en-el-inicio\\\/#primaryimage\",\"url\":\"https:\\\/\\\/deportecapital.com.ar\\\/wp-content\\\/uploads\\\/2026\\\/05\\\/IMG-20260430-WA0007.jpg\",\"contentUrl\":\"https:\\\/\\\/deportecapital.com.ar\\\/wp-content\\\/uploads\\\/2026\\\/05\\\/IMG-20260430-WA0007.jpg\",\"width\":1600,\"height\":1200},{\"@type\":\"BreadcrumbList\",\"@id\":\"https:\\\/\\\/deportecapital.com.ar\\\/index.php\\\/2026\\\/05\\\/01\\\/victoria-y-empate-en-el-inicio\\\/#breadcrumb\",\"itemListElement\":[{\"@type\":\"ListItem\",\"position\":1,\"name\":\"Inicio\",\"item\":\"https:\\\/\\\/deportecapital.com.ar\\\/\"},{\"@type\":\"ListItem\",\"position\":2,\"name\":\"Victoria y empate, en el inicio\"}]},{\"@type\":\"WebSite\",\"@id\":\"https:\\\/\\\/deportecapital.com.ar\\\/#website\",\"url\":\"https:\\\/\\\/deportecapital.com.ar\\\/\",\"name\":\"Deporte Capital\",\"description\":\"Diario digital con todo el deporte de La Pampa y alrededores.\",\"publisher\":{\"@id\":\"https:\\\/\\\/deportecapital.com.ar\\\/#organization\"},\"potentialAction\":[{\"@type\":\"SearchAction\",\"target\":{\"@type\":\"EntryPoint\",\"urlTemplate\":\"https:\\\/\\\/deportecapital.com.ar\\\/?s={search_term_string}\"},\"query-input\":{\"@type\":\"PropertyValueSpecification\",\"valueRequired\":true,\"valueName\":\"search_term_string\"}}],\"inLanguage\":\"es-AR\"},{\"@type\":\"Organization\",\"@id\":\"https:\\\/\\\/deportecapital.com.ar\\\/#organization\",\"name\":\"Deporte Capital\",\"url\":\"https:\\\/\\\/deportecapital.com.ar\\\/\",\"logo\":{\"@type\":\"ImageObject\",\"inLanguage\":\"es-AR\",\"@id\":\"https:\\\/\\\/deportecapital.com.ar\\\/#\\\/schema\\\/logo\\\/image\\\/\",\"url\":\"https:\\\/\\\/deportecapital.com.ar\\\/wp-content\\\/uploads\\\/2025\\\/06\\\/logo-deportecapital_white-1.png\",\"contentUrl\":\"https:\\\/\\\/deportecapital.com.ar\\\/wp-content\\\/uploads\\\/2025\\\/06\\\/logo-deportecapital_white-1.png\",\"width\":243,\"height\":111,\"caption\":\"Deporte Capital\"},\"image\":{\"@id\":\"https:\\\/\\\/deportecapital.com.ar\\\/#\\\/schema\\\/logo\\\/image\\\/\"}},{\"@type\":\"Person\",\"@id\":\"https:\\\/\\\/deportecapital.com.ar\\\/#\\\/schema\\\/person\\\/9cd40456048dd30733b1d6749eca5de8\",\"name\":\"Emilio Manrique\",\"image\":{\"@type\":\"ImageObject\",\"inLanguage\":\"es-AR\",\"@id\":\"https:\\\/\\\/secure.gravatar.com\\\/avatar\\\/005c696496b156e30819f271efdd20348da8f41b5d5653680fd363162bbeb3bb?s=96&d=mm&r=g\",\"url\":\"https:\\\/\\\/secure.gravatar.com\\\/avatar\\\/005c696496b156e30819f271efdd20348da8f41b5d5653680fd363162bbeb3bb?s=96&d=mm&r=g\",\"contentUrl\":\"https:\\\/\\\/secure.gravatar.com\\\/avatar\\\/005c696496b156e30819f271efdd20348da8f41b5d5653680fd363162bbeb3bb?s=96&d=mm&r=g\",\"caption\":\"Emilio Manrique\"},\"url\":\"https:\\\/\\\/deportecapital.com.ar\\\/index.php\\\/author\\\/emilio-manrique\\\/\"}]}<\/script>\n<!-- \/ Yoast SEO plugin. -->","yoast_head_json":{"title":"Victoria y empate, en el inicio - Deporte Capital","robots":{"index":"index","follow":"follow","max-snippet":"max-snippet:-1","max-image-preview":"max-image-preview:large","max-video-preview":"max-video-preview:-1"},"canonical":"https:\/\/deportecapital.com.ar\/index.php\/2026\/05\/01\/victoria-y-empate-en-el-inicio\/","og_locale":"es_ES","og_type":"article","og_title":"Victoria y empate, en el inicio - Deporte Capital","og_description":"El primer equipo de La Barranca gan\u00f3 y empat\u00f3 en el inicio del Regional de...","og_url":"https:\/\/deportecapital.com.ar\/index.php\/2026\/05\/01\/victoria-y-empate-en-el-inicio\/","og_site_name":"Deporte Capital","article_published_time":"2026-05-01T00:37:56+00:00","article_modified_time":"2026-05-02T02:32:55+00:00","og_image":[{"width":1600,"height":1200,"url":"https:\/\/deportecapital.com.ar\/wp-content\/uploads\/2026\/05\/IMG-20260430-WA0007.jpg","type":"image\/jpeg"}],"author":"Emilio Manrique","twitter_card":"summary_large_image","twitter_misc":{"Escrito por":"Emilio Manrique","Tiempo de lectura":"2 minutos"},"schema":{"@context":"https:\/\/schema.org","@graph":[{"@type":"Article","@id":"https:\/\/deportecapital.com.ar\/index.php\/2026\/05\/01\/victoria-y-empate-en-el-inicio\/#article","isPartOf":{"@id":"https:\/\/deportecapital.com.ar\/index.php\/2026\/05\/01\/victoria-y-empate-en-el-inicio\/"},"author":{"name":"Emilio Manrique","@id":"https:\/\/deportecapital.com.ar\/#\/schema\/person\/9cd40456048dd30733b1d6749eca5de8"},"headline":"Victoria y empate, en el inicio","datePublished":"2026-05-01T00:37:56+00:00","dateModified":"2026-05-02T02:32:55+00:00","mainEntityOfPage":{"@id":"https:\/\/deportecapital.com.ar\/index.php\/2026\/05\/01\/victoria-y-empate-en-el-inicio\/"},"wordCount":224,"publisher":{"@id":"https:\/\/deportecapital.com.ar\/#organization"},"image":{"@id":"https:\/\/deportecapital.com.ar\/index.php\/2026\/05\/01\/victoria-y-empate-en-el-inicio\/#primaryimage"},"thumbnailUrl":"https:\/\/deportecapital.com.ar\/wp-content\/uploads\/2026\/05\/IMG-20260430-WA0007.jpg","articleSection":["Destacadas3","Hockey"],"inLanguage":"es-AR"},{"@type":"WebPage","@id":"https:\/\/deportecapital.com.ar\/index.php\/2026\/05\/01\/victoria-y-empate-en-el-inicio\/","url":"https:\/\/deportecapital.com.ar\/index.php\/2026\/05\/01\/victoria-y-empate-en-el-inicio\/","name":"Victoria y empate, en el inicio - Deporte Capital","isPartOf":{"@id":"https:\/\/deportecapital.com.ar\/#website"},"primaryImageOfPage":{"@id":"https:\/\/deportecapital.com.ar\/index.php\/2026\/05\/01\/victoria-y-empate-en-el-inicio\/#primaryimage"},"image":{"@id":"https:\/\/deportecapital.com.ar\/index.php\/2026\/05\/01\/victoria-y-empate-en-el-inicio\/#primaryimage"},"thumbnailUrl":"https:\/\/deportecapital.com.ar\/wp-content\/uploads\/2026\/05\/IMG-20260430-WA0007.jpg","datePublished":"2026-05-01T00:37:56+00:00","dateModified":"2026-05-02T02:32:55+00:00","breadcrumb":{"@id":"https:\/\/deportecapital.com.ar\/index.php\/2026\/05\/01\/victoria-y-empate-en-el-inicio\/#breadcrumb"},"inLanguage":"es-AR","potentialAction":[{"@type":"ReadAction","target":["https:\/\/deportecapital.com.ar\/index.php\/2026\/05\/01\/victoria-y-empate-en-el-inicio\/"]}]},{"@type":"ImageObject","inLanguage":"es-AR","@id":"https:\/\/deportecapital.com.ar\/index.php\/2026\/05\/01\/victoria-y-empate-en-el-inicio\/#primaryimage","url":"https:\/\/deportecapital.com.ar\/wp-content\/uploads\/2026\/05\/IMG-20260430-WA0007.jpg","contentUrl":"https:\/\/deportecapital.com.ar\/wp-content\/uploads\/2026\/05\/IMG-20260430-WA0007.jpg","width":1600,"height":1200},{"@type":"BreadcrumbList","@id":"https:\/\/deportecapital.com.ar\/index.php\/2026\/05\/01\/victoria-y-empate-en-el-inicio\/#breadcrumb","itemListElement":[{"@type":"ListItem","position":1,"name":"Inicio","item":"https:\/\/deportecapital.com.ar\/"},{"@type":"ListItem","position":2,"name":"Victoria y empate, en el inicio"}]},{"@type":"WebSite","@id":"https:\/\/deportecapital.com.ar\/#website","url":"https:\/\/deportecapital.com.ar\/","name":"Deporte Capital","description":"Diario digital con todo el deporte de La Pampa y alrededores.","publisher":{"@id":"https:\/\/deportecapital.com.ar\/#organization"},"potentialAction":[{"@type":"SearchAction","target":{"@type":"EntryPoint","urlTemplate":"https:\/\/deportecapital.com.ar\/?s={search_term_string}"},"query-input":{"@type":"PropertyValueSpecification","valueRequired":true,"valueName":"search_term_string"}}],"inLanguage":"es-AR"},{"@type":"Organization","@id":"https:\/\/deportecapital.com.ar\/#organization","name":"Deporte Capital","url":"https:\/\/deportecapital.com.ar\/","logo":{"@type":"ImageObject","inLanguage":"es-AR","@id":"https:\/\/deportecapital.com.ar\/#\/schema\/logo\/image\/","url":"https:\/\/deportecapital.com.ar\/wp-content\/uploads\/2025\/06\/logo-deportecapital_white-1.png","contentUrl":"https:\/\/deportecapital.com.ar\/wp-content\/uploads\/2025\/06\/logo-deportecapital_white-1.png","width":243,"height":111,"caption":"Deporte Capital"},"image":{"@id":"https:\/\/deportecapital.com.ar\/#\/schema\/logo\/image\/"}},{"@type":"Person","@id":"https:\/\/deportecapital.com.ar\/#\/schema\/person\/9cd40456048dd30733b1d6749eca5de8","name":"Emilio Manrique","image":{"@type":"ImageObject","inLanguage":"es-AR","@id":"https:\/\/secure.gravatar.com\/avatar\/005c696496b156e30819f271efdd20348da8f41b5d5653680fd363162bbeb3bb?s=96&d=mm&r=g","url":"https:\/\/secure.gravatar.com\/avatar\/005c696496b156e30819f271efdd20348da8f41b5d5653680fd363162bbeb3bb?s=96&d=mm&r=g","contentUrl":"https:\/\/secure.gravatar.com\/avatar\/005c696496b156e30819f271efdd20348da8f41b5d5653680fd363162bbeb3bb?s=96&d=mm&r=g","caption":"Emilio Manrique"},"url":"https:\/\/deportecapital.com.ar\/index.php\/author\/emilio-manrique\/"}]}},"rttpg_featured_image_url":{"full":["https:\/\/deportecapital.com.ar\/wp-content\/uploads\/2026\/05\/IMG-20260430-WA0007.jpg",1600,1200,false],"landscape":["https:\/\/deportecapital.com.ar\/wp-content\/uploads\/2026\/05\/IMG-20260430-WA0007.jpg",1600,1200,false],"portraits":["https:\/\/deportecapital.com.ar\/wp-content\/uploads\/2026\/05\/IMG-20260430-WA0007.jpg",1600,1200,false],"thumbnail":["https:\/\/deportecapital.com.ar\/wp-content\/uploads\/2026\/05\/IMG-20260430-WA0007-150x150.jpg",150,150,true],"medium":["https:\/\/deportecapital.com.ar\/wp-content\/uploads\/2026\/05\/IMG-20260430-WA0007-300x225.jpg",300,225,true],"large":["https:\/\/deportecapital.com.ar\/wp-content\/uploads\/2026\/05\/IMG-20260430-WA0007-1024x768.jpg",640,480,true],"1536x1536":["https:\/\/deportecapital.com.ar\/wp-content\/uploads\/2026\/05\/IMG-20260430-WA0007-1536x1152.jpg",1536,1152,true],"2048x2048":["https:\/\/deportecapital.com.ar\/wp-content\/uploads\/2026\/05\/IMG-20260430-WA0007.jpg",1600,1200,false],"covernews-slider-full":["https:\/\/deportecapital.com.ar\/wp-content\/uploads\/2026\/05\/IMG-20260430-WA0007-1115x715.jpg",1115,715,true],"covernews-slider-center":["https:\/\/deportecapital.com.ar\/wp-content\/uploads\/2026\/05\/IMG-20260430-WA0007-800x500.jpg",800,500,true],"covernews-featured":["https:\/\/deportecapital.com.ar\/wp-content\/uploads\/2026\/05\/IMG-20260430-WA0007-1024x768.jpg",1024,768,true],"covernews-medium":["https:\/\/deportecapital.com.ar\/wp-content\/uploads\/2026\/05\/IMG-20260430-WA0007-540x340.jpg",540,340,true],"covernews-medium-square":["https:\/\/deportecapital.com.ar\/wp-content\/uploads\/2026\/05\/IMG-20260430-WA0007-400x250.jpg",400,250,true]},"rttpg_author":{"display_name":"Emilio Manrique","author_link":"https:\/\/deportecapital.com.ar\/index.php\/author\/emilio-manrique\/"},"rttpg_comment":0,"rttpg_category":"<a href=\"https:\/\/deportecapital.com.ar\/index.php\/category\/destacadas3\/\" rel=\"category tag\">Destacadas3<\/a> <a href=\"https:\/\/deportecapital.com.ar\/index.php\/category\/hockey\/\" rel=\"category tag\">Hockey<\/a>","rttpg_excerpt":"El primer equipo de La Barranca gan\u00f3 y empat\u00f3 en el inicio del Regional de...","_links":{"self":[{"href":"https:\/\/deportecapital.com.ar\/index.php\/wp-json\/wp\/v2\/posts\/57032","targetHints":{"allow":["GET"]}}],"collection":[{"href":"https:\/\/deportecapital.com.ar\/index.php\/wp-json\/wp\/v2\/posts"}],"about":[{"href":"https:\/\/deportecapital.com.ar\/index.php\/wp-json\/wp\/v2\/types\/post"}],"author":[{"embeddable":true,"href":"https:\/\/deportecapital.com.ar\/index.php\/wp-json\/wp\/v2\/users\/3"}],"replies":[{"embeddable":true,"href":"https:\/\/deportecapital.com.ar\/index.php\/wp-json\/wp\/v2\/comments?post=57032"}],"version-history":[{"count":7,"href":"https:\/\/deportecapital.com.ar\/index.php\/wp-json\/wp\/v2\/posts\/57032\/revisions"}],"predecessor-version":[{"id":57044,"href":"https:\/\/deportecapital.com.ar\/index.php\/wp-json\/wp\/v2\/posts\/57032\/revisions\/57044"}],"wp:featuredmedia":[{"embeddable":true,"href":"https:\/\/deportecapital.com.ar\/index.php\/wp-json\/wp\/v2\/media\/57033"}],"wp:attachment":[{"href":"https:\/\/deportecapital.com.ar\/index.php\/wp-json\/wp\/v2\/media?parent=57032"}],"wp:term":[{"taxonomy":"category","embeddable":true,"href":"https:\/\/deportecapital.com.ar\/index.php\/wp-json\/wp\/v2\/categories?post=57032"},{"taxonomy":"post_tag","embeddable":true,"href":"https:\/\/deportecapital.com.ar\/index.php\/wp-json\/wp\/v2\/tags?post=57032"}],"curies":[{"name":"wp","href":"https:\/\/api.w.org\/{rel}","templated":true}]}}