{"id":57045,"date":"2026-05-02T01:37:04","date_gmt":"2026-05-02T01:37:04","guid":{"rendered":"https:\/\/deportecapital.com.ar\/?p=57045"},"modified":"2026-05-02T01:38:02","modified_gmt":"2026-05-02T01:38:02","slug":"un-fondo-de-calidad","status":"publish","type":"post","link":"https:\/\/deportecapital.com.ar\/index.php\/2026\/05\/02\/un-fondo-de-calidad\/","title":{"rendered":"\u201cUn fondo de calidad\u201d"},"content":{"rendered":"\t\t<div data-elementor-type=\"wp-post\" data-elementor-id=\"57045\" class=\"elementor elementor-57045\">\n\t\t\t\t<div class=\"elementor-element elementor-element-3a41c23c e-flex e-con-boxed e-con e-parent\" data-id=\"3a41c23c\" data-element_type=\"container\" data-e-type=\"container\">\n\t\t\t\t\t<div class=\"e-con-inner\">\n\t\t\t\t<div class=\"elementor-element elementor-element-6c4788ba elementor-widget elementor-widget-text-editor\" data-id=\"6c4788ba\" data-element_type=\"widget\" data-e-type=\"widget\" data-widget_type=\"text-editor.default\">\n\t\t\t\t<div class=\"elementor-widget-container\">\n\t\t\t\t\t\t\t\t\t<p><em>Maximiliano Mu\u00f1oz<\/em> se apropi\u00f3 con total autoridad, la carrera de los 10 kil\u00f3metros del Regional de Fondo. \u201cVine a hacer un fondo de calidad\u201d, dijo a <b>Deporte Capital.<\/b><\/p><p>\u00a0<\/p><p>La ma\u00f1ana del viernes luci\u00f3 con un viento significativo. El Rayo se qued\u00f3 con la prueba de los 10 kil\u00f3metros, de principio a fin.<\/p><p>Luego de cruzar la l\u00ednea de sentencia, habl\u00f3 brevemente con <b>Deporte Cap\u00ectal.<\/b><\/p><p>\u201cVine a competir, a hacer un fondo r\u00e1pido, de calidad, con el condimento que siempre tenemos como es el viento y hay que acostumbrarse\u201d, remarc\u00f3.<\/p><p><b>-En estas condiciones siempre se busca capitalizar la parte positiva de la carrera como es potenciar la fortaleza mental.<\/b><\/p><p>-Si, es as\u00ed; estas condiciones te ayudan para las pr\u00f3ximas carreras, es un plus para correr m\u00e1s fuerte.<\/p><p><b>-Tu prop\u00f3sito es buscar el r\u00e9cord provincial en esta distancia?<\/b><\/p><p>-Exacto, seguir entrenando para ir a las <strong>Fiestas Mayas, en Buenos Aires<\/strong>, y buscar el r\u00e9cord provincial de los 10 kil\u00f3metros. Correr con los mejores atletas del pa\u00eds, y superar mi propia marca, y si se da bienvenido sea. Vamos a salir a mover desde el inicio.<\/p>\t\t\t\t\t\t\t\t<\/div>\n\t\t\t\t<\/div>\n\t\t\t\t\t<\/div>\n\t\t\t\t<\/div>\n\t\t\t\t<\/div>\n\t\t","protected":false},"excerpt":{"rendered":"<p>Maximiliano Mu\u00f1oz se apropi\u00f3 con total autoridad, la carrera de los 10 kil\u00f3metros del Regional&#8230;<\/p>\n","protected":false},"author":3,"featured_media":57046,"comment_status":"closed","ping_status":"open","sticky":false,"template":"","format":"standard","meta":{"footnotes":""},"categories":[5,64],"tags":[],"class_list":["post-57045","post","type-post","status-publish","format-standard","has-post-thumbnail","hentry","category-atletismo","category-destacadas3"],"yoast_head":"<!-- This site is optimized with the Yoast SEO plugin v27.5 - https:\/\/yoast.com\/product\/yoast-seo-wordpress\/ -->\n<title>\u201cUn fondo de calidad\u201d - Deporte Capital<\/title>\n<meta name=\"robots\" content=\"index, follow, max-snippet:-1, max-image-preview:large, max-video-preview:-1\" \/>\n<link rel=\"canonical\" href=\"https:\/\/deportecapital.com.ar\/index.php\/2026\/05\/02\/un-fondo-de-calidad\/\" \/>\n<meta property=\"og:locale\" content=\"es_ES\" \/>\n<meta property=\"og:type\" content=\"article\" \/>\n<meta property=\"og:title\" content=\"\u201cUn fondo de calidad\u201d - Deporte Capital\" \/>\n<meta property=\"og:description\" content=\"Maximiliano Mu\u00f1oz se apropi\u00f3 con total autoridad, la carrera de los 10 kil\u00f3metros del Regional...\" \/>\n<meta property=\"og:url\" content=\"https:\/\/deportecapital.com.ar\/index.php\/2026\/05\/02\/un-fondo-de-calidad\/\" \/>\n<meta property=\"og:site_name\" content=\"Deporte Capital\" \/>\n<meta property=\"article:published_time\" content=\"2026-05-02T01:37:04+00:00\" \/>\n<meta property=\"article:modified_time\" content=\"2026-05-02T01:38:02+00:00\" \/>\n<meta property=\"og:image\" content=\"https:\/\/deportecapital.com.ar\/wp-content\/uploads\/2026\/05\/RAYO-1.jpg\" \/>\n\t<meta property=\"og:image:width\" content=\"1920\" \/>\n\t<meta property=\"og:image:height\" content=\"1317\" \/>\n\t<meta property=\"og:image:type\" content=\"image\/jpeg\" \/>\n<meta name=\"author\" content=\"Emilio Manrique\" \/>\n<meta name=\"twitter:card\" content=\"summary_large_image\" \/>\n<meta name=\"twitter:label1\" content=\"Escrito por\" \/>\n\t<meta name=\"twitter:data1\" content=\"Emilio Manrique\" \/>\n\t<meta name=\"twitter:label2\" content=\"Tiempo de lectura\" \/>\n\t<meta name=\"twitter:data2\" content=\"1 minuto\" \/>\n<script type=\"application\/ld+json\" class=\"yoast-schema-graph\">{\"@context\":\"https:\\\/\\\/schema.org\",\"@graph\":[{\"@type\":\"Article\",\"@id\":\"https:\\\/\\\/deportecapital.com.ar\\\/index.php\\\/2026\\\/05\\\/02\\\/un-fondo-de-calidad\\\/#article\",\"isPartOf\":{\"@id\":\"https:\\\/\\\/deportecapital.com.ar\\\/index.php\\\/2026\\\/05\\\/02\\\/un-fondo-de-calidad\\\/\"},\"author\":{\"name\":\"Emilio Manrique\",\"@id\":\"https:\\\/\\\/deportecapital.com.ar\\\/#\\\/schema\\\/person\\\/9cd40456048dd30733b1d6749eca5de8\"},\"headline\":\"\u201cUn fondo de calidad\u201d\",\"datePublished\":\"2026-05-02T01:37:04+00:00\",\"dateModified\":\"2026-05-02T01:38:02+00:00\",\"mainEntityOfPage\":{\"@id\":\"https:\\\/\\\/deportecapital.com.ar\\\/index.php\\\/2026\\\/05\\\/02\\\/un-fondo-de-calidad\\\/\"},\"wordCount\":198,\"publisher\":{\"@id\":\"https:\\\/\\\/deportecapital.com.ar\\\/#organization\"},\"image\":{\"@id\":\"https:\\\/\\\/deportecapital.com.ar\\\/index.php\\\/2026\\\/05\\\/02\\\/un-fondo-de-calidad\\\/#primaryimage\"},\"thumbnailUrl\":\"https:\\\/\\\/deportecapital.com.ar\\\/wp-content\\\/uploads\\\/2026\\\/05\\\/RAYO-1.jpg\",\"articleSection\":[\"Atletismo\",\"Destacadas3\"],\"inLanguage\":\"es-AR\"},{\"@type\":\"WebPage\",\"@id\":\"https:\\\/\\\/deportecapital.com.ar\\\/index.php\\\/2026\\\/05\\\/02\\\/un-fondo-de-calidad\\\/\",\"url\":\"https:\\\/\\\/deportecapital.com.ar\\\/index.php\\\/2026\\\/05\\\/02\\\/un-fondo-de-calidad\\\/\",\"name\":\"\u201cUn fondo de calidad\u201d - Deporte Capital\",\"isPartOf\":{\"@id\":\"https:\\\/\\\/deportecapital.com.ar\\\/#website\"},\"primaryImageOfPage\":{\"@id\":\"https:\\\/\\\/deportecapital.com.ar\\\/index.php\\\/2026\\\/05\\\/02\\\/un-fondo-de-calidad\\\/#primaryimage\"},\"image\":{\"@id\":\"https:\\\/\\\/deportecapital.com.ar\\\/index.php\\\/2026\\\/05\\\/02\\\/un-fondo-de-calidad\\\/#primaryimage\"},\"thumbnailUrl\":\"https:\\\/\\\/deportecapital.com.ar\\\/wp-content\\\/uploads\\\/2026\\\/05\\\/RAYO-1.jpg\",\"datePublished\":\"2026-05-02T01:37:04+00:00\",\"dateModified\":\"2026-05-02T01:38:02+00:00\",\"breadcrumb\":{\"@id\":\"https:\\\/\\\/deportecapital.com.ar\\\/index.php\\\/2026\\\/05\\\/02\\\/un-fondo-de-calidad\\\/#breadcrumb\"},\"inLanguage\":\"es-AR\",\"potentialAction\":[{\"@type\":\"ReadAction\",\"target\":[\"https:\\\/\\\/deportecapital.com.ar\\\/index.php\\\/2026\\\/05\\\/02\\\/un-fondo-de-calidad\\\/\"]}]},{\"@type\":\"ImageObject\",\"inLanguage\":\"es-AR\",\"@id\":\"https:\\\/\\\/deportecapital.com.ar\\\/index.php\\\/2026\\\/05\\\/02\\\/un-fondo-de-calidad\\\/#primaryimage\",\"url\":\"https:\\\/\\\/deportecapital.com.ar\\\/wp-content\\\/uploads\\\/2026\\\/05\\\/RAYO-1.jpg\",\"contentUrl\":\"https:\\\/\\\/deportecapital.com.ar\\\/wp-content\\\/uploads\\\/2026\\\/05\\\/RAYO-1.jpg\",\"width\":1920,\"height\":1317},{\"@type\":\"BreadcrumbList\",\"@id\":\"https:\\\/\\\/deportecapital.com.ar\\\/index.php\\\/2026\\\/05\\\/02\\\/un-fondo-de-calidad\\\/#breadcrumb\",\"itemListElement\":[{\"@type\":\"ListItem\",\"position\":1,\"name\":\"Inicio\",\"item\":\"https:\\\/\\\/deportecapital.com.ar\\\/\"},{\"@type\":\"ListItem\",\"position\":2,\"name\":\"\u201cUn fondo de calidad\u201d\"}]},{\"@type\":\"WebSite\",\"@id\":\"https:\\\/\\\/deportecapital.com.ar\\\/#website\",\"url\":\"https:\\\/\\\/deportecapital.com.ar\\\/\",\"name\":\"Deporte Capital\",\"description\":\"Diario digital con todo el deporte de La Pampa y alrededores.\",\"publisher\":{\"@id\":\"https:\\\/\\\/deportecapital.com.ar\\\/#organization\"},\"potentialAction\":[{\"@type\":\"SearchAction\",\"target\":{\"@type\":\"EntryPoint\",\"urlTemplate\":\"https:\\\/\\\/deportecapital.com.ar\\\/?s={search_term_string}\"},\"query-input\":{\"@type\":\"PropertyValueSpecification\",\"valueRequired\":true,\"valueName\":\"search_term_string\"}}],\"inLanguage\":\"es-AR\"},{\"@type\":\"Organization\",\"@id\":\"https:\\\/\\\/deportecapital.com.ar\\\/#organization\",\"name\":\"Deporte Capital\",\"url\":\"https:\\\/\\\/deportecapital.com.ar\\\/\",\"logo\":{\"@type\":\"ImageObject\",\"inLanguage\":\"es-AR\",\"@id\":\"https:\\\/\\\/deportecapital.com.ar\\\/#\\\/schema\\\/logo\\\/image\\\/\",\"url\":\"https:\\\/\\\/deportecapital.com.ar\\\/wp-content\\\/uploads\\\/2025\\\/06\\\/logo-deportecapital_white-1.png\",\"contentUrl\":\"https:\\\/\\\/deportecapital.com.ar\\\/wp-content\\\/uploads\\\/2025\\\/06\\\/logo-deportecapital_white-1.png\",\"width\":243,\"height\":111,\"caption\":\"Deporte Capital\"},\"image\":{\"@id\":\"https:\\\/\\\/deportecapital.com.ar\\\/#\\\/schema\\\/logo\\\/image\\\/\"}},{\"@type\":\"Person\",\"@id\":\"https:\\\/\\\/deportecapital.com.ar\\\/#\\\/schema\\\/person\\\/9cd40456048dd30733b1d6749eca5de8\",\"name\":\"Emilio Manrique\",\"image\":{\"@type\":\"ImageObject\",\"inLanguage\":\"es-AR\",\"@id\":\"https:\\\/\\\/secure.gravatar.com\\\/avatar\\\/005c696496b156e30819f271efdd20348da8f41b5d5653680fd363162bbeb3bb?s=96&d=mm&r=g\",\"url\":\"https:\\\/\\\/secure.gravatar.com\\\/avatar\\\/005c696496b156e30819f271efdd20348da8f41b5d5653680fd363162bbeb3bb?s=96&d=mm&r=g\",\"contentUrl\":\"https:\\\/\\\/secure.gravatar.com\\\/avatar\\\/005c696496b156e30819f271efdd20348da8f41b5d5653680fd363162bbeb3bb?s=96&d=mm&r=g\",\"caption\":\"Emilio Manrique\"},\"url\":\"https:\\\/\\\/deportecapital.com.ar\\\/index.php\\\/author\\\/emilio-manrique\\\/\"}]}<\/script>\n<!-- \/ Yoast SEO plugin. -->","yoast_head_json":{"title":"\u201cUn fondo de calidad\u201d - Deporte Capital","robots":{"index":"index","follow":"follow","max-snippet":"max-snippet:-1","max-image-preview":"max-image-preview:large","max-video-preview":"max-video-preview:-1"},"canonical":"https:\/\/deportecapital.com.ar\/index.php\/2026\/05\/02\/un-fondo-de-calidad\/","og_locale":"es_ES","og_type":"article","og_title":"\u201cUn fondo de calidad\u201d - Deporte Capital","og_description":"Maximiliano Mu\u00f1oz se apropi\u00f3 con total autoridad, la carrera de los 10 kil\u00f3metros del Regional...","og_url":"https:\/\/deportecapital.com.ar\/index.php\/2026\/05\/02\/un-fondo-de-calidad\/","og_site_name":"Deporte Capital","article_published_time":"2026-05-02T01:37:04+00:00","article_modified_time":"2026-05-02T01:38:02+00:00","og_image":[{"width":1920,"height":1317,"url":"https:\/\/deportecapital.com.ar\/wp-content\/uploads\/2026\/05\/RAYO-1.jpg","type":"image\/jpeg"}],"author":"Emilio Manrique","twitter_card":"summary_large_image","twitter_misc":{"Escrito por":"Emilio Manrique","Tiempo de lectura":"1 minuto"},"schema":{"@context":"https:\/\/schema.org","@graph":[{"@type":"Article","@id":"https:\/\/deportecapital.com.ar\/index.php\/2026\/05\/02\/un-fondo-de-calidad\/#article","isPartOf":{"@id":"https:\/\/deportecapital.com.ar\/index.php\/2026\/05\/02\/un-fondo-de-calidad\/"},"author":{"name":"Emilio Manrique","@id":"https:\/\/deportecapital.com.ar\/#\/schema\/person\/9cd40456048dd30733b1d6749eca5de8"},"headline":"\u201cUn fondo de calidad\u201d","datePublished":"2026-05-02T01:37:04+00:00","dateModified":"2026-05-02T01:38:02+00:00","mainEntityOfPage":{"@id":"https:\/\/deportecapital.com.ar\/index.php\/2026\/05\/02\/un-fondo-de-calidad\/"},"wordCount":198,"publisher":{"@id":"https:\/\/deportecapital.com.ar\/#organization"},"image":{"@id":"https:\/\/deportecapital.com.ar\/index.php\/2026\/05\/02\/un-fondo-de-calidad\/#primaryimage"},"thumbnailUrl":"https:\/\/deportecapital.com.ar\/wp-content\/uploads\/2026\/05\/RAYO-1.jpg","articleSection":["Atletismo","Destacadas3"],"inLanguage":"es-AR"},{"@type":"WebPage","@id":"https:\/\/deportecapital.com.ar\/index.php\/2026\/05\/02\/un-fondo-de-calidad\/","url":"https:\/\/deportecapital.com.ar\/index.php\/2026\/05\/02\/un-fondo-de-calidad\/","name":"\u201cUn fondo de calidad\u201d - Deporte Capital","isPartOf":{"@id":"https:\/\/deportecapital.com.ar\/#website"},"primaryImageOfPage":{"@id":"https:\/\/deportecapital.com.ar\/index.php\/2026\/05\/02\/un-fondo-de-calidad\/#primaryimage"},"image":{"@id":"https:\/\/deportecapital.com.ar\/index.php\/2026\/05\/02\/un-fondo-de-calidad\/#primaryimage"},"thumbnailUrl":"https:\/\/deportecapital.com.ar\/wp-content\/uploads\/2026\/05\/RAYO-1.jpg","datePublished":"2026-05-02T01:37:04+00:00","dateModified":"2026-05-02T01:38:02+00:00","breadcrumb":{"@id":"https:\/\/deportecapital.com.ar\/index.php\/2026\/05\/02\/un-fondo-de-calidad\/#breadcrumb"},"inLanguage":"es-AR","potentialAction":[{"@type":"ReadAction","target":["https:\/\/deportecapital.com.ar\/index.php\/2026\/05\/02\/un-fondo-de-calidad\/"]}]},{"@type":"ImageObject","inLanguage":"es-AR","@id":"https:\/\/deportecapital.com.ar\/index.php\/2026\/05\/02\/un-fondo-de-calidad\/#primaryimage","url":"https:\/\/deportecapital.com.ar\/wp-content\/uploads\/2026\/05\/RAYO-1.jpg","contentUrl":"https:\/\/deportecapital.com.ar\/wp-content\/uploads\/2026\/05\/RAYO-1.jpg","width":1920,"height":1317},{"@type":"BreadcrumbList","@id":"https:\/\/deportecapital.com.ar\/index.php\/2026\/05\/02\/un-fondo-de-calidad\/#breadcrumb","itemListElement":[{"@type":"ListItem","position":1,"name":"Inicio","item":"https:\/\/deportecapital.com.ar\/"},{"@type":"ListItem","position":2,"name":"\u201cUn fondo de calidad\u201d"}]},{"@type":"WebSite","@id":"https:\/\/deportecapital.com.ar\/#website","url":"https:\/\/deportecapital.com.ar\/","name":"Deporte Capital","description":"Diario digital con todo el deporte de La Pampa y alrededores.","publisher":{"@id":"https:\/\/deportecapital.com.ar\/#organization"},"potentialAction":[{"@type":"SearchAction","target":{"@type":"EntryPoint","urlTemplate":"https:\/\/deportecapital.com.ar\/?s={search_term_string}"},"query-input":{"@type":"PropertyValueSpecification","valueRequired":true,"valueName":"search_term_string"}}],"inLanguage":"es-AR"},{"@type":"Organization","@id":"https:\/\/deportecapital.com.ar\/#organization","name":"Deporte Capital","url":"https:\/\/deportecapital.com.ar\/","logo":{"@type":"ImageObject","inLanguage":"es-AR","@id":"https:\/\/deportecapital.com.ar\/#\/schema\/logo\/image\/","url":"https:\/\/deportecapital.com.ar\/wp-content\/uploads\/2025\/06\/logo-deportecapital_white-1.png","contentUrl":"https:\/\/deportecapital.com.ar\/wp-content\/uploads\/2025\/06\/logo-deportecapital_white-1.png","width":243,"height":111,"caption":"Deporte Capital"},"image":{"@id":"https:\/\/deportecapital.com.ar\/#\/schema\/logo\/image\/"}},{"@type":"Person","@id":"https:\/\/deportecapital.com.ar\/#\/schema\/person\/9cd40456048dd30733b1d6749eca5de8","name":"Emilio Manrique","image":{"@type":"ImageObject","inLanguage":"es-AR","@id":"https:\/\/secure.gravatar.com\/avatar\/005c696496b156e30819f271efdd20348da8f41b5d5653680fd363162bbeb3bb?s=96&d=mm&r=g","url":"https:\/\/secure.gravatar.com\/avatar\/005c696496b156e30819f271efdd20348da8f41b5d5653680fd363162bbeb3bb?s=96&d=mm&r=g","contentUrl":"https:\/\/secure.gravatar.com\/avatar\/005c696496b156e30819f271efdd20348da8f41b5d5653680fd363162bbeb3bb?s=96&d=mm&r=g","caption":"Emilio Manrique"},"url":"https:\/\/deportecapital.com.ar\/index.php\/author\/emilio-manrique\/"}]}},"rttpg_featured_image_url":{"full":["https:\/\/deportecapital.com.ar\/wp-content\/uploads\/2026\/05\/RAYO-1.jpg",1920,1317,false],"landscape":["https:\/\/deportecapital.com.ar\/wp-content\/uploads\/2026\/05\/RAYO-1.jpg",1920,1317,false],"portraits":["https:\/\/deportecapital.com.ar\/wp-content\/uploads\/2026\/05\/RAYO-1.jpg",1920,1317,false],"thumbnail":["https:\/\/deportecapital.com.ar\/wp-content\/uploads\/2026\/05\/RAYO-1-150x150.jpg",150,150,true],"medium":["https:\/\/deportecapital.com.ar\/wp-content\/uploads\/2026\/05\/RAYO-1-300x206.jpg",300,206,true],"large":["https:\/\/deportecapital.com.ar\/wp-content\/uploads\/2026\/05\/RAYO-1-1024x702.jpg",640,439,true],"1536x1536":["https:\/\/deportecapital.com.ar\/wp-content\/uploads\/2026\/05\/RAYO-1-1536x1054.jpg",1536,1054,true],"2048x2048":["https:\/\/deportecapital.com.ar\/wp-content\/uploads\/2026\/05\/RAYO-1.jpg",1920,1317,false],"covernews-slider-full":["https:\/\/deportecapital.com.ar\/wp-content\/uploads\/2026\/05\/RAYO-1-1115x715.jpg",1115,715,true],"covernews-slider-center":["https:\/\/deportecapital.com.ar\/wp-content\/uploads\/2026\/05\/RAYO-1-800x500.jpg",800,500,true],"covernews-featured":["https:\/\/deportecapital.com.ar\/wp-content\/uploads\/2026\/05\/RAYO-1-1024x702.jpg",1024,702,true],"covernews-medium":["https:\/\/deportecapital.com.ar\/wp-content\/uploads\/2026\/05\/RAYO-1-540x340.jpg",540,340,true],"covernews-medium-square":["https:\/\/deportecapital.com.ar\/wp-content\/uploads\/2026\/05\/RAYO-1-400x250.jpg",400,250,true]},"rttpg_author":{"display_name":"Emilio Manrique","author_link":"https:\/\/deportecapital.com.ar\/index.php\/author\/emilio-manrique\/"},"rttpg_comment":0,"rttpg_category":"<a href=\"https:\/\/deportecapital.com.ar\/index.php\/category\/atletismo\/\" rel=\"category tag\">Atletismo<\/a> <a href=\"https:\/\/deportecapital.com.ar\/index.php\/category\/destacadas3\/\" rel=\"category tag\">Destacadas3<\/a>","rttpg_excerpt":"Maximiliano Mu\u00f1oz se apropi\u00f3 con total autoridad, la carrera de los 10 kil\u00f3metros del Regional...","_links":{"self":[{"href":"https:\/\/deportecapital.com.ar\/index.php\/wp-json\/wp\/v2\/posts\/57045","targetHints":{"allow":["GET"]}}],"collection":[{"href":"https:\/\/deportecapital.com.ar\/index.php\/wp-json\/wp\/v2\/posts"}],"about":[{"href":"https:\/\/deportecapital.com.ar\/index.php\/wp-json\/wp\/v2\/types\/post"}],"author":[{"embeddable":true,"href":"https:\/\/deportecapital.com.ar\/index.php\/wp-json\/wp\/v2\/users\/3"}],"replies":[{"embeddable":true,"href":"https:\/\/deportecapital.com.ar\/index.php\/wp-json\/wp\/v2\/comments?post=57045"}],"version-history":[{"count":4,"href":"https:\/\/deportecapital.com.ar\/index.php\/wp-json\/wp\/v2\/posts\/57045\/revisions"}],"predecessor-version":[{"id":57050,"href":"https:\/\/deportecapital.com.ar\/index.php\/wp-json\/wp\/v2\/posts\/57045\/revisions\/57050"}],"wp:featuredmedia":[{"embeddable":true,"href":"https:\/\/deportecapital.com.ar\/index.php\/wp-json\/wp\/v2\/media\/57046"}],"wp:attachment":[{"href":"https:\/\/deportecapital.com.ar\/index.php\/wp-json\/wp\/v2\/media?parent=57045"}],"wp:term":[{"taxonomy":"category","embeddable":true,"href":"https:\/\/deportecapital.com.ar\/index.php\/wp-json\/wp\/v2\/categories?post=57045"},{"taxonomy":"post_tag","embeddable":true,"href":"https:\/\/deportecapital.com.ar\/index.php\/wp-json\/wp\/v2\/tags?post=57045"}],"curies":[{"name":"wp","href":"https:\/\/api.w.org\/{rel}","templated":true}]}}