{"id":57073,"date":"2026-05-02T02:08:10","date_gmt":"2026-05-02T02:08:10","guid":{"rendered":"https:\/\/deportecapital.com.ar\/?p=57073"},"modified":"2026-05-02T02:11:42","modified_gmt":"2026-05-02T02:11:42","slug":"se-instalo-en-semifinales-3","status":"publish","type":"post","link":"https:\/\/deportecapital.com.ar\/index.php\/2026\/05\/02\/se-instalo-en-semifinales-3\/","title":{"rendered":"Se instal\u00f3 en semifinales"},"content":{"rendered":"\t\t<div data-elementor-type=\"wp-post\" data-elementor-id=\"57073\" class=\"elementor elementor-57073\">\n\t\t\t\t<div class=\"elementor-element elementor-element-75e2e9a7 e-flex e-con-boxed e-con e-parent\" data-id=\"75e2e9a7\" data-element_type=\"container\" data-e-type=\"container\">\n\t\t\t\t\t<div class=\"e-con-inner\">\n\t\t\t\t<div class=\"elementor-element elementor-element-5fbf49cd elementor-widget elementor-widget-text-editor\" data-id=\"5fbf49cd\" data-element_type=\"widget\" data-e-type=\"widget\" data-widget_type=\"text-editor.default\">\n\t\t\t\t<div class=\"elementor-widget-container\">\n\t\t\t\t\t\t\t\t\t<p><strong>La Barranca<\/strong> gole\u00f3 a su par de <strong>Roca RC<\/strong> por 5 a 0 y desembarc\u00f3 en las semifinales del <strong>torneo CRC Patagonia Damas A de hockey<\/strong>, que se disputa en <strong>Neuqu\u00e9n<\/strong>.<\/p><p>\u00a0<\/p><p>Los goles del conjunto vencedor fueron anotados por <em>Amalia Kopprio<\/em> a los 16\u2019 y 24\u2019, de jugadas; <em>Gisella Mart\u00ednez<\/em> (29\u2019) a la salida de un corto; <em>Naiara Fern\u00e1ndez<\/em> a los 36, de jugada, y <em>Lola Haag<\/em> de c\u00f3rner corto a los 56\u2019 para cerrar la cuesti\u00f3n 5 a 0 a favor de <strong>La Barranca<\/strong> sobre <strong>Roca<\/strong> <strong>RC<\/strong>.<\/p><p>De esta manera qued\u00f3 primero en la Zona A y se medir\u00e1 ma\u00f1ana, desde las 14.30 h., con el segundo de la B, casi con seguridad con <strong>Los<\/strong> <strong>Perales<\/strong>, toda vez que al cierre de esta informaci\u00f3n jugaban <strong>Alta Barda<\/strong> vs. <strong>Patoruz\u00fa<\/strong> con probabilidad de imponerse aquel sobre \u00e9ste que viene de perder en sus dos primeras presentaciones. Otro resultado llevar\u00eda a <strong>La Barranca<\/strong> a medirse con <strong>Alta<\/strong> <strong>Barda<\/strong>.<\/p><p><b>Damas B<\/b><\/p><p><strong>Estudiantes de Santa Rosa<\/strong> finaliz\u00f3 primero en la zona B con 9 unidades (tres juegos, tres ganados), y espera por el segundo de la otra zona. El ganador subir\u00eda a disputar el t\u00edtulo, en el espacio que entrega el ascenso a la A para la temporada venidera.<\/p><p><b>Caballeros<\/b><\/p><p>Los varones de <strong>La Barranca<\/strong> perdieron en su \u00faltimo partido de la fase clasificatoria ante el <strong>Club Cauquen<\/strong> por 3 a 1, quedando marginados de los lugares de arriba, en el posicionamiento de cierre del torneo.<\/p>\t\t\t\t\t\t\t\t<\/div>\n\t\t\t\t<\/div>\n\t\t\t\t\t<\/div>\n\t\t\t\t<\/div>\n\t\t\t\t<\/div>\n\t\t","protected":false},"excerpt":{"rendered":"<p>La Barranca gole\u00f3 a su par de Roca RC por 5 a 0 y desembarc\u00f3&#8230;<\/p>\n","protected":false},"author":3,"featured_media":57074,"comment_status":"closed","ping_status":"open","sticky":false,"template":"","format":"standard","meta":{"footnotes":""},"categories":[57,24],"tags":[],"class_list":["post-57073","post","type-post","status-publish","format-standard","has-post-thumbnail","hentry","category-destacadas","category-hockey"],"yoast_head":"<!-- This site is optimized with the Yoast SEO plugin v27.5 - https:\/\/yoast.com\/product\/yoast-seo-wordpress\/ -->\n<title>Se instal\u00f3 en semifinales - Deporte Capital<\/title>\n<meta name=\"robots\" content=\"index, follow, max-snippet:-1, max-image-preview:large, max-video-preview:-1\" \/>\n<link rel=\"canonical\" href=\"https:\/\/deportecapital.com.ar\/index.php\/2026\/05\/02\/se-instalo-en-semifinales-3\/\" \/>\n<meta property=\"og:locale\" content=\"es_ES\" \/>\n<meta property=\"og:type\" content=\"article\" \/>\n<meta property=\"og:title\" content=\"Se instal\u00f3 en semifinales - Deporte Capital\" \/>\n<meta property=\"og:description\" content=\"La Barranca gole\u00f3 a su par de Roca RC por 5 a 0 y desembarc\u00f3...\" \/>\n<meta property=\"og:url\" content=\"https:\/\/deportecapital.com.ar\/index.php\/2026\/05\/02\/se-instalo-en-semifinales-3\/\" \/>\n<meta property=\"og:site_name\" content=\"Deporte Capital\" \/>\n<meta property=\"article:published_time\" content=\"2026-05-02T02:08:10+00:00\" \/>\n<meta property=\"article:modified_time\" content=\"2026-05-02T02:11:42+00:00\" \/>\n<meta property=\"og:image\" content=\"https:\/\/deportecapital.com.ar\/wp-content\/uploads\/2026\/05\/IMG-20260501-WA0019.jpg\" \/>\n\t<meta property=\"og:image:width\" content=\"1920\" \/>\n\t<meta property=\"og:image:height\" content=\"1037\" \/>\n\t<meta property=\"og:image:type\" content=\"image\/jpeg\" \/>\n<meta name=\"author\" content=\"Emilio Manrique\" \/>\n<meta name=\"twitter:card\" content=\"summary_large_image\" \/>\n<meta name=\"twitter:label1\" content=\"Escrito por\" \/>\n\t<meta name=\"twitter:data1\" content=\"Emilio Manrique\" \/>\n\t<meta name=\"twitter:label2\" content=\"Tiempo de lectura\" \/>\n\t<meta name=\"twitter:data2\" content=\"2 minutos\" \/>\n<script type=\"application\/ld+json\" class=\"yoast-schema-graph\">{\"@context\":\"https:\\\/\\\/schema.org\",\"@graph\":[{\"@type\":\"Article\",\"@id\":\"https:\\\/\\\/deportecapital.com.ar\\\/index.php\\\/2026\\\/05\\\/02\\\/se-instalo-en-semifinales-3\\\/#article\",\"isPartOf\":{\"@id\":\"https:\\\/\\\/deportecapital.com.ar\\\/index.php\\\/2026\\\/05\\\/02\\\/se-instalo-en-semifinales-3\\\/\"},\"author\":{\"name\":\"Emilio Manrique\",\"@id\":\"https:\\\/\\\/deportecapital.com.ar\\\/#\\\/schema\\\/person\\\/9cd40456048dd30733b1d6749eca5de8\"},\"headline\":\"Se instal\u00f3 en semifinales\",\"datePublished\":\"2026-05-02T02:08:10+00:00\",\"dateModified\":\"2026-05-02T02:11:42+00:00\",\"mainEntityOfPage\":{\"@id\":\"https:\\\/\\\/deportecapital.com.ar\\\/index.php\\\/2026\\\/05\\\/02\\\/se-instalo-en-semifinales-3\\\/\"},\"wordCount\":244,\"publisher\":{\"@id\":\"https:\\\/\\\/deportecapital.com.ar\\\/#organization\"},\"image\":{\"@id\":\"https:\\\/\\\/deportecapital.com.ar\\\/index.php\\\/2026\\\/05\\\/02\\\/se-instalo-en-semifinales-3\\\/#primaryimage\"},\"thumbnailUrl\":\"https:\\\/\\\/deportecapital.com.ar\\\/wp-content\\\/uploads\\\/2026\\\/05\\\/IMG-20260501-WA0019.jpg\",\"articleSection\":[\"Destacadas\",\"Hockey\"],\"inLanguage\":\"es-AR\"},{\"@type\":\"WebPage\",\"@id\":\"https:\\\/\\\/deportecapital.com.ar\\\/index.php\\\/2026\\\/05\\\/02\\\/se-instalo-en-semifinales-3\\\/\",\"url\":\"https:\\\/\\\/deportecapital.com.ar\\\/index.php\\\/2026\\\/05\\\/02\\\/se-instalo-en-semifinales-3\\\/\",\"name\":\"Se instal\u00f3 en semifinales - Deporte Capital\",\"isPartOf\":{\"@id\":\"https:\\\/\\\/deportecapital.com.ar\\\/#website\"},\"primaryImageOfPage\":{\"@id\":\"https:\\\/\\\/deportecapital.com.ar\\\/index.php\\\/2026\\\/05\\\/02\\\/se-instalo-en-semifinales-3\\\/#primaryimage\"},\"image\":{\"@id\":\"https:\\\/\\\/deportecapital.com.ar\\\/index.php\\\/2026\\\/05\\\/02\\\/se-instalo-en-semifinales-3\\\/#primaryimage\"},\"thumbnailUrl\":\"https:\\\/\\\/deportecapital.com.ar\\\/wp-content\\\/uploads\\\/2026\\\/05\\\/IMG-20260501-WA0019.jpg\",\"datePublished\":\"2026-05-02T02:08:10+00:00\",\"dateModified\":\"2026-05-02T02:11:42+00:00\",\"breadcrumb\":{\"@id\":\"https:\\\/\\\/deportecapital.com.ar\\\/index.php\\\/2026\\\/05\\\/02\\\/se-instalo-en-semifinales-3\\\/#breadcrumb\"},\"inLanguage\":\"es-AR\",\"potentialAction\":[{\"@type\":\"ReadAction\",\"target\":[\"https:\\\/\\\/deportecapital.com.ar\\\/index.php\\\/2026\\\/05\\\/02\\\/se-instalo-en-semifinales-3\\\/\"]}]},{\"@type\":\"ImageObject\",\"inLanguage\":\"es-AR\",\"@id\":\"https:\\\/\\\/deportecapital.com.ar\\\/index.php\\\/2026\\\/05\\\/02\\\/se-instalo-en-semifinales-3\\\/#primaryimage\",\"url\":\"https:\\\/\\\/deportecapital.com.ar\\\/wp-content\\\/uploads\\\/2026\\\/05\\\/IMG-20260501-WA0019.jpg\",\"contentUrl\":\"https:\\\/\\\/deportecapital.com.ar\\\/wp-content\\\/uploads\\\/2026\\\/05\\\/IMG-20260501-WA0019.jpg\",\"width\":1920,\"height\":1037},{\"@type\":\"BreadcrumbList\",\"@id\":\"https:\\\/\\\/deportecapital.com.ar\\\/index.php\\\/2026\\\/05\\\/02\\\/se-instalo-en-semifinales-3\\\/#breadcrumb\",\"itemListElement\":[{\"@type\":\"ListItem\",\"position\":1,\"name\":\"Inicio\",\"item\":\"https:\\\/\\\/deportecapital.com.ar\\\/\"},{\"@type\":\"ListItem\",\"position\":2,\"name\":\"Se instal\u00f3 en semifinales\"}]},{\"@type\":\"WebSite\",\"@id\":\"https:\\\/\\\/deportecapital.com.ar\\\/#website\",\"url\":\"https:\\\/\\\/deportecapital.com.ar\\\/\",\"name\":\"Deporte Capital\",\"description\":\"Diario digital con todo el deporte de La Pampa y alrededores.\",\"publisher\":{\"@id\":\"https:\\\/\\\/deportecapital.com.ar\\\/#organization\"},\"potentialAction\":[{\"@type\":\"SearchAction\",\"target\":{\"@type\":\"EntryPoint\",\"urlTemplate\":\"https:\\\/\\\/deportecapital.com.ar\\\/?s={search_term_string}\"},\"query-input\":{\"@type\":\"PropertyValueSpecification\",\"valueRequired\":true,\"valueName\":\"search_term_string\"}}],\"inLanguage\":\"es-AR\"},{\"@type\":\"Organization\",\"@id\":\"https:\\\/\\\/deportecapital.com.ar\\\/#organization\",\"name\":\"Deporte Capital\",\"url\":\"https:\\\/\\\/deportecapital.com.ar\\\/\",\"logo\":{\"@type\":\"ImageObject\",\"inLanguage\":\"es-AR\",\"@id\":\"https:\\\/\\\/deportecapital.com.ar\\\/#\\\/schema\\\/logo\\\/image\\\/\",\"url\":\"https:\\\/\\\/deportecapital.com.ar\\\/wp-content\\\/uploads\\\/2025\\\/06\\\/logo-deportecapital_white-1.png\",\"contentUrl\":\"https:\\\/\\\/deportecapital.com.ar\\\/wp-content\\\/uploads\\\/2025\\\/06\\\/logo-deportecapital_white-1.png\",\"width\":243,\"height\":111,\"caption\":\"Deporte Capital\"},\"image\":{\"@id\":\"https:\\\/\\\/deportecapital.com.ar\\\/#\\\/schema\\\/logo\\\/image\\\/\"}},{\"@type\":\"Person\",\"@id\":\"https:\\\/\\\/deportecapital.com.ar\\\/#\\\/schema\\\/person\\\/9cd40456048dd30733b1d6749eca5de8\",\"name\":\"Emilio Manrique\",\"image\":{\"@type\":\"ImageObject\",\"inLanguage\":\"es-AR\",\"@id\":\"https:\\\/\\\/secure.gravatar.com\\\/avatar\\\/005c696496b156e30819f271efdd20348da8f41b5d5653680fd363162bbeb3bb?s=96&d=mm&r=g\",\"url\":\"https:\\\/\\\/secure.gravatar.com\\\/avatar\\\/005c696496b156e30819f271efdd20348da8f41b5d5653680fd363162bbeb3bb?s=96&d=mm&r=g\",\"contentUrl\":\"https:\\\/\\\/secure.gravatar.com\\\/avatar\\\/005c696496b156e30819f271efdd20348da8f41b5d5653680fd363162bbeb3bb?s=96&d=mm&r=g\",\"caption\":\"Emilio Manrique\"},\"url\":\"https:\\\/\\\/deportecapital.com.ar\\\/index.php\\\/author\\\/emilio-manrique\\\/\"}]}<\/script>\n<!-- \/ Yoast SEO plugin. -->","yoast_head_json":{"title":"Se instal\u00f3 en semifinales - Deporte Capital","robots":{"index":"index","follow":"follow","max-snippet":"max-snippet:-1","max-image-preview":"max-image-preview:large","max-video-preview":"max-video-preview:-1"},"canonical":"https:\/\/deportecapital.com.ar\/index.php\/2026\/05\/02\/se-instalo-en-semifinales-3\/","og_locale":"es_ES","og_type":"article","og_title":"Se instal\u00f3 en semifinales - Deporte Capital","og_description":"La Barranca gole\u00f3 a su par de Roca RC por 5 a 0 y desembarc\u00f3...","og_url":"https:\/\/deportecapital.com.ar\/index.php\/2026\/05\/02\/se-instalo-en-semifinales-3\/","og_site_name":"Deporte Capital","article_published_time":"2026-05-02T02:08:10+00:00","article_modified_time":"2026-05-02T02:11:42+00:00","og_image":[{"width":1920,"height":1037,"url":"https:\/\/deportecapital.com.ar\/wp-content\/uploads\/2026\/05\/IMG-20260501-WA0019.jpg","type":"image\/jpeg"}],"author":"Emilio Manrique","twitter_card":"summary_large_image","twitter_misc":{"Escrito por":"Emilio Manrique","Tiempo de lectura":"2 minutos"},"schema":{"@context":"https:\/\/schema.org","@graph":[{"@type":"Article","@id":"https:\/\/deportecapital.com.ar\/index.php\/2026\/05\/02\/se-instalo-en-semifinales-3\/#article","isPartOf":{"@id":"https:\/\/deportecapital.com.ar\/index.php\/2026\/05\/02\/se-instalo-en-semifinales-3\/"},"author":{"name":"Emilio Manrique","@id":"https:\/\/deportecapital.com.ar\/#\/schema\/person\/9cd40456048dd30733b1d6749eca5de8"},"headline":"Se instal\u00f3 en semifinales","datePublished":"2026-05-02T02:08:10+00:00","dateModified":"2026-05-02T02:11:42+00:00","mainEntityOfPage":{"@id":"https:\/\/deportecapital.com.ar\/index.php\/2026\/05\/02\/se-instalo-en-semifinales-3\/"},"wordCount":244,"publisher":{"@id":"https:\/\/deportecapital.com.ar\/#organization"},"image":{"@id":"https:\/\/deportecapital.com.ar\/index.php\/2026\/05\/02\/se-instalo-en-semifinales-3\/#primaryimage"},"thumbnailUrl":"https:\/\/deportecapital.com.ar\/wp-content\/uploads\/2026\/05\/IMG-20260501-WA0019.jpg","articleSection":["Destacadas","Hockey"],"inLanguage":"es-AR"},{"@type":"WebPage","@id":"https:\/\/deportecapital.com.ar\/index.php\/2026\/05\/02\/se-instalo-en-semifinales-3\/","url":"https:\/\/deportecapital.com.ar\/index.php\/2026\/05\/02\/se-instalo-en-semifinales-3\/","name":"Se instal\u00f3 en semifinales - Deporte Capital","isPartOf":{"@id":"https:\/\/deportecapital.com.ar\/#website"},"primaryImageOfPage":{"@id":"https:\/\/deportecapital.com.ar\/index.php\/2026\/05\/02\/se-instalo-en-semifinales-3\/#primaryimage"},"image":{"@id":"https:\/\/deportecapital.com.ar\/index.php\/2026\/05\/02\/se-instalo-en-semifinales-3\/#primaryimage"},"thumbnailUrl":"https:\/\/deportecapital.com.ar\/wp-content\/uploads\/2026\/05\/IMG-20260501-WA0019.jpg","datePublished":"2026-05-02T02:08:10+00:00","dateModified":"2026-05-02T02:11:42+00:00","breadcrumb":{"@id":"https:\/\/deportecapital.com.ar\/index.php\/2026\/05\/02\/se-instalo-en-semifinales-3\/#breadcrumb"},"inLanguage":"es-AR","potentialAction":[{"@type":"ReadAction","target":["https:\/\/deportecapital.com.ar\/index.php\/2026\/05\/02\/se-instalo-en-semifinales-3\/"]}]},{"@type":"ImageObject","inLanguage":"es-AR","@id":"https:\/\/deportecapital.com.ar\/index.php\/2026\/05\/02\/se-instalo-en-semifinales-3\/#primaryimage","url":"https:\/\/deportecapital.com.ar\/wp-content\/uploads\/2026\/05\/IMG-20260501-WA0019.jpg","contentUrl":"https:\/\/deportecapital.com.ar\/wp-content\/uploads\/2026\/05\/IMG-20260501-WA0019.jpg","width":1920,"height":1037},{"@type":"BreadcrumbList","@id":"https:\/\/deportecapital.com.ar\/index.php\/2026\/05\/02\/se-instalo-en-semifinales-3\/#breadcrumb","itemListElement":[{"@type":"ListItem","position":1,"name":"Inicio","item":"https:\/\/deportecapital.com.ar\/"},{"@type":"ListItem","position":2,"name":"Se instal\u00f3 en semifinales"}]},{"@type":"WebSite","@id":"https:\/\/deportecapital.com.ar\/#website","url":"https:\/\/deportecapital.com.ar\/","name":"Deporte Capital","description":"Diario digital con todo el deporte de La Pampa y alrededores.","publisher":{"@id":"https:\/\/deportecapital.com.ar\/#organization"},"potentialAction":[{"@type":"SearchAction","target":{"@type":"EntryPoint","urlTemplate":"https:\/\/deportecapital.com.ar\/?s={search_term_string}"},"query-input":{"@type":"PropertyValueSpecification","valueRequired":true,"valueName":"search_term_string"}}],"inLanguage":"es-AR"},{"@type":"Organization","@id":"https:\/\/deportecapital.com.ar\/#organization","name":"Deporte Capital","url":"https:\/\/deportecapital.com.ar\/","logo":{"@type":"ImageObject","inLanguage":"es-AR","@id":"https:\/\/deportecapital.com.ar\/#\/schema\/logo\/image\/","url":"https:\/\/deportecapital.com.ar\/wp-content\/uploads\/2025\/06\/logo-deportecapital_white-1.png","contentUrl":"https:\/\/deportecapital.com.ar\/wp-content\/uploads\/2025\/06\/logo-deportecapital_white-1.png","width":243,"height":111,"caption":"Deporte Capital"},"image":{"@id":"https:\/\/deportecapital.com.ar\/#\/schema\/logo\/image\/"}},{"@type":"Person","@id":"https:\/\/deportecapital.com.ar\/#\/schema\/person\/9cd40456048dd30733b1d6749eca5de8","name":"Emilio Manrique","image":{"@type":"ImageObject","inLanguage":"es-AR","@id":"https:\/\/secure.gravatar.com\/avatar\/005c696496b156e30819f271efdd20348da8f41b5d5653680fd363162bbeb3bb?s=96&d=mm&r=g","url":"https:\/\/secure.gravatar.com\/avatar\/005c696496b156e30819f271efdd20348da8f41b5d5653680fd363162bbeb3bb?s=96&d=mm&r=g","contentUrl":"https:\/\/secure.gravatar.com\/avatar\/005c696496b156e30819f271efdd20348da8f41b5d5653680fd363162bbeb3bb?s=96&d=mm&r=g","caption":"Emilio Manrique"},"url":"https:\/\/deportecapital.com.ar\/index.php\/author\/emilio-manrique\/"}]}},"rttpg_featured_image_url":{"full":["https:\/\/deportecapital.com.ar\/wp-content\/uploads\/2026\/05\/IMG-20260501-WA0019.jpg",1920,1037,false],"landscape":["https:\/\/deportecapital.com.ar\/wp-content\/uploads\/2026\/05\/IMG-20260501-WA0019.jpg",1920,1037,false],"portraits":["https:\/\/deportecapital.com.ar\/wp-content\/uploads\/2026\/05\/IMG-20260501-WA0019.jpg",1920,1037,false],"thumbnail":["https:\/\/deportecapital.com.ar\/wp-content\/uploads\/2026\/05\/IMG-20260501-WA0019-150x150.jpg",150,150,true],"medium":["https:\/\/deportecapital.com.ar\/wp-content\/uploads\/2026\/05\/IMG-20260501-WA0019-300x162.jpg",300,162,true],"large":["https:\/\/deportecapital.com.ar\/wp-content\/uploads\/2026\/05\/IMG-20260501-WA0019-1024x553.jpg",640,346,true],"1536x1536":["https:\/\/deportecapital.com.ar\/wp-content\/uploads\/2026\/05\/IMG-20260501-WA0019-1536x830.jpg",1536,830,true],"2048x2048":["https:\/\/deportecapital.com.ar\/wp-content\/uploads\/2026\/05\/IMG-20260501-WA0019.jpg",1920,1037,false],"covernews-slider-full":["https:\/\/deportecapital.com.ar\/wp-content\/uploads\/2026\/05\/IMG-20260501-WA0019-1115x715.jpg",1115,715,true],"covernews-slider-center":["https:\/\/deportecapital.com.ar\/wp-content\/uploads\/2026\/05\/IMG-20260501-WA0019-800x500.jpg",800,500,true],"covernews-featured":["https:\/\/deportecapital.com.ar\/wp-content\/uploads\/2026\/05\/IMG-20260501-WA0019-1024x553.jpg",1024,553,true],"covernews-medium":["https:\/\/deportecapital.com.ar\/wp-content\/uploads\/2026\/05\/IMG-20260501-WA0019-540x340.jpg",540,340,true],"covernews-medium-square":["https:\/\/deportecapital.com.ar\/wp-content\/uploads\/2026\/05\/IMG-20260501-WA0019-400x250.jpg",400,250,true]},"rttpg_author":{"display_name":"Emilio Manrique","author_link":"https:\/\/deportecapital.com.ar\/index.php\/author\/emilio-manrique\/"},"rttpg_comment":0,"rttpg_category":"<a href=\"https:\/\/deportecapital.com.ar\/index.php\/category\/destacadas\/\" rel=\"category tag\">Destacadas<\/a> <a href=\"https:\/\/deportecapital.com.ar\/index.php\/category\/hockey\/\" rel=\"category tag\">Hockey<\/a>","rttpg_excerpt":"La Barranca gole\u00f3 a su par de Roca RC por 5 a 0 y desembarc\u00f3...","_links":{"self":[{"href":"https:\/\/deportecapital.com.ar\/index.php\/wp-json\/wp\/v2\/posts\/57073","targetHints":{"allow":["GET"]}}],"collection":[{"href":"https:\/\/deportecapital.com.ar\/index.php\/wp-json\/wp\/v2\/posts"}],"about":[{"href":"https:\/\/deportecapital.com.ar\/index.php\/wp-json\/wp\/v2\/types\/post"}],"author":[{"embeddable":true,"href":"https:\/\/deportecapital.com.ar\/index.php\/wp-json\/wp\/v2\/users\/3"}],"replies":[{"embeddable":true,"href":"https:\/\/deportecapital.com.ar\/index.php\/wp-json\/wp\/v2\/comments?post=57073"}],"version-history":[{"count":5,"href":"https:\/\/deportecapital.com.ar\/index.php\/wp-json\/wp\/v2\/posts\/57073\/revisions"}],"predecessor-version":[{"id":57079,"href":"https:\/\/deportecapital.com.ar\/index.php\/wp-json\/wp\/v2\/posts\/57073\/revisions\/57079"}],"wp:featuredmedia":[{"embeddable":true,"href":"https:\/\/deportecapital.com.ar\/index.php\/wp-json\/wp\/v2\/media\/57074"}],"wp:attachment":[{"href":"https:\/\/deportecapital.com.ar\/index.php\/wp-json\/wp\/v2\/media?parent=57073"}],"wp:term":[{"taxonomy":"category","embeddable":true,"href":"https:\/\/deportecapital.com.ar\/index.php\/wp-json\/wp\/v2\/categories?post=57073"},{"taxonomy":"post_tag","embeddable":true,"href":"https:\/\/deportecapital.com.ar\/index.php\/wp-json\/wp\/v2\/tags?post=57073"}],"curies":[{"name":"wp","href":"https:\/\/api.w.org\/{rel}","templated":true}]}}