{"id":57096,"date":"2026-05-02T23:01:01","date_gmt":"2026-05-02T23:01:01","guid":{"rendered":"https:\/\/deportecapital.com.ar\/?p=57096"},"modified":"2026-05-02T23:04:35","modified_gmt":"2026-05-02T23:04:35","slug":"solido-y-solidario","status":"publish","type":"post","link":"https:\/\/deportecapital.com.ar\/index.php\/2026\/05\/02\/solido-y-solidario\/","title":{"rendered":"S\u00f3lido y solidario"},"content":{"rendered":"\t\t<div data-elementor-type=\"wp-post\" data-elementor-id=\"57096\" class=\"elementor elementor-57096\">\n\t\t\t\t<div class=\"elementor-element elementor-element-21f7f396 e-flex e-con-boxed e-con e-parent\" data-id=\"21f7f396\" data-element_type=\"container\" data-e-type=\"container\">\n\t\t\t\t\t<div class=\"e-con-inner\">\n\t\t\t\t<div class=\"elementor-element elementor-element-1a3e05c4 elementor-widget elementor-widget-text-editor\" data-id=\"1a3e05c4\" data-element_type=\"widget\" data-e-type=\"widget\" data-widget_type=\"text-editor.default\">\n\t\t\t\t<div class=\"elementor-widget-container\">\n\t\t\t\t\t\t\t\t\t<p><strong>Guardia del Monte<\/strong> hizo suyo el juego ante el <strong>Deportivo Mac Allister<\/strong> por 3 a 2. Fue en el marco de la tercera fecha del Oficial de f\u00fatbol femenino.<\/p><p>\u00a0<\/p><p><strong>Guardia<\/strong> es un equipo que no luce pero le da batalla al m\u00e1s pintado, de principio a fin. El <strong>Deportivo Mac<\/strong> <strong>Allister<\/strong>, con un poco m\u00e1s de nombres, busc\u00f3 plasmar un accionar asociado que no encontr\u00f3, al menos en la primera parte.<\/p><p>El local, a los 18 y a la salida de c\u00f3rner (por izquierda), se produce un rebote que le queda a <em>Josefina Reinhardt<\/em> que no titube\u00f3 para impactar el bal\u00f3n sesgadamente y decretar la apertura del marcador.<\/p><p>Las buenas intenciones, de ambas plantillas, no estaban en consonancia con el juego asociado; rechazos y asistencias que no llegaban a destino. S\u00ed, mucha marca, presi\u00f3n y correr bastante, lo que evidentemente est\u00e1 muy bien.<\/p><p>En el complemento, <strong>Mac Allister<\/strong> sali\u00f3 m\u00e1s concentrado y se not\u00f3, porque literalmente se jug\u00f3 en territorio del anfitri\u00f3n. Por eso, a los seis minutos <em>Lorena Wilberger<\/em> estamp\u00f3 la igualdad al disparar por derecha y cruzado. Empate en uno y a empezar de nuevo.<\/p><p>Sigui\u00f3 la visita con su dominio territorial, pero Guardia acechaba en la contra. Fue que a los 28\u2019 <em>Ana<\/em> <em>Islas<\/em>, por izquierda , engancha y dispara por arriba, cruzado para clavar el 2-1. Golazo. La goleadora siempre est\u00e1.<\/p><p>Y a los 35\u2019, <em>Mar\u00eda Pr\u00e1tula<\/em> se hace de un rebote y con la marca encima, por derecha, alcanza a rematar por arriba para llevar el indicador 3-1.<\/p><p>Para sintetizar, en estas situaciones se puede establecer que, cuando mejor estaba el Deportivo, de contra, lo liquid\u00f3 el local, m\u00e1s all\u00e1 que en tiempo de descuento (47\u2019) <em>Karen G\u00f3mez<\/em> marc\u00f3 un gol ol\u00edmpico desde la derecha, lo que claramente no le alcanz\u00f3. Fue final de 3-2 a favor de <strong>Guardia<\/strong> que se consolida y se aleja en la tabla de valores.<\/p>\t\t\t\t\t\t\t\t<\/div>\n\t\t\t\t<\/div>\n\t\t\t\t\t<\/div>\n\t\t\t\t<\/div>\n\t\t<div class=\"elementor-element elementor-element-c09eafe e-flex e-con-boxed e-con e-parent\" data-id=\"c09eafe\" data-element_type=\"container\" data-e-type=\"container\">\n\t\t\t\t\t<div class=\"e-con-inner\">\n\t\t\t\t<div class=\"elementor-element elementor-element-98ce32a elementor-widget elementor-widget-image-gallery\" data-id=\"98ce32a\" data-element_type=\"widget\" data-e-type=\"widget\" data-widget_type=\"image-gallery.default\">\n\t\t\t\t<div class=\"elementor-widget-container\">\n\t\t\t\t\t\t\t<div class=\"elementor-image-gallery\">\n\t\t\t<div id='gallery-1' class='gallery galleryid-57096 gallery-columns-4 gallery-size-full'><figure class='gallery-item'>\n\t\t\t<div class='gallery-icon landscape'>\n\t\t\t\t<a data-elementor-open-lightbox=\"yes\" data-elementor-lightbox-slideshow=\"98ce32a\" data-elementor-lightbox-title=\"Futbol\" data-e-action-hash=\"#elementor-action%3Aaction%3Dlightbox%26settings%3DeyJpZCI6NTcwOTcsInVybCI6Imh0dHBzOlwvXC9kZXBvcnRlY2FwaXRhbC5jb20uYXJcL3dwLWNvbnRlbnRcL3VwbG9hZHNcLzIwMjZcLzA1XC9BUk9OLTEuanBnIiwic2xpZGVzaG93IjoiOThjZTMyYSJ9\" href='https:\/\/deportecapital.com.ar\/wp-content\/uploads\/2026\/05\/ARON-1.jpg'><img loading=\"lazy\" width=\"1920\" height=\"1268\" src=\"https:\/\/deportecapital.com.ar\/wp-content\/uploads\/2026\/05\/ARON-1.jpg\" class=\"attachment-full size-full\" alt=\"Futbol\" srcset=\"https:\/\/deportecapital.com.ar\/wp-content\/uploads\/2026\/05\/ARON-1.jpg 1920w, https:\/\/deportecapital.com.ar\/wp-content\/uploads\/2026\/05\/ARON-1-300x198.jpg 300w, https:\/\/deportecapital.com.ar\/wp-content\/uploads\/2026\/05\/ARON-1-1024x676.jpg 1024w, https:\/\/deportecapital.com.ar\/wp-content\/uploads\/2026\/05\/ARON-1-768x507.jpg 768w, https:\/\/deportecapital.com.ar\/wp-content\/uploads\/2026\/05\/ARON-1-1536x1014.jpg 1536w\" sizes=\"auto, (max-width: 1920px) 100vw, 1920px\" loading=\"lazy\" decoding=\"async\" \/><\/a>\n\t\t\t<\/div><\/figure><figure class='gallery-item'>\n\t\t\t<div class='gallery-icon landscape'>\n\t\t\t\t<a data-elementor-open-lightbox=\"yes\" data-elementor-lightbox-slideshow=\"98ce32a\" data-elementor-lightbox-title=\"Futbol\" data-e-action-hash=\"#elementor-action%3Aaction%3Dlightbox%26settings%3DeyJpZCI6NTcxMDcsInVybCI6Imh0dHBzOlwvXC9kZXBvcnRlY2FwaXRhbC5jb20uYXJcL3dwLWNvbnRlbnRcL3VwbG9hZHNcLzIwMjZcLzA1XC9BUk9OLmpwZyIsInNsaWRlc2hvdyI6Ijk4Y2UzMmEifQ%3D%3D\" href='https:\/\/deportecapital.com.ar\/wp-content\/uploads\/2026\/05\/ARON.jpg'><img loading=\"lazy\" width=\"1920\" height=\"1118\" src=\"https:\/\/deportecapital.com.ar\/wp-content\/uploads\/2026\/05\/ARON.jpg\" class=\"attachment-full size-full\" alt=\"Futbol\" srcset=\"https:\/\/deportecapital.com.ar\/wp-content\/uploads\/2026\/05\/ARON.jpg 1920w, https:\/\/deportecapital.com.ar\/wp-content\/uploads\/2026\/05\/ARON-300x175.jpg 300w, https:\/\/deportecapital.com.ar\/wp-content\/uploads\/2026\/05\/ARON-1024x596.jpg 1024w, https:\/\/deportecapital.com.ar\/wp-content\/uploads\/2026\/05\/ARON-768x447.jpg 768w, https:\/\/deportecapital.com.ar\/wp-content\/uploads\/2026\/05\/ARON-1536x894.jpg 1536w\" sizes=\"auto, (max-width: 1920px) 100vw, 1920px\" loading=\"lazy\" decoding=\"async\" \/><\/a>\n\t\t\t<\/div><\/figure><figure class='gallery-item'>\n\t\t\t<div class='gallery-icon landscape'>\n\t\t\t\t<a data-elementor-open-lightbox=\"yes\" data-elementor-lightbox-slideshow=\"98ce32a\" data-elementor-lightbox-title=\"Futbol\" data-e-action-hash=\"#elementor-action%3Aaction%3Dlightbox%26settings%3DeyJpZCI6NTcxMDYsInVybCI6Imh0dHBzOlwvXC9kZXBvcnRlY2FwaXRhbC5jb20uYXJcL3dwLWNvbnRlbnRcL3VwbG9hZHNcLzIwMjZcLzA1XC9BUk9OLTEwLmpwZyIsInNsaWRlc2hvdyI6Ijk4Y2UzMmEifQ%3D%3D\" href='https:\/\/deportecapital.com.ar\/wp-content\/uploads\/2026\/05\/ARON-10.jpg'><img loading=\"lazy\" width=\"1920\" height=\"1321\" src=\"https:\/\/deportecapital.com.ar\/wp-content\/uploads\/2026\/05\/ARON-10.jpg\" class=\"attachment-full size-full\" alt=\"Futbol\" srcset=\"https:\/\/deportecapital.com.ar\/wp-content\/uploads\/2026\/05\/ARON-10.jpg 1920w, https:\/\/deportecapital.com.ar\/wp-content\/uploads\/2026\/05\/ARON-10-300x206.jpg 300w, https:\/\/deportecapital.com.ar\/wp-content\/uploads\/2026\/05\/ARON-10-1024x705.jpg 1024w, https:\/\/deportecapital.com.ar\/wp-content\/uploads\/2026\/05\/ARON-10-768x528.jpg 768w, https:\/\/deportecapital.com.ar\/wp-content\/uploads\/2026\/05\/ARON-10-1536x1057.jpg 1536w\" sizes=\"auto, (max-width: 1920px) 100vw, 1920px\" loading=\"lazy\" decoding=\"async\" \/><\/a>\n\t\t\t<\/div><\/figure><figure class='gallery-item'>\n\t\t\t<div class='gallery-icon landscape'>\n\t\t\t\t<a data-elementor-open-lightbox=\"yes\" data-elementor-lightbox-slideshow=\"98ce32a\" data-elementor-lightbox-title=\"Futbol\" data-e-action-hash=\"#elementor-action%3Aaction%3Dlightbox%26settings%3DeyJpZCI6NTcxMDUsInVybCI6Imh0dHBzOlwvXC9kZXBvcnRlY2FwaXRhbC5jb20uYXJcL3dwLWNvbnRlbnRcL3VwbG9hZHNcLzIwMjZcLzA1XC9BUk9OLTkuanBnIiwic2xpZGVzaG93IjoiOThjZTMyYSJ9\" href='https:\/\/deportecapital.com.ar\/wp-content\/uploads\/2026\/05\/ARON-9.jpg'><img loading=\"lazy\" width=\"1920\" height=\"1178\" src=\"https:\/\/deportecapital.com.ar\/wp-content\/uploads\/2026\/05\/ARON-9.jpg\" class=\"attachment-full size-full\" alt=\"Futbol\" srcset=\"https:\/\/deportecapital.com.ar\/wp-content\/uploads\/2026\/05\/ARON-9.jpg 1920w, https:\/\/deportecapital.com.ar\/wp-content\/uploads\/2026\/05\/ARON-9-300x184.jpg 300w, https:\/\/deportecapital.com.ar\/wp-content\/uploads\/2026\/05\/ARON-9-1024x628.jpg 1024w, https:\/\/deportecapital.com.ar\/wp-content\/uploads\/2026\/05\/ARON-9-768x471.jpg 768w, https:\/\/deportecapital.com.ar\/wp-content\/uploads\/2026\/05\/ARON-9-1536x942.jpg 1536w\" sizes=\"auto, (max-width: 1920px) 100vw, 1920px\" loading=\"lazy\" decoding=\"async\" \/><\/a>\n\t\t\t<\/div><\/figure><figure class='gallery-item'>\n\t\t\t<div class='gallery-icon landscape'>\n\t\t\t\t<a data-elementor-open-lightbox=\"yes\" data-elementor-lightbox-slideshow=\"98ce32a\" data-elementor-lightbox-title=\"Futbol\" data-e-action-hash=\"#elementor-action%3Aaction%3Dlightbox%26settings%3DeyJpZCI6NTcxMDQsInVybCI6Imh0dHBzOlwvXC9kZXBvcnRlY2FwaXRhbC5jb20uYXJcL3dwLWNvbnRlbnRcL3VwbG9hZHNcLzIwMjZcLzA1XC9BUk9OLTguanBnIiwic2xpZGVzaG93IjoiOThjZTMyYSJ9\" href='https:\/\/deportecapital.com.ar\/wp-content\/uploads\/2026\/05\/ARON-8.jpg'><img loading=\"lazy\" width=\"1920\" height=\"1222\" src=\"https:\/\/deportecapital.com.ar\/wp-content\/uploads\/2026\/05\/ARON-8.jpg\" class=\"attachment-full size-full\" alt=\"Futbol\" srcset=\"https:\/\/deportecapital.com.ar\/wp-content\/uploads\/2026\/05\/ARON-8.jpg 1920w, https:\/\/deportecapital.com.ar\/wp-content\/uploads\/2026\/05\/ARON-8-300x191.jpg 300w, https:\/\/deportecapital.com.ar\/wp-content\/uploads\/2026\/05\/ARON-8-1024x652.jpg 1024w, https:\/\/deportecapital.com.ar\/wp-content\/uploads\/2026\/05\/ARON-8-768x489.jpg 768w, https:\/\/deportecapital.com.ar\/wp-content\/uploads\/2026\/05\/ARON-8-1536x978.jpg 1536w\" sizes=\"auto, (max-width: 1920px) 100vw, 1920px\" loading=\"lazy\" decoding=\"async\" \/><\/a>\n\t\t\t<\/div><\/figure><figure class='gallery-item'>\n\t\t\t<div class='gallery-icon landscape'>\n\t\t\t\t<a data-elementor-open-lightbox=\"yes\" data-elementor-lightbox-slideshow=\"98ce32a\" data-elementor-lightbox-title=\"Futbol\" data-e-action-hash=\"#elementor-action%3Aaction%3Dlightbox%26settings%3DeyJpZCI6NTcxMDMsInVybCI6Imh0dHBzOlwvXC9kZXBvcnRlY2FwaXRhbC5jb20uYXJcL3dwLWNvbnRlbnRcL3VwbG9hZHNcLzIwMjZcLzA1XC9BUk9OLTcuanBnIiwic2xpZGVzaG93IjoiOThjZTMyYSJ9\" href='https:\/\/deportecapital.com.ar\/wp-content\/uploads\/2026\/05\/ARON-7.jpg'><img loading=\"lazy\" width=\"1920\" height=\"1480\" src=\"https:\/\/deportecapital.com.ar\/wp-content\/uploads\/2026\/05\/ARON-7.jpg\" class=\"attachment-full size-full\" alt=\"Futbol\" srcset=\"https:\/\/deportecapital.com.ar\/wp-content\/uploads\/2026\/05\/ARON-7.jpg 1920w, https:\/\/deportecapital.com.ar\/wp-content\/uploads\/2026\/05\/ARON-7-300x231.jpg 300w, https:\/\/deportecapital.com.ar\/wp-content\/uploads\/2026\/05\/ARON-7-1024x789.jpg 1024w, https:\/\/deportecapital.com.ar\/wp-content\/uploads\/2026\/05\/ARON-7-768x592.jpg 768w, https:\/\/deportecapital.com.ar\/wp-content\/uploads\/2026\/05\/ARON-7-1536x1184.jpg 1536w\" sizes=\"auto, (max-width: 1920px) 100vw, 1920px\" loading=\"lazy\" decoding=\"async\" \/><\/a>\n\t\t\t<\/div><\/figure><figure class='gallery-item'>\n\t\t\t<div class='gallery-icon landscape'>\n\t\t\t\t<a data-elementor-open-lightbox=\"yes\" data-elementor-lightbox-slideshow=\"98ce32a\" data-elementor-lightbox-title=\"Futbol\" data-e-action-hash=\"#elementor-action%3Aaction%3Dlightbox%26settings%3DeyJpZCI6NTcxMDIsInVybCI6Imh0dHBzOlwvXC9kZXBvcnRlY2FwaXRhbC5jb20uYXJcL3dwLWNvbnRlbnRcL3VwbG9hZHNcLzIwMjZcLzA1XC9BUk9OLTYuanBnIiwic2xpZGVzaG93IjoiOThjZTMyYSJ9\" href='https:\/\/deportecapital.com.ar\/wp-content\/uploads\/2026\/05\/ARON-6.jpg'><img loading=\"lazy\" width=\"1920\" height=\"1182\" src=\"https:\/\/deportecapital.com.ar\/wp-content\/uploads\/2026\/05\/ARON-6.jpg\" class=\"attachment-full size-full\" alt=\"Futbol\" srcset=\"https:\/\/deportecapital.com.ar\/wp-content\/uploads\/2026\/05\/ARON-6.jpg 1920w, https:\/\/deportecapital.com.ar\/wp-content\/uploads\/2026\/05\/ARON-6-300x185.jpg 300w, https:\/\/deportecapital.com.ar\/wp-content\/uploads\/2026\/05\/ARON-6-1024x630.jpg 1024w, https:\/\/deportecapital.com.ar\/wp-content\/uploads\/2026\/05\/ARON-6-768x473.jpg 768w, https:\/\/deportecapital.com.ar\/wp-content\/uploads\/2026\/05\/ARON-6-1536x946.jpg 1536w\" sizes=\"auto, (max-width: 1920px) 100vw, 1920px\" loading=\"lazy\" decoding=\"async\" \/><\/a>\n\t\t\t<\/div><\/figure><figure class='gallery-item'>\n\t\t\t<div class='gallery-icon landscape'>\n\t\t\t\t<a data-elementor-open-lightbox=\"yes\" data-elementor-lightbox-slideshow=\"98ce32a\" data-elementor-lightbox-title=\"Futbol\" data-e-action-hash=\"#elementor-action%3Aaction%3Dlightbox%26settings%3DeyJpZCI6NTcxMDEsInVybCI6Imh0dHBzOlwvXC9kZXBvcnRlY2FwaXRhbC5jb20uYXJcL3dwLWNvbnRlbnRcL3VwbG9hZHNcLzIwMjZcLzA1XC9BUk9OLTUuanBnIiwic2xpZGVzaG93IjoiOThjZTMyYSJ9\" href='https:\/\/deportecapital.com.ar\/wp-content\/uploads\/2026\/05\/ARON-5.jpg'><img loading=\"lazy\" width=\"1920\" height=\"1328\" src=\"https:\/\/deportecapital.com.ar\/wp-content\/uploads\/2026\/05\/ARON-5.jpg\" class=\"attachment-full size-full\" alt=\"Futbol\" srcset=\"https:\/\/deportecapital.com.ar\/wp-content\/uploads\/2026\/05\/ARON-5.jpg 1920w, https:\/\/deportecapital.com.ar\/wp-content\/uploads\/2026\/05\/ARON-5-300x208.jpg 300w, https:\/\/deportecapital.com.ar\/wp-content\/uploads\/2026\/05\/ARON-5-1024x708.jpg 1024w, https:\/\/deportecapital.com.ar\/wp-content\/uploads\/2026\/05\/ARON-5-768x531.jpg 768w, https:\/\/deportecapital.com.ar\/wp-content\/uploads\/2026\/05\/ARON-5-1536x1062.jpg 1536w\" sizes=\"auto, (max-width: 1920px) 100vw, 1920px\" loading=\"lazy\" decoding=\"async\" \/><\/a>\n\t\t\t<\/div><\/figure><figure class='gallery-item'>\n\t\t\t<div class='gallery-icon landscape'>\n\t\t\t\t<a data-elementor-open-lightbox=\"yes\" data-elementor-lightbox-slideshow=\"98ce32a\" data-elementor-lightbox-title=\"Futbol\" data-e-action-hash=\"#elementor-action%3Aaction%3Dlightbox%26settings%3DeyJpZCI6NTcxMDAsInVybCI6Imh0dHBzOlwvXC9kZXBvcnRlY2FwaXRhbC5jb20uYXJcL3dwLWNvbnRlbnRcL3VwbG9hZHNcLzIwMjZcLzA1XC9BUk9OLTQuanBnIiwic2xpZGVzaG93IjoiOThjZTMyYSJ9\" href='https:\/\/deportecapital.com.ar\/wp-content\/uploads\/2026\/05\/ARON-4.jpg'><img loading=\"lazy\" width=\"1920\" height=\"1130\" src=\"https:\/\/deportecapital.com.ar\/wp-content\/uploads\/2026\/05\/ARON-4.jpg\" class=\"attachment-full size-full\" alt=\"Futbol\" srcset=\"https:\/\/deportecapital.com.ar\/wp-content\/uploads\/2026\/05\/ARON-4.jpg 1920w, https:\/\/deportecapital.com.ar\/wp-content\/uploads\/2026\/05\/ARON-4-300x177.jpg 300w, https:\/\/deportecapital.com.ar\/wp-content\/uploads\/2026\/05\/ARON-4-1024x603.jpg 1024w, https:\/\/deportecapital.com.ar\/wp-content\/uploads\/2026\/05\/ARON-4-768x452.jpg 768w, https:\/\/deportecapital.com.ar\/wp-content\/uploads\/2026\/05\/ARON-4-1536x904.jpg 1536w\" sizes=\"auto, (max-width: 1920px) 100vw, 1920px\" loading=\"lazy\" decoding=\"async\" \/><\/a>\n\t\t\t<\/div><\/figure><figure class='gallery-item'>\n\t\t\t<div class='gallery-icon landscape'>\n\t\t\t\t<a data-elementor-open-lightbox=\"yes\" data-elementor-lightbox-slideshow=\"98ce32a\" data-elementor-lightbox-title=\"Futbol\" data-e-action-hash=\"#elementor-action%3Aaction%3Dlightbox%26settings%3DeyJpZCI6NTcwOTksInVybCI6Imh0dHBzOlwvXC9kZXBvcnRlY2FwaXRhbC5jb20uYXJcL3dwLWNvbnRlbnRcL3VwbG9hZHNcLzIwMjZcLzA1XC9BUk9OLTMuanBnIiwic2xpZGVzaG93IjoiOThjZTMyYSJ9\" href='https:\/\/deportecapital.com.ar\/wp-content\/uploads\/2026\/05\/ARON-3.jpg'><img loading=\"lazy\" width=\"1920\" height=\"1221\" src=\"https:\/\/deportecapital.com.ar\/wp-content\/uploads\/2026\/05\/ARON-3.jpg\" class=\"attachment-full size-full\" alt=\"Futbol\" srcset=\"https:\/\/deportecapital.com.ar\/wp-content\/uploads\/2026\/05\/ARON-3.jpg 1920w, https:\/\/deportecapital.com.ar\/wp-content\/uploads\/2026\/05\/ARON-3-300x191.jpg 300w, https:\/\/deportecapital.com.ar\/wp-content\/uploads\/2026\/05\/ARON-3-1024x651.jpg 1024w, https:\/\/deportecapital.com.ar\/wp-content\/uploads\/2026\/05\/ARON-3-768x488.jpg 768w, https:\/\/deportecapital.com.ar\/wp-content\/uploads\/2026\/05\/ARON-3-1536x977.jpg 1536w\" sizes=\"auto, (max-width: 1920px) 100vw, 1920px\" loading=\"lazy\" decoding=\"async\" \/><\/a>\n\t\t\t<\/div><\/figure><figure class='gallery-item'>\n\t\t\t<div class='gallery-icon landscape'>\n\t\t\t\t<a data-elementor-open-lightbox=\"yes\" data-elementor-lightbox-slideshow=\"98ce32a\" data-elementor-lightbox-title=\"Futbol\" data-e-action-hash=\"#elementor-action%3Aaction%3Dlightbox%26settings%3DeyJpZCI6NTcwOTgsInVybCI6Imh0dHBzOlwvXC9kZXBvcnRlY2FwaXRhbC5jb20uYXJcL3dwLWNvbnRlbnRcL3VwbG9hZHNcLzIwMjZcLzA1XC9BUk9OLTIuanBnIiwic2xpZGVzaG93IjoiOThjZTMyYSJ9\" href='https:\/\/deportecapital.com.ar\/wp-content\/uploads\/2026\/05\/ARON-2.jpg'><img loading=\"lazy\" width=\"1920\" height=\"1214\" src=\"https:\/\/deportecapital.com.ar\/wp-content\/uploads\/2026\/05\/ARON-2.jpg\" class=\"attachment-full size-full\" alt=\"Futbol\" srcset=\"https:\/\/deportecapital.com.ar\/wp-content\/uploads\/2026\/05\/ARON-2.jpg 1920w, https:\/\/deportecapital.com.ar\/wp-content\/uploads\/2026\/05\/ARON-2-300x190.jpg 300w, https:\/\/deportecapital.com.ar\/wp-content\/uploads\/2026\/05\/ARON-2-1024x647.jpg 1024w, https:\/\/deportecapital.com.ar\/wp-content\/uploads\/2026\/05\/ARON-2-768x486.jpg 768w, https:\/\/deportecapital.com.ar\/wp-content\/uploads\/2026\/05\/ARON-2-1536x971.jpg 1536w, https:\/\/deportecapital.com.ar\/wp-content\/uploads\/2026\/05\/ARON-2-540x340.jpg 540w\" sizes=\"auto, (max-width: 1920px) 100vw, 1920px\" loading=\"lazy\" decoding=\"async\" \/><\/a>\n\t\t\t<\/div><\/figure>\n\t\t<\/div>\n\t\t<\/div>\n\t\t\t\t\t\t<\/div>\n\t\t\t\t<\/div>\n\t\t\t\t\t<\/div>\n\t\t\t\t<\/div>\n\t\t\t\t<\/div>\n\t\t","protected":false},"excerpt":{"rendered":"<p>Guardia del Monte hizo suyo el juego ante el Deportivo Mac Allister por 3 a&#8230;<\/p>\n","protected":false},"author":3,"featured_media":57105,"comment_status":"closed","ping_status":"open","sticky":false,"template":"","format":"standard","meta":{"footnotes":""},"categories":[57,19],"tags":[],"class_list":["post-57096","post","type-post","status-publish","format-standard","has-post-thumbnail","hentry","category-destacadas","category-futbol"],"yoast_head":"<!-- This site is optimized with the Yoast SEO plugin v27.5 - https:\/\/yoast.com\/product\/yoast-seo-wordpress\/ -->\n<title>S\u00f3lido y solidario - Deporte Capital<\/title>\n<meta name=\"robots\" content=\"index, follow, max-snippet:-1, max-image-preview:large, max-video-preview:-1\" \/>\n<link rel=\"canonical\" href=\"https:\/\/deportecapital.com.ar\/index.php\/2026\/05\/02\/solido-y-solidario\/\" \/>\n<meta property=\"og:locale\" content=\"es_ES\" \/>\n<meta property=\"og:type\" content=\"article\" \/>\n<meta property=\"og:title\" content=\"S\u00f3lido y solidario - Deporte Capital\" \/>\n<meta property=\"og:description\" content=\"Guardia del Monte hizo suyo el juego ante el Deportivo Mac Allister por 3 a...\" \/>\n<meta property=\"og:url\" content=\"https:\/\/deportecapital.com.ar\/index.php\/2026\/05\/02\/solido-y-solidario\/\" \/>\n<meta property=\"og:site_name\" content=\"Deporte Capital\" \/>\n<meta property=\"article:published_time\" content=\"2026-05-02T23:01:01+00:00\" \/>\n<meta property=\"article:modified_time\" content=\"2026-05-02T23:04:35+00:00\" \/>\n<meta property=\"og:image\" content=\"https:\/\/deportecapital.com.ar\/wp-content\/uploads\/2026\/05\/ARON-9.jpg\" \/>\n\t<meta property=\"og:image:width\" content=\"1920\" \/>\n\t<meta property=\"og:image:height\" content=\"1178\" \/>\n\t<meta property=\"og:image:type\" content=\"image\/jpeg\" \/>\n<meta name=\"author\" content=\"Emilio Manrique\" \/>\n<meta name=\"twitter:card\" content=\"summary_large_image\" \/>\n<meta name=\"twitter:label1\" content=\"Escrito por\" \/>\n\t<meta name=\"twitter:data1\" content=\"Emilio Manrique\" \/>\n\t<meta name=\"twitter:label2\" content=\"Tiempo de lectura\" \/>\n\t<meta name=\"twitter:data2\" content=\"4 minutos\" \/>\n<script type=\"application\/ld+json\" class=\"yoast-schema-graph\">{\"@context\":\"https:\\\/\\\/schema.org\",\"@graph\":[{\"@type\":\"Article\",\"@id\":\"https:\\\/\\\/deportecapital.com.ar\\\/index.php\\\/2026\\\/05\\\/02\\\/solido-y-solidario\\\/#article\",\"isPartOf\":{\"@id\":\"https:\\\/\\\/deportecapital.com.ar\\\/index.php\\\/2026\\\/05\\\/02\\\/solido-y-solidario\\\/\"},\"author\":{\"name\":\"Emilio Manrique\",\"@id\":\"https:\\\/\\\/deportecapital.com.ar\\\/#\\\/schema\\\/person\\\/9cd40456048dd30733b1d6749eca5de8\"},\"headline\":\"S\u00f3lido y solidario\",\"datePublished\":\"2026-05-02T23:01:01+00:00\",\"dateModified\":\"2026-05-02T23:04:35+00:00\",\"mainEntityOfPage\":{\"@id\":\"https:\\\/\\\/deportecapital.com.ar\\\/index.php\\\/2026\\\/05\\\/02\\\/solido-y-solidario\\\/\"},\"wordCount\":325,\"publisher\":{\"@id\":\"https:\\\/\\\/deportecapital.com.ar\\\/#organization\"},\"image\":{\"@id\":\"https:\\\/\\\/deportecapital.com.ar\\\/index.php\\\/2026\\\/05\\\/02\\\/solido-y-solidario\\\/#primaryimage\"},\"thumbnailUrl\":\"https:\\\/\\\/deportecapital.com.ar\\\/wp-content\\\/uploads\\\/2026\\\/05\\\/ARON-9.jpg\",\"articleSection\":[\"Destacadas\",\"F\u00fatbol\"],\"inLanguage\":\"es-AR\"},{\"@type\":\"WebPage\",\"@id\":\"https:\\\/\\\/deportecapital.com.ar\\\/index.php\\\/2026\\\/05\\\/02\\\/solido-y-solidario\\\/\",\"url\":\"https:\\\/\\\/deportecapital.com.ar\\\/index.php\\\/2026\\\/05\\\/02\\\/solido-y-solidario\\\/\",\"name\":\"S\u00f3lido y solidario - Deporte Capital\",\"isPartOf\":{\"@id\":\"https:\\\/\\\/deportecapital.com.ar\\\/#website\"},\"primaryImageOfPage\":{\"@id\":\"https:\\\/\\\/deportecapital.com.ar\\\/index.php\\\/2026\\\/05\\\/02\\\/solido-y-solidario\\\/#primaryimage\"},\"image\":{\"@id\":\"https:\\\/\\\/deportecapital.com.ar\\\/index.php\\\/2026\\\/05\\\/02\\\/solido-y-solidario\\\/#primaryimage\"},\"thumbnailUrl\":\"https:\\\/\\\/deportecapital.com.ar\\\/wp-content\\\/uploads\\\/2026\\\/05\\\/ARON-9.jpg\",\"datePublished\":\"2026-05-02T23:01:01+00:00\",\"dateModified\":\"2026-05-02T23:04:35+00:00\",\"breadcrumb\":{\"@id\":\"https:\\\/\\\/deportecapital.com.ar\\\/index.php\\\/2026\\\/05\\\/02\\\/solido-y-solidario\\\/#breadcrumb\"},\"inLanguage\":\"es-AR\",\"potentialAction\":[{\"@type\":\"ReadAction\",\"target\":[\"https:\\\/\\\/deportecapital.com.ar\\\/index.php\\\/2026\\\/05\\\/02\\\/solido-y-solidario\\\/\"]}]},{\"@type\":\"ImageObject\",\"inLanguage\":\"es-AR\",\"@id\":\"https:\\\/\\\/deportecapital.com.ar\\\/index.php\\\/2026\\\/05\\\/02\\\/solido-y-solidario\\\/#primaryimage\",\"url\":\"https:\\\/\\\/deportecapital.com.ar\\\/wp-content\\\/uploads\\\/2026\\\/05\\\/ARON-9.jpg\",\"contentUrl\":\"https:\\\/\\\/deportecapital.com.ar\\\/wp-content\\\/uploads\\\/2026\\\/05\\\/ARON-9.jpg\",\"width\":1920,\"height\":1178},{\"@type\":\"BreadcrumbList\",\"@id\":\"https:\\\/\\\/deportecapital.com.ar\\\/index.php\\\/2026\\\/05\\\/02\\\/solido-y-solidario\\\/#breadcrumb\",\"itemListElement\":[{\"@type\":\"ListItem\",\"position\":1,\"name\":\"Inicio\",\"item\":\"https:\\\/\\\/deportecapital.com.ar\\\/\"},{\"@type\":\"ListItem\",\"position\":2,\"name\":\"S\u00f3lido y solidario\"}]},{\"@type\":\"WebSite\",\"@id\":\"https:\\\/\\\/deportecapital.com.ar\\\/#website\",\"url\":\"https:\\\/\\\/deportecapital.com.ar\\\/\",\"name\":\"Deporte Capital\",\"description\":\"Diario digital con todo el deporte de La Pampa y alrededores.\",\"publisher\":{\"@id\":\"https:\\\/\\\/deportecapital.com.ar\\\/#organization\"},\"potentialAction\":[{\"@type\":\"SearchAction\",\"target\":{\"@type\":\"EntryPoint\",\"urlTemplate\":\"https:\\\/\\\/deportecapital.com.ar\\\/?s={search_term_string}\"},\"query-input\":{\"@type\":\"PropertyValueSpecification\",\"valueRequired\":true,\"valueName\":\"search_term_string\"}}],\"inLanguage\":\"es-AR\"},{\"@type\":\"Organization\",\"@id\":\"https:\\\/\\\/deportecapital.com.ar\\\/#organization\",\"name\":\"Deporte Capital\",\"url\":\"https:\\\/\\\/deportecapital.com.ar\\\/\",\"logo\":{\"@type\":\"ImageObject\",\"inLanguage\":\"es-AR\",\"@id\":\"https:\\\/\\\/deportecapital.com.ar\\\/#\\\/schema\\\/logo\\\/image\\\/\",\"url\":\"https:\\\/\\\/deportecapital.com.ar\\\/wp-content\\\/uploads\\\/2025\\\/06\\\/logo-deportecapital_white-1.png\",\"contentUrl\":\"https:\\\/\\\/deportecapital.com.ar\\\/wp-content\\\/uploads\\\/2025\\\/06\\\/logo-deportecapital_white-1.png\",\"width\":243,\"height\":111,\"caption\":\"Deporte Capital\"},\"image\":{\"@id\":\"https:\\\/\\\/deportecapital.com.ar\\\/#\\\/schema\\\/logo\\\/image\\\/\"}},{\"@type\":\"Person\",\"@id\":\"https:\\\/\\\/deportecapital.com.ar\\\/#\\\/schema\\\/person\\\/9cd40456048dd30733b1d6749eca5de8\",\"name\":\"Emilio Manrique\",\"image\":{\"@type\":\"ImageObject\",\"inLanguage\":\"es-AR\",\"@id\":\"https:\\\/\\\/secure.gravatar.com\\\/avatar\\\/005c696496b156e30819f271efdd20348da8f41b5d5653680fd363162bbeb3bb?s=96&d=mm&r=g\",\"url\":\"https:\\\/\\\/secure.gravatar.com\\\/avatar\\\/005c696496b156e30819f271efdd20348da8f41b5d5653680fd363162bbeb3bb?s=96&d=mm&r=g\",\"contentUrl\":\"https:\\\/\\\/secure.gravatar.com\\\/avatar\\\/005c696496b156e30819f271efdd20348da8f41b5d5653680fd363162bbeb3bb?s=96&d=mm&r=g\",\"caption\":\"Emilio Manrique\"},\"url\":\"https:\\\/\\\/deportecapital.com.ar\\\/index.php\\\/author\\\/emilio-manrique\\\/\"}]}<\/script>\n<!-- \/ Yoast SEO plugin. -->","yoast_head_json":{"title":"S\u00f3lido y solidario - Deporte Capital","robots":{"index":"index","follow":"follow","max-snippet":"max-snippet:-1","max-image-preview":"max-image-preview:large","max-video-preview":"max-video-preview:-1"},"canonical":"https:\/\/deportecapital.com.ar\/index.php\/2026\/05\/02\/solido-y-solidario\/","og_locale":"es_ES","og_type":"article","og_title":"S\u00f3lido y solidario - Deporte Capital","og_description":"Guardia del Monte hizo suyo el juego ante el Deportivo Mac Allister por 3 a...","og_url":"https:\/\/deportecapital.com.ar\/index.php\/2026\/05\/02\/solido-y-solidario\/","og_site_name":"Deporte Capital","article_published_time":"2026-05-02T23:01:01+00:00","article_modified_time":"2026-05-02T23:04:35+00:00","og_image":[{"width":1920,"height":1178,"url":"https:\/\/deportecapital.com.ar\/wp-content\/uploads\/2026\/05\/ARON-9.jpg","type":"image\/jpeg"}],"author":"Emilio Manrique","twitter_card":"summary_large_image","twitter_misc":{"Escrito por":"Emilio Manrique","Tiempo de lectura":"4 minutos"},"schema":{"@context":"https:\/\/schema.org","@graph":[{"@type":"Article","@id":"https:\/\/deportecapital.com.ar\/index.php\/2026\/05\/02\/solido-y-solidario\/#article","isPartOf":{"@id":"https:\/\/deportecapital.com.ar\/index.php\/2026\/05\/02\/solido-y-solidario\/"},"author":{"name":"Emilio Manrique","@id":"https:\/\/deportecapital.com.ar\/#\/schema\/person\/9cd40456048dd30733b1d6749eca5de8"},"headline":"S\u00f3lido y solidario","datePublished":"2026-05-02T23:01:01+00:00","dateModified":"2026-05-02T23:04:35+00:00","mainEntityOfPage":{"@id":"https:\/\/deportecapital.com.ar\/index.php\/2026\/05\/02\/solido-y-solidario\/"},"wordCount":325,"publisher":{"@id":"https:\/\/deportecapital.com.ar\/#organization"},"image":{"@id":"https:\/\/deportecapital.com.ar\/index.php\/2026\/05\/02\/solido-y-solidario\/#primaryimage"},"thumbnailUrl":"https:\/\/deportecapital.com.ar\/wp-content\/uploads\/2026\/05\/ARON-9.jpg","articleSection":["Destacadas","F\u00fatbol"],"inLanguage":"es-AR"},{"@type":"WebPage","@id":"https:\/\/deportecapital.com.ar\/index.php\/2026\/05\/02\/solido-y-solidario\/","url":"https:\/\/deportecapital.com.ar\/index.php\/2026\/05\/02\/solido-y-solidario\/","name":"S\u00f3lido y solidario - Deporte Capital","isPartOf":{"@id":"https:\/\/deportecapital.com.ar\/#website"},"primaryImageOfPage":{"@id":"https:\/\/deportecapital.com.ar\/index.php\/2026\/05\/02\/solido-y-solidario\/#primaryimage"},"image":{"@id":"https:\/\/deportecapital.com.ar\/index.php\/2026\/05\/02\/solido-y-solidario\/#primaryimage"},"thumbnailUrl":"https:\/\/deportecapital.com.ar\/wp-content\/uploads\/2026\/05\/ARON-9.jpg","datePublished":"2026-05-02T23:01:01+00:00","dateModified":"2026-05-02T23:04:35+00:00","breadcrumb":{"@id":"https:\/\/deportecapital.com.ar\/index.php\/2026\/05\/02\/solido-y-solidario\/#breadcrumb"},"inLanguage":"es-AR","potentialAction":[{"@type":"ReadAction","target":["https:\/\/deportecapital.com.ar\/index.php\/2026\/05\/02\/solido-y-solidario\/"]}]},{"@type":"ImageObject","inLanguage":"es-AR","@id":"https:\/\/deportecapital.com.ar\/index.php\/2026\/05\/02\/solido-y-solidario\/#primaryimage","url":"https:\/\/deportecapital.com.ar\/wp-content\/uploads\/2026\/05\/ARON-9.jpg","contentUrl":"https:\/\/deportecapital.com.ar\/wp-content\/uploads\/2026\/05\/ARON-9.jpg","width":1920,"height":1178},{"@type":"BreadcrumbList","@id":"https:\/\/deportecapital.com.ar\/index.php\/2026\/05\/02\/solido-y-solidario\/#breadcrumb","itemListElement":[{"@type":"ListItem","position":1,"name":"Inicio","item":"https:\/\/deportecapital.com.ar\/"},{"@type":"ListItem","position":2,"name":"S\u00f3lido y solidario"}]},{"@type":"WebSite","@id":"https:\/\/deportecapital.com.ar\/#website","url":"https:\/\/deportecapital.com.ar\/","name":"Deporte Capital","description":"Diario digital con todo el deporte de La Pampa y alrededores.","publisher":{"@id":"https:\/\/deportecapital.com.ar\/#organization"},"potentialAction":[{"@type":"SearchAction","target":{"@type":"EntryPoint","urlTemplate":"https:\/\/deportecapital.com.ar\/?s={search_term_string}"},"query-input":{"@type":"PropertyValueSpecification","valueRequired":true,"valueName":"search_term_string"}}],"inLanguage":"es-AR"},{"@type":"Organization","@id":"https:\/\/deportecapital.com.ar\/#organization","name":"Deporte Capital","url":"https:\/\/deportecapital.com.ar\/","logo":{"@type":"ImageObject","inLanguage":"es-AR","@id":"https:\/\/deportecapital.com.ar\/#\/schema\/logo\/image\/","url":"https:\/\/deportecapital.com.ar\/wp-content\/uploads\/2025\/06\/logo-deportecapital_white-1.png","contentUrl":"https:\/\/deportecapital.com.ar\/wp-content\/uploads\/2025\/06\/logo-deportecapital_white-1.png","width":243,"height":111,"caption":"Deporte Capital"},"image":{"@id":"https:\/\/deportecapital.com.ar\/#\/schema\/logo\/image\/"}},{"@type":"Person","@id":"https:\/\/deportecapital.com.ar\/#\/schema\/person\/9cd40456048dd30733b1d6749eca5de8","name":"Emilio Manrique","image":{"@type":"ImageObject","inLanguage":"es-AR","@id":"https:\/\/secure.gravatar.com\/avatar\/005c696496b156e30819f271efdd20348da8f41b5d5653680fd363162bbeb3bb?s=96&d=mm&r=g","url":"https:\/\/secure.gravatar.com\/avatar\/005c696496b156e30819f271efdd20348da8f41b5d5653680fd363162bbeb3bb?s=96&d=mm&r=g","contentUrl":"https:\/\/secure.gravatar.com\/avatar\/005c696496b156e30819f271efdd20348da8f41b5d5653680fd363162bbeb3bb?s=96&d=mm&r=g","caption":"Emilio Manrique"},"url":"https:\/\/deportecapital.com.ar\/index.php\/author\/emilio-manrique\/"}]}},"rttpg_featured_image_url":{"full":["https:\/\/deportecapital.com.ar\/wp-content\/uploads\/2026\/05\/ARON-9.jpg",1920,1178,false],"landscape":["https:\/\/deportecapital.com.ar\/wp-content\/uploads\/2026\/05\/ARON-9.jpg",1920,1178,false],"portraits":["https:\/\/deportecapital.com.ar\/wp-content\/uploads\/2026\/05\/ARON-9.jpg",1920,1178,false],"thumbnail":["https:\/\/deportecapital.com.ar\/wp-content\/uploads\/2026\/05\/ARON-9-150x150.jpg",150,150,true],"medium":["https:\/\/deportecapital.com.ar\/wp-content\/uploads\/2026\/05\/ARON-9-300x184.jpg",300,184,true],"large":["https:\/\/deportecapital.com.ar\/wp-content\/uploads\/2026\/05\/ARON-9-1024x628.jpg",640,393,true],"1536x1536":["https:\/\/deportecapital.com.ar\/wp-content\/uploads\/2026\/05\/ARON-9-1536x942.jpg",1536,942,true],"2048x2048":["https:\/\/deportecapital.com.ar\/wp-content\/uploads\/2026\/05\/ARON-9.jpg",1920,1178,false],"covernews-slider-full":["https:\/\/deportecapital.com.ar\/wp-content\/uploads\/2026\/05\/ARON-9-1115x715.jpg",1115,715,true],"covernews-slider-center":["https:\/\/deportecapital.com.ar\/wp-content\/uploads\/2026\/05\/ARON-9-800x500.jpg",800,500,true],"covernews-featured":["https:\/\/deportecapital.com.ar\/wp-content\/uploads\/2026\/05\/ARON-9-1024x628.jpg",1024,628,true],"covernews-medium":["https:\/\/deportecapital.com.ar\/wp-content\/uploads\/2026\/05\/ARON-9-540x340.jpg",540,340,true],"covernews-medium-square":["https:\/\/deportecapital.com.ar\/wp-content\/uploads\/2026\/05\/ARON-9-400x250.jpg",400,250,true]},"rttpg_author":{"display_name":"Emilio Manrique","author_link":"https:\/\/deportecapital.com.ar\/index.php\/author\/emilio-manrique\/"},"rttpg_comment":0,"rttpg_category":"<a href=\"https:\/\/deportecapital.com.ar\/index.php\/category\/destacadas\/\" rel=\"category tag\">Destacadas<\/a> <a href=\"https:\/\/deportecapital.com.ar\/index.php\/category\/futbol\/\" rel=\"category tag\">F\u00fatbol<\/a>","rttpg_excerpt":"Guardia del Monte hizo suyo el juego ante el Deportivo Mac Allister por 3 a...","_links":{"self":[{"href":"https:\/\/deportecapital.com.ar\/index.php\/wp-json\/wp\/v2\/posts\/57096","targetHints":{"allow":["GET"]}}],"collection":[{"href":"https:\/\/deportecapital.com.ar\/index.php\/wp-json\/wp\/v2\/posts"}],"about":[{"href":"https:\/\/deportecapital.com.ar\/index.php\/wp-json\/wp\/v2\/types\/post"}],"author":[{"embeddable":true,"href":"https:\/\/deportecapital.com.ar\/index.php\/wp-json\/wp\/v2\/users\/3"}],"replies":[{"embeddable":true,"href":"https:\/\/deportecapital.com.ar\/index.php\/wp-json\/wp\/v2\/comments?post=57096"}],"version-history":[{"count":4,"href":"https:\/\/deportecapital.com.ar\/index.php\/wp-json\/wp\/v2\/posts\/57096\/revisions"}],"predecessor-version":[{"id":57111,"href":"https:\/\/deportecapital.com.ar\/index.php\/wp-json\/wp\/v2\/posts\/57096\/revisions\/57111"}],"wp:featuredmedia":[{"embeddable":true,"href":"https:\/\/deportecapital.com.ar\/index.php\/wp-json\/wp\/v2\/media\/57105"}],"wp:attachment":[{"href":"https:\/\/deportecapital.com.ar\/index.php\/wp-json\/wp\/v2\/media?parent=57096"}],"wp:term":[{"taxonomy":"category","embeddable":true,"href":"https:\/\/deportecapital.com.ar\/index.php\/wp-json\/wp\/v2\/categories?post=57096"},{"taxonomy":"post_tag","embeddable":true,"href":"https:\/\/deportecapital.com.ar\/index.php\/wp-json\/wp\/v2\/tags?post=57096"}],"curies":[{"name":"wp","href":"https:\/\/api.w.org\/{rel}","templated":true}]}}