{"id":57122,"date":"2026-05-02T23:15:31","date_gmt":"2026-05-02T23:15:31","guid":{"rendered":"https:\/\/deportecapital.com.ar\/?p=57122"},"modified":"2026-05-02T23:16:49","modified_gmt":"2026-05-02T23:16:49","slug":"futbol-infantil-entre-barrios","status":"publish","type":"post","link":"https:\/\/deportecapital.com.ar\/index.php\/2026\/05\/02\/futbol-infantil-entre-barrios\/","title":{"rendered":"F\u00fatbol infantil Entre Barrios"},"content":{"rendered":"\t\t<div data-elementor-type=\"wp-post\" data-elementor-id=\"57122\" class=\"elementor elementor-57122\">\n\t\t\t\t<div class=\"elementor-element elementor-element-4c511ee1 e-flex e-con-boxed e-con e-parent\" data-id=\"4c511ee1\" data-element_type=\"container\" data-e-type=\"container\">\n\t\t\t\t\t<div class=\"e-con-inner\">\n\t\t\t\t<div class=\"elementor-element elementor-element-4b095435 elementor-widget elementor-widget-text-editor\" data-id=\"4b095435\" data-element_type=\"widget\" data-e-type=\"widget\" data-widget_type=\"text-editor.default\">\n\t\t\t\t<div class=\"elementor-widget-container\">\n\t\t\t\t\t\t\t\t\t<p>Con 38 equipos y m\u00e1s de 500 ni\u00f1os y ni\u00f1as de entre 6 y 15 a\u00f1os, inici\u00f3 el <strong>Torneo de F\u00fatbol Infantil Entre Barrios 2026<\/strong>.<\/p><p>\u00a0<\/p><p>Fue en las canchas del <strong>Estadio Municipal de Santa Rosa<\/strong>, en un d\u00eda a pleno sol y agradable temperatura.<\/p><p>El encuentro se desarroll\u00f3 a trav\u00e9s de la <strong>Subsecretar\u00eda de Deportes del Gobierno de La Pampa<\/strong>, con el acompa\u00f1amiento de la <strong>Municipalidad de Santa Rosa<\/strong>.<\/p><p>La actividad comenz\u00f3 en horas de la ma\u00f1ana de este s\u00e1bado y finaliz\u00f3 por la tarde, tras compartir un almuerzo.<\/p><p>De la propuesta deportiva y recreativa toman parte equipos de entidades y escuelas de f\u00fatbol de diferentes barrios de esta ciudad y <strong>Anguil<\/strong> (desde esta localidad viajaron alrededor de 50 chicos y chicas) de las categor\u00edas Sub 15 (mixto), Sub 15 femenina, Sub 12 (mixta), Sub 10 (mixta) y Sub 8 (mixta).<\/p><p>En la jornada se pudo ver a ni\u00f1os y ni\u00f1as jugando al f\u00fatbol, divertirse y sumando nuevas amistades, en un clima de inclusi\u00f3n y aprendizaje a trav\u00e9s del deporte.<\/p><p>Antes del mediod\u00eda, el <strong>intendente<\/strong> de esta ciudad, <em>Luciano di<\/em> <em>N\u00e1poli<\/em>, acompa\u00f1ado por su <strong>director de Deportes<\/strong>, <em>Gustavo<\/em> <em>Rodr\u00edguez<\/em>, y el <strong>Subsecretario de Deportes de La Pampa<\/strong>, <em>Ceferino<\/em> <em>Almud\u00e9var<\/em>, junto al <strong>Coordinador<\/strong> <em>Lucas<\/em> <em>Villafa\u00f1e<\/em>, llegaron al <strong>Estadio Municipal<\/strong> para presenciar la actividad, realizando un recorrido por las diferentes canchas.<\/p><p><strong>Prensa Subsecretar\u00eda<\/strong><\/p>\t\t\t\t\t\t\t\t<\/div>\n\t\t\t\t<\/div>\n\t\t\t\t\t<\/div>\n\t\t\t\t<\/div>\n\t\t<div class=\"elementor-element elementor-element-63a7cdf e-flex e-con-boxed e-con e-parent\" data-id=\"63a7cdf\" data-element_type=\"container\" data-e-type=\"container\">\n\t\t\t\t\t<div class=\"e-con-inner\">\n\t\t\t\t<div class=\"elementor-element elementor-element-f34914f elementor-widget elementor-widget-image-gallery\" data-id=\"f34914f\" data-element_type=\"widget\" data-e-type=\"widget\" data-widget_type=\"image-gallery.default\">\n\t\t\t\t<div class=\"elementor-widget-container\">\n\t\t\t\t\t\t\t<div class=\"elementor-image-gallery\">\n\t\t\t<div id='gallery-1' class='gallery galleryid-57122 gallery-columns-4 gallery-size-full'><figure class='gallery-item'>\n\t\t\t<div class='gallery-icon landscape'>\n\t\t\t\t<a data-elementor-open-lightbox=\"yes\" data-elementor-lightbox-slideshow=\"f34914f\" data-elementor-lightbox-title=\"Futbol\" data-e-action-hash=\"#elementor-action%3Aaction%3Dlightbox%26settings%3DeyJpZCI6NTcxMjMsInVybCI6Imh0dHBzOlwvXC9kZXBvcnRlY2FwaXRhbC5jb20uYXJcL3dwLWNvbnRlbnRcL3VwbG9hZHNcLzIwMjZcLzA1XC9EU0NfMDEwMC5qcGciLCJzbGlkZXNob3ciOiJmMzQ5MTRmIn0%3D\" href='https:\/\/deportecapital.com.ar\/wp-content\/uploads\/2026\/05\/DSC_0100.jpg'><img loading=\"lazy\" width=\"1920\" height=\"1275\" src=\"https:\/\/deportecapital.com.ar\/wp-content\/uploads\/2026\/05\/DSC_0100.jpg\" class=\"attachment-full size-full\" alt=\"Futbol\" srcset=\"https:\/\/deportecapital.com.ar\/wp-content\/uploads\/2026\/05\/DSC_0100.jpg 1920w, https:\/\/deportecapital.com.ar\/wp-content\/uploads\/2026\/05\/DSC_0100-300x199.jpg 300w, https:\/\/deportecapital.com.ar\/wp-content\/uploads\/2026\/05\/DSC_0100-1024x680.jpg 1024w, https:\/\/deportecapital.com.ar\/wp-content\/uploads\/2026\/05\/DSC_0100-768x510.jpg 768w, https:\/\/deportecapital.com.ar\/wp-content\/uploads\/2026\/05\/DSC_0100-1536x1020.jpg 1536w\" sizes=\"auto, (max-width: 1920px) 100vw, 1920px\" loading=\"lazy\" decoding=\"async\" \/><\/a>\n\t\t\t<\/div><\/figure><figure class='gallery-item'>\n\t\t\t<div class='gallery-icon landscape'>\n\t\t\t\t<a data-elementor-open-lightbox=\"yes\" data-elementor-lightbox-slideshow=\"f34914f\" data-elementor-lightbox-title=\"Futbol\" data-e-action-hash=\"#elementor-action%3Aaction%3Dlightbox%26settings%3DeyJpZCI6NTcxMjYsInVybCI6Imh0dHBzOlwvXC9kZXBvcnRlY2FwaXRhbC5jb20uYXJcL3dwLWNvbnRlbnRcL3VwbG9hZHNcLzIwMjZcLzA1XC9EU0NfMDEyOS5qcGciLCJzbGlkZXNob3ciOiJmMzQ5MTRmIn0%3D\" href='https:\/\/deportecapital.com.ar\/wp-content\/uploads\/2026\/05\/DSC_0129.jpg'><img loading=\"lazy\" width=\"1920\" height=\"1285\" src=\"https:\/\/deportecapital.com.ar\/wp-content\/uploads\/2026\/05\/DSC_0129.jpg\" class=\"attachment-full size-full\" alt=\"Futbol\" srcset=\"https:\/\/deportecapital.com.ar\/wp-content\/uploads\/2026\/05\/DSC_0129.jpg 1920w, https:\/\/deportecapital.com.ar\/wp-content\/uploads\/2026\/05\/DSC_0129-300x201.jpg 300w, https:\/\/deportecapital.com.ar\/wp-content\/uploads\/2026\/05\/DSC_0129-1024x685.jpg 1024w, https:\/\/deportecapital.com.ar\/wp-content\/uploads\/2026\/05\/DSC_0129-768x514.jpg 768w, https:\/\/deportecapital.com.ar\/wp-content\/uploads\/2026\/05\/DSC_0129-1536x1028.jpg 1536w\" sizes=\"auto, (max-width: 1920px) 100vw, 1920px\" loading=\"lazy\" decoding=\"async\" \/><\/a>\n\t\t\t<\/div><\/figure><figure class='gallery-item'>\n\t\t\t<div class='gallery-icon landscape'>\n\t\t\t\t<a data-elementor-open-lightbox=\"yes\" data-elementor-lightbox-slideshow=\"f34914f\" data-elementor-lightbox-title=\"Futbol\" data-e-action-hash=\"#elementor-action%3Aaction%3Dlightbox%26settings%3DeyJpZCI6NTcxMjUsInVybCI6Imh0dHBzOlwvXC9kZXBvcnRlY2FwaXRhbC5jb20uYXJcL3dwLWNvbnRlbnRcL3VwbG9hZHNcLzIwMjZcLzA1XC9EU0NfMDExMy5qcGciLCJzbGlkZXNob3ciOiJmMzQ5MTRmIn0%3D\" href='https:\/\/deportecapital.com.ar\/wp-content\/uploads\/2026\/05\/DSC_0113.jpg'><img loading=\"lazy\" width=\"1920\" height=\"1342\" src=\"https:\/\/deportecapital.com.ar\/wp-content\/uploads\/2026\/05\/DSC_0113.jpg\" class=\"attachment-full size-full\" alt=\"Futbol\" srcset=\"https:\/\/deportecapital.com.ar\/wp-content\/uploads\/2026\/05\/DSC_0113.jpg 1920w, https:\/\/deportecapital.com.ar\/wp-content\/uploads\/2026\/05\/DSC_0113-300x210.jpg 300w, https:\/\/deportecapital.com.ar\/wp-content\/uploads\/2026\/05\/DSC_0113-1024x716.jpg 1024w, https:\/\/deportecapital.com.ar\/wp-content\/uploads\/2026\/05\/DSC_0113-768x537.jpg 768w, https:\/\/deportecapital.com.ar\/wp-content\/uploads\/2026\/05\/DSC_0113-1536x1074.jpg 1536w\" sizes=\"auto, (max-width: 1920px) 100vw, 1920px\" loading=\"lazy\" decoding=\"async\" \/><\/a>\n\t\t\t<\/div><\/figure><figure class='gallery-item'>\n\t\t\t<div class='gallery-icon landscape'>\n\t\t\t\t<a data-elementor-open-lightbox=\"yes\" data-elementor-lightbox-slideshow=\"f34914f\" data-elementor-lightbox-title=\"Futbol\" data-e-action-hash=\"#elementor-action%3Aaction%3Dlightbox%26settings%3DeyJpZCI6NTcxMjQsInVybCI6Imh0dHBzOlwvXC9kZXBvcnRlY2FwaXRhbC5jb20uYXJcL3dwLWNvbnRlbnRcL3VwbG9hZHNcLzIwMjZcLzA1XC9EU0NfMDEwNy5qcGciLCJzbGlkZXNob3ciOiJmMzQ5MTRmIn0%3D\" href='https:\/\/deportecapital.com.ar\/wp-content\/uploads\/2026\/05\/DSC_0107.jpg'><img loading=\"lazy\" width=\"1920\" height=\"1292\" src=\"https:\/\/deportecapital.com.ar\/wp-content\/uploads\/2026\/05\/DSC_0107.jpg\" class=\"attachment-full size-full\" alt=\"Futbol\" srcset=\"https:\/\/deportecapital.com.ar\/wp-content\/uploads\/2026\/05\/DSC_0107.jpg 1920w, https:\/\/deportecapital.com.ar\/wp-content\/uploads\/2026\/05\/DSC_0107-300x202.jpg 300w, https:\/\/deportecapital.com.ar\/wp-content\/uploads\/2026\/05\/DSC_0107-1024x689.jpg 1024w, https:\/\/deportecapital.com.ar\/wp-content\/uploads\/2026\/05\/DSC_0107-768x517.jpg 768w, https:\/\/deportecapital.com.ar\/wp-content\/uploads\/2026\/05\/DSC_0107-1536x1034.jpg 1536w\" sizes=\"auto, (max-width: 1920px) 100vw, 1920px\" loading=\"lazy\" decoding=\"async\" \/><\/a>\n\t\t\t<\/div><\/figure>\n\t\t<\/div>\n\t\t<\/div>\n\t\t\t\t\t\t<\/div>\n\t\t\t\t<\/div>\n\t\t\t\t\t<\/div>\n\t\t\t\t<\/div>\n\t\t\t\t<\/div>\n\t\t","protected":false},"excerpt":{"rendered":"<p>Con 38 equipos y m\u00e1s de 500 ni\u00f1os y ni\u00f1as de entre 6 y 15&#8230;<\/p>\n","protected":false},"author":3,"featured_media":57126,"comment_status":"closed","ping_status":"open","sticky":false,"template":"","format":"standard","meta":{"footnotes":""},"categories":[58,19],"tags":[],"class_list":["post-57122","post","type-post","status-publish","format-standard","has-post-thumbnail","hentry","category-destacadas2","category-futbol"],"yoast_head":"<!-- This site is optimized with the Yoast SEO plugin v27.5 - https:\/\/yoast.com\/product\/yoast-seo-wordpress\/ -->\n<title>F\u00fatbol infantil Entre Barrios - Deporte Capital<\/title>\n<meta name=\"robots\" content=\"index, follow, max-snippet:-1, max-image-preview:large, max-video-preview:-1\" \/>\n<link rel=\"canonical\" href=\"https:\/\/deportecapital.com.ar\/index.php\/2026\/05\/02\/futbol-infantil-entre-barrios\/\" \/>\n<meta property=\"og:locale\" content=\"es_ES\" \/>\n<meta property=\"og:type\" content=\"article\" \/>\n<meta property=\"og:title\" content=\"F\u00fatbol infantil Entre Barrios - Deporte Capital\" \/>\n<meta property=\"og:description\" content=\"Con 38 equipos y m\u00e1s de 500 ni\u00f1os y ni\u00f1as de entre 6 y 15...\" \/>\n<meta property=\"og:url\" content=\"https:\/\/deportecapital.com.ar\/index.php\/2026\/05\/02\/futbol-infantil-entre-barrios\/\" \/>\n<meta property=\"og:site_name\" content=\"Deporte Capital\" \/>\n<meta property=\"article:published_time\" content=\"2026-05-02T23:15:31+00:00\" \/>\n<meta property=\"article:modified_time\" content=\"2026-05-02T23:16:49+00:00\" \/>\n<meta property=\"og:image\" content=\"https:\/\/deportecapital.com.ar\/wp-content\/uploads\/2026\/05\/DSC_0129.jpg\" \/>\n\t<meta property=\"og:image:width\" content=\"1920\" \/>\n\t<meta property=\"og:image:height\" content=\"1285\" \/>\n\t<meta property=\"og:image:type\" content=\"image\/jpeg\" \/>\n<meta name=\"author\" content=\"Emilio Manrique\" \/>\n<meta name=\"twitter:card\" content=\"summary_large_image\" \/>\n<meta name=\"twitter:label1\" content=\"Escrito por\" \/>\n\t<meta name=\"twitter:data1\" content=\"Emilio Manrique\" \/>\n\t<meta name=\"twitter:label2\" content=\"Tiempo de lectura\" \/>\n\t<meta name=\"twitter:data2\" content=\"2 minutos\" \/>\n<script type=\"application\/ld+json\" class=\"yoast-schema-graph\">{\"@context\":\"https:\\\/\\\/schema.org\",\"@graph\":[{\"@type\":\"Article\",\"@id\":\"https:\\\/\\\/deportecapital.com.ar\\\/index.php\\\/2026\\\/05\\\/02\\\/futbol-infantil-entre-barrios\\\/#article\",\"isPartOf\":{\"@id\":\"https:\\\/\\\/deportecapital.com.ar\\\/index.php\\\/2026\\\/05\\\/02\\\/futbol-infantil-entre-barrios\\\/\"},\"author\":{\"name\":\"Emilio Manrique\",\"@id\":\"https:\\\/\\\/deportecapital.com.ar\\\/#\\\/schema\\\/person\\\/9cd40456048dd30733b1d6749eca5de8\"},\"headline\":\"F\u00fatbol infantil Entre Barrios\",\"datePublished\":\"2026-05-02T23:15:31+00:00\",\"dateModified\":\"2026-05-02T23:16:49+00:00\",\"mainEntityOfPage\":{\"@id\":\"https:\\\/\\\/deportecapital.com.ar\\\/index.php\\\/2026\\\/05\\\/02\\\/futbol-infantil-entre-barrios\\\/\"},\"wordCount\":240,\"publisher\":{\"@id\":\"https:\\\/\\\/deportecapital.com.ar\\\/#organization\"},\"image\":{\"@id\":\"https:\\\/\\\/deportecapital.com.ar\\\/index.php\\\/2026\\\/05\\\/02\\\/futbol-infantil-entre-barrios\\\/#primaryimage\"},\"thumbnailUrl\":\"https:\\\/\\\/deportecapital.com.ar\\\/wp-content\\\/uploads\\\/2026\\\/05\\\/DSC_0129.jpg\",\"articleSection\":[\"Destacadas2\",\"F\u00fatbol\"],\"inLanguage\":\"es-AR\"},{\"@type\":\"WebPage\",\"@id\":\"https:\\\/\\\/deportecapital.com.ar\\\/index.php\\\/2026\\\/05\\\/02\\\/futbol-infantil-entre-barrios\\\/\",\"url\":\"https:\\\/\\\/deportecapital.com.ar\\\/index.php\\\/2026\\\/05\\\/02\\\/futbol-infantil-entre-barrios\\\/\",\"name\":\"F\u00fatbol infantil Entre Barrios - Deporte Capital\",\"isPartOf\":{\"@id\":\"https:\\\/\\\/deportecapital.com.ar\\\/#website\"},\"primaryImageOfPage\":{\"@id\":\"https:\\\/\\\/deportecapital.com.ar\\\/index.php\\\/2026\\\/05\\\/02\\\/futbol-infantil-entre-barrios\\\/#primaryimage\"},\"image\":{\"@id\":\"https:\\\/\\\/deportecapital.com.ar\\\/index.php\\\/2026\\\/05\\\/02\\\/futbol-infantil-entre-barrios\\\/#primaryimage\"},\"thumbnailUrl\":\"https:\\\/\\\/deportecapital.com.ar\\\/wp-content\\\/uploads\\\/2026\\\/05\\\/DSC_0129.jpg\",\"datePublished\":\"2026-05-02T23:15:31+00:00\",\"dateModified\":\"2026-05-02T23:16:49+00:00\",\"breadcrumb\":{\"@id\":\"https:\\\/\\\/deportecapital.com.ar\\\/index.php\\\/2026\\\/05\\\/02\\\/futbol-infantil-entre-barrios\\\/#breadcrumb\"},\"inLanguage\":\"es-AR\",\"potentialAction\":[{\"@type\":\"ReadAction\",\"target\":[\"https:\\\/\\\/deportecapital.com.ar\\\/index.php\\\/2026\\\/05\\\/02\\\/futbol-infantil-entre-barrios\\\/\"]}]},{\"@type\":\"ImageObject\",\"inLanguage\":\"es-AR\",\"@id\":\"https:\\\/\\\/deportecapital.com.ar\\\/index.php\\\/2026\\\/05\\\/02\\\/futbol-infantil-entre-barrios\\\/#primaryimage\",\"url\":\"https:\\\/\\\/deportecapital.com.ar\\\/wp-content\\\/uploads\\\/2026\\\/05\\\/DSC_0129.jpg\",\"contentUrl\":\"https:\\\/\\\/deportecapital.com.ar\\\/wp-content\\\/uploads\\\/2026\\\/05\\\/DSC_0129.jpg\",\"width\":1920,\"height\":1285},{\"@type\":\"BreadcrumbList\",\"@id\":\"https:\\\/\\\/deportecapital.com.ar\\\/index.php\\\/2026\\\/05\\\/02\\\/futbol-infantil-entre-barrios\\\/#breadcrumb\",\"itemListElement\":[{\"@type\":\"ListItem\",\"position\":1,\"name\":\"Inicio\",\"item\":\"https:\\\/\\\/deportecapital.com.ar\\\/\"},{\"@type\":\"ListItem\",\"position\":2,\"name\":\"F\u00fatbol infantil Entre Barrios\"}]},{\"@type\":\"WebSite\",\"@id\":\"https:\\\/\\\/deportecapital.com.ar\\\/#website\",\"url\":\"https:\\\/\\\/deportecapital.com.ar\\\/\",\"name\":\"Deporte Capital\",\"description\":\"Diario digital con todo el deporte de La Pampa y alrededores.\",\"publisher\":{\"@id\":\"https:\\\/\\\/deportecapital.com.ar\\\/#organization\"},\"potentialAction\":[{\"@type\":\"SearchAction\",\"target\":{\"@type\":\"EntryPoint\",\"urlTemplate\":\"https:\\\/\\\/deportecapital.com.ar\\\/?s={search_term_string}\"},\"query-input\":{\"@type\":\"PropertyValueSpecification\",\"valueRequired\":true,\"valueName\":\"search_term_string\"}}],\"inLanguage\":\"es-AR\"},{\"@type\":\"Organization\",\"@id\":\"https:\\\/\\\/deportecapital.com.ar\\\/#organization\",\"name\":\"Deporte Capital\",\"url\":\"https:\\\/\\\/deportecapital.com.ar\\\/\",\"logo\":{\"@type\":\"ImageObject\",\"inLanguage\":\"es-AR\",\"@id\":\"https:\\\/\\\/deportecapital.com.ar\\\/#\\\/schema\\\/logo\\\/image\\\/\",\"url\":\"https:\\\/\\\/deportecapital.com.ar\\\/wp-content\\\/uploads\\\/2025\\\/06\\\/logo-deportecapital_white-1.png\",\"contentUrl\":\"https:\\\/\\\/deportecapital.com.ar\\\/wp-content\\\/uploads\\\/2025\\\/06\\\/logo-deportecapital_white-1.png\",\"width\":243,\"height\":111,\"caption\":\"Deporte Capital\"},\"image\":{\"@id\":\"https:\\\/\\\/deportecapital.com.ar\\\/#\\\/schema\\\/logo\\\/image\\\/\"}},{\"@type\":\"Person\",\"@id\":\"https:\\\/\\\/deportecapital.com.ar\\\/#\\\/schema\\\/person\\\/9cd40456048dd30733b1d6749eca5de8\",\"name\":\"Emilio Manrique\",\"image\":{\"@type\":\"ImageObject\",\"inLanguage\":\"es-AR\",\"@id\":\"https:\\\/\\\/secure.gravatar.com\\\/avatar\\\/005c696496b156e30819f271efdd20348da8f41b5d5653680fd363162bbeb3bb?s=96&d=mm&r=g\",\"url\":\"https:\\\/\\\/secure.gravatar.com\\\/avatar\\\/005c696496b156e30819f271efdd20348da8f41b5d5653680fd363162bbeb3bb?s=96&d=mm&r=g\",\"contentUrl\":\"https:\\\/\\\/secure.gravatar.com\\\/avatar\\\/005c696496b156e30819f271efdd20348da8f41b5d5653680fd363162bbeb3bb?s=96&d=mm&r=g\",\"caption\":\"Emilio Manrique\"},\"url\":\"https:\\\/\\\/deportecapital.com.ar\\\/index.php\\\/author\\\/emilio-manrique\\\/\"}]}<\/script>\n<!-- \/ Yoast SEO plugin. -->","yoast_head_json":{"title":"F\u00fatbol infantil Entre Barrios - Deporte Capital","robots":{"index":"index","follow":"follow","max-snippet":"max-snippet:-1","max-image-preview":"max-image-preview:large","max-video-preview":"max-video-preview:-1"},"canonical":"https:\/\/deportecapital.com.ar\/index.php\/2026\/05\/02\/futbol-infantil-entre-barrios\/","og_locale":"es_ES","og_type":"article","og_title":"F\u00fatbol infantil Entre Barrios - Deporte Capital","og_description":"Con 38 equipos y m\u00e1s de 500 ni\u00f1os y ni\u00f1as de entre 6 y 15...","og_url":"https:\/\/deportecapital.com.ar\/index.php\/2026\/05\/02\/futbol-infantil-entre-barrios\/","og_site_name":"Deporte Capital","article_published_time":"2026-05-02T23:15:31+00:00","article_modified_time":"2026-05-02T23:16:49+00:00","og_image":[{"width":1920,"height":1285,"url":"https:\/\/deportecapital.com.ar\/wp-content\/uploads\/2026\/05\/DSC_0129.jpg","type":"image\/jpeg"}],"author":"Emilio Manrique","twitter_card":"summary_large_image","twitter_misc":{"Escrito por":"Emilio Manrique","Tiempo de lectura":"2 minutos"},"schema":{"@context":"https:\/\/schema.org","@graph":[{"@type":"Article","@id":"https:\/\/deportecapital.com.ar\/index.php\/2026\/05\/02\/futbol-infantil-entre-barrios\/#article","isPartOf":{"@id":"https:\/\/deportecapital.com.ar\/index.php\/2026\/05\/02\/futbol-infantil-entre-barrios\/"},"author":{"name":"Emilio Manrique","@id":"https:\/\/deportecapital.com.ar\/#\/schema\/person\/9cd40456048dd30733b1d6749eca5de8"},"headline":"F\u00fatbol infantil Entre Barrios","datePublished":"2026-05-02T23:15:31+00:00","dateModified":"2026-05-02T23:16:49+00:00","mainEntityOfPage":{"@id":"https:\/\/deportecapital.com.ar\/index.php\/2026\/05\/02\/futbol-infantil-entre-barrios\/"},"wordCount":240,"publisher":{"@id":"https:\/\/deportecapital.com.ar\/#organization"},"image":{"@id":"https:\/\/deportecapital.com.ar\/index.php\/2026\/05\/02\/futbol-infantil-entre-barrios\/#primaryimage"},"thumbnailUrl":"https:\/\/deportecapital.com.ar\/wp-content\/uploads\/2026\/05\/DSC_0129.jpg","articleSection":["Destacadas2","F\u00fatbol"],"inLanguage":"es-AR"},{"@type":"WebPage","@id":"https:\/\/deportecapital.com.ar\/index.php\/2026\/05\/02\/futbol-infantil-entre-barrios\/","url":"https:\/\/deportecapital.com.ar\/index.php\/2026\/05\/02\/futbol-infantil-entre-barrios\/","name":"F\u00fatbol infantil Entre Barrios - Deporte Capital","isPartOf":{"@id":"https:\/\/deportecapital.com.ar\/#website"},"primaryImageOfPage":{"@id":"https:\/\/deportecapital.com.ar\/index.php\/2026\/05\/02\/futbol-infantil-entre-barrios\/#primaryimage"},"image":{"@id":"https:\/\/deportecapital.com.ar\/index.php\/2026\/05\/02\/futbol-infantil-entre-barrios\/#primaryimage"},"thumbnailUrl":"https:\/\/deportecapital.com.ar\/wp-content\/uploads\/2026\/05\/DSC_0129.jpg","datePublished":"2026-05-02T23:15:31+00:00","dateModified":"2026-05-02T23:16:49+00:00","breadcrumb":{"@id":"https:\/\/deportecapital.com.ar\/index.php\/2026\/05\/02\/futbol-infantil-entre-barrios\/#breadcrumb"},"inLanguage":"es-AR","potentialAction":[{"@type":"ReadAction","target":["https:\/\/deportecapital.com.ar\/index.php\/2026\/05\/02\/futbol-infantil-entre-barrios\/"]}]},{"@type":"ImageObject","inLanguage":"es-AR","@id":"https:\/\/deportecapital.com.ar\/index.php\/2026\/05\/02\/futbol-infantil-entre-barrios\/#primaryimage","url":"https:\/\/deportecapital.com.ar\/wp-content\/uploads\/2026\/05\/DSC_0129.jpg","contentUrl":"https:\/\/deportecapital.com.ar\/wp-content\/uploads\/2026\/05\/DSC_0129.jpg","width":1920,"height":1285},{"@type":"BreadcrumbList","@id":"https:\/\/deportecapital.com.ar\/index.php\/2026\/05\/02\/futbol-infantil-entre-barrios\/#breadcrumb","itemListElement":[{"@type":"ListItem","position":1,"name":"Inicio","item":"https:\/\/deportecapital.com.ar\/"},{"@type":"ListItem","position":2,"name":"F\u00fatbol infantil Entre Barrios"}]},{"@type":"WebSite","@id":"https:\/\/deportecapital.com.ar\/#website","url":"https:\/\/deportecapital.com.ar\/","name":"Deporte Capital","description":"Diario digital con todo el deporte de La Pampa y alrededores.","publisher":{"@id":"https:\/\/deportecapital.com.ar\/#organization"},"potentialAction":[{"@type":"SearchAction","target":{"@type":"EntryPoint","urlTemplate":"https:\/\/deportecapital.com.ar\/?s={search_term_string}"},"query-input":{"@type":"PropertyValueSpecification","valueRequired":true,"valueName":"search_term_string"}}],"inLanguage":"es-AR"},{"@type":"Organization","@id":"https:\/\/deportecapital.com.ar\/#organization","name":"Deporte Capital","url":"https:\/\/deportecapital.com.ar\/","logo":{"@type":"ImageObject","inLanguage":"es-AR","@id":"https:\/\/deportecapital.com.ar\/#\/schema\/logo\/image\/","url":"https:\/\/deportecapital.com.ar\/wp-content\/uploads\/2025\/06\/logo-deportecapital_white-1.png","contentUrl":"https:\/\/deportecapital.com.ar\/wp-content\/uploads\/2025\/06\/logo-deportecapital_white-1.png","width":243,"height":111,"caption":"Deporte Capital"},"image":{"@id":"https:\/\/deportecapital.com.ar\/#\/schema\/logo\/image\/"}},{"@type":"Person","@id":"https:\/\/deportecapital.com.ar\/#\/schema\/person\/9cd40456048dd30733b1d6749eca5de8","name":"Emilio Manrique","image":{"@type":"ImageObject","inLanguage":"es-AR","@id":"https:\/\/secure.gravatar.com\/avatar\/005c696496b156e30819f271efdd20348da8f41b5d5653680fd363162bbeb3bb?s=96&d=mm&r=g","url":"https:\/\/secure.gravatar.com\/avatar\/005c696496b156e30819f271efdd20348da8f41b5d5653680fd363162bbeb3bb?s=96&d=mm&r=g","contentUrl":"https:\/\/secure.gravatar.com\/avatar\/005c696496b156e30819f271efdd20348da8f41b5d5653680fd363162bbeb3bb?s=96&d=mm&r=g","caption":"Emilio Manrique"},"url":"https:\/\/deportecapital.com.ar\/index.php\/author\/emilio-manrique\/"}]}},"rttpg_featured_image_url":{"full":["https:\/\/deportecapital.com.ar\/wp-content\/uploads\/2026\/05\/DSC_0129.jpg",1920,1285,false],"landscape":["https:\/\/deportecapital.com.ar\/wp-content\/uploads\/2026\/05\/DSC_0129.jpg",1920,1285,false],"portraits":["https:\/\/deportecapital.com.ar\/wp-content\/uploads\/2026\/05\/DSC_0129.jpg",1920,1285,false],"thumbnail":["https:\/\/deportecapital.com.ar\/wp-content\/uploads\/2026\/05\/DSC_0129-150x150.jpg",150,150,true],"medium":["https:\/\/deportecapital.com.ar\/wp-content\/uploads\/2026\/05\/DSC_0129-300x201.jpg",300,201,true],"large":["https:\/\/deportecapital.com.ar\/wp-content\/uploads\/2026\/05\/DSC_0129-1024x685.jpg",640,428,true],"1536x1536":["https:\/\/deportecapital.com.ar\/wp-content\/uploads\/2026\/05\/DSC_0129-1536x1028.jpg",1536,1028,true],"2048x2048":["https:\/\/deportecapital.com.ar\/wp-content\/uploads\/2026\/05\/DSC_0129.jpg",1920,1285,false],"covernews-slider-full":["https:\/\/deportecapital.com.ar\/wp-content\/uploads\/2026\/05\/DSC_0129-1115x715.jpg",1115,715,true],"covernews-slider-center":["https:\/\/deportecapital.com.ar\/wp-content\/uploads\/2026\/05\/DSC_0129-800x500.jpg",800,500,true],"covernews-featured":["https:\/\/deportecapital.com.ar\/wp-content\/uploads\/2026\/05\/DSC_0129-1024x685.jpg",1024,685,true],"covernews-medium":["https:\/\/deportecapital.com.ar\/wp-content\/uploads\/2026\/05\/DSC_0129-540x340.jpg",540,340,true],"covernews-medium-square":["https:\/\/deportecapital.com.ar\/wp-content\/uploads\/2026\/05\/DSC_0129-400x250.jpg",400,250,true]},"rttpg_author":{"display_name":"Emilio Manrique","author_link":"https:\/\/deportecapital.com.ar\/index.php\/author\/emilio-manrique\/"},"rttpg_comment":0,"rttpg_category":"<a href=\"https:\/\/deportecapital.com.ar\/index.php\/category\/destacadas2\/\" rel=\"category tag\">Destacadas2<\/a> <a href=\"https:\/\/deportecapital.com.ar\/index.php\/category\/futbol\/\" rel=\"category tag\">F\u00fatbol<\/a>","rttpg_excerpt":"Con 38 equipos y m\u00e1s de 500 ni\u00f1os y ni\u00f1as de entre 6 y 15...","_links":{"self":[{"href":"https:\/\/deportecapital.com.ar\/index.php\/wp-json\/wp\/v2\/posts\/57122","targetHints":{"allow":["GET"]}}],"collection":[{"href":"https:\/\/deportecapital.com.ar\/index.php\/wp-json\/wp\/v2\/posts"}],"about":[{"href":"https:\/\/deportecapital.com.ar\/index.php\/wp-json\/wp\/v2\/types\/post"}],"author":[{"embeddable":true,"href":"https:\/\/deportecapital.com.ar\/index.php\/wp-json\/wp\/v2\/users\/3"}],"replies":[{"embeddable":true,"href":"https:\/\/deportecapital.com.ar\/index.php\/wp-json\/wp\/v2\/comments?post=57122"}],"version-history":[{"count":4,"href":"https:\/\/deportecapital.com.ar\/index.php\/wp-json\/wp\/v2\/posts\/57122\/revisions"}],"predecessor-version":[{"id":57130,"href":"https:\/\/deportecapital.com.ar\/index.php\/wp-json\/wp\/v2\/posts\/57122\/revisions\/57130"}],"wp:featuredmedia":[{"embeddable":true,"href":"https:\/\/deportecapital.com.ar\/index.php\/wp-json\/wp\/v2\/media\/57126"}],"wp:attachment":[{"href":"https:\/\/deportecapital.com.ar\/index.php\/wp-json\/wp\/v2\/media?parent=57122"}],"wp:term":[{"taxonomy":"category","embeddable":true,"href":"https:\/\/deportecapital.com.ar\/index.php\/wp-json\/wp\/v2\/categories?post=57122"},{"taxonomy":"post_tag","embeddable":true,"href":"https:\/\/deportecapital.com.ar\/index.php\/wp-json\/wp\/v2\/tags?post=57122"}],"curies":[{"name":"wp","href":"https:\/\/api.w.org\/{rel}","templated":true}]}}