{"id":59516,"date":"2026-08-31T00:01:45","date_gmt":"2026-08-31T00:01:45","guid":{"rendered":"https:\/\/deportecapital.com.ar\/?p=59516"},"modified":"2026-08-31T00:03:15","modified_gmt":"2026-08-31T00:03:15","slug":"desafio-barrancas-trail-run","status":"publish","type":"post","link":"https:\/\/deportecapital.com.ar\/index.php\/2026\/08\/31\/desafio-barrancas-trail-run\/","title":{"rendered":"Desaf\u00edo Barrancas Trail Run"},"content":{"rendered":"\t\t<div data-elementor-type=\"wp-post\" data-elementor-id=\"59516\" class=\"elementor elementor-59516\">\n\t\t\t\t<div class=\"elementor-element elementor-element-1bd3e7a8 e-flex e-con-boxed e-con e-parent\" data-id=\"1bd3e7a8\" data-element_type=\"container\" data-e-type=\"container\">\n\t\t\t\t\t<div class=\"e-con-inner\">\n\t\t\t\t<div class=\"elementor-element elementor-element-702079c8 elementor-widget elementor-widget-text-editor\" data-id=\"702079c8\" data-element_type=\"widget\" data-e-type=\"widget\" data-widget_type=\"text-editor.default\">\n\t\t\t\t<div class=\"elementor-widget-container\">\n\t\t\t\t\t\t\t\t\t<p>Este domingo se disput\u00f3 la quinta edici\u00f3n del Desaf\u00edo en parejas <strong>Barrancas Trail Run<\/strong>.<\/p><p>\u00a0<\/p><p><em>Juan Alc\u00e1ntara<\/em> y <em>Lucas Garro<\/em> en binomio caballeros; <em>Roc\u00edo Sueldo<\/em> y <em>Hugo Gebruers<\/em> en dupla mixta, y <em>Rita D\u00edaz-Florencia Caro<\/em> en pareja damas, fueron _entre otras categor\u00edas_ los ganadores de la particular competencia.<\/p><p>Fue con largada y llegada en el nuevo predio del <strong>club La Barranca<\/strong>, con organizaci\u00f3n y cronometraje de <strong>Marathon Eventos<\/strong> y el apoyo de la <strong>Direcci\u00f3n de Deportes de Toay<\/strong>.<\/p><p>La carrera se disput\u00f3 por un circuito de 15 km de extensi\u00f3n entre m\u00e9danos, bosque de caldenes y senderos con subidas y bajadas, sumamente atractivo.<\/p><div id=\"m_-5450824940416931738divRplyFwdMsg\"><div><b>Clasificaciones<\/b><\/div><\/div><div>\u00a0<\/div><table border=\"1\" cellspacing=\"0\" cellpadding=\"0\"><tbody><tr><td>\u00a0<\/td><td><div>DAMAS HASTA 70<\/div><\/td><td>\u00a0<\/td><td>\u00a0<\/td><td>\u00a0<\/td><\/tr><tr><td rowspan=\"3\"><div>1<\/div><\/td><td><div>INTEGRANTES<\/div><\/td><td><div>CAT<\/div><\/td><td><div>DORSAL<\/div><\/td><td><div>TIEMPO<\/div><\/td><\/tr><tr><td><div>CARRO FERNANDEZ, LUZ<\/div><\/td><td rowspan=\"2\"><div>DAM-70<\/div><\/td><td rowspan=\"2\"><div>24<\/div><\/td><td rowspan=\"2\"><div>1:36&#8217;53<\/div><\/td><\/tr><tr><td><div>HONDERE, YASMIN<\/div><\/td><\/tr><tr><td>\u00a0<\/td><td>\u00a0<\/td><td>\u00a0<\/td><td>\u00a0<\/td><td>\u00a0<\/td><\/tr><tr><td rowspan=\"3\"><div>2<\/div><\/td><td><div>INTEGRANTES<\/div><\/td><td><div>CAT<\/div><\/td><td><div>DORSAL<\/div><\/td><td><div>TIEMPO<\/div><\/td><\/tr><tr><td><div>JALIP, PAMELA<\/div><\/td><td rowspan=\"2\"><div>DAM-70<\/div><\/td><td rowspan=\"2\"><div>69<\/div><\/td><td rowspan=\"2\"><div>1:41&#8217;32<\/div><\/td><\/tr><tr><td><div>BRIGNARDELLO, GISELA<\/div><\/td><\/tr><tr><td>\u00a0<\/td><td>\u00a0<\/td><td>\u00a0<\/td><td>\u00a0<\/td><td>\u00a0<\/td><\/tr><tr><td>\u00a0<\/td><td><div>DMAS HASTA 80<\/div><\/td><td>\u00a0<\/td><td>\u00a0<\/td><td>\u00a0<\/td><\/tr><tr><td rowspan=\"3\"><div>1<\/div><\/td><td><div>INTEGRANTES<\/div><\/td><td><div>CAT<\/div><\/td><td><div>DORSAL<\/div><\/td><td><div>TIEMPO<\/div><\/td><\/tr><tr><td><div>DIAZ, RITA<\/div><\/td><td rowspan=\"2\"><div>DAM-80<\/div><\/td><td rowspan=\"2\"><div>71<\/div><\/td><td rowspan=\"2\"><div>1:11&#8217;02<\/div><\/td><\/tr><tr><td><div>CARO, FLORENCIA<\/div><\/td><\/tr><tr><td>\u00a0<\/td><td>\u00a0<\/td><td>\u00a0<\/td><td>\u00a0<\/td><td>\u00a0<\/td><\/tr><tr><td rowspan=\"3\"><div>2<\/div><\/td><td><div>INTEGRANTES<\/div><\/td><td><div>CAT<\/div><\/td><td><div>DORSAL<\/div><\/td><td><div>TIEMPO<\/div><\/td><\/tr><tr><td><div>ROJAS, LUCIANA<\/div><\/td><td rowspan=\"2\"><div>DAM-80<\/div><\/td><td rowspan=\"2\"><div>57<\/div><\/td><td rowspan=\"2\"><div>1:22&#8217;52<\/div><\/td><\/tr><tr><td><div>ROSSETTO, MARIA<\/div><\/td><\/tr><tr><td>\u00a0<\/td><td>\u00a0<\/td><td>\u00a0<\/td><td>\u00a0<\/td><td>\u00a0<\/td><\/tr><tr><td>\u00a0<\/td><td><div>DAMAS HASTA 90<\/div><\/td><td>\u00a0<\/td><td>\u00a0<\/td><td>\u00a0<\/td><\/tr><tr><td rowspan=\"3\"><div>1<\/div><\/td><td><div>INTEGRANTES<\/div><\/td><td><div>CAT<\/div><\/td><td><div>DORSAL<\/div><\/td><td><div>TIEMPO<\/div><\/td><\/tr><tr><td><div>ASCAR, MARIANA<\/div><\/td><td rowspan=\"2\"><div>DAM-90<\/div><\/td><td rowspan=\"2\"><div>29<\/div><\/td><td rowspan=\"2\"><div>1:28&#8217;29<\/div><\/td><\/tr><tr><td><div>ALCAIN, MARIA<\/div><\/td><\/tr><tr><td>\u00a0<\/td><td>\u00a0<\/td><td>\u00a0<\/td><td>\u00a0<\/td><td>\u00a0<\/td><\/tr><tr><td rowspan=\"3\"><div>2<\/div><\/td><td><div>INTEGRANTES<\/div><\/td><td><div>CAT<\/div><\/td><td><div>DORSAL<\/div><\/td><td><div>TIEMPO<\/div><\/td><\/tr><tr><td><div>CERNICHARO, MARIA<\/div><\/td><td rowspan=\"2\"><div>DAM-90<\/div><\/td><td rowspan=\"2\"><div>30<\/div><\/td><td rowspan=\"2\"><div>1:44&#8217;12<\/div><\/td><\/tr><tr><td><div>GARCIA, ANA PAULA<\/div><\/td><\/tr><tr><td>\u00a0<\/td><td>\u00a0<\/td><td>\u00a0<\/td><td>\u00a0<\/td><td>\u00a0<\/td><\/tr><tr><td>\u00a0<\/td><td><div>DAMAS HASTA 110<\/div><\/td><td>\u00a0<\/td><td>\u00a0<\/td><td>\u00a0<\/td><\/tr><tr><td rowspan=\"3\"><div>1<\/div><\/td><td><div>INTEGRANTES<\/div><\/td><td><div>CAT<\/div><\/td><td><div>DORSAL<\/div><\/td><td><div>TIEMPO<\/div><\/td><\/tr><tr><td><div>PEREYRA, PATRICIA<\/div><\/td><td rowspan=\"2\"><div>DAM-110<\/div><\/td><td rowspan=\"2\"><div>36<\/div><\/td><td rowspan=\"2\"><div>1:33&#8217;32<\/div><\/td><\/tr><tr><td><div>ROLHAISER, MARCELA<\/div><\/td><\/tr><tr><td>\u00a0<\/td><td>\u00a0<\/td><td>\u00a0<\/td><td>\u00a0<\/td><td>\u00a0<\/td><\/tr><tr><td rowspan=\"3\"><div>2<\/div><\/td><td><div>INTEGRANTES<\/div><\/td><td><div>CAT<\/div><\/td><td><div>DORSAL<\/div><\/td><td><div>TIEMPO<\/div><\/td><\/tr><tr><td><div>SANCHEZ, SOLEDAD<\/div><\/td><td rowspan=\"2\"><div>DAM-110<\/div><\/td><td rowspan=\"2\"><div>68<\/div><\/td><td rowspan=\"2\"><div>1:34&#8217;10<\/div><\/td><\/tr><tr><td><div>BASSI, PAULA<\/div><\/td><\/tr><tr><td>\u00a0<\/td><td>\u00a0<\/td><td>\u00a0<\/td><td>\u00a0<\/td><td>\u00a0<\/td><\/tr><tr><td rowspan=\"3\"><div>3<\/div><\/td><td><div>INTEGRANTES<\/div><\/td><td><div>CAT<\/div><\/td><td><div>DORSAL<\/div><\/td><td><div>TIEMPO<\/div><\/td><\/tr><tr><td><div>ANDRADA, ANAHI<\/div><\/td><td rowspan=\"2\"><div>DAM-110<\/div><\/td><td rowspan=\"2\"><div>37<\/div><\/td><td rowspan=\"2\"><div>2:01&#8217;00<\/div><\/td><\/tr><tr><td><div>MOYANO, LILIANA<\/div><\/td><\/tr><tr><td>\u00a0<\/td><td>\u00a0<\/td><td>\u00a0<\/td><td>\u00a0<\/td><td>\u00a0<\/td><\/tr><tr><td>\u00a0<\/td><td><div>CABALLEROS HASTA 50<\/div><\/td><td>\u00a0<\/td><td>\u00a0<\/td><td>\u00a0<\/td><\/tr><tr><td rowspan=\"3\"><div>1<\/div><\/td><td><div>INTEGRANTES<\/div><\/td><td><div>CAT<\/div><\/td><td><div>DORSAL<\/div><\/td><td><div>TIEMPO<\/div><\/td><\/tr><tr><td><div>SUELDO, FRANCO<\/div><\/td><td rowspan=\"2\"><div>CAB-50<\/div><\/td><td rowspan=\"2\"><div>31<\/div><\/td><td rowspan=\"2\"><div>56&#8217;49<\/div><\/td><\/tr><tr><td><div>FAVOLE, LEONEL<\/div><\/td><\/tr><tr><td>\u00a0<\/td><td>\u00a0<\/td><td>\u00a0<\/td><td>\u00a0<\/td><td>\u00a0<\/td><\/tr><tr><td>\u00a0<\/td><td><div>CABALLEROS HASTA 70<\/div><\/td><td>\u00a0<\/td><td>\u00a0<\/td><td>\u00a0<\/td><\/tr><tr><td rowspan=\"3\"><div>1<\/div><\/td><td><div>INTEGRANTES<\/div><\/td><td><div>CAT<\/div><\/td><td><div>DORSAL<\/div><\/td><td><div>TIEMPO<\/div><\/td><\/tr><tr><td><div>CABRERA, SIMON<\/div><\/td><td rowspan=\"2\"><div>CAB-70<\/div><\/td><td rowspan=\"2\"><div>22<\/div><\/td><td rowspan=\"2\"><div>55&#8217;35<\/div><\/td><\/tr><tr><td><div>PALADINO, EZEQUIEL<\/div><\/td><\/tr><tr><td>\u00a0<\/td><td>\u00a0<\/td><td>\u00a0<\/td><td>\u00a0<\/td><td>\u00a0<\/td><\/tr><tr><td rowspan=\"3\"><div>2<\/div><\/td><td><div>INTEGRANTES<\/div><\/td><td><div>CAT<\/div><\/td><td><div>DORSAL<\/div><\/td><td><div>TIEMPO<\/div><\/td><\/tr><tr><td><div>AGUIRRE, FERNANDO<\/div><\/td><td rowspan=\"2\"><div>CAB-70<\/div><\/td><td rowspan=\"2\"><div>34<\/div><\/td><td rowspan=\"2\"><div>59&#8217;00<\/div><\/td><\/tr><tr><td><div>MENENDEZ, MARIANO<\/div><\/td><\/tr><tr><td>\u00a0<\/td><td>\u00a0<\/td><td>\u00a0<\/td><td>\u00a0<\/td><td>\u00a0<\/td><\/tr><tr><td rowspan=\"3\"><div>3<\/div><\/td><td><div>INTEGRANTES<\/div><\/td><td><div>CAT<\/div><\/td><td><div>DORSAL<\/div><\/td><td><div>TIEMPO<\/div><\/td><\/tr><tr><td><div>RACH DIAZ, MATEO<\/div><\/td><td rowspan=\"2\"><div>CAB-70<\/div><\/td><td rowspan=\"2\"><div>54<\/div><\/td><td rowspan=\"2\"><div>1:01&#8217;36<\/div><\/td><\/tr><tr><td><div>BONGIOVANNI, KEVIN<\/div><\/td><\/tr><tr><td>\u00a0<\/td><td>\u00a0<\/td><td>\u00a0<\/td><td>\u00a0<\/td><td>\u00a0<\/td><\/tr><tr><td rowspan=\"3\"><div>4<\/div><\/td><td><div>INTEGRANTES<\/div><\/td><td><div>CAT<\/div><\/td><td><div>DORSAL<\/div><\/td><td><div>TIEMPO<\/div><\/td><\/tr><tr><td><div>LORDA, NICOLAS<\/div><\/td><td rowspan=\"2\"><div>CAB-70<\/div><\/td><td rowspan=\"2\"><div>51<\/div><\/td><td rowspan=\"2\"><div>1:18&#8217;52<\/div><\/td><\/tr><tr><td><div>VARGAS, BRUNO<\/div><\/td><\/tr><tr><td>\u00a0<\/td><td>\u00a0<\/td><td>\u00a0<\/td><td>\u00a0<\/td><td>\u00a0<\/td><\/tr><tr><td>\u00a0<\/td><td><div>CABALLEROS HASTA 80<\/div><\/td><td>\u00a0<\/td><td>\u00a0<\/td><td>\u00a0<\/td><\/tr><tr><td rowspan=\"3\"><div>1<\/div><\/td><td><div>INTEGRANTES<\/div><\/td><td><div>CAT<\/div><\/td><td><div>DORSAL<\/div><\/td><td><div>TIEMPO<\/div><\/td><\/tr><tr><td><div>GARRO, LUCAS<\/div><\/td><td rowspan=\"2\"><div>CAB-80<\/div><\/td><td rowspan=\"2\"><div>32<\/div><\/td><td rowspan=\"2\"><div>54&#8217;31<\/div><\/td><\/tr><tr><td><div>ALCANTARA, JUAN<\/div><\/td><\/tr><tr><td>\u00a0<\/td><td>\u00a0<\/td><td>\u00a0<\/td><td>\u00a0<\/td><td>\u00a0<\/td><\/tr><tr><td>\u00a0<\/td><td><div>CABALLEROS HASTA 90<\/div><\/td><td>\u00a0<\/td><td>\u00a0<\/td><td>\u00a0<\/td><\/tr><tr><td rowspan=\"3\"><div>1<\/div><\/td><td><div>INTEGRANTES<\/div><\/td><td><div>CAT<\/div><\/td><td><div>DORSAL<\/div><\/td><td><div>TIEMPO<\/div><\/td><\/tr><tr><td><div>VILLANUEVA, GERARDO<\/div><\/td><td rowspan=\"2\"><div>CAB-90<\/div><\/td><td rowspan=\"2\"><div>44<\/div><\/td><td rowspan=\"2\"><div>1:04&#8217;30<\/div><\/td><\/tr><tr><td><div>ENRIQUE, CARLOS<\/div><\/td><\/tr><tr><td>\u00a0<\/td><td>\u00a0<\/td><td>\u00a0<\/td><td>\u00a0<\/td><td>\u00a0<\/td><\/tr><tr><td rowspan=\"3\"><div>2<\/div><\/td><td><div>INTEGRANTES<\/div><\/td><td><div>CAT<\/div><\/td><td><div>DORSAL<\/div><\/td><td><div>TIEMPO<\/div><\/td><\/tr><tr><td><div>MARRON, TOMAS<\/div><\/td><td rowspan=\"2\"><div>CAB-90<\/div><\/td><td rowspan=\"2\"><div>33<\/div><\/td><td rowspan=\"2\"><div>1:09&#8217;24<\/div><\/td><\/tr><tr><td><div>MOLINA, CARLOS<\/div><\/td><\/tr><tr><td>\u00a0<\/td><td>\u00a0<\/td><td>\u00a0<\/td><td>\u00a0<\/td><td>\u00a0<\/td><\/tr><tr><td rowspan=\"3\"><div>3<\/div><\/td><td><div>INTEGRANTES<\/div><\/td><td><div>CAT<\/div><\/td><td><div>DORSAL<\/div><\/td><td><div>TIEMPO<\/div><\/td><\/tr><tr><td><div>GARCES, GABRIEL<\/div><\/td><td rowspan=\"2\"><div>CAB-90<\/div><\/td><td rowspan=\"2\"><div>28<\/div><\/td><td rowspan=\"2\"><div>1:10&#8217;02<\/div><\/td><\/tr><tr><td><div>LAFUENTE, MARIANO<\/div><\/td><\/tr><tr><td>\u00a0<\/td><td>\u00a0<\/td><td>\u00a0<\/td><td>\u00a0<\/td><td>\u00a0<\/td><\/tr><tr><td rowspan=\"3\"><div>4<\/div><\/td><td><div>INTEGRANTES<\/div><\/td><td><div>CAT<\/div><\/td><td><div>DORSAL<\/div><\/td><td><div>TIEMPO<\/div><\/td><\/tr><tr><td><div>ARMITANO, SERGIO<\/div><\/td><td rowspan=\"2\"><div>CAB-90<\/div><\/td><td rowspan=\"2\"><div>41<\/div><\/td><td rowspan=\"2\"><div>1:10&#8217;20<\/div><\/td><\/tr><tr><td><div>ECHEVERRI, KEVIN<\/div><\/td><\/tr><tr><td>\u00a0<\/td><td>\u00a0<\/td><td>\u00a0<\/td><td>\u00a0<\/td><td>\u00a0<\/td><\/tr><tr><td rowspan=\"3\"><div>5<\/div><\/td><td><div>INTEGRANTES<\/div><\/td><td><div>CAT<\/div><\/td><td><div>DORSAL<\/div><\/td><\/tr><\/tbody><\/table>\t\t\t\t\t\t\t\t<\/div>\n\t\t\t\t<\/div>\n\t\t\t\t\t<\/div>\n\t\t\t\t<\/div>\n\t\t<div class=\"elementor-element elementor-element-43ffa76 e-flex e-con-boxed e-con e-parent\" data-id=\"43ffa76\" data-element_type=\"container\" data-e-type=\"container\">\n\t\t\t\t\t<div class=\"e-con-inner\">\n\t\t\t\t<div class=\"elementor-element elementor-element-8511f16 elementor-widget elementor-widget-image-gallery\" data-id=\"8511f16\" data-element_type=\"widget\" data-e-type=\"widget\" data-widget_type=\"image-gallery.default\">\n\t\t\t\t<div class=\"elementor-widget-container\">\n\t\t\t\t\t\t\t<div class=\"elementor-image-gallery\">\n\t\t\t<div id='gallery-1' class='gallery galleryid-59516 gallery-columns-4 gallery-size-full'><figure class='gallery-item'>\n\t\t\t<div class='gallery-icon landscape'>\n\t\t\t\t<a data-elementor-open-lightbox=\"yes\" data-elementor-lightbox-slideshow=\"8511f16\" data-elementor-lightbox-title=\"Atletismo\" data-e-action-hash=\"#elementor-action%3Aaction%3Dlightbox%26settings%3DeyJpZCI6NTk1MTcsInVybCI6Imh0dHBzOlwvXC9kZXBvcnRlY2FwaXRhbC5jb20uYXJcL3dwLWNvbnRlbnRcL3VwbG9hZHNcLzIwMjZcLzA4XC8xLTE1LmpwZyIsInNsaWRlc2hvdyI6Ijg1MTFmMTYifQ%3D%3D\" href='https:\/\/deportecapital.com.ar\/wp-content\/uploads\/2026\/08\/1-15.jpg'><img loading=\"lazy\" width=\"1600\" height=\"1069\" src=\"https:\/\/deportecapital.com.ar\/wp-content\/uploads\/2026\/08\/1-15.jpg\" class=\"attachment-full size-full\" alt=\"Atletismo\" srcset=\"https:\/\/deportecapital.com.ar\/wp-content\/uploads\/2026\/08\/1-15.jpg 1600w, https:\/\/deportecapital.com.ar\/wp-content\/uploads\/2026\/08\/1-15-300x200.jpg 300w, https:\/\/deportecapital.com.ar\/wp-content\/uploads\/2026\/08\/1-15-1024x684.jpg 1024w, https:\/\/deportecapital.com.ar\/wp-content\/uploads\/2026\/08\/1-15-768x513.jpg 768w, https:\/\/deportecapital.com.ar\/wp-content\/uploads\/2026\/08\/1-15-1536x1026.jpg 1536w\" sizes=\"auto, (max-width: 1600px) 100vw, 1600px\" loading=\"lazy\" decoding=\"async\" \/><\/a>\n\t\t\t<\/div><\/figure><figure class='gallery-item'>\n\t\t\t<div class='gallery-icon landscape'>\n\t\t\t\t<a data-elementor-open-lightbox=\"yes\" data-elementor-lightbox-slideshow=\"8511f16\" data-elementor-lightbox-title=\"Atletismo\" data-e-action-hash=\"#elementor-action%3Aaction%3Dlightbox%26settings%3DeyJpZCI6NTk1MjAsInVybCI6Imh0dHBzOlwvXC9kZXBvcnRlY2FwaXRhbC5jb20uYXJcL3dwLWNvbnRlbnRcL3VwbG9hZHNcLzIwMjZcLzA4XC80LTQuanBnIiwic2xpZGVzaG93IjoiODUxMWYxNiJ9\" href='https:\/\/deportecapital.com.ar\/wp-content\/uploads\/2026\/08\/4-4.jpg'><img loading=\"lazy\" width=\"1600\" height=\"1069\" src=\"https:\/\/deportecapital.com.ar\/wp-content\/uploads\/2026\/08\/4-4.jpg\" class=\"attachment-full size-full\" alt=\"Atletismo\" srcset=\"https:\/\/deportecapital.com.ar\/wp-content\/uploads\/2026\/08\/4-4.jpg 1600w, https:\/\/deportecapital.com.ar\/wp-content\/uploads\/2026\/08\/4-4-300x200.jpg 300w, https:\/\/deportecapital.com.ar\/wp-content\/uploads\/2026\/08\/4-4-1024x684.jpg 1024w, https:\/\/deportecapital.com.ar\/wp-content\/uploads\/2026\/08\/4-4-768x513.jpg 768w, https:\/\/deportecapital.com.ar\/wp-content\/uploads\/2026\/08\/4-4-1536x1026.jpg 1536w\" sizes=\"auto, (max-width: 1600px) 100vw, 1600px\" loading=\"lazy\" decoding=\"async\" \/><\/a>\n\t\t\t<\/div><\/figure><figure class='gallery-item'>\n\t\t\t<div class='gallery-icon landscape'>\n\t\t\t\t<a data-elementor-open-lightbox=\"yes\" data-elementor-lightbox-slideshow=\"8511f16\" data-elementor-lightbox-title=\"Atletismo\" data-e-action-hash=\"#elementor-action%3Aaction%3Dlightbox%26settings%3DeyJpZCI6NTk1MTksInVybCI6Imh0dHBzOlwvXC9kZXBvcnRlY2FwaXRhbC5jb20uYXJcL3dwLWNvbnRlbnRcL3VwbG9hZHNcLzIwMjZcLzA4XC8zLTYuanBnIiwic2xpZGVzaG93IjoiODUxMWYxNiJ9\" href='https:\/\/deportecapital.com.ar\/wp-content\/uploads\/2026\/08\/3-6.jpg'><img loading=\"lazy\" width=\"1600\" height=\"1069\" src=\"https:\/\/deportecapital.com.ar\/wp-content\/uploads\/2026\/08\/3-6.jpg\" class=\"attachment-full size-full\" alt=\"Atletismo\" srcset=\"https:\/\/deportecapital.com.ar\/wp-content\/uploads\/2026\/08\/3-6.jpg 1600w, https:\/\/deportecapital.com.ar\/wp-content\/uploads\/2026\/08\/3-6-300x200.jpg 300w, https:\/\/deportecapital.com.ar\/wp-content\/uploads\/2026\/08\/3-6-1024x684.jpg 1024w, https:\/\/deportecapital.com.ar\/wp-content\/uploads\/2026\/08\/3-6-768x513.jpg 768w, https:\/\/deportecapital.com.ar\/wp-content\/uploads\/2026\/08\/3-6-1536x1026.jpg 1536w\" sizes=\"auto, (max-width: 1600px) 100vw, 1600px\" loading=\"lazy\" decoding=\"async\" \/><\/a>\n\t\t\t<\/div><\/figure><figure class='gallery-item'>\n\t\t\t<div class='gallery-icon landscape'>\n\t\t\t\t<a data-elementor-open-lightbox=\"yes\" data-elementor-lightbox-slideshow=\"8511f16\" data-elementor-lightbox-title=\"Atletismo\" data-e-action-hash=\"#elementor-action%3Aaction%3Dlightbox%26settings%3DeyJpZCI6NTk1MTgsInVybCI6Imh0dHBzOlwvXC9kZXBvcnRlY2FwaXRhbC5jb20uYXJcL3dwLWNvbnRlbnRcL3VwbG9hZHNcLzIwMjZcLzA4XC8yLTExLmpwZyIsInNsaWRlc2hvdyI6Ijg1MTFmMTYifQ%3D%3D\" href='https:\/\/deportecapital.com.ar\/wp-content\/uploads\/2026\/08\/2-11.jpg'><img loading=\"lazy\" width=\"1600\" height=\"1069\" src=\"https:\/\/deportecapital.com.ar\/wp-content\/uploads\/2026\/08\/2-11.jpg\" class=\"attachment-full size-full\" alt=\"Atletismo\" srcset=\"https:\/\/deportecapital.com.ar\/wp-content\/uploads\/2026\/08\/2-11.jpg 1600w, https:\/\/deportecapital.com.ar\/wp-content\/uploads\/2026\/08\/2-11-300x200.jpg 300w, https:\/\/deportecapital.com.ar\/wp-content\/uploads\/2026\/08\/2-11-1024x684.jpg 1024w, https:\/\/deportecapital.com.ar\/wp-content\/uploads\/2026\/08\/2-11-768x513.jpg 768w, https:\/\/deportecapital.com.ar\/wp-content\/uploads\/2026\/08\/2-11-1536x1026.jpg 1536w\" sizes=\"auto, (max-width: 1600px) 100vw, 1600px\" loading=\"lazy\" decoding=\"async\" \/><\/a>\n\t\t\t<\/div><\/figure>\n\t\t<\/div>\n\t\t<\/div>\n\t\t\t\t\t\t<\/div>\n\t\t\t\t<\/div>\n\t\t\t\t\t<\/div>\n\t\t\t\t<\/div>\n\t\t\t\t<\/div>\n\t\t","protected":false},"excerpt":{"rendered":"<p>Este domingo se disput\u00f3 la quinta edici\u00f3n del Desaf\u00edo en parejas Barrancas Trail Run. \u00a0&#8230;<\/p>\n","protected":false},"author":3,"featured_media":59517,"comment_status":"closed","ping_status":"open","sticky":false,"template":"","format":"standard","meta":{"footnotes":""},"categories":[5,58],"tags":[],"class_list":["post-59516","post","type-post","status-publish","format-standard","has-post-thumbnail","hentry","category-atletismo","category-destacadas2"],"yoast_head":"<!-- This site is optimized with the Yoast SEO plugin v28.3 - https:\/\/yoast.com\/product\/yoast-seo-wordpress\/ -->\n<title>Desaf\u00edo Barrancas Trail Run - Deporte Capital<\/title>\n<meta name=\"robots\" content=\"index, follow, max-snippet:-1, max-image-preview:large, max-video-preview:-1\" \/>\n<link rel=\"canonical\" href=\"https:\/\/deportecapital.com.ar\/index.php\/2026\/08\/31\/desafio-barrancas-trail-run\/\" \/>\n<meta property=\"og:locale\" content=\"es_ES\" \/>\n<meta property=\"og:type\" content=\"article\" \/>\n<meta property=\"og:title\" content=\"Desaf\u00edo Barrancas Trail Run - Deporte Capital\" \/>\n<meta property=\"og:description\" content=\"Este domingo se disput\u00f3 la quinta edici\u00f3n del Desaf\u00edo en parejas Barrancas Trail Run. \u00a0...\" \/>\n<meta property=\"og:url\" content=\"https:\/\/deportecapital.com.ar\/index.php\/2026\/08\/31\/desafio-barrancas-trail-run\/\" \/>\n<meta property=\"og:site_name\" content=\"Deporte Capital\" \/>\n<meta property=\"article:published_time\" content=\"2026-08-31T00:01:45+00:00\" \/>\n<meta property=\"article:modified_time\" content=\"2026-08-31T00:03:15+00:00\" \/>\n<meta property=\"og:image\" content=\"https:\/\/deportecapital.com.ar\/wp-content\/uploads\/2026\/08\/1-15.jpg\" \/>\n\t<meta property=\"og:image:width\" content=\"1600\" \/>\n\t<meta property=\"og:image:height\" content=\"1069\" \/>\n\t<meta property=\"og:image:type\" content=\"image\/jpeg\" \/>\n<meta name=\"author\" content=\"Emilio Manrique\" \/>\n<meta name=\"twitter:card\" content=\"summary_large_image\" \/>\n<meta name=\"twitter:label1\" content=\"Escrito por\" \/>\n\t<meta name=\"twitter:data1\" content=\"Emilio Manrique\" \/>\n\t<meta name=\"twitter:label2\" content=\"Tiempo de lectura\" \/>\n\t<meta name=\"twitter:data2\" content=\"3 minutos\" \/>\n<script type=\"application\/ld+json\" class=\"yoast-schema-graph\">{\"@context\":\"https:\\\/\\\/schema.org\",\"@graph\":[{\"@type\":\"Article\",\"@id\":\"https:\\\/\\\/deportecapital.com.ar\\\/index.php\\\/2026\\\/08\\\/31\\\/desafio-barrancas-trail-run\\\/#article\",\"isPartOf\":{\"@id\":\"https:\\\/\\\/deportecapital.com.ar\\\/index.php\\\/2026\\\/08\\\/31\\\/desafio-barrancas-trail-run\\\/\"},\"author\":{\"name\":\"Emilio Manrique\",\"@id\":\"https:\\\/\\\/deportecapital.com.ar\\\/#\\\/schema\\\/person\\\/9cd40456048dd30733b1d6749eca5de8\"},\"headline\":\"Desaf\u00edo Barrancas Trail Run\",\"datePublished\":\"2026-08-31T00:01:45+00:00\",\"dateModified\":\"2026-08-31T00:03:15+00:00\",\"mainEntityOfPage\":{\"@id\":\"https:\\\/\\\/deportecapital.com.ar\\\/index.php\\\/2026\\\/08\\\/31\\\/desafio-barrancas-trail-run\\\/\"},\"wordCount\":310,\"publisher\":{\"@id\":\"https:\\\/\\\/deportecapital.com.ar\\\/#organization\"},\"image\":{\"@id\":\"https:\\\/\\\/deportecapital.com.ar\\\/index.php\\\/2026\\\/08\\\/31\\\/desafio-barrancas-trail-run\\\/#primaryimage\"},\"thumbnailUrl\":\"https:\\\/\\\/deportecapital.com.ar\\\/wp-content\\\/uploads\\\/2026\\\/08\\\/1-15.jpg\",\"articleSection\":[\"Atletismo\",\"Destacadas2\"],\"inLanguage\":\"es-AR\"},{\"@type\":\"WebPage\",\"@id\":\"https:\\\/\\\/deportecapital.com.ar\\\/index.php\\\/2026\\\/08\\\/31\\\/desafio-barrancas-trail-run\\\/\",\"url\":\"https:\\\/\\\/deportecapital.com.ar\\\/index.php\\\/2026\\\/08\\\/31\\\/desafio-barrancas-trail-run\\\/\",\"name\":\"Desaf\u00edo Barrancas Trail Run - Deporte Capital\",\"isPartOf\":{\"@id\":\"https:\\\/\\\/deportecapital.com.ar\\\/#website\"},\"primaryImageOfPage\":{\"@id\":\"https:\\\/\\\/deportecapital.com.ar\\\/index.php\\\/2026\\\/08\\\/31\\\/desafio-barrancas-trail-run\\\/#primaryimage\"},\"image\":{\"@id\":\"https:\\\/\\\/deportecapital.com.ar\\\/index.php\\\/2026\\\/08\\\/31\\\/desafio-barrancas-trail-run\\\/#primaryimage\"},\"thumbnailUrl\":\"https:\\\/\\\/deportecapital.com.ar\\\/wp-content\\\/uploads\\\/2026\\\/08\\\/1-15.jpg\",\"datePublished\":\"2026-08-31T00:01:45+00:00\",\"dateModified\":\"2026-08-31T00:03:15+00:00\",\"breadcrumb\":{\"@id\":\"https:\\\/\\\/deportecapital.com.ar\\\/index.php\\\/2026\\\/08\\\/31\\\/desafio-barrancas-trail-run\\\/#breadcrumb\"},\"inLanguage\":\"es-AR\",\"potentialAction\":[{\"@type\":\"ReadAction\",\"target\":[\"https:\\\/\\\/deportecapital.com.ar\\\/index.php\\\/2026\\\/08\\\/31\\\/desafio-barrancas-trail-run\\\/\"]}]},{\"@type\":\"ImageObject\",\"inLanguage\":\"es-AR\",\"@id\":\"https:\\\/\\\/deportecapital.com.ar\\\/index.php\\\/2026\\\/08\\\/31\\\/desafio-barrancas-trail-run\\\/#primaryimage\",\"url\":\"https:\\\/\\\/deportecapital.com.ar\\\/wp-content\\\/uploads\\\/2026\\\/08\\\/1-15.jpg\",\"contentUrl\":\"https:\\\/\\\/deportecapital.com.ar\\\/wp-content\\\/uploads\\\/2026\\\/08\\\/1-15.jpg\",\"width\":1600,\"height\":1069},{\"@type\":\"BreadcrumbList\",\"@id\":\"https:\\\/\\\/deportecapital.com.ar\\\/index.php\\\/2026\\\/08\\\/31\\\/desafio-barrancas-trail-run\\\/#breadcrumb\",\"itemListElement\":[{\"@type\":\"ListItem\",\"position\":1,\"name\":\"Inicio\",\"item\":\"https:\\\/\\\/deportecapital.com.ar\\\/\"},{\"@type\":\"ListItem\",\"position\":2,\"name\":\"Desaf\u00edo Barrancas Trail Run\"}]},{\"@type\":\"WebSite\",\"@id\":\"https:\\\/\\\/deportecapital.com.ar\\\/#website\",\"url\":\"https:\\\/\\\/deportecapital.com.ar\\\/\",\"name\":\"Deporte Capital\",\"description\":\"Diario digital con todo el deporte de La Pampa y alrededores.\",\"publisher\":{\"@id\":\"https:\\\/\\\/deportecapital.com.ar\\\/#organization\"},\"potentialAction\":[{\"@type\":\"SearchAction\",\"target\":{\"@type\":\"EntryPoint\",\"urlTemplate\":\"https:\\\/\\\/deportecapital.com.ar\\\/?s={search_term_string}\"},\"query-input\":{\"@type\":\"PropertyValueSpecification\",\"valueRequired\":true,\"valueName\":\"search_term_string\"}}],\"inLanguage\":\"es-AR\"},{\"@type\":\"Organization\",\"@id\":\"https:\\\/\\\/deportecapital.com.ar\\\/#organization\",\"name\":\"Deporte Capital\",\"url\":\"https:\\\/\\\/deportecapital.com.ar\\\/\",\"logo\":{\"@type\":\"ImageObject\",\"inLanguage\":\"es-AR\",\"@id\":\"https:\\\/\\\/deportecapital.com.ar\\\/#\\\/schema\\\/logo\\\/image\\\/\",\"url\":\"https:\\\/\\\/deportecapital.com.ar\\\/wp-content\\\/uploads\\\/2025\\\/06\\\/logo-deportecapital_white-1.png\",\"contentUrl\":\"https:\\\/\\\/deportecapital.com.ar\\\/wp-content\\\/uploads\\\/2025\\\/06\\\/logo-deportecapital_white-1.png\",\"width\":243,\"height\":111,\"caption\":\"Deporte Capital\"},\"image\":{\"@id\":\"https:\\\/\\\/deportecapital.com.ar\\\/#\\\/schema\\\/logo\\\/image\\\/\"}},{\"@type\":\"Person\",\"@id\":\"https:\\\/\\\/deportecapital.com.ar\\\/#\\\/schema\\\/person\\\/9cd40456048dd30733b1d6749eca5de8\",\"name\":\"Emilio Manrique\",\"image\":{\"@type\":\"ImageObject\",\"inLanguage\":\"es-AR\",\"@id\":\"https:\\\/\\\/secure.gravatar.com\\\/avatar\\\/005c696496b156e30819f271efdd20348da8f41b5d5653680fd363162bbeb3bb?s=96&d=mm&r=g\",\"url\":\"https:\\\/\\\/secure.gravatar.com\\\/avatar\\\/005c696496b156e30819f271efdd20348da8f41b5d5653680fd363162bbeb3bb?s=96&d=mm&r=g\",\"contentUrl\":\"https:\\\/\\\/secure.gravatar.com\\\/avatar\\\/005c696496b156e30819f271efdd20348da8f41b5d5653680fd363162bbeb3bb?s=96&d=mm&r=g\",\"caption\":\"Emilio Manrique\"},\"url\":\"https:\\\/\\\/deportecapital.com.ar\\\/index.php\\\/author\\\/emilio-manrique\\\/\"}]}<\/script>\n<!-- \/ Yoast SEO plugin. -->","yoast_head_json":{"title":"Desaf\u00edo Barrancas Trail Run - Deporte Capital","robots":{"index":"index","follow":"follow","max-snippet":"max-snippet:-1","max-image-preview":"max-image-preview:large","max-video-preview":"max-video-preview:-1"},"canonical":"https:\/\/deportecapital.com.ar\/index.php\/2026\/08\/31\/desafio-barrancas-trail-run\/","og_locale":"es_ES","og_type":"article","og_title":"Desaf\u00edo Barrancas Trail Run - Deporte Capital","og_description":"Este domingo se disput\u00f3 la quinta edici\u00f3n del Desaf\u00edo en parejas Barrancas Trail Run. \u00a0...","og_url":"https:\/\/deportecapital.com.ar\/index.php\/2026\/08\/31\/desafio-barrancas-trail-run\/","og_site_name":"Deporte Capital","article_published_time":"2026-08-31T00:01:45+00:00","article_modified_time":"2026-08-31T00:03:15+00:00","og_image":[{"width":1600,"height":1069,"url":"https:\/\/deportecapital.com.ar\/wp-content\/uploads\/2026\/08\/1-15.jpg","type":"image\/jpeg"}],"author":"Emilio Manrique","twitter_card":"summary_large_image","twitter_misc":{"Escrito por":"Emilio Manrique","Tiempo de lectura":"3 minutos"},"schema":{"@context":"https:\/\/schema.org","@graph":[{"@type":"Article","@id":"https:\/\/deportecapital.com.ar\/index.php\/2026\/08\/31\/desafio-barrancas-trail-run\/#article","isPartOf":{"@id":"https:\/\/deportecapital.com.ar\/index.php\/2026\/08\/31\/desafio-barrancas-trail-run\/"},"author":{"name":"Emilio Manrique","@id":"https:\/\/deportecapital.com.ar\/#\/schema\/person\/9cd40456048dd30733b1d6749eca5de8"},"headline":"Desaf\u00edo Barrancas Trail Run","datePublished":"2026-08-31T00:01:45+00:00","dateModified":"2026-08-31T00:03:15+00:00","mainEntityOfPage":{"@id":"https:\/\/deportecapital.com.ar\/index.php\/2026\/08\/31\/desafio-barrancas-trail-run\/"},"wordCount":310,"publisher":{"@id":"https:\/\/deportecapital.com.ar\/#organization"},"image":{"@id":"https:\/\/deportecapital.com.ar\/index.php\/2026\/08\/31\/desafio-barrancas-trail-run\/#primaryimage"},"thumbnailUrl":"https:\/\/deportecapital.com.ar\/wp-content\/uploads\/2026\/08\/1-15.jpg","articleSection":["Atletismo","Destacadas2"],"inLanguage":"es-AR"},{"@type":"WebPage","@id":"https:\/\/deportecapital.com.ar\/index.php\/2026\/08\/31\/desafio-barrancas-trail-run\/","url":"https:\/\/deportecapital.com.ar\/index.php\/2026\/08\/31\/desafio-barrancas-trail-run\/","name":"Desaf\u00edo Barrancas Trail Run - Deporte Capital","isPartOf":{"@id":"https:\/\/deportecapital.com.ar\/#website"},"primaryImageOfPage":{"@id":"https:\/\/deportecapital.com.ar\/index.php\/2026\/08\/31\/desafio-barrancas-trail-run\/#primaryimage"},"image":{"@id":"https:\/\/deportecapital.com.ar\/index.php\/2026\/08\/31\/desafio-barrancas-trail-run\/#primaryimage"},"thumbnailUrl":"https:\/\/deportecapital.com.ar\/wp-content\/uploads\/2026\/08\/1-15.jpg","datePublished":"2026-08-31T00:01:45+00:00","dateModified":"2026-08-31T00:03:15+00:00","breadcrumb":{"@id":"https:\/\/deportecapital.com.ar\/index.php\/2026\/08\/31\/desafio-barrancas-trail-run\/#breadcrumb"},"inLanguage":"es-AR","potentialAction":[{"@type":"ReadAction","target":["https:\/\/deportecapital.com.ar\/index.php\/2026\/08\/31\/desafio-barrancas-trail-run\/"]}]},{"@type":"ImageObject","inLanguage":"es-AR","@id":"https:\/\/deportecapital.com.ar\/index.php\/2026\/08\/31\/desafio-barrancas-trail-run\/#primaryimage","url":"https:\/\/deportecapital.com.ar\/wp-content\/uploads\/2026\/08\/1-15.jpg","contentUrl":"https:\/\/deportecapital.com.ar\/wp-content\/uploads\/2026\/08\/1-15.jpg","width":1600,"height":1069},{"@type":"BreadcrumbList","@id":"https:\/\/deportecapital.com.ar\/index.php\/2026\/08\/31\/desafio-barrancas-trail-run\/#breadcrumb","itemListElement":[{"@type":"ListItem","position":1,"name":"Inicio","item":"https:\/\/deportecapital.com.ar\/"},{"@type":"ListItem","position":2,"name":"Desaf\u00edo Barrancas Trail Run"}]},{"@type":"WebSite","@id":"https:\/\/deportecapital.com.ar\/#website","url":"https:\/\/deportecapital.com.ar\/","name":"Deporte Capital","description":"Diario digital con todo el deporte de La Pampa y alrededores.","publisher":{"@id":"https:\/\/deportecapital.com.ar\/#organization"},"potentialAction":[{"@type":"SearchAction","target":{"@type":"EntryPoint","urlTemplate":"https:\/\/deportecapital.com.ar\/?s={search_term_string}"},"query-input":{"@type":"PropertyValueSpecification","valueRequired":true,"valueName":"search_term_string"}}],"inLanguage":"es-AR"},{"@type":"Organization","@id":"https:\/\/deportecapital.com.ar\/#organization","name":"Deporte Capital","url":"https:\/\/deportecapital.com.ar\/","logo":{"@type":"ImageObject","inLanguage":"es-AR","@id":"https:\/\/deportecapital.com.ar\/#\/schema\/logo\/image\/","url":"https:\/\/deportecapital.com.ar\/wp-content\/uploads\/2025\/06\/logo-deportecapital_white-1.png","contentUrl":"https:\/\/deportecapital.com.ar\/wp-content\/uploads\/2025\/06\/logo-deportecapital_white-1.png","width":243,"height":111,"caption":"Deporte Capital"},"image":{"@id":"https:\/\/deportecapital.com.ar\/#\/schema\/logo\/image\/"}},{"@type":"Person","@id":"https:\/\/deportecapital.com.ar\/#\/schema\/person\/9cd40456048dd30733b1d6749eca5de8","name":"Emilio Manrique","image":{"@type":"ImageObject","inLanguage":"es-AR","@id":"https:\/\/secure.gravatar.com\/avatar\/005c696496b156e30819f271efdd20348da8f41b5d5653680fd363162bbeb3bb?s=96&d=mm&r=g","url":"https:\/\/secure.gravatar.com\/avatar\/005c696496b156e30819f271efdd20348da8f41b5d5653680fd363162bbeb3bb?s=96&d=mm&r=g","contentUrl":"https:\/\/secure.gravatar.com\/avatar\/005c696496b156e30819f271efdd20348da8f41b5d5653680fd363162bbeb3bb?s=96&d=mm&r=g","caption":"Emilio Manrique"},"url":"https:\/\/deportecapital.com.ar\/index.php\/author\/emilio-manrique\/"}]}},"rttpg_featured_image_url":{"full":["https:\/\/deportecapital.com.ar\/wp-content\/uploads\/2026\/08\/1-15.jpg",1600,1069,false],"landscape":["https:\/\/deportecapital.com.ar\/wp-content\/uploads\/2026\/08\/1-15.jpg",1600,1069,false],"portraits":["https:\/\/deportecapital.com.ar\/wp-content\/uploads\/2026\/08\/1-15.jpg",1600,1069,false],"thumbnail":["https:\/\/deportecapital.com.ar\/wp-content\/uploads\/2026\/08\/1-15-150x150.jpg",150,150,true],"medium":["https:\/\/deportecapital.com.ar\/wp-content\/uploads\/2026\/08\/1-15-300x200.jpg",300,200,true],"large":["https:\/\/deportecapital.com.ar\/wp-content\/uploads\/2026\/08\/1-15-1024x684.jpg",640,428,true],"1536x1536":["https:\/\/deportecapital.com.ar\/wp-content\/uploads\/2026\/08\/1-15-1536x1026.jpg",1536,1026,true],"2048x2048":["https:\/\/deportecapital.com.ar\/wp-content\/uploads\/2026\/08\/1-15.jpg",1600,1069,false],"covernews-slider-full":["https:\/\/deportecapital.com.ar\/wp-content\/uploads\/2026\/08\/1-15-1115x715.jpg",1115,715,true],"covernews-slider-center":["https:\/\/deportecapital.com.ar\/wp-content\/uploads\/2026\/08\/1-15-800x500.jpg",800,500,true],"covernews-featured":["https:\/\/deportecapital.com.ar\/wp-content\/uploads\/2026\/08\/1-15-1024x684.jpg",1024,684,true],"covernews-medium":["https:\/\/deportecapital.com.ar\/wp-content\/uploads\/2026\/08\/1-15-540x340.jpg",540,340,true],"covernews-medium-square":["https:\/\/deportecapital.com.ar\/wp-content\/uploads\/2026\/08\/1-15-400x250.jpg",400,250,true]},"rttpg_author":{"display_name":"Emilio Manrique","author_link":"https:\/\/deportecapital.com.ar\/index.php\/author\/emilio-manrique\/"},"rttpg_comment":0,"rttpg_category":"<a href=\"https:\/\/deportecapital.com.ar\/index.php\/category\/atletismo\/\" rel=\"category tag\">Atletismo<\/a> <a href=\"https:\/\/deportecapital.com.ar\/index.php\/category\/destacadas2\/\" rel=\"category tag\">Destacadas2<\/a>","rttpg_excerpt":"Este domingo se disput\u00f3 la quinta edici\u00f3n del Desaf\u00edo en parejas Barrancas Trail Run. \u00a0...","_links":{"self":[{"href":"https:\/\/deportecapital.com.ar\/index.php\/wp-json\/wp\/v2\/posts\/59516","targetHints":{"allow":["GET"]}}],"collection":[{"href":"https:\/\/deportecapital.com.ar\/index.php\/wp-json\/wp\/v2\/posts"}],"about":[{"href":"https:\/\/deportecapital.com.ar\/index.php\/wp-json\/wp\/v2\/types\/post"}],"author":[{"embeddable":true,"href":"https:\/\/deportecapital.com.ar\/index.php\/wp-json\/wp\/v2\/users\/3"}],"replies":[{"embeddable":true,"href":"https:\/\/deportecapital.com.ar\/index.php\/wp-json\/wp\/v2\/comments?post=59516"}],"version-history":[{"count":4,"href":"https:\/\/deportecapital.com.ar\/index.php\/wp-json\/wp\/v2\/posts\/59516\/revisions"}],"predecessor-version":[{"id":59524,"href":"https:\/\/deportecapital.com.ar\/index.php\/wp-json\/wp\/v2\/posts\/59516\/revisions\/59524"}],"wp:featuredmedia":[{"embeddable":true,"href":"https:\/\/deportecapital.com.ar\/index.php\/wp-json\/wp\/v2\/media\/59517"}],"wp:attachment":[{"href":"https:\/\/deportecapital.com.ar\/index.php\/wp-json\/wp\/v2\/media?parent=59516"}],"wp:term":[{"taxonomy":"category","embeddable":true,"href":"https:\/\/deportecapital.com.ar\/index.php\/wp-json\/wp\/v2\/categories?post=59516"},{"taxonomy":"post_tag","embeddable":true,"href":"https:\/\/deportecapital.com.ar\/index.php\/wp-json\/wp\/v2\/tags?post=59516"}],"curies":[{"name":"wp","href":"https:\/\/api.w.org\/{rel}","templated":true}]}}