{"id":59545,"date":"2026-09-02T01:29:01","date_gmt":"2026-09-02T01:29:01","guid":{"rendered":"https:\/\/deportecapital.com.ar\/?p=59545"},"modified":"2026-09-02T01:30:12","modified_gmt":"2026-09-02T01:30:12","slug":"etapa-clasificatoria-de-los-jdp","status":"publish","type":"post","link":"https:\/\/deportecapital.com.ar\/index.php\/2026\/09\/02\/etapa-clasificatoria-de-los-jdp\/","title":{"rendered":"Etapa clasificatoria de los JDP"},"content":{"rendered":"\t\t<div data-elementor-type=\"wp-post\" data-elementor-id=\"59545\" class=\"elementor elementor-59545\">\n\t\t\t\t<div class=\"elementor-element elementor-element-1eade5f8 e-flex e-con-boxed e-con e-parent\" data-id=\"1eade5f8\" data-element_type=\"container\" data-e-type=\"container\">\n\t\t\t\t\t<div class=\"e-con-inner\">\n\t\t\t\t<div class=\"elementor-element elementor-element-7e3fc49e elementor-widget elementor-widget-text-editor\" data-id=\"7e3fc49e\" data-element_type=\"widget\" data-e-type=\"widget\" data-widget_type=\"text-editor.default\">\n\t\t\t\t<div class=\"elementor-widget-container\">\n\t\t\t\t\t\t\t\t\t<p>En una intensa jornada realizada en<strong> 25 de Mayo<\/strong>, la Zona 10 comenz\u00f3 a definir a sus representantes a las finales de los <strong>Juegos Deportivos Pampeanos 2026<\/strong>.<\/p><p>\u00a0<\/p><p>Vale destacar que a partir de esta edici\u00f3n suma disciplinas ol\u00edmpicas individuales, cuya mirada apunta a que las localidades peque\u00f1as tengan las mismas posibilidades de poder participar en las tradicionales competencias.<\/p><p>Cada deportista representa a su localidad y sumando para el medallero general, casualmente una modalidad que se utiliza en los <strong>Juegos<\/strong> <strong>Ol\u00edmpicos<\/strong>.<\/p><p>Las finales de los <strong>JDP<\/strong> se desarrollar\u00e1n en <strong>Santa<\/strong> <strong>Rosa<\/strong>, en el mes de noviembre, en donde se esperan importante cantidad de ni\u00f1os y j\u00f3venes que competir\u00e1n en 24 disciplinas.<\/p><p><b>25 de Mayo<\/b><\/p><p>La localidad de<strong> 25 de Mayo<\/strong> clasific\u00f3 en las disciplinas f\u00fatbol femenino, b\u00e1squet femenino y masculino y p\u00e1del masculino.<\/p><p>Los deportistas que integran las duplas y los equipos son: p\u00e1del masculino: <em>Ciro Mu\u00f1oz<\/em> y <em>Facundo<\/em> <em>Gargiulo<\/em>.<\/p><p>B\u00e1squet masculino: <em>Marcos<\/em> <em>Saavedra<\/em>, lo integran <em>Ciro<\/em> <em>Balmaceda<\/em>, <em>Ramiro<\/em> <em>Yobanolo<\/em>, <em>Jes\u00fas Pe\u00f1a<\/em> y <em>Jonathan del<\/em> <em>Yerro<\/em>.<\/p><p>B\u00e1squet femenino: <em>Evelyn<\/em> <em>Casanoba<\/em>, <em>Abigail Mart\u00edn, Sof\u00eda<\/em> <em>Hurtado<\/em>.<\/p><p>F\u00fatbol femenino: <em>Martina<\/em> <em>Molina<\/em>, <em>Valentina<\/em> <em>Valdez<\/em>, <em>Alegra<\/em> <em>Canales<\/em>, <em>M\u00eda<\/em> <em>Moyano<\/em>, <em>Marengo Mart\u00ednez<\/em> <em>Moreno<\/em>, <em>M\u00e9lani Mendoza<\/em> y <em>Paola<\/em> <em>Villarruel<\/em>. T\u00e9cnica: <em>Ada<\/em> <em>Cerna<\/em>.<\/p><p><b>Puel\u00e9n<\/b><\/p><p>La localidad de <strong>Puel\u00e9n<\/strong> clasific\u00f3 en b\u00e1dminton femenino y b\u00e1dminton masculino y Beach v\u00f3ley tambi\u00e9n en las dos ramas. B\u00e1dminton femenino: <em>Gervasio Pino-Martina<\/em> <em>Romero<\/em>. Beach v\u00f3ley femenino: <em>Rub\u00e9n Suazo-Edward<\/em> <em>Miranda<\/em>. Beach v\u00f3ley masculino: <em>Gevasia Pino-Martina Romero.<\/em> B\u00e1dminton: <em>Avalo Giovanni-Valent\u00edn Mu\u00f1oz.<\/em><\/p><p><b>Santa Isabel<\/b><\/p><p>La localidad de <strong>Santa Isabel<\/strong> clasific\u00f3 en f\u00fatbol masculino, tiro con arco, b\u00e1dminton individual y hockey femenino.<\/p><p>El equipo de f\u00fatbol femenino, cuyo entrenador es H\u00e9ctor Su\u00e1rez, est\u00e1 integrado por <em>Francisco Ram\u00edrez Zabala, Gregorio Le\u00f3n Quispe, M\u00e1ximo Chiodi, Leonel Cruz Benavide, Gustavo Rodr\u00edguez Valverde, Uriel Guajardo y Bastian Fern\u00e1ndez<\/em>.<\/p><p>En b\u00e1dminton individual pas\u00f3 a la final <em>Uma Luisina Salom\u00f3n<\/em> <em>Cazenave<\/em>.<\/p><p>Mientras que en tiro con arco clasific\u00f3 <em>Lara<\/em> <em>Aranda<\/em>. Equipo de hockey femenino: <em>Melaine Oleksiuk, Alma Rosario Fern\u00e1ndez, Aita Francesca Lucero Villegas, Eleana Micaela Villagra, Mar\u00eda Emilia Villalba Emaudi, Isabella In\u00e9s Villalba Emaudi, Joselyn Dom\u00ednguez Mu\u00f1oz, Micol Malena C\u00f3rdoba, Pila Ana Vellar, Agustina C\u00f3rdoba<\/em>.<\/p><p>\u201cPara nosotros estos juegos son m\u00e1s que importantes porque al ser una localidad chica nos costaba armar equipos tradicionales. De esta manera, con los deportes en conjunto reducidos y las deportes individuales tenemos mayores posibilidades\u201d, dijo a la Agencia Provincial de Noticias el <strong>director de Deportes de Santa Isabel<\/strong>, <em>Dami\u00e1n<\/em> <em>Cabral<\/em>.<\/p><p><strong>APN<\/strong><\/p>\t\t\t\t\t\t\t\t<\/div>\n\t\t\t\t<\/div>\n\t\t\t\t\t<\/div>\n\t\t\t\t<\/div>\n\t\t<div class=\"elementor-element elementor-element-d0ab1cc e-flex e-con-boxed e-con e-parent\" data-id=\"d0ab1cc\" data-element_type=\"container\" data-e-type=\"container\">\n\t\t\t\t\t<div class=\"e-con-inner\">\n\t\t\t\t<div class=\"elementor-element elementor-element-a08a3d2 elementor-widget elementor-widget-image-gallery\" data-id=\"a08a3d2\" data-element_type=\"widget\" data-e-type=\"widget\" data-widget_type=\"image-gallery.default\">\n\t\t\t\t<div class=\"elementor-widget-container\">\n\t\t\t\t\t\t\t<div class=\"elementor-image-gallery\">\n\t\t\t<div id='gallery-1' class='gallery galleryid-59545 gallery-columns-3 gallery-size-full'><figure class='gallery-item'>\n\t\t\t<div class='gallery-icon landscape'>\n\t\t\t\t<a data-elementor-open-lightbox=\"yes\" data-elementor-lightbox-slideshow=\"a08a3d2\" data-elementor-lightbox-title=\"Otros\" data-e-action-hash=\"#elementor-action%3Aaction%3Dlightbox%26settings%3DeyJpZCI6NTk1NDYsInVybCI6Imh0dHBzOlwvXC9kZXBvcnRlY2FwaXRhbC5jb20uYXJcL3dwLWNvbnRlbnRcL3VwbG9hZHNcLzIwMjZcLzA5XC9ERVBPUlRJVlZWLTEuanBnIiwic2xpZGVzaG93IjoiYTA4YTNkMiJ9\" href='https:\/\/deportecapital.com.ar\/wp-content\/uploads\/2026\/09\/DEPORTIVVV-1.jpg'><img loading=\"lazy\" width=\"1280\" height=\"960\" src=\"https:\/\/deportecapital.com.ar\/wp-content\/uploads\/2026\/09\/DEPORTIVVV-1.jpg\" class=\"attachment-full size-full\" alt=\"Otros\" srcset=\"https:\/\/deportecapital.com.ar\/wp-content\/uploads\/2026\/09\/DEPORTIVVV-1.jpg 1280w, https:\/\/deportecapital.com.ar\/wp-content\/uploads\/2026\/09\/DEPORTIVVV-1-300x225.jpg 300w, https:\/\/deportecapital.com.ar\/wp-content\/uploads\/2026\/09\/DEPORTIVVV-1-1024x768.jpg 1024w, https:\/\/deportecapital.com.ar\/wp-content\/uploads\/2026\/09\/DEPORTIVVV-1-768x576.jpg 768w\" sizes=\"auto, (max-width: 1280px) 100vw, 1280px\" loading=\"lazy\" decoding=\"async\" \/><\/a>\n\t\t\t<\/div><\/figure><figure class='gallery-item'>\n\t\t\t<div class='gallery-icon landscape'>\n\t\t\t\t<a data-elementor-open-lightbox=\"yes\" data-elementor-lightbox-slideshow=\"a08a3d2\" data-elementor-lightbox-title=\"Otros\" data-e-action-hash=\"#elementor-action%3Aaction%3Dlightbox%26settings%3DeyJpZCI6NTk1NTAsInVybCI6Imh0dHBzOlwvXC9kZXBvcnRlY2FwaXRhbC5jb20uYXJcL3dwLWNvbnRlbnRcL3VwbG9hZHNcLzIwMjZcLzA5XC9ERVBPUlRJVlZWLTUuanBnIiwic2xpZGVzaG93IjoiYTA4YTNkMiJ9\" href='https:\/\/deportecapital.com.ar\/wp-content\/uploads\/2026\/09\/DEPORTIVVV-5.jpg'><img loading=\"lazy\" width=\"1280\" height=\"960\" src=\"https:\/\/deportecapital.com.ar\/wp-content\/uploads\/2026\/09\/DEPORTIVVV-5.jpg\" class=\"attachment-full size-full\" alt=\"Otros\" srcset=\"https:\/\/deportecapital.com.ar\/wp-content\/uploads\/2026\/09\/DEPORTIVVV-5.jpg 1280w, https:\/\/deportecapital.com.ar\/wp-content\/uploads\/2026\/09\/DEPORTIVVV-5-300x225.jpg 300w, https:\/\/deportecapital.com.ar\/wp-content\/uploads\/2026\/09\/DEPORTIVVV-5-1024x768.jpg 1024w, https:\/\/deportecapital.com.ar\/wp-content\/uploads\/2026\/09\/DEPORTIVVV-5-768x576.jpg 768w\" sizes=\"auto, (max-width: 1280px) 100vw, 1280px\" loading=\"lazy\" decoding=\"async\" \/><\/a>\n\t\t\t<\/div><\/figure><figure class='gallery-item'>\n\t\t\t<div class='gallery-icon landscape'>\n\t\t\t\t<a data-elementor-open-lightbox=\"yes\" data-elementor-lightbox-slideshow=\"a08a3d2\" data-elementor-lightbox-title=\"Otros\" data-e-action-hash=\"#elementor-action%3Aaction%3Dlightbox%26settings%3DeyJpZCI6NTk1NDksInVybCI6Imh0dHBzOlwvXC9kZXBvcnRlY2FwaXRhbC5jb20uYXJcL3dwLWNvbnRlbnRcL3VwbG9hZHNcLzIwMjZcLzA5XC9ERVBPUlRJVlZWLTQuanBnIiwic2xpZGVzaG93IjoiYTA4YTNkMiJ9\" href='https:\/\/deportecapital.com.ar\/wp-content\/uploads\/2026\/09\/DEPORTIVVV-4.jpg'><img loading=\"lazy\" width=\"1280\" height=\"960\" src=\"https:\/\/deportecapital.com.ar\/wp-content\/uploads\/2026\/09\/DEPORTIVVV-4.jpg\" class=\"attachment-full size-full\" alt=\"Otros\" srcset=\"https:\/\/deportecapital.com.ar\/wp-content\/uploads\/2026\/09\/DEPORTIVVV-4.jpg 1280w, https:\/\/deportecapital.com.ar\/wp-content\/uploads\/2026\/09\/DEPORTIVVV-4-300x225.jpg 300w, https:\/\/deportecapital.com.ar\/wp-content\/uploads\/2026\/09\/DEPORTIVVV-4-1024x768.jpg 1024w, https:\/\/deportecapital.com.ar\/wp-content\/uploads\/2026\/09\/DEPORTIVVV-4-768x576.jpg 768w\" sizes=\"auto, (max-width: 1280px) 100vw, 1280px\" loading=\"lazy\" decoding=\"async\" \/><\/a>\n\t\t\t<\/div><\/figure><figure class='gallery-item'>\n\t\t\t<div class='gallery-icon landscape'>\n\t\t\t\t<a data-elementor-open-lightbox=\"yes\" data-elementor-lightbox-slideshow=\"a08a3d2\" data-elementor-lightbox-title=\"Otros\" data-e-action-hash=\"#elementor-action%3Aaction%3Dlightbox%26settings%3DeyJpZCI6NTk1NDgsInVybCI6Imh0dHBzOlwvXC9kZXBvcnRlY2FwaXRhbC5jb20uYXJcL3dwLWNvbnRlbnRcL3VwbG9hZHNcLzIwMjZcLzA5XC9ERVBPUlRJVlZWLTMuanBnIiwic2xpZGVzaG93IjoiYTA4YTNkMiJ9\" href='https:\/\/deportecapital.com.ar\/wp-content\/uploads\/2026\/09\/DEPORTIVVV-3.jpg'><img loading=\"lazy\" width=\"1280\" height=\"960\" src=\"https:\/\/deportecapital.com.ar\/wp-content\/uploads\/2026\/09\/DEPORTIVVV-3.jpg\" class=\"attachment-full size-full\" alt=\"Otros\" srcset=\"https:\/\/deportecapital.com.ar\/wp-content\/uploads\/2026\/09\/DEPORTIVVV-3.jpg 1280w, https:\/\/deportecapital.com.ar\/wp-content\/uploads\/2026\/09\/DEPORTIVVV-3-300x225.jpg 300w, https:\/\/deportecapital.com.ar\/wp-content\/uploads\/2026\/09\/DEPORTIVVV-3-1024x768.jpg 1024w, https:\/\/deportecapital.com.ar\/wp-content\/uploads\/2026\/09\/DEPORTIVVV-3-768x576.jpg 768w\" sizes=\"auto, (max-width: 1280px) 100vw, 1280px\" loading=\"lazy\" decoding=\"async\" \/><\/a>\n\t\t\t<\/div><\/figure><figure class='gallery-item'>\n\t\t\t<div class='gallery-icon landscape'>\n\t\t\t\t<a data-elementor-open-lightbox=\"yes\" data-elementor-lightbox-slideshow=\"a08a3d2\" data-elementor-lightbox-title=\"Otros\" data-e-action-hash=\"#elementor-action%3Aaction%3Dlightbox%26settings%3DeyJpZCI6NTk1NDcsInVybCI6Imh0dHBzOlwvXC9kZXBvcnRlY2FwaXRhbC5jb20uYXJcL3dwLWNvbnRlbnRcL3VwbG9hZHNcLzIwMjZcLzA5XC9ERVBPUlRJVlZWLTIuanBlZyIsInNsaWRlc2hvdyI6ImEwOGEzZDIifQ%3D%3D\" href='https:\/\/deportecapital.com.ar\/wp-content\/uploads\/2026\/09\/DEPORTIVVV-2.jpeg'><img loading=\"lazy\" width=\"1280\" height=\"960\" src=\"https:\/\/deportecapital.com.ar\/wp-content\/uploads\/2026\/09\/DEPORTIVVV-2.jpeg\" class=\"attachment-full size-full\" alt=\"Otros\" srcset=\"https:\/\/deportecapital.com.ar\/wp-content\/uploads\/2026\/09\/DEPORTIVVV-2.jpeg 1280w, https:\/\/deportecapital.com.ar\/wp-content\/uploads\/2026\/09\/DEPORTIVVV-2-300x225.jpeg 300w, https:\/\/deportecapital.com.ar\/wp-content\/uploads\/2026\/09\/DEPORTIVVV-2-1024x768.jpeg 1024w, https:\/\/deportecapital.com.ar\/wp-content\/uploads\/2026\/09\/DEPORTIVVV-2-768x576.jpeg 768w\" sizes=\"auto, (max-width: 1280px) 100vw, 1280px\" loading=\"lazy\" decoding=\"async\" \/><\/a>\n\t\t\t<\/div><\/figure>\n\t\t<\/div>\n\t\t<\/div>\n\t\t\t\t\t\t<\/div>\n\t\t\t\t<\/div>\n\t\t\t\t\t<\/div>\n\t\t\t\t<\/div>\n\t\t\t\t<\/div>\n\t\t","protected":false},"excerpt":{"rendered":"<p>En una intensa jornada realizada en 25 de Mayo, la Zona 10 comenz\u00f3 a definir&#8230;<\/p>\n","protected":false},"author":3,"featured_media":59549,"comment_status":"closed","ping_status":"open","sticky":false,"template":"","format":"standard","meta":{"footnotes":""},"categories":[58,33],"tags":[],"class_list":["post-59545","post","type-post","status-publish","format-standard","has-post-thumbnail","hentry","category-destacadas2","category-otros"],"yoast_head":"<!-- This site is optimized with the Yoast SEO plugin v28.3 - https:\/\/yoast.com\/product\/yoast-seo-wordpress\/ -->\n<title>Etapa clasificatoria de los JDP - Deporte Capital<\/title>\n<meta name=\"robots\" content=\"index, follow, max-snippet:-1, max-image-preview:large, max-video-preview:-1\" \/>\n<link rel=\"canonical\" href=\"https:\/\/deportecapital.com.ar\/index.php\/2026\/09\/02\/etapa-clasificatoria-de-los-jdp\/\" \/>\n<meta property=\"og:locale\" content=\"es_ES\" \/>\n<meta property=\"og:type\" content=\"article\" \/>\n<meta property=\"og:title\" content=\"Etapa clasificatoria de los JDP - Deporte Capital\" \/>\n<meta property=\"og:description\" content=\"En una intensa jornada realizada en 25 de Mayo, la Zona 10 comenz\u00f3 a definir...\" \/>\n<meta property=\"og:url\" content=\"https:\/\/deportecapital.com.ar\/index.php\/2026\/09\/02\/etapa-clasificatoria-de-los-jdp\/\" \/>\n<meta property=\"og:site_name\" content=\"Deporte Capital\" \/>\n<meta property=\"article:published_time\" content=\"2026-09-02T01:29:01+00:00\" \/>\n<meta property=\"article:modified_time\" content=\"2026-09-02T01:30:12+00:00\" \/>\n<meta property=\"og:image\" content=\"https:\/\/deportecapital.com.ar\/wp-content\/uploads\/2026\/09\/DEPORTIVVV-4.jpg\" \/>\n\t<meta property=\"og:image:width\" content=\"1280\" \/>\n\t<meta property=\"og:image:height\" content=\"960\" \/>\n\t<meta property=\"og:image:type\" content=\"image\/jpeg\" \/>\n<meta name=\"author\" content=\"Emilio Manrique\" \/>\n<meta name=\"twitter:card\" content=\"summary_large_image\" \/>\n<meta name=\"twitter:label1\" content=\"Escrito por\" \/>\n\t<meta name=\"twitter:data1\" content=\"Emilio Manrique\" \/>\n\t<meta name=\"twitter:label2\" content=\"Tiempo de lectura\" \/>\n\t<meta name=\"twitter:data2\" content=\"3 minutos\" \/>\n<script type=\"application\/ld+json\" class=\"yoast-schema-graph\">{\"@context\":\"https:\\\/\\\/schema.org\",\"@graph\":[{\"@type\":\"Article\",\"@id\":\"https:\\\/\\\/deportecapital.com.ar\\\/index.php\\\/2026\\\/09\\\/02\\\/etapa-clasificatoria-de-los-jdp\\\/#article\",\"isPartOf\":{\"@id\":\"https:\\\/\\\/deportecapital.com.ar\\\/index.php\\\/2026\\\/09\\\/02\\\/etapa-clasificatoria-de-los-jdp\\\/\"},\"author\":{\"name\":\"Emilio Manrique\",\"@id\":\"https:\\\/\\\/deportecapital.com.ar\\\/#\\\/schema\\\/person\\\/9cd40456048dd30733b1d6749eca5de8\"},\"headline\":\"Etapa clasificatoria de los JDP\",\"datePublished\":\"2026-09-02T01:29:01+00:00\",\"dateModified\":\"2026-09-02T01:30:12+00:00\",\"mainEntityOfPage\":{\"@id\":\"https:\\\/\\\/deportecapital.com.ar\\\/index.php\\\/2026\\\/09\\\/02\\\/etapa-clasificatoria-de-los-jdp\\\/\"},\"wordCount\":450,\"publisher\":{\"@id\":\"https:\\\/\\\/deportecapital.com.ar\\\/#organization\"},\"image\":{\"@id\":\"https:\\\/\\\/deportecapital.com.ar\\\/index.php\\\/2026\\\/09\\\/02\\\/etapa-clasificatoria-de-los-jdp\\\/#primaryimage\"},\"thumbnailUrl\":\"https:\\\/\\\/deportecapital.com.ar\\\/wp-content\\\/uploads\\\/2026\\\/09\\\/DEPORTIVVV-4.jpg\",\"articleSection\":[\"Destacadas2\",\"Otros\"],\"inLanguage\":\"es-AR\"},{\"@type\":\"WebPage\",\"@id\":\"https:\\\/\\\/deportecapital.com.ar\\\/index.php\\\/2026\\\/09\\\/02\\\/etapa-clasificatoria-de-los-jdp\\\/\",\"url\":\"https:\\\/\\\/deportecapital.com.ar\\\/index.php\\\/2026\\\/09\\\/02\\\/etapa-clasificatoria-de-los-jdp\\\/\",\"name\":\"Etapa clasificatoria de los JDP - Deporte Capital\",\"isPartOf\":{\"@id\":\"https:\\\/\\\/deportecapital.com.ar\\\/#website\"},\"primaryImageOfPage\":{\"@id\":\"https:\\\/\\\/deportecapital.com.ar\\\/index.php\\\/2026\\\/09\\\/02\\\/etapa-clasificatoria-de-los-jdp\\\/#primaryimage\"},\"image\":{\"@id\":\"https:\\\/\\\/deportecapital.com.ar\\\/index.php\\\/2026\\\/09\\\/02\\\/etapa-clasificatoria-de-los-jdp\\\/#primaryimage\"},\"thumbnailUrl\":\"https:\\\/\\\/deportecapital.com.ar\\\/wp-content\\\/uploads\\\/2026\\\/09\\\/DEPORTIVVV-4.jpg\",\"datePublished\":\"2026-09-02T01:29:01+00:00\",\"dateModified\":\"2026-09-02T01:30:12+00:00\",\"breadcrumb\":{\"@id\":\"https:\\\/\\\/deportecapital.com.ar\\\/index.php\\\/2026\\\/09\\\/02\\\/etapa-clasificatoria-de-los-jdp\\\/#breadcrumb\"},\"inLanguage\":\"es-AR\",\"potentialAction\":[{\"@type\":\"ReadAction\",\"target\":[\"https:\\\/\\\/deportecapital.com.ar\\\/index.php\\\/2026\\\/09\\\/02\\\/etapa-clasificatoria-de-los-jdp\\\/\"]}]},{\"@type\":\"ImageObject\",\"inLanguage\":\"es-AR\",\"@id\":\"https:\\\/\\\/deportecapital.com.ar\\\/index.php\\\/2026\\\/09\\\/02\\\/etapa-clasificatoria-de-los-jdp\\\/#primaryimage\",\"url\":\"https:\\\/\\\/deportecapital.com.ar\\\/wp-content\\\/uploads\\\/2026\\\/09\\\/DEPORTIVVV-4.jpg\",\"contentUrl\":\"https:\\\/\\\/deportecapital.com.ar\\\/wp-content\\\/uploads\\\/2026\\\/09\\\/DEPORTIVVV-4.jpg\",\"width\":1280,\"height\":960},{\"@type\":\"BreadcrumbList\",\"@id\":\"https:\\\/\\\/deportecapital.com.ar\\\/index.php\\\/2026\\\/09\\\/02\\\/etapa-clasificatoria-de-los-jdp\\\/#breadcrumb\",\"itemListElement\":[{\"@type\":\"ListItem\",\"position\":1,\"name\":\"Inicio\",\"item\":\"https:\\\/\\\/deportecapital.com.ar\\\/\"},{\"@type\":\"ListItem\",\"position\":2,\"name\":\"Etapa clasificatoria de los JDP\"}]},{\"@type\":\"WebSite\",\"@id\":\"https:\\\/\\\/deportecapital.com.ar\\\/#website\",\"url\":\"https:\\\/\\\/deportecapital.com.ar\\\/\",\"name\":\"Deporte Capital\",\"description\":\"Diario digital con todo el deporte de La Pampa y alrededores.\",\"publisher\":{\"@id\":\"https:\\\/\\\/deportecapital.com.ar\\\/#organization\"},\"potentialAction\":[{\"@type\":\"SearchAction\",\"target\":{\"@type\":\"EntryPoint\",\"urlTemplate\":\"https:\\\/\\\/deportecapital.com.ar\\\/?s={search_term_string}\"},\"query-input\":{\"@type\":\"PropertyValueSpecification\",\"valueRequired\":true,\"valueName\":\"search_term_string\"}}],\"inLanguage\":\"es-AR\"},{\"@type\":\"Organization\",\"@id\":\"https:\\\/\\\/deportecapital.com.ar\\\/#organization\",\"name\":\"Deporte Capital\",\"url\":\"https:\\\/\\\/deportecapital.com.ar\\\/\",\"logo\":{\"@type\":\"ImageObject\",\"inLanguage\":\"es-AR\",\"@id\":\"https:\\\/\\\/deportecapital.com.ar\\\/#\\\/schema\\\/logo\\\/image\\\/\",\"url\":\"https:\\\/\\\/deportecapital.com.ar\\\/wp-content\\\/uploads\\\/2025\\\/06\\\/logo-deportecapital_white-1.png\",\"contentUrl\":\"https:\\\/\\\/deportecapital.com.ar\\\/wp-content\\\/uploads\\\/2025\\\/06\\\/logo-deportecapital_white-1.png\",\"width\":243,\"height\":111,\"caption\":\"Deporte Capital\"},\"image\":{\"@id\":\"https:\\\/\\\/deportecapital.com.ar\\\/#\\\/schema\\\/logo\\\/image\\\/\"}},{\"@type\":\"Person\",\"@id\":\"https:\\\/\\\/deportecapital.com.ar\\\/#\\\/schema\\\/person\\\/9cd40456048dd30733b1d6749eca5de8\",\"name\":\"Emilio Manrique\",\"image\":{\"@type\":\"ImageObject\",\"inLanguage\":\"es-AR\",\"@id\":\"https:\\\/\\\/secure.gravatar.com\\\/avatar\\\/005c696496b156e30819f271efdd20348da8f41b5d5653680fd363162bbeb3bb?s=96&d=mm&r=g\",\"url\":\"https:\\\/\\\/secure.gravatar.com\\\/avatar\\\/005c696496b156e30819f271efdd20348da8f41b5d5653680fd363162bbeb3bb?s=96&d=mm&r=g\",\"contentUrl\":\"https:\\\/\\\/secure.gravatar.com\\\/avatar\\\/005c696496b156e30819f271efdd20348da8f41b5d5653680fd363162bbeb3bb?s=96&d=mm&r=g\",\"caption\":\"Emilio Manrique\"},\"url\":\"https:\\\/\\\/deportecapital.com.ar\\\/index.php\\\/author\\\/emilio-manrique\\\/\"}]}<\/script>\n<!-- \/ Yoast SEO plugin. -->","yoast_head_json":{"title":"Etapa clasificatoria de los JDP - Deporte Capital","robots":{"index":"index","follow":"follow","max-snippet":"max-snippet:-1","max-image-preview":"max-image-preview:large","max-video-preview":"max-video-preview:-1"},"canonical":"https:\/\/deportecapital.com.ar\/index.php\/2026\/09\/02\/etapa-clasificatoria-de-los-jdp\/","og_locale":"es_ES","og_type":"article","og_title":"Etapa clasificatoria de los JDP - Deporte Capital","og_description":"En una intensa jornada realizada en 25 de Mayo, la Zona 10 comenz\u00f3 a definir...","og_url":"https:\/\/deportecapital.com.ar\/index.php\/2026\/09\/02\/etapa-clasificatoria-de-los-jdp\/","og_site_name":"Deporte Capital","article_published_time":"2026-09-02T01:29:01+00:00","article_modified_time":"2026-09-02T01:30:12+00:00","og_image":[{"width":1280,"height":960,"url":"https:\/\/deportecapital.com.ar\/wp-content\/uploads\/2026\/09\/DEPORTIVVV-4.jpg","type":"image\/jpeg"}],"author":"Emilio Manrique","twitter_card":"summary_large_image","twitter_misc":{"Escrito por":"Emilio Manrique","Tiempo de lectura":"3 minutos"},"schema":{"@context":"https:\/\/schema.org","@graph":[{"@type":"Article","@id":"https:\/\/deportecapital.com.ar\/index.php\/2026\/09\/02\/etapa-clasificatoria-de-los-jdp\/#article","isPartOf":{"@id":"https:\/\/deportecapital.com.ar\/index.php\/2026\/09\/02\/etapa-clasificatoria-de-los-jdp\/"},"author":{"name":"Emilio Manrique","@id":"https:\/\/deportecapital.com.ar\/#\/schema\/person\/9cd40456048dd30733b1d6749eca5de8"},"headline":"Etapa clasificatoria de los JDP","datePublished":"2026-09-02T01:29:01+00:00","dateModified":"2026-09-02T01:30:12+00:00","mainEntityOfPage":{"@id":"https:\/\/deportecapital.com.ar\/index.php\/2026\/09\/02\/etapa-clasificatoria-de-los-jdp\/"},"wordCount":450,"publisher":{"@id":"https:\/\/deportecapital.com.ar\/#organization"},"image":{"@id":"https:\/\/deportecapital.com.ar\/index.php\/2026\/09\/02\/etapa-clasificatoria-de-los-jdp\/#primaryimage"},"thumbnailUrl":"https:\/\/deportecapital.com.ar\/wp-content\/uploads\/2026\/09\/DEPORTIVVV-4.jpg","articleSection":["Destacadas2","Otros"],"inLanguage":"es-AR"},{"@type":"WebPage","@id":"https:\/\/deportecapital.com.ar\/index.php\/2026\/09\/02\/etapa-clasificatoria-de-los-jdp\/","url":"https:\/\/deportecapital.com.ar\/index.php\/2026\/09\/02\/etapa-clasificatoria-de-los-jdp\/","name":"Etapa clasificatoria de los JDP - Deporte Capital","isPartOf":{"@id":"https:\/\/deportecapital.com.ar\/#website"},"primaryImageOfPage":{"@id":"https:\/\/deportecapital.com.ar\/index.php\/2026\/09\/02\/etapa-clasificatoria-de-los-jdp\/#primaryimage"},"image":{"@id":"https:\/\/deportecapital.com.ar\/index.php\/2026\/09\/02\/etapa-clasificatoria-de-los-jdp\/#primaryimage"},"thumbnailUrl":"https:\/\/deportecapital.com.ar\/wp-content\/uploads\/2026\/09\/DEPORTIVVV-4.jpg","datePublished":"2026-09-02T01:29:01+00:00","dateModified":"2026-09-02T01:30:12+00:00","breadcrumb":{"@id":"https:\/\/deportecapital.com.ar\/index.php\/2026\/09\/02\/etapa-clasificatoria-de-los-jdp\/#breadcrumb"},"inLanguage":"es-AR","potentialAction":[{"@type":"ReadAction","target":["https:\/\/deportecapital.com.ar\/index.php\/2026\/09\/02\/etapa-clasificatoria-de-los-jdp\/"]}]},{"@type":"ImageObject","inLanguage":"es-AR","@id":"https:\/\/deportecapital.com.ar\/index.php\/2026\/09\/02\/etapa-clasificatoria-de-los-jdp\/#primaryimage","url":"https:\/\/deportecapital.com.ar\/wp-content\/uploads\/2026\/09\/DEPORTIVVV-4.jpg","contentUrl":"https:\/\/deportecapital.com.ar\/wp-content\/uploads\/2026\/09\/DEPORTIVVV-4.jpg","width":1280,"height":960},{"@type":"BreadcrumbList","@id":"https:\/\/deportecapital.com.ar\/index.php\/2026\/09\/02\/etapa-clasificatoria-de-los-jdp\/#breadcrumb","itemListElement":[{"@type":"ListItem","position":1,"name":"Inicio","item":"https:\/\/deportecapital.com.ar\/"},{"@type":"ListItem","position":2,"name":"Etapa clasificatoria de los JDP"}]},{"@type":"WebSite","@id":"https:\/\/deportecapital.com.ar\/#website","url":"https:\/\/deportecapital.com.ar\/","name":"Deporte Capital","description":"Diario digital con todo el deporte de La Pampa y alrededores.","publisher":{"@id":"https:\/\/deportecapital.com.ar\/#organization"},"potentialAction":[{"@type":"SearchAction","target":{"@type":"EntryPoint","urlTemplate":"https:\/\/deportecapital.com.ar\/?s={search_term_string}"},"query-input":{"@type":"PropertyValueSpecification","valueRequired":true,"valueName":"search_term_string"}}],"inLanguage":"es-AR"},{"@type":"Organization","@id":"https:\/\/deportecapital.com.ar\/#organization","name":"Deporte Capital","url":"https:\/\/deportecapital.com.ar\/","logo":{"@type":"ImageObject","inLanguage":"es-AR","@id":"https:\/\/deportecapital.com.ar\/#\/schema\/logo\/image\/","url":"https:\/\/deportecapital.com.ar\/wp-content\/uploads\/2025\/06\/logo-deportecapital_white-1.png","contentUrl":"https:\/\/deportecapital.com.ar\/wp-content\/uploads\/2025\/06\/logo-deportecapital_white-1.png","width":243,"height":111,"caption":"Deporte Capital"},"image":{"@id":"https:\/\/deportecapital.com.ar\/#\/schema\/logo\/image\/"}},{"@type":"Person","@id":"https:\/\/deportecapital.com.ar\/#\/schema\/person\/9cd40456048dd30733b1d6749eca5de8","name":"Emilio Manrique","image":{"@type":"ImageObject","inLanguage":"es-AR","@id":"https:\/\/secure.gravatar.com\/avatar\/005c696496b156e30819f271efdd20348da8f41b5d5653680fd363162bbeb3bb?s=96&d=mm&r=g","url":"https:\/\/secure.gravatar.com\/avatar\/005c696496b156e30819f271efdd20348da8f41b5d5653680fd363162bbeb3bb?s=96&d=mm&r=g","contentUrl":"https:\/\/secure.gravatar.com\/avatar\/005c696496b156e30819f271efdd20348da8f41b5d5653680fd363162bbeb3bb?s=96&d=mm&r=g","caption":"Emilio Manrique"},"url":"https:\/\/deportecapital.com.ar\/index.php\/author\/emilio-manrique\/"}]}},"rttpg_featured_image_url":{"full":["https:\/\/deportecapital.com.ar\/wp-content\/uploads\/2026\/09\/DEPORTIVVV-4.jpg",1280,960,false],"landscape":["https:\/\/deportecapital.com.ar\/wp-content\/uploads\/2026\/09\/DEPORTIVVV-4.jpg",1280,960,false],"portraits":["https:\/\/deportecapital.com.ar\/wp-content\/uploads\/2026\/09\/DEPORTIVVV-4.jpg",1280,960,false],"thumbnail":["https:\/\/deportecapital.com.ar\/wp-content\/uploads\/2026\/09\/DEPORTIVVV-4-150x150.jpg",150,150,true],"medium":["https:\/\/deportecapital.com.ar\/wp-content\/uploads\/2026\/09\/DEPORTIVVV-4-300x225.jpg",300,225,true],"large":["https:\/\/deportecapital.com.ar\/wp-content\/uploads\/2026\/09\/DEPORTIVVV-4-1024x768.jpg",640,480,true],"1536x1536":["https:\/\/deportecapital.com.ar\/wp-content\/uploads\/2026\/09\/DEPORTIVVV-4.jpg",1280,960,false],"2048x2048":["https:\/\/deportecapital.com.ar\/wp-content\/uploads\/2026\/09\/DEPORTIVVV-4.jpg",1280,960,false],"covernews-slider-full":["https:\/\/deportecapital.com.ar\/wp-content\/uploads\/2026\/09\/DEPORTIVVV-4-1115x715.jpg",1115,715,true],"covernews-slider-center":["https:\/\/deportecapital.com.ar\/wp-content\/uploads\/2026\/09\/DEPORTIVVV-4-800x500.jpg",800,500,true],"covernews-featured":["https:\/\/deportecapital.com.ar\/wp-content\/uploads\/2026\/09\/DEPORTIVVV-4-1024x768.jpg",1024,768,true],"covernews-medium":["https:\/\/deportecapital.com.ar\/wp-content\/uploads\/2026\/09\/DEPORTIVVV-4-540x340.jpg",540,340,true],"covernews-medium-square":["https:\/\/deportecapital.com.ar\/wp-content\/uploads\/2026\/09\/DEPORTIVVV-4-400x250.jpg",400,250,true]},"rttpg_author":{"display_name":"Emilio Manrique","author_link":"https:\/\/deportecapital.com.ar\/index.php\/author\/emilio-manrique\/"},"rttpg_comment":0,"rttpg_category":"<a href=\"https:\/\/deportecapital.com.ar\/index.php\/category\/destacadas2\/\" rel=\"category tag\">Destacadas2<\/a> <a href=\"https:\/\/deportecapital.com.ar\/index.php\/category\/otros\/\" rel=\"category tag\">Otros<\/a>","rttpg_excerpt":"En una intensa jornada realizada en 25 de Mayo, la Zona 10 comenz\u00f3 a definir...","_links":{"self":[{"href":"https:\/\/deportecapital.com.ar\/index.php\/wp-json\/wp\/v2\/posts\/59545","targetHints":{"allow":["GET"]}}],"collection":[{"href":"https:\/\/deportecapital.com.ar\/index.php\/wp-json\/wp\/v2\/posts"}],"about":[{"href":"https:\/\/deportecapital.com.ar\/index.php\/wp-json\/wp\/v2\/types\/post"}],"author":[{"embeddable":true,"href":"https:\/\/deportecapital.com.ar\/index.php\/wp-json\/wp\/v2\/users\/3"}],"replies":[{"embeddable":true,"href":"https:\/\/deportecapital.com.ar\/index.php\/wp-json\/wp\/v2\/comments?post=59545"}],"version-history":[{"count":4,"href":"https:\/\/deportecapital.com.ar\/index.php\/wp-json\/wp\/v2\/posts\/59545\/revisions"}],"predecessor-version":[{"id":59554,"href":"https:\/\/deportecapital.com.ar\/index.php\/wp-json\/wp\/v2\/posts\/59545\/revisions\/59554"}],"wp:featuredmedia":[{"embeddable":true,"href":"https:\/\/deportecapital.com.ar\/index.php\/wp-json\/wp\/v2\/media\/59549"}],"wp:attachment":[{"href":"https:\/\/deportecapital.com.ar\/index.php\/wp-json\/wp\/v2\/media?parent=59545"}],"wp:term":[{"taxonomy":"category","embeddable":true,"href":"https:\/\/deportecapital.com.ar\/index.php\/wp-json\/wp\/v2\/categories?post=59545"},{"taxonomy":"post_tag","embeddable":true,"href":"https:\/\/deportecapital.com.ar\/index.php\/wp-json\/wp\/v2\/tags?post=59545"}],"curies":[{"name":"wp","href":"https:\/\/api.w.org\/{rel}","templated":true}]}}